{"id":3376,"date":"2008-09-17T11:56:12","date_gmt":"2008-09-17T16:56:12","guid":{"rendered":"http:\/\/www.visit-ulcinj.com\/blog\/?p=3376"},"modified":"2008-10-17T14:38:44","modified_gmt":"2008-10-17T19:38:44","slug":"u-ulcinj-privuci-turski-kapital","status":"publish","type":"post","link":"https:\/\/www.visit-ulcinj.com\/blog\/2008\/09\/17\/u-ulcinj-privuci-turski-kapital\/","title":{"rendered":"U Ulcinj privu?i turski kapital"},"content":{"rendered":"<p><a href=\"http:\/\/www.visit-ulcinj.com\/blog\/wp-content\/uploads\/2008\/09\/gzim-hajdinaga-_ambasador-u-crnoj-gori-murata-ouza.jpg\"><img loading=\"lazy\" class=\"alignleft size-medium wp-image-3377\" title=\"gzim-hajdinaga-_ambasador-u-crnoj-gori-murata-ouza\" src=\"http:\/\/www.visit-ulcinj.com\/blog\/wp-content\/uploads\/2008\/09\/gzim-hajdinaga-_ambasador-u-crnoj-gori-murata-ouza.jpg\" alt=\"\" width=\"290\" height=\"190\" \/><\/a><strong>?elnik najju\u017enije op\u0161tine ugostio ambasadora Murata Ouza<\/strong><br \/>\nUlcinj &#8211; Gradona?elnik Ulcinja Gzim Hajdinaga primio je ju?e turskog ambasadora u Crnoj Gori Murata Ouza i sa njim razgovarao o investicijama koje se uskoro o?ekuju u najju\u017enijoj op\u0161tini i mogu?nostima privla?enja turskog kapitala i investitora.<br \/>\n&#8211; Gradona?elnik je upoznao Ouza o saradnji Ulcinja sa turskom Agencijom za me?unarodnu saradnju i razvoj, u?e\u0161?u na\u0161ih folkolornih grupa na tamo\u0161njim festivalima i njegovim susretima sa turskim zvani?nicima &#8211; pi\u0161e u saop\u0161tenju iz Hajdinaginog kabineta.<br \/>\nOuz je izrazio zadovoljstvo saradnjom Op\u0161tine sa turskom agencijom, rekav\u0161i \u201cda se u ovoj fazi, za projekte koje je kandidovala lokalna vlast, ?eka odobrenje centra iz Ankare\u201d.<br \/>\n&#8211; Ouz je najavio da ?e ambasada Turske u Podgorici, u saradnji sa Ministarstvom za ekonomski razvoj, u novembru organizovati biznis konferenciju na kojoj ?e biti rije?i o mogu?nostima ulaganja u Crnu Goru i njeno primorje. Ouz je govorio i o zna?aju prisustva turskih kompanija u Crnoj Gori naglasiv\u0161i da neke od njih ve? egzistiraju u na\u0161oj zemlji &#8211; zaklju?uje se u saop\u0161tenju.<br \/>\n<strong>S.A.<br \/>\nIzvor \/ Vijesti<\/strong><\/p>\n<p style=\"text-align: center;\"><a href=\"http:\/\/www.visit-ulcinj.com\/blog\/wp-content\/uploads\/2008\/09\/klubi-i-basketbollit-ulqini.jpg\"><img loading=\"lazy\" class=\"aligncenter size-medium wp-image-3400\" title=\"klubi-i-basketbollit-ulqini\" src=\"http:\/\/www.visit-ulcinj.com\/blog\/wp-content\/uploads\/2008\/09\/klubi-i-basketbollit-ulqini.jpg\" alt=\"\" width=\"500\" height=\"300\" \/><\/a><\/p>\n","protected":false},"excerpt":{"rendered":"<p>?elnik najju\u017enije op\u0161tine ugostio ambasadora Murata Ouza Ulcinj &#8211; Gradona?elnik Ulcinja Gzim Hajdinaga primio je ju?e turskog ambasadora u Crnoj Gori Murata Ouza i sa njim razgovarao o investicijama koje se uskoro o?ekuju u najju\u017enijoj op\u0161tini i mogu?nostima privla?enja turskog kapitala i investitora. &#8211; Gradona?elnik je upoznao Ouza o saradnji Ulcinja sa turskom Agencijom za [&hellip;]<\/p>\n","protected":false},"author":1,"featured_media":0,"comment_status":"open","ping_status":"closed","sticky":false,"template":"","format":"standard","meta":{"spay_email":"","jetpack_publicize_message":"","jetpack_is_tweetstorm":false,"jetpack_publicize_feature_enabled":true},"categories":[1,6,12],"tags":[140,19],"jetpack_publicize_connections":[],"yoast_head":"<!-- This site is optimized with the Yoast SEO plugin v19.1 - https:\/\/yoast.com\/wordpress\/plugins\/seo\/ -->\n<title>U Ulcinj privu?i turski kapital - Lajme nga Ulqini<\/title>\n<meta name=\"description\" content=\"?elnik najju\u017enije op\u0161tine ugostio ambasadora Murata Ouza Ulcinj - Gradona?elnik Ulcinja Gzim Hajdinaga primio je ju?e turskog ambasadora u Crnoj Gori\" \/>\n<meta name=\"robots\" content=\"index, follow, max-snippet:-1, max-image-preview:large, max-video-preview:-1\" \/>\n<link rel=\"canonical\" href=\"https:\/\/www.visit-ulcinj.com\/blog\/2008\/09\/17\/u-ulcinj-privuci-turski-kapital\/\" \/>\n<meta property=\"og:locale\" content=\"en_US\" \/>\n<meta property=\"og:type\" content=\"article\" \/>\n<meta property=\"og:title\" content=\"U Ulcinj privu?i turski kapital - Lajme nga Ulqini\" \/>\n<meta property=\"og:description\" content=\"?elnik najju\u017enije op\u0161tine ugostio ambasadora Murata Ouza Ulcinj - Gradona?elnik Ulcinja Gzim Hajdinaga primio je ju?e turskog ambasadora u Crnoj Gori\" \/>\n<meta property=\"og:url\" content=\"https:\/\/www.visit-ulcinj.com\/blog\/2008\/09\/17\/u-ulcinj-privuci-turski-kapital\/\" \/>\n<meta property=\"og:site_name\" content=\"Lajme nga Ulqini\" \/>\n<meta property=\"article:published_time\" content=\"2008-09-17T16:56:12+00:00\" \/>\n<meta property=\"article:modified_time\" content=\"2008-10-17T19:38:44+00:00\" \/>\n<meta property=\"og:image\" content=\"http:\/\/www.visit-ulcinj.com\/blog\/wp-content\/uploads\/2008\/09\/gzim-hajdinaga-_ambasador-u-crnoj-gori-murata-ouza.jpg\" \/>\n<meta name=\"twitter:label1\" content=\"Written by\" \/>\n\t<meta name=\"twitter:data1\" content=\"ulqini\" \/>\n\t<meta name=\"twitter:label2\" content=\"Est. reading time\" \/>\n\t<meta name=\"twitter:data2\" content=\"1 minute\" \/>\n<script type=\"application\/ld+json\" class=\"yoast-schema-graph\">{\"@context\":\"https:\/\/schema.org\",\"@graph\":[{\"@type\":\"WebSite\",\"@id\":\"https:\/\/www.visit-ulcinj.com\/blog\/#website\",\"url\":\"https:\/\/www.visit-ulcinj.com\/blog\/\",\"name\":\"Lajme nga Ulqini\",\"description\":\"Lajme,Vijesti,Ulqini,Ulqin,Crna Gora,Mali i Zi\",\"potentialAction\":[{\"@type\":\"SearchAction\",\"target\":{\"@type\":\"EntryPoint\",\"urlTemplate\":\"https:\/\/www.visit-ulcinj.com\/blog\/?s={search_term_string}\"},\"query-input\":\"required name=search_term_string\"}],\"inLanguage\":\"en-US\"},{\"@type\":\"ImageObject\",\"inLanguage\":\"en-US\",\"@id\":\"https:\/\/www.visit-ulcinj.com\/blog\/2008\/09\/17\/u-ulcinj-privuci-turski-kapital\/#primaryimage\",\"url\":\"http:\/\/www.visit-ulcinj.com\/blog\/wp-content\/uploads\/2008\/09\/gzim-hajdinaga-_ambasador-u-crnoj-gori-murata-ouza.jpg\",\"contentUrl\":\"http:\/\/www.visit-ulcinj.com\/blog\/wp-content\/uploads\/2008\/09\/gzim-hajdinaga-_ambasador-u-crnoj-gori-murata-ouza.jpg\"},{\"@type\":\"WebPage\",\"@id\":\"https:\/\/www.visit-ulcinj.com\/blog\/2008\/09\/17\/u-ulcinj-privuci-turski-kapital\/#webpage\",\"url\":\"https:\/\/www.visit-ulcinj.com\/blog\/2008\/09\/17\/u-ulcinj-privuci-turski-kapital\/\",\"name\":\"U Ulcinj privu?i turski kapital - Lajme nga Ulqini\",\"isPartOf\":{\"@id\":\"https:\/\/www.visit-ulcinj.com\/blog\/#website\"},\"primaryImageOfPage\":{\"@id\":\"https:\/\/www.visit-ulcinj.com\/blog\/2008\/09\/17\/u-ulcinj-privuci-turski-kapital\/#primaryimage\"},\"datePublished\":\"2008-09-17T16:56:12+00:00\",\"dateModified\":\"2008-10-17T19:38:44+00:00\",\"author\":{\"@id\":\"https:\/\/www.visit-ulcinj.com\/blog\/#\/schema\/person\/dcab619c614d3038751c63bc2aadc06d\"},\"description\":\"?elnik najju\u017enije op\u0161tine ugostio ambasadora Murata Ouza Ulcinj - Gradona?elnik Ulcinja Gzim Hajdinaga primio je ju?e turskog ambasadora u Crnoj Gori\",\"breadcrumb\":{\"@id\":\"https:\/\/www.visit-ulcinj.com\/blog\/2008\/09\/17\/u-ulcinj-privuci-turski-kapital\/#breadcrumb\"},\"inLanguage\":\"en-US\",\"potentialAction\":[{\"@type\":\"ReadAction\",\"target\":[\"https:\/\/www.visit-ulcinj.com\/blog\/2008\/09\/17\/u-ulcinj-privuci-turski-kapital\/\"]}]},{\"@type\":\"BreadcrumbList\",\"@id\":\"https:\/\/www.visit-ulcinj.com\/blog\/2008\/09\/17\/u-ulcinj-privuci-turski-kapital\/#breadcrumb\",\"itemListElement\":[{\"@type\":\"ListItem\",\"position\":1,\"name\":\"U Ulcinj privu?i turski kapital\"}]},{\"@type\":\"Person\",\"@id\":\"https:\/\/www.visit-ulcinj.com\/blog\/#\/schema\/person\/dcab619c614d3038751c63bc2aadc06d\",\"name\":\"ulqini\",\"sameAs\":[\"http:\/\/www.visit-ulcinj.com\"],\"url\":\"https:\/\/www.visit-ulcinj.com\/blog\/author\/admin\/\"}]}<\/script>\n<!-- \/ Yoast SEO plugin. -->","yoast_head_json":{"title":"U Ulcinj privu?i turski kapital - Lajme nga Ulqini","description":"?elnik najju\u017enije op\u0161tine ugostio ambasadora Murata Ouza Ulcinj - Gradona?elnik Ulcinja Gzim Hajdinaga primio je ju?e turskog ambasadora u Crnoj Gori","robots":{"index":"index","follow":"follow","max-snippet":"max-snippet:-1","max-image-preview":"max-image-preview:large","max-video-preview":"max-video-preview:-1"},"canonical":"https:\/\/www.visit-ulcinj.com\/blog\/2008\/09\/17\/u-ulcinj-privuci-turski-kapital\/","og_locale":"en_US","og_type":"article","og_title":"U Ulcinj privu?i turski kapital - Lajme nga Ulqini","og_description":"?elnik najju\u017enije op\u0161tine ugostio ambasadora Murata Ouza Ulcinj - Gradona?elnik Ulcinja Gzim Hajdinaga primio je ju?e turskog ambasadora u Crnoj Gori","og_url":"https:\/\/www.visit-ulcinj.com\/blog\/2008\/09\/17\/u-ulcinj-privuci-turski-kapital\/","og_site_name":"Lajme nga Ulqini","article_published_time":"2008-09-17T16:56:12+00:00","article_modified_time":"2008-10-17T19:38:44+00:00","og_image":[{"url":"http:\/\/www.visit-ulcinj.com\/blog\/wp-content\/uploads\/2008\/09\/gzim-hajdinaga-_ambasador-u-crnoj-gori-murata-ouza.jpg"}],"twitter_misc":{"Written by":"ulqini","Est. reading time":"1 minute"},"schema":{"@context":"https:\/\/schema.org","@graph":[{"@type":"WebSite","@id":"https:\/\/www.visit-ulcinj.com\/blog\/#website","url":"https:\/\/www.visit-ulcinj.com\/blog\/","name":"Lajme nga Ulqini","description":"Lajme,Vijesti,Ulqini,Ulqin,Crna Gora,Mali i Zi","potentialAction":[{"@type":"SearchAction","target":{"@type":"EntryPoint","urlTemplate":"https:\/\/www.visit-ulcinj.com\/blog\/?s={search_term_string}"},"query-input":"required name=search_term_string"}],"inLanguage":"en-US"},{"@type":"ImageObject","inLanguage":"en-US","@id":"https:\/\/www.visit-ulcinj.com\/blog\/2008\/09\/17\/u-ulcinj-privuci-turski-kapital\/#primaryimage","url":"http:\/\/www.visit-ulcinj.com\/blog\/wp-content\/uploads\/2008\/09\/gzim-hajdinaga-_ambasador-u-crnoj-gori-murata-ouza.jpg","contentUrl":"http:\/\/www.visit-ulcinj.com\/blog\/wp-content\/uploads\/2008\/09\/gzim-hajdinaga-_ambasador-u-crnoj-gori-murata-ouza.jpg"},{"@type":"WebPage","@id":"https:\/\/www.visit-ulcinj.com\/blog\/2008\/09\/17\/u-ulcinj-privuci-turski-kapital\/#webpage","url":"https:\/\/www.visit-ulcinj.com\/blog\/2008\/09\/17\/u-ulcinj-privuci-turski-kapital\/","name":"U Ulcinj privu?i turski kapital - Lajme nga Ulqini","isPartOf":{"@id":"https:\/\/www.visit-ulcinj.com\/blog\/#website"},"primaryImageOfPage":{"@id":"https:\/\/www.visit-ulcinj.com\/blog\/2008\/09\/17\/u-ulcinj-privuci-turski-kapital\/#primaryimage"},"datePublished":"2008-09-17T16:56:12+00:00","dateModified":"2008-10-17T19:38:44+00:00","author":{"@id":"https:\/\/www.visit-ulcinj.com\/blog\/#\/schema\/person\/dcab619c614d3038751c63bc2aadc06d"},"description":"?elnik najju\u017enije op\u0161tine ugostio ambasadora Murata Ouza Ulcinj - Gradona?elnik Ulcinja Gzim Hajdinaga primio je ju?e turskog ambasadora u Crnoj Gori","breadcrumb":{"@id":"https:\/\/www.visit-ulcinj.com\/blog\/2008\/09\/17\/u-ulcinj-privuci-turski-kapital\/#breadcrumb"},"inLanguage":"en-US","potentialAction":[{"@type":"ReadAction","target":["https:\/\/www.visit-ulcinj.com\/blog\/2008\/09\/17\/u-ulcinj-privuci-turski-kapital\/"]}]},{"@type":"BreadcrumbList","@id":"https:\/\/www.visit-ulcinj.com\/blog\/2008\/09\/17\/u-ulcinj-privuci-turski-kapital\/#breadcrumb","itemListElement":[{"@type":"ListItem","position":1,"name":"U Ulcinj privu?i turski kapital"}]},{"@type":"Person","@id":"https:\/\/www.visit-ulcinj.com\/blog\/#\/schema\/person\/dcab619c614d3038751c63bc2aadc06d","name":"ulqini","sameAs":["http:\/\/www.visit-ulcinj.com"],"url":"https:\/\/www.visit-ulcinj.com\/blog\/author\/admin\/"}]}},"jetpack_featured_media_url":"","jetpack_sharing_enabled":true,"jetpack_shortlink":"https:\/\/wp.me\/pe6lTn-Ss","_links":{"self":[{"href":"https:\/\/www.visit-ulcinj.com\/blog\/wp-json\/wp\/v2\/posts\/3376"}],"collection":[{"href":"https:\/\/www.visit-ulcinj.com\/blog\/wp-json\/wp\/v2\/posts"}],"about":[{"href":"https:\/\/www.visit-ulcinj.com\/blog\/wp-json\/wp\/v2\/types\/post"}],"author":[{"embeddable":true,"href":"https:\/\/www.visit-ulcinj.com\/blog\/wp-json\/wp\/v2\/users\/1"}],"replies":[{"embeddable":true,"href":"https:\/\/www.visit-ulcinj.com\/blog\/wp-json\/wp\/v2\/comments?post=3376"}],"version-history":[{"count":0,"href":"https:\/\/www.visit-ulcinj.com\/blog\/wp-json\/wp\/v2\/posts\/3376\/revisions"}],"wp:attachment":[{"href":"https:\/\/www.visit-ulcinj.com\/blog\/wp-json\/wp\/v2\/media?parent=3376"}],"wp:term":[{"taxonomy":"category","embeddable":true,"href":"https:\/\/www.visit-ulcinj.com\/blog\/wp-json\/wp\/v2\/categories?post=3376"},{"taxonomy":"post_tag","embeddable":true,"href":"https:\/\/www.visit-ulcinj.com\/blog\/wp-json\/wp\/v2\/tags?post=3376"}],"curies":[{"name":"wp","href":"https:\/\/api.w.org\/{rel}","templated":true}]}}