{"id":3379,"date":"2008-09-17T12:26:33","date_gmt":"2008-09-17T17:26:33","guid":{"rendered":"http:\/\/www.visit-ulcinj.com\/blog\/?p=3379"},"modified":"2008-10-17T14:38:15","modified_gmt":"2008-10-17T19:38:15","slug":"mal-i-zi-seance-per-njohjen-e-kosoves","status":"publish","type":"post","link":"https:\/\/www.visit-ulcinj.com\/blog\/2008\/09\/17\/mal-i-zi-seance-per-njohjen-e-kosoves\/","title":{"rendered":"Mal i Zi, seance per njohjen e Kosoves"},"content":{"rendered":"<p><a href=\"http:\/\/www.visit-ulcinj.com\/blog\/wp-content\/uploads\/2008\/09\/kosovo.jpg\"><img loading=\"lazy\" class=\"alignleft size-medium wp-image-3380\" title=\"kosovo\" src=\"http:\/\/www.visit-ulcinj.com\/blog\/wp-content\/uploads\/2008\/09\/kosovo-300x218.jpg\" alt=\"\" width=\"300\" height=\"218\" srcset=\"https:\/\/www.visit-ulcinj.com\/blog\/wp-content\/uploads\/2008\/09\/kosovo-300x218.jpg 300w, https:\/\/www.visit-ulcinj.com\/blog\/wp-content\/uploads\/2008\/09\/kosovo.jpg 775w\" sizes=\"(max-width: 300px) 100vw, 300px\" \/><\/a>Kryetari i Parlamentit malazez, Ranko Krivokapic ka caktuar p\u00ebr 3 tetor seanc\u00ebn arlamentare ku do t\u00eb diskutohet rreth Projekt-Rezolut\u00ebs p\u00ebr njohjen e Kosov\u00ebs.<br \/>\nMediat malazeze sot b\u00ebjn\u00eb t\u00eb ditur se \u201cMali i Zi sigurisht se do t\u00eb njoh\u00eb pavar\u00ebsin\u00eb e Kosov\u00ebs n\u00eb fillim t\u00eb muajit t\u00eb ardhsh\u00ebm p\u00ebr shkak se 41 deputet\u00ebt e koalicionit qeveritar t\u00eb mart\u00ebn pasdite kan\u00eb n\u00ebnshkruar Projekt-Rezolut\u00ebn p\u00ebr njohjen e Kosov\u00ebs\u201d.<br \/>\nN\u00eb Projekt-Rezolut\u00eb n\u00ebnvizohet se Mali i Zi \u201c\u00ebsht\u00eb i gatsh\u00ebm q\u00eb t\u00eb pranoj\u00eb realitetin politik q\u00eb vendet an\u00ebtare t\u00eb BE-s\u00eb dhe NATO e kan\u00eb vler\u00ebsuar si t\u00eb r\u00ebnd\u00ebsish\u00ebm p\u00ebr stabilitetin rajonal dhe n\u00eb k\u00ebt\u00eb drejtim Mali i Zi po e ndjek\u00eb politik\u00ebn e integrimeve evropiane dhe evroatlantike, informon agjencia e lajmeve INA.<br \/>\nReagime ndaj Projekt-Rezolut\u00ebs kan\u00eb shprehur partit\u00eb opozitare q\u00eb jan\u00eb t\u00eb p\u00ebrfaq\u00ebsuara nga shumica e komunitetit serb n\u00eb Mal t\u00eb Zi.<br \/>\n<strong>Burimi \/ Top Channel<\/strong><\/p>\n\n\t\t<style type=\"text\/css\">\n\t\t\t#gallery-1 {\n\t\t\t\tmargin: auto;\n\t\t\t}\n\t\t\t#gallery-1 .gallery-item {\n\t\t\t\tfloat: left;\n\t\t\t\tmargin-top: 10px;\n\t\t\t\ttext-align: center;\n\t\t\t\twidth: 33%;\n\t\t\t}\n\t\t\t#gallery-1 img {\n\t\t\t\tborder: 2px solid #cfcfcf;\n\t\t\t}\n\t\t\t#gallery-1 .gallery-caption {\n\t\t\t\tmargin-left: 0;\n\t\t\t}\n\t\t\t\/* see gallery_shortcode() in wp-includes\/media.php *\/\n\t\t<\/style>\n\t\t<div id='gallery-1' class='gallery galleryid-3379 gallery-columns-3 gallery-size-thumbnail'><dl class='gallery-item'>\n\t\t\t<dt class='gallery-icon landscape'>\n\t\t\t\t<a href='https:\/\/www.visit-ulcinj.com\/blog\/2008\/09\/17\/mal-i-zi-seance-per-njohjen-e-kosoves\/kosovo\/'><img width=\"150\" height=\"150\" src=\"https:\/\/www.visit-ulcinj.com\/blog\/wp-content\/uploads\/2008\/09\/kosovo-150x150.jpg\" class=\"attachment-thumbnail size-thumbnail\" alt=\"\" loading=\"lazy\" \/><\/a>\n\t\t\t<\/dt><\/dl><dl class='gallery-item'>\n\t\t\t<dt class='gallery-icon portrait'>\n\t\t\t\t<a href='https:\/\/www.visit-ulcinj.com\/blog\/2008\/09\/17\/mal-i-zi-seance-per-njohjen-e-kosoves\/nenshkruan-projekt-rezoluten-per-njohjen-e-kosovese2809d\/'><img width=\"150\" height=\"150\" src=\"https:\/\/www.visit-ulcinj.com\/blog\/wp-content\/uploads\/2008\/09\/nenshkruan-projekt-rezoluten-per-njohjen-e-kosovese2809d-150x150.jpg\" class=\"attachment-thumbnail size-thumbnail\" alt=\"\" loading=\"lazy\" \/><\/a>\n\t\t\t<\/dt><\/dl><dl class='gallery-item'>\n\t\t\t<dt class='gallery-icon landscape'>\n\t\t\t\t<a href='https:\/\/www.visit-ulcinj.com\/blog\/2008\/09\/17\/mal-i-zi-seance-per-njohjen-e-kosoves\/nenshkruarn-projekt-rezoluten-per-njohjen-e-kosoves1e2809d\/'><img width=\"150\" height=\"150\" src=\"https:\/\/www.visit-ulcinj.com\/blog\/wp-content\/uploads\/2008\/09\/nenshkruarn-projekt-rezoluten-per-njohjen-e-kosoves1e2809d-150x150.jpg\" class=\"attachment-thumbnail size-thumbnail\" alt=\"\" loading=\"lazy\" \/><\/a>\n\t\t\t<\/dt><\/dl><br style=\"clear: both\" \/>\n\t\t<\/div>\n\n<p style=\"text-align: center;\"><a href=\"http:\/\/www.visit-ulcinj.com\/blog\/wp-content\/uploads\/2008\/09\/klubi-i-basketbollit-ulqini.jpg\"><img loading=\"lazy\" class=\"aligncenter size-medium wp-image-3400\" title=\"klubi-i-basketbollit-ulqini\" src=\"http:\/\/www.visit-ulcinj.com\/blog\/wp-content\/uploads\/2008\/09\/klubi-i-basketbollit-ulqini.jpg\" alt=\"\" width=\"500\" height=\"300\" \/><\/a><\/p>\n","protected":false},"excerpt":{"rendered":"<p>Kryetari i Parlamentit malazez, Ranko Krivokapic ka caktuar p\u00ebr 3 tetor seanc\u00ebn arlamentare ku do t\u00eb diskutohet rreth Projekt-Rezolut\u00ebs p\u00ebr njohjen e Kosov\u00ebs. Mediat malazeze sot b\u00ebjn\u00eb t\u00eb ditur se \u201cMali i Zi sigurisht se do t\u00eb njoh\u00eb pavar\u00ebsin\u00eb e Kosov\u00ebs n\u00eb fillim t\u00eb muajit t\u00eb ardhsh\u00ebm p\u00ebr shkak se 41 deputet\u00ebt e koalicionit qeveritar [&hellip;]<\/p>\n","protected":false},"author":1,"featured_media":0,"comment_status":"open","ping_status":"closed","sticky":false,"template":"","format":"standard","meta":{"spay_email":"","jetpack_publicize_message":"","jetpack_is_tweetstorm":false,"jetpack_publicize_feature_enabled":true},"categories":[6,14,12],"tags":[4566,95],"jetpack_publicize_connections":[],"yoast_head":"<!-- This site is optimized with the Yoast SEO plugin v19.1 - https:\/\/yoast.com\/wordpress\/plugins\/seo\/ -->\n<title>Mal i Zi, seance per njohjen e Kosoves - Lajme nga Ulqini<\/title>\n<meta name=\"description\" content=\"Kryetari i Parlamentit malazez, Ranko Krivokapic ka caktuar p\u00ebr 3 tetor seanc\u00ebn arlamentare ku do t\u00eb diskutohet rreth Projekt-Rezolut\u00ebs p\u00ebr njohjen e\" \/>\n<meta name=\"robots\" content=\"index, follow, max-snippet:-1, max-image-preview:large, max-video-preview:-1\" \/>\n<link rel=\"canonical\" href=\"https:\/\/www.visit-ulcinj.com\/blog\/2008\/09\/17\/mal-i-zi-seance-per-njohjen-e-kosoves\/\" \/>\n<meta property=\"og:locale\" content=\"en_US\" \/>\n<meta property=\"og:type\" content=\"article\" \/>\n<meta property=\"og:title\" content=\"Mal i Zi, seance per njohjen e Kosoves - Lajme nga Ulqini\" \/>\n<meta property=\"og:description\" content=\"Kryetari i Parlamentit malazez, Ranko Krivokapic ka caktuar p\u00ebr 3 tetor seanc\u00ebn arlamentare ku do t\u00eb diskutohet rreth Projekt-Rezolut\u00ebs p\u00ebr njohjen e\" \/>\n<meta property=\"og:url\" content=\"https:\/\/www.visit-ulcinj.com\/blog\/2008\/09\/17\/mal-i-zi-seance-per-njohjen-e-kosoves\/\" \/>\n<meta property=\"og:site_name\" content=\"Lajme nga Ulqini\" \/>\n<meta property=\"article:published_time\" content=\"2008-09-17T17:26:33+00:00\" \/>\n<meta property=\"article:modified_time\" content=\"2008-10-17T19:38:15+00:00\" \/>\n<meta property=\"og:image\" content=\"https:\/\/www.visit-ulcinj.com\/blog\/wp-content\/uploads\/2008\/09\/kosovo-150x150.jpg\" \/>\n<meta name=\"twitter:label1\" content=\"Written by\" \/>\n\t<meta name=\"twitter:data1\" content=\"ulqini\" \/>\n\t<meta name=\"twitter:label2\" content=\"Est. reading time\" \/>\n\t<meta name=\"twitter:data2\" content=\"1 minute\" \/>\n<script type=\"application\/ld+json\" class=\"yoast-schema-graph\">{\"@context\":\"https:\/\/schema.org\",\"@graph\":[{\"@type\":\"WebSite\",\"@id\":\"https:\/\/www.visit-ulcinj.com\/blog\/#website\",\"url\":\"https:\/\/www.visit-ulcinj.com\/blog\/\",\"name\":\"Lajme nga Ulqini\",\"description\":\"Lajme,Vijesti,Ulqini,Ulqin,Crna Gora,Mali i Zi\",\"potentialAction\":[{\"@type\":\"SearchAction\",\"target\":{\"@type\":\"EntryPoint\",\"urlTemplate\":\"https:\/\/www.visit-ulcinj.com\/blog\/?s={search_term_string}\"},\"query-input\":\"required name=search_term_string\"}],\"inLanguage\":\"en-US\"},{\"@type\":\"ImageObject\",\"inLanguage\":\"en-US\",\"@id\":\"https:\/\/www.visit-ulcinj.com\/blog\/2008\/09\/17\/mal-i-zi-seance-per-njohjen-e-kosoves\/#primaryimage\",\"url\":\"http:\/\/www.visit-ulcinj.com\/blog\/wp-content\/uploads\/2008\/09\/kosovo-300x218.jpg\",\"contentUrl\":\"http:\/\/www.visit-ulcinj.com\/blog\/wp-content\/uploads\/2008\/09\/kosovo-300x218.jpg\"},{\"@type\":\"WebPage\",\"@id\":\"https:\/\/www.visit-ulcinj.com\/blog\/2008\/09\/17\/mal-i-zi-seance-per-njohjen-e-kosoves\/#webpage\",\"url\":\"https:\/\/www.visit-ulcinj.com\/blog\/2008\/09\/17\/mal-i-zi-seance-per-njohjen-e-kosoves\/\",\"name\":\"Mal i Zi, seance per njohjen e Kosoves - Lajme nga Ulqini\",\"isPartOf\":{\"@id\":\"https:\/\/www.visit-ulcinj.com\/blog\/#website\"},\"primaryImageOfPage\":{\"@id\":\"https:\/\/www.visit-ulcinj.com\/blog\/2008\/09\/17\/mal-i-zi-seance-per-njohjen-e-kosoves\/#primaryimage\"},\"datePublished\":\"2008-09-17T17:26:33+00:00\",\"dateModified\":\"2008-10-17T19:38:15+00:00\",\"author\":{\"@id\":\"https:\/\/www.visit-ulcinj.com\/blog\/#\/schema\/person\/dcab619c614d3038751c63bc2aadc06d\"},\"description\":\"Kryetari i Parlamentit malazez, Ranko Krivokapic ka caktuar p\u00ebr 3 tetor seanc\u00ebn arlamentare ku do t\u00eb diskutohet rreth Projekt-Rezolut\u00ebs p\u00ebr njohjen e\",\"breadcrumb\":{\"@id\":\"https:\/\/www.visit-ulcinj.com\/blog\/2008\/09\/17\/mal-i-zi-seance-per-njohjen-e-kosoves\/#breadcrumb\"},\"inLanguage\":\"en-US\",\"potentialAction\":[{\"@type\":\"ReadAction\",\"target\":[\"https:\/\/www.visit-ulcinj.com\/blog\/2008\/09\/17\/mal-i-zi-seance-per-njohjen-e-kosoves\/\"]}]},{\"@type\":\"BreadcrumbList\",\"@id\":\"https:\/\/www.visit-ulcinj.com\/blog\/2008\/09\/17\/mal-i-zi-seance-per-njohjen-e-kosoves\/#breadcrumb\",\"itemListElement\":[{\"@type\":\"ListItem\",\"position\":1,\"name\":\"Mal i Zi, seance per njohjen e Kosoves\"}]},{\"@type\":\"Person\",\"@id\":\"https:\/\/www.visit-ulcinj.com\/blog\/#\/schema\/person\/dcab619c614d3038751c63bc2aadc06d\",\"name\":\"ulqini\",\"sameAs\":[\"http:\/\/www.visit-ulcinj.com\"],\"url\":\"https:\/\/www.visit-ulcinj.com\/blog\/author\/admin\/\"}]}<\/script>\n<!-- \/ Yoast SEO plugin. -->","yoast_head_json":{"title":"Mal i Zi, seance per njohjen e Kosoves - Lajme nga Ulqini","description":"Kryetari i Parlamentit malazez, Ranko Krivokapic ka caktuar p\u00ebr 3 tetor seanc\u00ebn arlamentare ku do t\u00eb diskutohet rreth Projekt-Rezolut\u00ebs p\u00ebr njohjen e","robots":{"index":"index","follow":"follow","max-snippet":"max-snippet:-1","max-image-preview":"max-image-preview:large","max-video-preview":"max-video-preview:-1"},"canonical":"https:\/\/www.visit-ulcinj.com\/blog\/2008\/09\/17\/mal-i-zi-seance-per-njohjen-e-kosoves\/","og_locale":"en_US","og_type":"article","og_title":"Mal i Zi, seance per njohjen e Kosoves - Lajme nga Ulqini","og_description":"Kryetari i Parlamentit malazez, Ranko Krivokapic ka caktuar p\u00ebr 3 tetor seanc\u00ebn arlamentare ku do t\u00eb diskutohet rreth Projekt-Rezolut\u00ebs p\u00ebr njohjen e","og_url":"https:\/\/www.visit-ulcinj.com\/blog\/2008\/09\/17\/mal-i-zi-seance-per-njohjen-e-kosoves\/","og_site_name":"Lajme nga Ulqini","article_published_time":"2008-09-17T17:26:33+00:00","article_modified_time":"2008-10-17T19:38:15+00:00","og_image":[{"url":"https:\/\/www.visit-ulcinj.com\/blog\/wp-content\/uploads\/2008\/09\/kosovo-150x150.jpg"}],"twitter_misc":{"Written by":"ulqini","Est. reading time":"1 minute"},"schema":{"@context":"https:\/\/schema.org","@graph":[{"@type":"WebSite","@id":"https:\/\/www.visit-ulcinj.com\/blog\/#website","url":"https:\/\/www.visit-ulcinj.com\/blog\/","name":"Lajme nga Ulqini","description":"Lajme,Vijesti,Ulqini,Ulqin,Crna Gora,Mali i Zi","potentialAction":[{"@type":"SearchAction","target":{"@type":"EntryPoint","urlTemplate":"https:\/\/www.visit-ulcinj.com\/blog\/?s={search_term_string}"},"query-input":"required name=search_term_string"}],"inLanguage":"en-US"},{"@type":"ImageObject","inLanguage":"en-US","@id":"https:\/\/www.visit-ulcinj.com\/blog\/2008\/09\/17\/mal-i-zi-seance-per-njohjen-e-kosoves\/#primaryimage","url":"http:\/\/www.visit-ulcinj.com\/blog\/wp-content\/uploads\/2008\/09\/kosovo-300x218.jpg","contentUrl":"http:\/\/www.visit-ulcinj.com\/blog\/wp-content\/uploads\/2008\/09\/kosovo-300x218.jpg"},{"@type":"WebPage","@id":"https:\/\/www.visit-ulcinj.com\/blog\/2008\/09\/17\/mal-i-zi-seance-per-njohjen-e-kosoves\/#webpage","url":"https:\/\/www.visit-ulcinj.com\/blog\/2008\/09\/17\/mal-i-zi-seance-per-njohjen-e-kosoves\/","name":"Mal i Zi, seance per njohjen e Kosoves - Lajme nga Ulqini","isPartOf":{"@id":"https:\/\/www.visit-ulcinj.com\/blog\/#website"},"primaryImageOfPage":{"@id":"https:\/\/www.visit-ulcinj.com\/blog\/2008\/09\/17\/mal-i-zi-seance-per-njohjen-e-kosoves\/#primaryimage"},"datePublished":"2008-09-17T17:26:33+00:00","dateModified":"2008-10-17T19:38:15+00:00","author":{"@id":"https:\/\/www.visit-ulcinj.com\/blog\/#\/schema\/person\/dcab619c614d3038751c63bc2aadc06d"},"description":"Kryetari i Parlamentit malazez, Ranko Krivokapic ka caktuar p\u00ebr 3 tetor seanc\u00ebn arlamentare ku do t\u00eb diskutohet rreth Projekt-Rezolut\u00ebs p\u00ebr njohjen e","breadcrumb":{"@id":"https:\/\/www.visit-ulcinj.com\/blog\/2008\/09\/17\/mal-i-zi-seance-per-njohjen-e-kosoves\/#breadcrumb"},"inLanguage":"en-US","potentialAction":[{"@type":"ReadAction","target":["https:\/\/www.visit-ulcinj.com\/blog\/2008\/09\/17\/mal-i-zi-seance-per-njohjen-e-kosoves\/"]}]},{"@type":"BreadcrumbList","@id":"https:\/\/www.visit-ulcinj.com\/blog\/2008\/09\/17\/mal-i-zi-seance-per-njohjen-e-kosoves\/#breadcrumb","itemListElement":[{"@type":"ListItem","position":1,"name":"Mal i Zi, seance per njohjen e Kosoves"}]},{"@type":"Person","@id":"https:\/\/www.visit-ulcinj.com\/blog\/#\/schema\/person\/dcab619c614d3038751c63bc2aadc06d","name":"ulqini","sameAs":["http:\/\/www.visit-ulcinj.com"],"url":"https:\/\/www.visit-ulcinj.com\/blog\/author\/admin\/"}]}},"jetpack_featured_media_url":"","jetpack_sharing_enabled":true,"jetpack_shortlink":"https:\/\/wp.me\/pe6lTn-Sv","_links":{"self":[{"href":"https:\/\/www.visit-ulcinj.com\/blog\/wp-json\/wp\/v2\/posts\/3379"}],"collection":[{"href":"https:\/\/www.visit-ulcinj.com\/blog\/wp-json\/wp\/v2\/posts"}],"about":[{"href":"https:\/\/www.visit-ulcinj.com\/blog\/wp-json\/wp\/v2\/types\/post"}],"author":[{"embeddable":true,"href":"https:\/\/www.visit-ulcinj.com\/blog\/wp-json\/wp\/v2\/users\/1"}],"replies":[{"embeddable":true,"href":"https:\/\/www.visit-ulcinj.com\/blog\/wp-json\/wp\/v2\/comments?post=3379"}],"version-history":[{"count":0,"href":"https:\/\/www.visit-ulcinj.com\/blog\/wp-json\/wp\/v2\/posts\/3379\/revisions"}],"wp:attachment":[{"href":"https:\/\/www.visit-ulcinj.com\/blog\/wp-json\/wp\/v2\/media?parent=3379"}],"wp:term":[{"taxonomy":"category","embeddable":true,"href":"https:\/\/www.visit-ulcinj.com\/blog\/wp-json\/wp\/v2\/categories?post=3379"},{"taxonomy":"post_tag","embeddable":true,"href":"https:\/\/www.visit-ulcinj.com\/blog\/wp-json\/wp\/v2\/tags?post=3379"}],"curies":[{"name":"wp","href":"https:\/\/api.w.org\/{rel}","templated":true}]}}