{"id":338,"date":"2008-01-29T16:00:07","date_gmt":"2008-01-29T21:00:07","guid":{"rendered":"http:\/\/www.visit-ulcinj.com\/blog\/2008\/01\/29\/crna-goraturisticka-i-ekoloska-destinacija\/"},"modified":"2008-02-12T20:14:19","modified_gmt":"2008-02-13T01:14:19","slug":"crna-goraturisticka-i-ekoloska-destinacija","status":"publish","type":"post","link":"https:\/\/www.visit-ulcinj.com\/blog\/2008\/01\/29\/crna-goraturisticka-i-ekoloska-destinacija\/","title":{"rendered":"Kosovo: Tha\u00e7i parle d&#8217;ind\u00e9pendance imminente, les Europ\u00e9ens temp\u00e8rent"},"content":{"rendered":"<p><a href=\"http:\/\/www.visit-ulcinj.com\/blog\/wp-content\/uploads\/2008\/01\/le-premier-ministre-kosovar-hashim-thaci-solana.jpg\" title=\"Le Premier ministre kosovar Hashim Tha\u00e7i -Solana\"><img src=\"http:\/\/www.visit-ulcinj.com\/blog\/wp-content\/uploads\/2008\/01\/le-premier-ministre-kosovar-hashim-thaci-solana.thumbnail.jpg\" alt=\"Le Premier ministre kosovar Hashim Tha\u00e7i -Solana\" align=\"left\" hspace=\"2\" vspace=\"2\" \/><\/a>Le Premier ministre kosovar Hashim Tha\u00e7i a indiqu\u00e9 jeudi \u00e0 Bruxelles que la proclamation d&#8217;ind\u00e9pendance de sa province n&#8217;\u00e9tait plus qu'&#8221;une question de jours&#8221;, mais plusieurs diplomates europ\u00e9ens ont assur\u00e9 qu&#8217;ils la jugeaient improbable avant fin f\u00e9vrier-d\u00e9but mars.<\/p>\n<p>&#8220;Nous devons respecter certaines proc\u00e9dures et (mener) certaines<!--more--> consultations&#8221; avant d&#8217;en arriver \u00e0 cette \u00e9ch\u00e9ance, &#8220;mais le Kosovo est pr\u00eat, uni, et je pense que la date de la proclamation&#8221; va arriver &#8220;tr\u00e8s bient\u00f4t&#8221;, a d\u00e9clar\u00e9 M. Tha\u00e7i aux journalistes, \u00e0 l&#8217;issue d&#8217;une rencontre avec le diplomate en chef de l&#8217;UE Javier Solana \u00e0 Bruxelles.<\/p>\n<p>Interrog\u00e9 sur le point de savoir si la proclamation d&#8217;ind\u00e9pendance de la province s\u00e9paratiste serbe \u00e9tait une question de jours ou de semaines, il a r\u00e9pondu: &#8220;c&#8217;est une question de jours&#8221;.<\/p>\n<p>Des diplomates proches des consultations que m\u00e8ne M. Tha\u00e7i avec les responsables de l&#8217;Union europ\u00e9enne ont cependant soulign\u00e9 que la d\u00e9claration d&#8217;ind\u00e9pendance du Kosovo n&#8217;\u00e9tait, dans l&#8217;\u00e9tat actuel des choses, pas attendue avant fin f\u00e9vrier-d\u00e9but mars.<\/p>\n<p>&#8220;Je crois que (les Kosovars) vont encore attendre un petit peu&#8221;, a soulign\u00e9 l&#8217;un d&#8217;entre eux.<\/p>\n<p>&#8220;Il y a n\u00e9anmoins un risque, si les forces nationalistes remportent l&#8217;\u00e9lection (pr\u00e9sidentielle serbe), que cela encourage les Kosovars \u00e0 pousser pour une reconnaissance rapide&#8221;, a-t-il cependant soulign\u00e9, en r\u00e9f\u00e9rence au second tour de la pr\u00e9sidentielle le 3 f\u00e9vrier pour laquelle le candidat nationaliste Tomislav Nikolic est bien plac\u00e9 face au pr\u00e9sident pro-europ\u00e9en sortant Boris Tadic.<\/p>\n<p>&#8220;Mais le plus probable est que cela se fera plus tard&#8221;, a-t-il ajout\u00e9.<\/p>\n<p>Soucieux de voir leur ind\u00e9pendance reconnue par les Europ\u00e9ens et Am\u00e9ricains, les Kosovars se sont engag\u00e9s &#8211; et M. Tha\u00e7i a r\u00e9p\u00e9t\u00e9 cet engagement jeudi &#8211; \u00e0 &#8220;coop\u00e9rer \u00e9troitement&#8221; avec Bruxelles et Washington sur la date de cette d\u00e9claration d&#8217;ind\u00e9pendance, \u00e0 laquelle la quasi-totalit\u00e9 des Serbes, soutenus par la Russie, se sont toujours oppos\u00e9s.<\/p>\n<p>Les Etats-Unis et la plupart des 27 pays membres de l&#8217;UE sont eux pr\u00eats \u00e0 reconna\u00eetre cette ind\u00e9pendance. Et les Europ\u00e9ens &#8211; qui se sont engag\u00e9s \u00e0 guider les Kosovars dans une premi\u00e8re p\u00e9riode d'&#8221;ind\u00e9pendance surveill\u00e9e&#8221; en envoyant sur place une mission de quelque 1.800 policers et juristes &#8211; multiplient les consultations pour pouvoir reconna\u00eetre cette ind\u00e9pendance de la fa\u00e7on la plus unie possible.<\/p>\n<p>Plusieurs diplomates ont \u00e9voqu\u00e9 la possibilit\u00e9 que la plupart des dirigeants europ\u00e9ens d\u00e9clarent officiellement leur intention de reconna\u00eetre le Kosovo lors du sommet europ\u00e9en pr\u00e9vu mi-mars.<\/p>\n<p>En attendant l&#8217;issue de l&#8217;\u00e9lection pr\u00e9sidentielle serbe, pour \u00e9viter de donner des armes au camp nationaliste, les Europ\u00e9ens sont extr\u00eamement prudents et \u00e9vitent le mot &#8220;ind\u00e9pendance&#8221; pour ne parler que de &#8220;question du statut&#8221;.<\/p>\n<p>La porte-parole du commissaire europ\u00e9en \u00e0 l&#8217;Elargissement Olli Rehn, interrog\u00e9e jeudi sur la date possible de la d\u00e9claration d&#8217;ind\u00e9pendance, a ainsi refus\u00e9 tout commentaire, soulignant qu&#8217;il s&#8217;agissait d&#8217;une question &#8220;tr\u00e8s sensible&#8221;.<\/p>\n<p>M\u00eame si les pr\u00e9paratifs pour l&#8217;envoi de la mission au Kosovo sont dans leur phase terminale, les ministres europ\u00e9ens des Affaires \u00e9trang\u00e8res, qui se r\u00e9unissent lundi prochain, devraient aussi attendre un petit peu pour lui donner le feu vert formel, pour ne pas risquer d'&#8221;intervenir&#8221; sur l&#8217;\u00e9lection serbe, selon la pr\u00e9sidence slov\u00e8ne de l&#8217;UE.<\/p>\n","protected":false},"excerpt":{"rendered":"<p><img src=\"http:\/\/www.visit-ulcinj.com\/blog\/wp-content\/uploads\/2008\/01\/le-premier-ministre-kosovar-hashim-thaci-solana.thumbnail.jpg\" alt=\"Le Premier ministre kosovar Hashim Tha\u00e7i -Solana\" witdh=\"140\" height=\"140\"\/><\/p>\n","protected":false},"author":1,"featured_media":0,"comment_status":"open","ping_status":"closed","sticky":false,"template":"","format":"standard","meta":{"spay_email":"","jetpack_publicize_message":"","jetpack_is_tweetstorm":false,"jetpack_publicize_feature_enabled":true},"categories":[1],"tags":[],"jetpack_publicize_connections":[],"yoast_head":"<!-- This site is optimized with the Yoast SEO plugin v19.1 - https:\/\/yoast.com\/wordpress\/plugins\/seo\/ -->\n<title>Kosovo: Tha\u00e7i parle d&#039;ind\u00e9pendance imminente, les Europ\u00e9ens temp\u00e8rent - Lajme nga Ulqini<\/title>\n<meta name=\"robots\" content=\"index, follow, max-snippet:-1, max-image-preview:large, max-video-preview:-1\" \/>\n<link rel=\"canonical\" href=\"https:\/\/www.visit-ulcinj.com\/blog\/2008\/01\/29\/crna-goraturisticka-i-ekoloska-destinacija\/\" \/>\n<meta property=\"og:locale\" content=\"en_US\" \/>\n<meta property=\"og:type\" content=\"article\" \/>\n<meta property=\"og:title\" content=\"Kosovo: Tha\u00e7i parle d&#039;ind\u00e9pendance imminente, les Europ\u00e9ens temp\u00e8rent - Lajme nga Ulqini\" \/>\n<meta property=\"og:url\" content=\"https:\/\/www.visit-ulcinj.com\/blog\/2008\/01\/29\/crna-goraturisticka-i-ekoloska-destinacija\/\" \/>\n<meta property=\"og:site_name\" content=\"Lajme nga Ulqini\" \/>\n<meta property=\"article:published_time\" content=\"2008-01-29T21:00:07+00:00\" \/>\n<meta property=\"article:modified_time\" content=\"2008-02-13T01:14:19+00:00\" \/>\n<meta property=\"og:image\" content=\"http:\/\/www.visit-ulcinj.com\/blog\/wp-content\/uploads\/2008\/01\/le-premier-ministre-kosovar-hashim-thaci-solana.thumbnail.jpg\" \/>\n<meta name=\"twitter:label1\" content=\"Written by\" \/>\n\t<meta name=\"twitter:data1\" content=\"ulqini\" \/>\n\t<meta name=\"twitter:label2\" content=\"Est. reading time\" \/>\n\t<meta name=\"twitter:data2\" content=\"3 minutes\" \/>\n<script type=\"application\/ld+json\" class=\"yoast-schema-graph\">{\"@context\":\"https:\/\/schema.org\",\"@graph\":[{\"@type\":\"WebSite\",\"@id\":\"https:\/\/www.visit-ulcinj.com\/blog\/#website\",\"url\":\"https:\/\/www.visit-ulcinj.com\/blog\/\",\"name\":\"Lajme nga Ulqini\",\"description\":\"Lajme,Vijesti,Ulqini,Ulqin,Crna Gora,Mali i Zi\",\"potentialAction\":[{\"@type\":\"SearchAction\",\"target\":{\"@type\":\"EntryPoint\",\"urlTemplate\":\"https:\/\/www.visit-ulcinj.com\/blog\/?s={search_term_string}\"},\"query-input\":\"required name=search_term_string\"}],\"inLanguage\":\"en-US\"},{\"@type\":\"ImageObject\",\"inLanguage\":\"en-US\",\"@id\":\"https:\/\/www.visit-ulcinj.com\/blog\/2008\/01\/29\/crna-goraturisticka-i-ekoloska-destinacija\/#primaryimage\",\"url\":\"http:\/\/www.visit-ulcinj.com\/blog\/wp-content\/uploads\/2008\/01\/le-premier-ministre-kosovar-hashim-thaci-solana.thumbnail.jpg\",\"contentUrl\":\"http:\/\/www.visit-ulcinj.com\/blog\/wp-content\/uploads\/2008\/01\/le-premier-ministre-kosovar-hashim-thaci-solana.thumbnail.jpg\"},{\"@type\":\"WebPage\",\"@id\":\"https:\/\/www.visit-ulcinj.com\/blog\/2008\/01\/29\/crna-goraturisticka-i-ekoloska-destinacija\/#webpage\",\"url\":\"https:\/\/www.visit-ulcinj.com\/blog\/2008\/01\/29\/crna-goraturisticka-i-ekoloska-destinacija\/\",\"name\":\"Kosovo: Tha\u00e7i parle d'ind\u00e9pendance imminente, les Europ\u00e9ens temp\u00e8rent - Lajme nga Ulqini\",\"isPartOf\":{\"@id\":\"https:\/\/www.visit-ulcinj.com\/blog\/#website\"},\"primaryImageOfPage\":{\"@id\":\"https:\/\/www.visit-ulcinj.com\/blog\/2008\/01\/29\/crna-goraturisticka-i-ekoloska-destinacija\/#primaryimage\"},\"datePublished\":\"2008-01-29T21:00:07+00:00\",\"dateModified\":\"2008-02-13T01:14:19+00:00\",\"author\":{\"@id\":\"https:\/\/www.visit-ulcinj.com\/blog\/#\/schema\/person\/dcab619c614d3038751c63bc2aadc06d\"},\"breadcrumb\":{\"@id\":\"https:\/\/www.visit-ulcinj.com\/blog\/2008\/01\/29\/crna-goraturisticka-i-ekoloska-destinacija\/#breadcrumb\"},\"inLanguage\":\"en-US\",\"potentialAction\":[{\"@type\":\"ReadAction\",\"target\":[\"https:\/\/www.visit-ulcinj.com\/blog\/2008\/01\/29\/crna-goraturisticka-i-ekoloska-destinacija\/\"]}]},{\"@type\":\"BreadcrumbList\",\"@id\":\"https:\/\/www.visit-ulcinj.com\/blog\/2008\/01\/29\/crna-goraturisticka-i-ekoloska-destinacija\/#breadcrumb\",\"itemListElement\":[{\"@type\":\"ListItem\",\"position\":1,\"name\":\"Kosovo: Tha\u00e7i parle d&#8217;ind\u00e9pendance imminente, les Europ\u00e9ens temp\u00e8rent\"}]},{\"@type\":\"Person\",\"@id\":\"https:\/\/www.visit-ulcinj.com\/blog\/#\/schema\/person\/dcab619c614d3038751c63bc2aadc06d\",\"name\":\"ulqini\",\"sameAs\":[\"http:\/\/www.visit-ulcinj.com\"],\"url\":\"https:\/\/www.visit-ulcinj.com\/blog\/author\/admin\/\"}]}<\/script>\n<!-- \/ Yoast SEO plugin. -->","yoast_head_json":{"title":"Kosovo: Tha\u00e7i parle d'ind\u00e9pendance imminente, les Europ\u00e9ens temp\u00e8rent - Lajme nga Ulqini","robots":{"index":"index","follow":"follow","max-snippet":"max-snippet:-1","max-image-preview":"max-image-preview:large","max-video-preview":"max-video-preview:-1"},"canonical":"https:\/\/www.visit-ulcinj.com\/blog\/2008\/01\/29\/crna-goraturisticka-i-ekoloska-destinacija\/","og_locale":"en_US","og_type":"article","og_title":"Kosovo: Tha\u00e7i parle d'ind\u00e9pendance imminente, les Europ\u00e9ens temp\u00e8rent - Lajme nga Ulqini","og_url":"https:\/\/www.visit-ulcinj.com\/blog\/2008\/01\/29\/crna-goraturisticka-i-ekoloska-destinacija\/","og_site_name":"Lajme nga Ulqini","article_published_time":"2008-01-29T21:00:07+00:00","article_modified_time":"2008-02-13T01:14:19+00:00","og_image":[{"url":"http:\/\/www.visit-ulcinj.com\/blog\/wp-content\/uploads\/2008\/01\/le-premier-ministre-kosovar-hashim-thaci-solana.thumbnail.jpg"}],"twitter_misc":{"Written by":"ulqini","Est. reading time":"3 minutes"},"schema":{"@context":"https:\/\/schema.org","@graph":[{"@type":"WebSite","@id":"https:\/\/www.visit-ulcinj.com\/blog\/#website","url":"https:\/\/www.visit-ulcinj.com\/blog\/","name":"Lajme nga Ulqini","description":"Lajme,Vijesti,Ulqini,Ulqin,Crna Gora,Mali i Zi","potentialAction":[{"@type":"SearchAction","target":{"@type":"EntryPoint","urlTemplate":"https:\/\/www.visit-ulcinj.com\/blog\/?s={search_term_string}"},"query-input":"required name=search_term_string"}],"inLanguage":"en-US"},{"@type":"ImageObject","inLanguage":"en-US","@id":"https:\/\/www.visit-ulcinj.com\/blog\/2008\/01\/29\/crna-goraturisticka-i-ekoloska-destinacija\/#primaryimage","url":"http:\/\/www.visit-ulcinj.com\/blog\/wp-content\/uploads\/2008\/01\/le-premier-ministre-kosovar-hashim-thaci-solana.thumbnail.jpg","contentUrl":"http:\/\/www.visit-ulcinj.com\/blog\/wp-content\/uploads\/2008\/01\/le-premier-ministre-kosovar-hashim-thaci-solana.thumbnail.jpg"},{"@type":"WebPage","@id":"https:\/\/www.visit-ulcinj.com\/blog\/2008\/01\/29\/crna-goraturisticka-i-ekoloska-destinacija\/#webpage","url":"https:\/\/www.visit-ulcinj.com\/blog\/2008\/01\/29\/crna-goraturisticka-i-ekoloska-destinacija\/","name":"Kosovo: Tha\u00e7i parle d'ind\u00e9pendance imminente, les Europ\u00e9ens temp\u00e8rent - Lajme nga Ulqini","isPartOf":{"@id":"https:\/\/www.visit-ulcinj.com\/blog\/#website"},"primaryImageOfPage":{"@id":"https:\/\/www.visit-ulcinj.com\/blog\/2008\/01\/29\/crna-goraturisticka-i-ekoloska-destinacija\/#primaryimage"},"datePublished":"2008-01-29T21:00:07+00:00","dateModified":"2008-02-13T01:14:19+00:00","author":{"@id":"https:\/\/www.visit-ulcinj.com\/blog\/#\/schema\/person\/dcab619c614d3038751c63bc2aadc06d"},"breadcrumb":{"@id":"https:\/\/www.visit-ulcinj.com\/blog\/2008\/01\/29\/crna-goraturisticka-i-ekoloska-destinacija\/#breadcrumb"},"inLanguage":"en-US","potentialAction":[{"@type":"ReadAction","target":["https:\/\/www.visit-ulcinj.com\/blog\/2008\/01\/29\/crna-goraturisticka-i-ekoloska-destinacija\/"]}]},{"@type":"BreadcrumbList","@id":"https:\/\/www.visit-ulcinj.com\/blog\/2008\/01\/29\/crna-goraturisticka-i-ekoloska-destinacija\/#breadcrumb","itemListElement":[{"@type":"ListItem","position":1,"name":"Kosovo: Tha\u00e7i parle d&#8217;ind\u00e9pendance imminente, les Europ\u00e9ens temp\u00e8rent"}]},{"@type":"Person","@id":"https:\/\/www.visit-ulcinj.com\/blog\/#\/schema\/person\/dcab619c614d3038751c63bc2aadc06d","name":"ulqini","sameAs":["http:\/\/www.visit-ulcinj.com"],"url":"https:\/\/www.visit-ulcinj.com\/blog\/author\/admin\/"}]}},"jetpack_featured_media_url":"","jetpack_sharing_enabled":true,"jetpack_shortlink":"https:\/\/wp.me\/pe6lTn-5s","_links":{"self":[{"href":"https:\/\/www.visit-ulcinj.com\/blog\/wp-json\/wp\/v2\/posts\/338"}],"collection":[{"href":"https:\/\/www.visit-ulcinj.com\/blog\/wp-json\/wp\/v2\/posts"}],"about":[{"href":"https:\/\/www.visit-ulcinj.com\/blog\/wp-json\/wp\/v2\/types\/post"}],"author":[{"embeddable":true,"href":"https:\/\/www.visit-ulcinj.com\/blog\/wp-json\/wp\/v2\/users\/1"}],"replies":[{"embeddable":true,"href":"https:\/\/www.visit-ulcinj.com\/blog\/wp-json\/wp\/v2\/comments?post=338"}],"version-history":[{"count":0,"href":"https:\/\/www.visit-ulcinj.com\/blog\/wp-json\/wp\/v2\/posts\/338\/revisions"}],"wp:attachment":[{"href":"https:\/\/www.visit-ulcinj.com\/blog\/wp-json\/wp\/v2\/media?parent=338"}],"wp:term":[{"taxonomy":"category","embeddable":true,"href":"https:\/\/www.visit-ulcinj.com\/blog\/wp-json\/wp\/v2\/categories?post=338"},{"taxonomy":"post_tag","embeddable":true,"href":"https:\/\/www.visit-ulcinj.com\/blog\/wp-json\/wp\/v2\/tags?post=338"}],"curies":[{"name":"wp","href":"https:\/\/api.w.org\/{rel}","templated":true}]}}