{"id":33819,"date":"2010-05-24T11:23:15","date_gmt":"2010-05-24T09:23:15","guid":{"rendered":"http:\/\/www.visit-ulcinj.com\/blog\/?p=33819"},"modified":"2010-05-24T11:23:15","modified_gmt":"2010-05-24T09:23:15","slug":"vedat-ademi-fansja-ime-me-e-cmendur-eshte-bashkeshortja","status":"publish","type":"post","link":"https:\/\/www.visit-ulcinj.com\/blog\/2010\/05\/24\/vedat-ademi-fansja-ime-me-e-cmendur-eshte-bashkeshortja\/","title":{"rendered":"Vedat Ademi: Fansja ime me e \u00e7mendur eshte bashkeshortja"},"content":{"rendered":"<p><a href=\"http:\/\/www.visit-ulcinj.com\/blog\/wp-content\/uploads\/2010\/05\/Vedat-Ademi.jpg\"><img loading=\"lazy\" class=\"alignleft size-full wp-image-33820\" title=\"Vedat Ademi\" src=\"http:\/\/www.visit-ulcinj.com\/blog\/wp-content\/uploads\/2010\/05\/Vedat-Ademi.jpg\" alt=\"Vedat Ademi\" width=\"490\" height=\"370\" \/><\/a>Do t\u00eb jet\u00eb m\u00eb ne sot n\u00eb \u201cBluetooth\u201d, edhe nj\u00eb nga pretendent\u00ebt kryesor p\u00ebr \u00e7mimin e madh n\u00eb \u2018Top Fest 7\u2019. K\u00ebng\u00ebtari Vedat Ademi, q\u00eb me t\u00eb k\u00ebnduarin e tij \u201clive\u201d k\u00ebnaq gjith\u00eb d\u00ebgjuesit, rr\u00ebfen sot shum\u00eb nga prapaskenat e k\u00ebtij konkurrimi. Nd\u00ebrkaq, ai tregon edhe p\u00ebr bashk\u00ebshorten e tij, e cila \u00ebsht\u00eb fansja m\u00eb e \u00e7mendur e Vedatit. Mendon q\u00eb n\u00eb ver\u00eb t\u00eb realizoj\u00eb nj\u00eb tur koncertor n\u00eb t\u00eb gjitha trojet shqipfol\u00ebse p\u00ebr t\u00eb promovuar albumin e tij t\u00eb par\u00eb, t\u00eb cilin tashm\u00eb e ka mbaruar\u2026 K\u00ebto dhe t\u00eb tjera detaje nga jetesa aktuale e k\u00ebng\u00ebtarit Ademi, ua p\u00ebrcjellim sot n\u00eb k\u00ebt\u00eb intervist\u00eb\u2026<br \/>\nKu jeni n\u00eb k\u00ebto momente, dhe me \u00e7far\u00eb jeni duke u marr\u00eb?<br \/>\nJam aktiv me muzik\u00ebn live n\u00eb \u201cpub-et\u201d e Tiran\u00ebs, marr pjes\u00eb n\u00eb \u2018Top Fest 7\u2019 me k\u00ebng\u00ebn \u201cKoha s\u2019kthehet\u201d, kompozitor i s\u00eb cil\u00ebs \u00ebsht\u00eb Kledi Bahiti. Tani p\u00ebr momentin jam duke u marr\u00eb me provat e \u2018Top Festit\u2019 p\u00ebr nat\u00ebn finale.<br \/>\nSi ndiheni dhe cila \u00ebsht\u00eb arsyeja q\u00eb ju ka b\u00ebr\u00eb t\u00eb riktheheni n\u00eb k\u00ebt\u00eb festival?<br \/>\nEmocionet e \u2018Top Festit\u2019 jan\u00eb t\u00eb shumta. Marr\u00ebdh\u00ebnia e par\u00eb n\u00eb Shqip\u00ebri p\u00ebr mua ka qen\u00eb me k\u00ebt\u00eb festival. \u2018Top Fest\u2019 \u00ebsht\u00eb nj\u00eb festival modern, q\u00eb i jep mund\u00ebsin\u00eb gjith\u00eb artist\u00ebve p\u00ebr t\u00eb promovuar k\u00ebng\u00ebt e tyre. Jam ndier\u00eb shum\u00eb mir\u00eb, kjo ka qen\u00eb arsyeja q\u00eb kam marr pjes\u00eb.<br \/>\nDuke qen\u00eb se k\u00ebt\u00eb vit \u2018Top Fest\u2019 do t\u00eb jet\u00eb \u2018live\u2019, mendon se kjo do t\u00eb ndikoj\u00eb pozitivisht n\u00eb vler\u00ebsimin sa m\u00eb t\u00eb plot\u00eb t\u00eb k\u00ebng\u00ebs dhe interpretimit tuaj?<br \/>\nK\u00ebt\u00eb vit \u00ebsht\u00eb shum\u00eb pozitive q\u00eb Festivali \u00ebsht\u00eb \u2018live\u2019. Nj\u00eb k\u00ebng\u00ebtar duhet t\u00eb k\u00ebndoj\u00eb k\u00ebng\u00ebn e vet, ndryshe nuk \u00ebsht\u00eb k\u00ebng\u00ebtar. \u00cbsht\u00eb iniciativ\u00eb shum\u00eb e madhe, \u00ebsht\u00eb shum\u00eb e vler\u00ebsuar nga ana ime dhe e artist\u00ebve q\u00eb k\u00ebndojn\u00eb \u2018live\u2019.<br \/>\nNga se p\u00ebrb\u00ebhet grupi juaj?<br \/>\nGrupi p\u00ebrb\u00ebhet nga 4 persona; un\u00eb, Julian Ko\u00e7aj (guitar), Kledi Bahiti (Vokali), Erion Medha (Drums).<br \/>\nKeni pasur ndonj\u00ebher\u00eb keqkuptime mes grupit tuaj?<br \/>\nNe kemi gjetur mir\u00ebkuptimin n\u00eb grup. Fakti q\u00eb kemi 4 vjet bashk\u00eb, tregon q\u00eb jemi shum\u00eb mir\u00eb.<br \/>\nPo b\u00ebn nj\u00eb vit q\u00eb jeni martuar, \u00e7far\u00eb mendimi ka gruaja juaj p\u00ebr muzik\u00ebn tuaj?<br \/>\nGruaja ime vjen nga nj\u00eb familje muzikant\u00ebsh, vjehrri \u00ebsht\u00eb kompozitor, kunati \u00ebsht\u00eb kitarist, pra lidhjet q\u00eb ajo ka me muzik\u00ebn i kan\u00eb rr\u00ebnj\u00ebt q\u00eb n\u00eb vog\u00eblin\u00eb e saj. \u00cbsht\u00eb nj\u00eb mb\u00ebshtetje shum\u00eb e madhe p\u00ebr mua, ka shkruar disa tekste t\u00eb k\u00ebng\u00ebve t\u00eb mia dhe \u00ebsht\u00eb fansja ime m\u00eb e \u00e7mendur. P\u00eblqen gjith\u00eb k\u00ebng\u00ebt e mia, nj\u00eb nd\u00ebr k\u00ebng\u00ebt m\u00eb t\u00eb p\u00eblqyera t\u00eb saj \u00ebsht\u00eb k\u00ebnga e \u2018Top Festit\u2019.<br \/>\nJu keni marr\u00eb pjes\u00eb n\u00eb shum\u00eb festivale, keni realizuar disa videoklipe, keni n\u00eb repertorin tuaj k\u00ebng\u00eb shum\u00eb t\u00eb bukura, p\u00ebrfshir\u00eb k\u00ebtu dhe nj\u00eb prej k\u00ebng\u00ebve m\u00eb t\u00eb mira dedikuar dashuris\u00eb (\u2018M\u00eb mashtruan syt\u00eb\u2019). P\u00ebrse nuk keni publikuar ende nj\u00eb album, kur do t\u00eb kemi nj\u00eb album prej Vedat Ademit?<br \/>\nM\u00eb b\u00ebhet qejfi q\u00eb k\u00ebnga ime klasifikohet si nd\u00ebr k\u00ebng\u00ebt m\u00eb t\u00eb bukura t\u00eb dashuris\u00eb, sa i p\u00ebrket albumit, si material \u00ebsht\u00eb gati. Ideja \u00ebsht\u00eb q\u00eb mund t\u00eb b\u00ebj nj\u00eb tip turneu q\u00eb ta promovoj vet\u00eb. Shpresoj dhe besoj shum\u00eb q\u00eb do dal\u00eb k\u00ebt\u00eb ver\u00eb, normalisht pjes\u00eb e albumit do jen\u00eb 1 ose 2 videoklipe, q\u00eb do t\u2019i paraprijn\u00eb albumit.<br \/>\nPretendoni \u00e7mimin e madh n\u00eb \u2018Top Fest 7\u2019?<br \/>\nVler\u00ebsoj an\u00ebn e vler\u00ebsimit, n\u00eb radh\u00eb t\u00eb par\u00eb, m\u00eb b\u00ebhet qejfi q\u00eb k\u00ebnga \u00ebsht\u00eb pritur mir\u00eb nga publiku, \u00ebsht\u00eb k\u00ebng\u00eb moderne e realizuar shum\u00eb mir\u00eb. Shpresoj t\u00eb vler\u00ebsohet. Sigurisht, p\u00ebr artistin \u00ebsht\u00eb shtys\u00eb. Gara \u00ebsht\u00eb shum\u00eb e fort\u00eb, ka k\u00ebng\u00eb shum\u00eb t\u00eb bukura, m\u00eb e r\u00ebnd\u00ebsishme \u00ebsht\u00eb q\u00eb performanca t\u00eb dal\u00eb mir\u00eb.<\/p>\n<p><strong><br \/>\nRevista Bluetooth<br \/>\n<\/strong><!--YouTube Error: bad URL entered--><\/p>\n","protected":false},"excerpt":{"rendered":"<p>Do t\u00eb jet\u00eb m\u00eb ne sot n\u00eb \u201cBluetooth\u201d, edhe nj\u00eb nga pretendent\u00ebt kryesor p\u00ebr \u00e7mimin e madh n\u00eb \u2018Top Fest 7\u2019. K\u00ebng\u00ebtari Vedat Ademi, q\u00eb me t\u00eb k\u00ebnduarin e tij \u201clive\u201d k\u00ebnaq gjith\u00eb d\u00ebgjuesit, rr\u00ebfen sot shum\u00eb nga prapaskenat e k\u00ebtij konkurrimi. Nd\u00ebrkaq, ai tregon edhe p\u00ebr bashk\u00ebshorten e tij, e cila \u00ebsht\u00eb fansja m\u00eb [&hellip;]<\/p>\n","protected":false},"author":1,"featured_media":0,"comment_status":"open","ping_status":"closed","sticky":false,"template":"","format":"standard","meta":{"spay_email":"","jetpack_publicize_message":"","jetpack_is_tweetstorm":false,"jetpack_publicize_feature_enabled":true},"categories":[1],"tags":[14454],"jetpack_publicize_connections":[],"yoast_head":"<!-- This site is optimized with the Yoast SEO plugin v19.1 - https:\/\/yoast.com\/wordpress\/plugins\/seo\/ -->\n<title>Vedat Ademi: Fansja ime me e \u00e7mendur eshte bashkeshortja - Lajme nga Ulqini<\/title>\n<meta name=\"description\" content=\"Do t\u00eb jet\u00eb m\u00eb ne sot n\u00eb \u201cBluetooth\u201d, edhe nj\u00eb nga pretendent\u00ebt kryesor p\u00ebr \u00e7mimin e madh n\u00eb \u2018Top Fest 7\u2019. K\u00ebng\u00ebtari Vedat Ademi, q\u00eb me t\u00eb k\u00ebnduarin e tij\" \/>\n<meta name=\"robots\" content=\"index, follow, max-snippet:-1, max-image-preview:large, max-video-preview:-1\" \/>\n<link rel=\"canonical\" href=\"https:\/\/www.visit-ulcinj.com\/blog\/2010\/05\/24\/vedat-ademi-fansja-ime-me-e-cmendur-eshte-bashkeshortja\/\" \/>\n<meta property=\"og:locale\" content=\"en_US\" \/>\n<meta property=\"og:type\" content=\"article\" \/>\n<meta property=\"og:title\" content=\"Vedat Ademi: Fansja ime me e \u00e7mendur eshte bashkeshortja - Lajme nga Ulqini\" \/>\n<meta property=\"og:description\" content=\"Do t\u00eb jet\u00eb m\u00eb ne sot n\u00eb \u201cBluetooth\u201d, edhe nj\u00eb nga pretendent\u00ebt kryesor p\u00ebr \u00e7mimin e madh n\u00eb \u2018Top Fest 7\u2019. K\u00ebng\u00ebtari Vedat Ademi, q\u00eb me t\u00eb k\u00ebnduarin e tij\" \/>\n<meta property=\"og:url\" content=\"https:\/\/www.visit-ulcinj.com\/blog\/2010\/05\/24\/vedat-ademi-fansja-ime-me-e-cmendur-eshte-bashkeshortja\/\" \/>\n<meta property=\"og:site_name\" content=\"Lajme nga Ulqini\" \/>\n<meta property=\"article:published_time\" content=\"2010-05-24T09:23:15+00:00\" \/>\n<meta property=\"og:image\" content=\"http:\/\/www.visit-ulcinj.com\/blog\/wp-content\/uploads\/2010\/05\/Vedat-Ademi.jpg\" \/>\n<meta name=\"twitter:label1\" content=\"Written by\" \/>\n\t<meta name=\"twitter:data1\" content=\"ulqini\" \/>\n\t<meta name=\"twitter:label2\" content=\"Est. reading time\" \/>\n\t<meta name=\"twitter:data2\" content=\"4 minutes\" \/>\n<script type=\"application\/ld+json\" class=\"yoast-schema-graph\">{\"@context\":\"https:\/\/schema.org\",\"@graph\":[{\"@type\":\"WebSite\",\"@id\":\"https:\/\/www.visit-ulcinj.com\/blog\/#website\",\"url\":\"https:\/\/www.visit-ulcinj.com\/blog\/\",\"name\":\"Lajme nga Ulqini\",\"description\":\"Lajme,Vijesti,Ulqini,Ulqin,Crna Gora,Mali i Zi\",\"potentialAction\":[{\"@type\":\"SearchAction\",\"target\":{\"@type\":\"EntryPoint\",\"urlTemplate\":\"https:\/\/www.visit-ulcinj.com\/blog\/?s={search_term_string}\"},\"query-input\":\"required name=search_term_string\"}],\"inLanguage\":\"en-US\"},{\"@type\":\"ImageObject\",\"inLanguage\":\"en-US\",\"@id\":\"https:\/\/www.visit-ulcinj.com\/blog\/2010\/05\/24\/vedat-ademi-fansja-ime-me-e-cmendur-eshte-bashkeshortja\/#primaryimage\",\"url\":\"http:\/\/www.visit-ulcinj.com\/blog\/wp-content\/uploads\/2010\/05\/Vedat-Ademi.jpg\",\"contentUrl\":\"http:\/\/www.visit-ulcinj.com\/blog\/wp-content\/uploads\/2010\/05\/Vedat-Ademi.jpg\"},{\"@type\":\"WebPage\",\"@id\":\"https:\/\/www.visit-ulcinj.com\/blog\/2010\/05\/24\/vedat-ademi-fansja-ime-me-e-cmendur-eshte-bashkeshortja\/#webpage\",\"url\":\"https:\/\/www.visit-ulcinj.com\/blog\/2010\/05\/24\/vedat-ademi-fansja-ime-me-e-cmendur-eshte-bashkeshortja\/\",\"name\":\"Vedat Ademi: Fansja ime me e \u00e7mendur eshte bashkeshortja - Lajme nga Ulqini\",\"isPartOf\":{\"@id\":\"https:\/\/www.visit-ulcinj.com\/blog\/#website\"},\"primaryImageOfPage\":{\"@id\":\"https:\/\/www.visit-ulcinj.com\/blog\/2010\/05\/24\/vedat-ademi-fansja-ime-me-e-cmendur-eshte-bashkeshortja\/#primaryimage\"},\"datePublished\":\"2010-05-24T09:23:15+00:00\",\"dateModified\":\"2010-05-24T09:23:15+00:00\",\"author\":{\"@id\":\"https:\/\/www.visit-ulcinj.com\/blog\/#\/schema\/person\/dcab619c614d3038751c63bc2aadc06d\"},\"description\":\"Do t\u00eb jet\u00eb m\u00eb ne sot n\u00eb \u201cBluetooth\u201d, edhe nj\u00eb nga pretendent\u00ebt kryesor p\u00ebr \u00e7mimin e madh n\u00eb \u2018Top Fest 7\u2019. K\u00ebng\u00ebtari Vedat Ademi, q\u00eb me t\u00eb k\u00ebnduarin e tij\",\"breadcrumb\":{\"@id\":\"https:\/\/www.visit-ulcinj.com\/blog\/2010\/05\/24\/vedat-ademi-fansja-ime-me-e-cmendur-eshte-bashkeshortja\/#breadcrumb\"},\"inLanguage\":\"en-US\",\"potentialAction\":[{\"@type\":\"ReadAction\",\"target\":[\"https:\/\/www.visit-ulcinj.com\/blog\/2010\/05\/24\/vedat-ademi-fansja-ime-me-e-cmendur-eshte-bashkeshortja\/\"]}]},{\"@type\":\"BreadcrumbList\",\"@id\":\"https:\/\/www.visit-ulcinj.com\/blog\/2010\/05\/24\/vedat-ademi-fansja-ime-me-e-cmendur-eshte-bashkeshortja\/#breadcrumb\",\"itemListElement\":[{\"@type\":\"ListItem\",\"position\":1,\"name\":\"Vedat Ademi: Fansja ime me e \u00e7mendur eshte bashkeshortja\"}]},{\"@type\":\"Person\",\"@id\":\"https:\/\/www.visit-ulcinj.com\/blog\/#\/schema\/person\/dcab619c614d3038751c63bc2aadc06d\",\"name\":\"ulqini\",\"sameAs\":[\"http:\/\/www.visit-ulcinj.com\"],\"url\":\"https:\/\/www.visit-ulcinj.com\/blog\/author\/admin\/\"}]}<\/script>\n<!-- \/ Yoast SEO plugin. -->","yoast_head_json":{"title":"Vedat Ademi: Fansja ime me e \u00e7mendur eshte bashkeshortja - Lajme nga Ulqini","description":"Do t\u00eb jet\u00eb m\u00eb ne sot n\u00eb \u201cBluetooth\u201d, edhe nj\u00eb nga pretendent\u00ebt kryesor p\u00ebr \u00e7mimin e madh n\u00eb \u2018Top Fest 7\u2019. K\u00ebng\u00ebtari Vedat Ademi, q\u00eb me t\u00eb k\u00ebnduarin e tij","robots":{"index":"index","follow":"follow","max-snippet":"max-snippet:-1","max-image-preview":"max-image-preview:large","max-video-preview":"max-video-preview:-1"},"canonical":"https:\/\/www.visit-ulcinj.com\/blog\/2010\/05\/24\/vedat-ademi-fansja-ime-me-e-cmendur-eshte-bashkeshortja\/","og_locale":"en_US","og_type":"article","og_title":"Vedat Ademi: Fansja ime me e \u00e7mendur eshte bashkeshortja - Lajme nga Ulqini","og_description":"Do t\u00eb jet\u00eb m\u00eb ne sot n\u00eb \u201cBluetooth\u201d, edhe nj\u00eb nga pretendent\u00ebt kryesor p\u00ebr \u00e7mimin e madh n\u00eb \u2018Top Fest 7\u2019. K\u00ebng\u00ebtari Vedat Ademi, q\u00eb me t\u00eb k\u00ebnduarin e tij","og_url":"https:\/\/www.visit-ulcinj.com\/blog\/2010\/05\/24\/vedat-ademi-fansja-ime-me-e-cmendur-eshte-bashkeshortja\/","og_site_name":"Lajme nga Ulqini","article_published_time":"2010-05-24T09:23:15+00:00","og_image":[{"url":"http:\/\/www.visit-ulcinj.com\/blog\/wp-content\/uploads\/2010\/05\/Vedat-Ademi.jpg"}],"twitter_misc":{"Written by":"ulqini","Est. reading time":"4 minutes"},"schema":{"@context":"https:\/\/schema.org","@graph":[{"@type":"WebSite","@id":"https:\/\/www.visit-ulcinj.com\/blog\/#website","url":"https:\/\/www.visit-ulcinj.com\/blog\/","name":"Lajme nga Ulqini","description":"Lajme,Vijesti,Ulqini,Ulqin,Crna Gora,Mali i Zi","potentialAction":[{"@type":"SearchAction","target":{"@type":"EntryPoint","urlTemplate":"https:\/\/www.visit-ulcinj.com\/blog\/?s={search_term_string}"},"query-input":"required name=search_term_string"}],"inLanguage":"en-US"},{"@type":"ImageObject","inLanguage":"en-US","@id":"https:\/\/www.visit-ulcinj.com\/blog\/2010\/05\/24\/vedat-ademi-fansja-ime-me-e-cmendur-eshte-bashkeshortja\/#primaryimage","url":"http:\/\/www.visit-ulcinj.com\/blog\/wp-content\/uploads\/2010\/05\/Vedat-Ademi.jpg","contentUrl":"http:\/\/www.visit-ulcinj.com\/blog\/wp-content\/uploads\/2010\/05\/Vedat-Ademi.jpg"},{"@type":"WebPage","@id":"https:\/\/www.visit-ulcinj.com\/blog\/2010\/05\/24\/vedat-ademi-fansja-ime-me-e-cmendur-eshte-bashkeshortja\/#webpage","url":"https:\/\/www.visit-ulcinj.com\/blog\/2010\/05\/24\/vedat-ademi-fansja-ime-me-e-cmendur-eshte-bashkeshortja\/","name":"Vedat Ademi: Fansja ime me e \u00e7mendur eshte bashkeshortja - Lajme nga Ulqini","isPartOf":{"@id":"https:\/\/www.visit-ulcinj.com\/blog\/#website"},"primaryImageOfPage":{"@id":"https:\/\/www.visit-ulcinj.com\/blog\/2010\/05\/24\/vedat-ademi-fansja-ime-me-e-cmendur-eshte-bashkeshortja\/#primaryimage"},"datePublished":"2010-05-24T09:23:15+00:00","dateModified":"2010-05-24T09:23:15+00:00","author":{"@id":"https:\/\/www.visit-ulcinj.com\/blog\/#\/schema\/person\/dcab619c614d3038751c63bc2aadc06d"},"description":"Do t\u00eb jet\u00eb m\u00eb ne sot n\u00eb \u201cBluetooth\u201d, edhe nj\u00eb nga pretendent\u00ebt kryesor p\u00ebr \u00e7mimin e madh n\u00eb \u2018Top Fest 7\u2019. K\u00ebng\u00ebtari Vedat Ademi, q\u00eb me t\u00eb k\u00ebnduarin e tij","breadcrumb":{"@id":"https:\/\/www.visit-ulcinj.com\/blog\/2010\/05\/24\/vedat-ademi-fansja-ime-me-e-cmendur-eshte-bashkeshortja\/#breadcrumb"},"inLanguage":"en-US","potentialAction":[{"@type":"ReadAction","target":["https:\/\/www.visit-ulcinj.com\/blog\/2010\/05\/24\/vedat-ademi-fansja-ime-me-e-cmendur-eshte-bashkeshortja\/"]}]},{"@type":"BreadcrumbList","@id":"https:\/\/www.visit-ulcinj.com\/blog\/2010\/05\/24\/vedat-ademi-fansja-ime-me-e-cmendur-eshte-bashkeshortja\/#breadcrumb","itemListElement":[{"@type":"ListItem","position":1,"name":"Vedat Ademi: Fansja ime me e \u00e7mendur eshte bashkeshortja"}]},{"@type":"Person","@id":"https:\/\/www.visit-ulcinj.com\/blog\/#\/schema\/person\/dcab619c614d3038751c63bc2aadc06d","name":"ulqini","sameAs":["http:\/\/www.visit-ulcinj.com"],"url":"https:\/\/www.visit-ulcinj.com\/blog\/author\/admin\/"}]}},"jetpack_featured_media_url":"","jetpack_sharing_enabled":true,"jetpack_shortlink":"https:\/\/wp.me\/pe6lTn-8Nt","_links":{"self":[{"href":"https:\/\/www.visit-ulcinj.com\/blog\/wp-json\/wp\/v2\/posts\/33819"}],"collection":[{"href":"https:\/\/www.visit-ulcinj.com\/blog\/wp-json\/wp\/v2\/posts"}],"about":[{"href":"https:\/\/www.visit-ulcinj.com\/blog\/wp-json\/wp\/v2\/types\/post"}],"author":[{"embeddable":true,"href":"https:\/\/www.visit-ulcinj.com\/blog\/wp-json\/wp\/v2\/users\/1"}],"replies":[{"embeddable":true,"href":"https:\/\/www.visit-ulcinj.com\/blog\/wp-json\/wp\/v2\/comments?post=33819"}],"version-history":[{"count":0,"href":"https:\/\/www.visit-ulcinj.com\/blog\/wp-json\/wp\/v2\/posts\/33819\/revisions"}],"wp:attachment":[{"href":"https:\/\/www.visit-ulcinj.com\/blog\/wp-json\/wp\/v2\/media?parent=33819"}],"wp:term":[{"taxonomy":"category","embeddable":true,"href":"https:\/\/www.visit-ulcinj.com\/blog\/wp-json\/wp\/v2\/categories?post=33819"},{"taxonomy":"post_tag","embeddable":true,"href":"https:\/\/www.visit-ulcinj.com\/blog\/wp-json\/wp\/v2\/tags?post=33819"}],"curies":[{"name":"wp","href":"https:\/\/api.w.org\/{rel}","templated":true}]}}