{"id":3384,"date":"2008-09-17T12:38:04","date_gmt":"2008-09-17T17:38:04","guid":{"rendered":"http:\/\/www.visit-ulcinj.com\/blog\/?p=3384"},"modified":"2008-10-17T14:49:38","modified_gmt":"2008-10-17T19:49:38","slug":"ulcinjska-%e2%80%9cforca%e2%80%9d-kritikovala-rad-lokalne-uprave","status":"publish","type":"post","link":"https:\/\/www.visit-ulcinj.com\/blog\/2008\/09\/17\/ulcinjska-%e2%80%9cforca%e2%80%9d-kritikovala-rad-lokalne-uprave\/","title":{"rendered":"Ulcinjska \u201cForca\u201d kritikovala rad lokalne uprave"},"content":{"rendered":"<p><a href=\"http:\/\/www.visit-ulcinj.com\/blog\/wp-content\/uploads\/2008\/09\/logo-forca.jpg\"><img loading=\"lazy\" class=\"alignleft size-medium wp-image-3386\" title=\"logo-forca\" src=\"http:\/\/www.visit-ulcinj.com\/blog\/wp-content\/uploads\/2008\/09\/logo-forca.jpg\" alt=\"\" width=\"248\" height=\"241\" \/><\/a><strong>Ni puta, ni marine<\/strong><br \/>\nUlcinj &#8211; Ulcinjska \u201cForca\u201d ocijenila je da aktuelna DUA- DPS- SDP vlast \u201cnije sposobna ni da po?ne a kamoli zavr\u0161i stru?ne poslove u vezi sa novim mostom na Port Mileni\u201d, konstatuju?i da je i \u201cljudima iz Vlade jasno da obe?anja op\u0161tinskih ?elnika ne uzimaju za ozbiljno\u201d.<br \/>\nU saop\u0161tenju te partije pi\u0161e da je nedavna posjeta predstavnika Vlade ulcinjskoj Op\u0161tini \u201ciznijela na vidjelo nesposobnost i nerad slu\u017ebi lokalne uprave\u201d.<br \/>\n&#8211; Predstavnici Vlade vjerovatno su se nadali da ?e vladaju?a koalicija u Ulcinju zavr\u0161iti administrativne poslove koji bi omogu?ili da se izdvoji novac Direkcije za javne radove za rje\u0161avanje haoti?nog stanja putne infrastrukture na Limanu. Slu\u017ebama lokalne samouprave nijesu bile dovoljne dvije godine da utvrde op\u0161ti interes za saobra?ajnicu koja je trebalo da rije\u0161i decenijski problem \u017eitelja tog dijela grada- navodi se u saop\u0161tenju. Dodaje se &#8220;da je nama u \u201cForci\u201d odavno bio jasan epilog ostalih, pa i ove pri?e o zna?ajnoj investiciji, jer smo znali da ovla\u0161?eni sekretarijat nije za Skup\u0161tinu pripremio predlog o utvr?ivanju op\u0161teg interesa za trasu puta za Liman i time uzrokovao da se ne mo\u017ee izvr\u0161iti eksproprijacija&#8221;.<br \/>\n&#8211; Time je vjerovatno postalo jasno ministru Branimiru Gvozdenovi?u, direktoru Direkcije javnih radova \u017darku \u017divkovi?u i ostalim republi?kim funkcionerima, da obe?anja ulcinjskih ?elnika ne shvataju ozbiljno, sem ona koja se odnose na zapo\u0161ljavanja, a za koje je jedini kriterijum &#8211; glasanje na izborima u septembru 2006. godine. Postavlja se pitanje da li je to jedini posao koji znaju i koji su sposobni da zavr\u0161e i da li se od ovih investicija odustalo zato \u0161to 2007. i 2008. nijesu bile izborne godine &#8211; pitaju se u \u201cForci\u201d.<br \/>\nPodsje?aju da je \u017divkovi? naglasio da ?e zbog nerije\u0161enih pravnih poslova, koje je trebalo da zavr\u0161i lokalna vlast, sredstva koja su bila obezbije?ena za put za Liman, biti preusmjerena za druge investicije.<br \/>\n&#8211; Odustajanjem od izgradnje puta za Liman, na\u017ealost, odustaje se i od izgradnje marine na Limanu. \u0160ta sada re?i gra?anima, prevarenim Slovencima koji su pripremali tehni?ku dokumentaciju, kao i imenovanim direktorima &#8211; ocjenjuje se u saop\u0161tenju informativne slu\u017ebe \u201cForce\u201d.<\/p>\n<p><strong>Ne mogu da po?nu a kamoli da zavr\u0161e<\/strong><br \/>\n&#8211; Direktor DJR \u017darko \u017divkovi? izjavio je nakon sastanka sa ulcinjskim ?elnicima da je pripremljenu dokumentaciju za novi most preko Porta Milene predao slu\u017ebama lokalne uprave na dalju proceduru. Zar vam jo\u0161 nije jasno da ova lokalna vlast nije spremna ni da zapo?ne, a kamoli da zavr\u0161i ovako slo\u017eene stru?ne poslove &#8211; poru?ili su iz \u201cForce\u201d.<br \/>\n<strong>S.A.<br \/>\nIzvor \/ Vijesti<\/strong><\/p>\n<p style=\"text-align: center;\"><a href=\"http:\/\/www.visit-ulcinj.com\/blog\/wp-content\/uploads\/2008\/09\/klubi-i-basketbollit-ulqini.jpg\"><img loading=\"lazy\" class=\"aligncenter size-medium wp-image-3400\" title=\"klubi-i-basketbollit-ulqini\" src=\"http:\/\/www.visit-ulcinj.com\/blog\/wp-content\/uploads\/2008\/09\/klubi-i-basketbollit-ulqini.jpg\" alt=\"\" width=\"500\" height=\"300\" \/><\/a><\/p>\n","protected":false},"excerpt":{"rendered":"<p>Ni puta, ni marine Ulcinj &#8211; Ulcinjska \u201cForca\u201d ocijenila je da aktuelna DUA- DPS- SDP vlast \u201cnije sposobna ni da po?ne a kamoli zavr\u0161i stru?ne poslove u vezi sa novim mostom na Port Mileni\u201d, konstatuju?i da je i \u201cljudima iz Vlade jasno da obe?anja op\u0161tinskih ?elnika ne uzimaju za ozbiljno\u201d. U saop\u0161tenju te partije pi\u0161e [&hellip;]<\/p>\n","protected":false},"author":1,"featured_media":0,"comment_status":"open","ping_status":"closed","sticky":false,"template":"","format":"standard","meta":{"spay_email":"","jetpack_publicize_message":"","jetpack_is_tweetstorm":false,"jetpack_publicize_feature_enabled":true},"categories":[6,12],"tags":[117,19],"jetpack_publicize_connections":[],"yoast_head":"<!-- This site is optimized with the Yoast SEO plugin v19.1 - https:\/\/yoast.com\/wordpress\/plugins\/seo\/ -->\n<title>Ulcinjska \u201cForca\u201d kritikovala rad lokalne uprave - Lajme nga Ulqini<\/title>\n<meta name=\"description\" content=\"Ni puta, ni marine Ulcinj - Ulcinjska \u201cForca\u201d ocijenila je da aktuelna DUA- DPS- SDP vlast \u201cnije sposobna ni da po?ne a kamoli zavr\u0161i stru?ne poslove u\" \/>\n<meta name=\"robots\" content=\"index, follow, max-snippet:-1, max-image-preview:large, max-video-preview:-1\" \/>\n<link rel=\"canonical\" href=\"https:\/\/www.visit-ulcinj.com\/blog\/2008\/09\/17\/ulcinjska-\u201cforca\u201d-kritikovala-rad-lokalne-uprave\/\" \/>\n<meta property=\"og:locale\" content=\"en_US\" \/>\n<meta property=\"og:type\" content=\"article\" \/>\n<meta property=\"og:title\" content=\"Ulcinjska \u201cForca\u201d kritikovala rad lokalne uprave - Lajme nga Ulqini\" \/>\n<meta property=\"og:description\" content=\"Ni puta, ni marine Ulcinj - Ulcinjska \u201cForca\u201d ocijenila je da aktuelna DUA- DPS- SDP vlast \u201cnije sposobna ni da po?ne a kamoli zavr\u0161i stru?ne poslove u\" \/>\n<meta property=\"og:url\" content=\"https:\/\/www.visit-ulcinj.com\/blog\/2008\/09\/17\/ulcinjska-\u201cforca\u201d-kritikovala-rad-lokalne-uprave\/\" \/>\n<meta property=\"og:site_name\" content=\"Lajme nga Ulqini\" \/>\n<meta property=\"article:published_time\" content=\"2008-09-17T17:38:04+00:00\" \/>\n<meta property=\"article:modified_time\" content=\"2008-10-17T19:49:38+00:00\" \/>\n<meta property=\"og:image\" content=\"http:\/\/www.visit-ulcinj.com\/blog\/wp-content\/uploads\/2008\/09\/logo-forca.jpg\" \/>\n<meta name=\"twitter:label1\" content=\"Written by\" \/>\n\t<meta name=\"twitter:data1\" content=\"ulqini\" \/>\n\t<meta name=\"twitter:label2\" content=\"Est. reading time\" \/>\n\t<meta name=\"twitter:data2\" content=\"2 minutes\" \/>\n<script type=\"application\/ld+json\" class=\"yoast-schema-graph\">{\"@context\":\"https:\/\/schema.org\",\"@graph\":[{\"@type\":\"WebSite\",\"@id\":\"https:\/\/www.visit-ulcinj.com\/blog\/#website\",\"url\":\"https:\/\/www.visit-ulcinj.com\/blog\/\",\"name\":\"Lajme nga Ulqini\",\"description\":\"Lajme,Vijesti,Ulqini,Ulqin,Crna Gora,Mali i Zi\",\"potentialAction\":[{\"@type\":\"SearchAction\",\"target\":{\"@type\":\"EntryPoint\",\"urlTemplate\":\"https:\/\/www.visit-ulcinj.com\/blog\/?s={search_term_string}\"},\"query-input\":\"required name=search_term_string\"}],\"inLanguage\":\"en-US\"},{\"@type\":\"ImageObject\",\"inLanguage\":\"en-US\",\"@id\":\"https:\/\/www.visit-ulcinj.com\/blog\/2008\/09\/17\/ulcinjska-%e2%80%9cforca%e2%80%9d-kritikovala-rad-lokalne-uprave\/#primaryimage\",\"url\":\"http:\/\/www.visit-ulcinj.com\/blog\/wp-content\/uploads\/2008\/09\/logo-forca.jpg\",\"contentUrl\":\"http:\/\/www.visit-ulcinj.com\/blog\/wp-content\/uploads\/2008\/09\/logo-forca.jpg\"},{\"@type\":\"WebPage\",\"@id\":\"https:\/\/www.visit-ulcinj.com\/blog\/2008\/09\/17\/ulcinjska-%e2%80%9cforca%e2%80%9d-kritikovala-rad-lokalne-uprave\/#webpage\",\"url\":\"https:\/\/www.visit-ulcinj.com\/blog\/2008\/09\/17\/ulcinjska-%e2%80%9cforca%e2%80%9d-kritikovala-rad-lokalne-uprave\/\",\"name\":\"Ulcinjska \u201cForca\u201d kritikovala rad lokalne uprave - Lajme nga Ulqini\",\"isPartOf\":{\"@id\":\"https:\/\/www.visit-ulcinj.com\/blog\/#website\"},\"primaryImageOfPage\":{\"@id\":\"https:\/\/www.visit-ulcinj.com\/blog\/2008\/09\/17\/ulcinjska-%e2%80%9cforca%e2%80%9d-kritikovala-rad-lokalne-uprave\/#primaryimage\"},\"datePublished\":\"2008-09-17T17:38:04+00:00\",\"dateModified\":\"2008-10-17T19:49:38+00:00\",\"author\":{\"@id\":\"https:\/\/www.visit-ulcinj.com\/blog\/#\/schema\/person\/dcab619c614d3038751c63bc2aadc06d\"},\"description\":\"Ni puta, ni marine Ulcinj - Ulcinjska \u201cForca\u201d ocijenila je da aktuelna DUA- DPS- SDP vlast \u201cnije sposobna ni da po?ne a kamoli zavr\u0161i stru?ne poslove u\",\"breadcrumb\":{\"@id\":\"https:\/\/www.visit-ulcinj.com\/blog\/2008\/09\/17\/ulcinjska-%e2%80%9cforca%e2%80%9d-kritikovala-rad-lokalne-uprave\/#breadcrumb\"},\"inLanguage\":\"en-US\",\"potentialAction\":[{\"@type\":\"ReadAction\",\"target\":[\"https:\/\/www.visit-ulcinj.com\/blog\/2008\/09\/17\/ulcinjska-%e2%80%9cforca%e2%80%9d-kritikovala-rad-lokalne-uprave\/\"]}]},{\"@type\":\"BreadcrumbList\",\"@id\":\"https:\/\/www.visit-ulcinj.com\/blog\/2008\/09\/17\/ulcinjska-%e2%80%9cforca%e2%80%9d-kritikovala-rad-lokalne-uprave\/#breadcrumb\",\"itemListElement\":[{\"@type\":\"ListItem\",\"position\":1,\"name\":\"Ulcinjska \u201cForca\u201d kritikovala rad lokalne uprave\"}]},{\"@type\":\"Person\",\"@id\":\"https:\/\/www.visit-ulcinj.com\/blog\/#\/schema\/person\/dcab619c614d3038751c63bc2aadc06d\",\"name\":\"ulqini\",\"sameAs\":[\"http:\/\/www.visit-ulcinj.com\"],\"url\":\"https:\/\/www.visit-ulcinj.com\/blog\/author\/admin\/\"}]}<\/script>\n<!-- \/ Yoast SEO plugin. -->","yoast_head_json":{"title":"Ulcinjska \u201cForca\u201d kritikovala rad lokalne uprave - Lajme nga Ulqini","description":"Ni puta, ni marine Ulcinj - Ulcinjska \u201cForca\u201d ocijenila je da aktuelna DUA- DPS- SDP vlast \u201cnije sposobna ni da po?ne a kamoli zavr\u0161i stru?ne poslove u","robots":{"index":"index","follow":"follow","max-snippet":"max-snippet:-1","max-image-preview":"max-image-preview:large","max-video-preview":"max-video-preview:-1"},"canonical":"https:\/\/www.visit-ulcinj.com\/blog\/2008\/09\/17\/ulcinjska-\u201cforca\u201d-kritikovala-rad-lokalne-uprave\/","og_locale":"en_US","og_type":"article","og_title":"Ulcinjska \u201cForca\u201d kritikovala rad lokalne uprave - Lajme nga Ulqini","og_description":"Ni puta, ni marine Ulcinj - Ulcinjska \u201cForca\u201d ocijenila je da aktuelna DUA- DPS- SDP vlast \u201cnije sposobna ni da po?ne a kamoli zavr\u0161i stru?ne poslove u","og_url":"https:\/\/www.visit-ulcinj.com\/blog\/2008\/09\/17\/ulcinjska-\u201cforca\u201d-kritikovala-rad-lokalne-uprave\/","og_site_name":"Lajme nga Ulqini","article_published_time":"2008-09-17T17:38:04+00:00","article_modified_time":"2008-10-17T19:49:38+00:00","og_image":[{"url":"http:\/\/www.visit-ulcinj.com\/blog\/wp-content\/uploads\/2008\/09\/logo-forca.jpg"}],"twitter_misc":{"Written by":"ulqini","Est. reading time":"2 minutes"},"schema":{"@context":"https:\/\/schema.org","@graph":[{"@type":"WebSite","@id":"https:\/\/www.visit-ulcinj.com\/blog\/#website","url":"https:\/\/www.visit-ulcinj.com\/blog\/","name":"Lajme nga Ulqini","description":"Lajme,Vijesti,Ulqini,Ulqin,Crna Gora,Mali i Zi","potentialAction":[{"@type":"SearchAction","target":{"@type":"EntryPoint","urlTemplate":"https:\/\/www.visit-ulcinj.com\/blog\/?s={search_term_string}"},"query-input":"required name=search_term_string"}],"inLanguage":"en-US"},{"@type":"ImageObject","inLanguage":"en-US","@id":"https:\/\/www.visit-ulcinj.com\/blog\/2008\/09\/17\/ulcinjska-%e2%80%9cforca%e2%80%9d-kritikovala-rad-lokalne-uprave\/#primaryimage","url":"http:\/\/www.visit-ulcinj.com\/blog\/wp-content\/uploads\/2008\/09\/logo-forca.jpg","contentUrl":"http:\/\/www.visit-ulcinj.com\/blog\/wp-content\/uploads\/2008\/09\/logo-forca.jpg"},{"@type":"WebPage","@id":"https:\/\/www.visit-ulcinj.com\/blog\/2008\/09\/17\/ulcinjska-%e2%80%9cforca%e2%80%9d-kritikovala-rad-lokalne-uprave\/#webpage","url":"https:\/\/www.visit-ulcinj.com\/blog\/2008\/09\/17\/ulcinjska-%e2%80%9cforca%e2%80%9d-kritikovala-rad-lokalne-uprave\/","name":"Ulcinjska \u201cForca\u201d kritikovala rad lokalne uprave - Lajme nga Ulqini","isPartOf":{"@id":"https:\/\/www.visit-ulcinj.com\/blog\/#website"},"primaryImageOfPage":{"@id":"https:\/\/www.visit-ulcinj.com\/blog\/2008\/09\/17\/ulcinjska-%e2%80%9cforca%e2%80%9d-kritikovala-rad-lokalne-uprave\/#primaryimage"},"datePublished":"2008-09-17T17:38:04+00:00","dateModified":"2008-10-17T19:49:38+00:00","author":{"@id":"https:\/\/www.visit-ulcinj.com\/blog\/#\/schema\/person\/dcab619c614d3038751c63bc2aadc06d"},"description":"Ni puta, ni marine Ulcinj - Ulcinjska \u201cForca\u201d ocijenila je da aktuelna DUA- DPS- SDP vlast \u201cnije sposobna ni da po?ne a kamoli zavr\u0161i stru?ne poslove u","breadcrumb":{"@id":"https:\/\/www.visit-ulcinj.com\/blog\/2008\/09\/17\/ulcinjska-%e2%80%9cforca%e2%80%9d-kritikovala-rad-lokalne-uprave\/#breadcrumb"},"inLanguage":"en-US","potentialAction":[{"@type":"ReadAction","target":["https:\/\/www.visit-ulcinj.com\/blog\/2008\/09\/17\/ulcinjska-%e2%80%9cforca%e2%80%9d-kritikovala-rad-lokalne-uprave\/"]}]},{"@type":"BreadcrumbList","@id":"https:\/\/www.visit-ulcinj.com\/blog\/2008\/09\/17\/ulcinjska-%e2%80%9cforca%e2%80%9d-kritikovala-rad-lokalne-uprave\/#breadcrumb","itemListElement":[{"@type":"ListItem","position":1,"name":"Ulcinjska \u201cForca\u201d kritikovala rad lokalne uprave"}]},{"@type":"Person","@id":"https:\/\/www.visit-ulcinj.com\/blog\/#\/schema\/person\/dcab619c614d3038751c63bc2aadc06d","name":"ulqini","sameAs":["http:\/\/www.visit-ulcinj.com"],"url":"https:\/\/www.visit-ulcinj.com\/blog\/author\/admin\/"}]}},"jetpack_featured_media_url":"","jetpack_sharing_enabled":true,"jetpack_shortlink":"https:\/\/wp.me\/pe6lTn-SA","_links":{"self":[{"href":"https:\/\/www.visit-ulcinj.com\/blog\/wp-json\/wp\/v2\/posts\/3384"}],"collection":[{"href":"https:\/\/www.visit-ulcinj.com\/blog\/wp-json\/wp\/v2\/posts"}],"about":[{"href":"https:\/\/www.visit-ulcinj.com\/blog\/wp-json\/wp\/v2\/types\/post"}],"author":[{"embeddable":true,"href":"https:\/\/www.visit-ulcinj.com\/blog\/wp-json\/wp\/v2\/users\/1"}],"replies":[{"embeddable":true,"href":"https:\/\/www.visit-ulcinj.com\/blog\/wp-json\/wp\/v2\/comments?post=3384"}],"version-history":[{"count":0,"href":"https:\/\/www.visit-ulcinj.com\/blog\/wp-json\/wp\/v2\/posts\/3384\/revisions"}],"wp:attachment":[{"href":"https:\/\/www.visit-ulcinj.com\/blog\/wp-json\/wp\/v2\/media?parent=3384"}],"wp:term":[{"taxonomy":"category","embeddable":true,"href":"https:\/\/www.visit-ulcinj.com\/blog\/wp-json\/wp\/v2\/categories?post=3384"},{"taxonomy":"post_tag","embeddable":true,"href":"https:\/\/www.visit-ulcinj.com\/blog\/wp-json\/wp\/v2\/tags?post=3384"}],"curies":[{"name":"wp","href":"https:\/\/api.w.org\/{rel}","templated":true}]}}