{"id":33840,"date":"2010-05-24T12:48:57","date_gmt":"2010-05-24T10:48:57","guid":{"rendered":"http:\/\/www.visit-ulcinj.com\/blog\/?p=33840"},"modified":"2010-05-24T20:32:30","modified_gmt":"2010-05-24T18:32:30","slug":"ulqini-dhe-tuzi-serish-ne-duart-e-shqiptareve","status":"publish","type":"post","link":"https:\/\/www.visit-ulcinj.com\/blog\/2010\/05\/24\/ulqini-dhe-tuzi-serish-ne-duart-e-shqiptareve\/","title":{"rendered":"Ulqini serish ne duart e shqiptareve dhe koalicionit \u201cP\u00ebr Ulqinin Evropian\u201d"},"content":{"rendered":"<p><strong><a href=\"http:\/\/www.visit-ulcinj.com\/blog\/wp-content\/uploads\/2010\/05\/zgjedjet-lokale-ne-ulqin.jpg\"><img loading=\"lazy\" class=\"alignleft size-full wp-image-33843\" title=\"zgjedjet lokale ne ulqin\" src=\"http:\/\/www.visit-ulcinj.com\/blog\/wp-content\/uploads\/2010\/05\/zgjedjet-lokale-ne-ulqin.jpg\" alt=\"zgjedjet lokale ne ulqin\" width=\"490\" height=\"363\" \/><\/a>Fiton Gjukanoviq ne koalicion me shqiptaret e boshnjaket<\/strong><br \/>\nSipas rezultateve paraprake koalicioni \u201cP\u00ebr Ulqinin Evropian\u201d ka fituar zgjedhjet lokale n\u00eb Ulqin. N\u00eb kete qytet kane garuar 9 lista, ku prej tyre 7 jan\u00eb shqiptare.<br \/>\nTrupi votues aktual n\u00eb mbar\u00eb territorin e Komun\u00ebs s\u00eb Ulqinit \u00ebsht\u00eb 17.947 qytetar\u00eb me t\u00eb drejt\u00eb vote. Edhe n\u00eb k\u00ebt\u00eb fushat\u00eb paraelektorale, beteja m\u00eb e madhe e partive dhe e koalicioneve shqiptare dhe atyre qytetare, u zhvillua n\u00eb An\u00ebn e Malit, e banuar kryesisht me popullat\u00eb autoktone shqiptare.<br \/>\nKuvendi i Ulqinit apo sic njihet tek ne keshilli i komunes, ka 33 vende, edhe n\u00eb historin\u00eb e tij pluraliste nj\u00ebzetvje\u00e7are, elektorati asnj\u00eb her\u00eb nuk qen\u00eb m\u00eb i p\u00ebr\u00e7ar\u00eb se sa ne keto zgjedhje.<br \/>\nNe komunen e Tuzit zgjedhjet jane fituar nga koalicioni \u201cP\u00ebr Tuzin Evropian\u201c qe perbehet nga partia malazeze e Gjukanoviq dhe unioni demokratik i drejtuar nge Ferhat Dinosha si dhe partia bosnjake. ne zgjedhje nuk ka psur ndonje incident\u00a0 si procesi votmit dhe ai i numerimit kane ecur normalisht. Ne zgjedhjet\u00a0 e zhvilluara ne 21 komuna ne Mal te Zi partia e Milo Gjukunoviqit me koaliconet e saj me shqiptaret dhe boshnjaket ka fituar bindshem ne te gjitha komuna.<\/p>\n<p><span id=\"__end\"><span id=\"__end\"><strong><br \/>\nTop Channel<br \/>\n[flv width=&#8221;490&#8243; height=&#8221;390&#8243;]http:\/\/video1.top-channel.tv\/18754796\/flv\/kronika\/maLizi-f.flv[\/flv]<\/strong><\/span><\/span><\/p>\n","protected":false},"excerpt":{"rendered":"<p>Fiton Gjukanoviq ne koalicion me shqiptaret e boshnjaket Sipas rezultateve paraprake koalicioni \u201cP\u00ebr Ulqinin Evropian\u201d ka fituar zgjedhjet lokale n\u00eb Ulqin. N\u00eb kete qytet kane garuar 9 lista, ku prej tyre 7 jan\u00eb shqiptare. Trupi votues aktual n\u00eb mbar\u00eb territorin e Komun\u00ebs s\u00eb Ulqinit \u00ebsht\u00eb 17.947 qytetar\u00eb me t\u00eb drejt\u00eb vote. Edhe n\u00eb k\u00ebt\u00eb fushat\u00eb [&hellip;]<\/p>\n","protected":false},"author":1,"featured_media":0,"comment_status":"open","ping_status":"closed","sticky":false,"template":"","format":"standard","meta":{"spay_email":"","jetpack_publicize_message":"","jetpack_is_tweetstorm":false,"jetpack_publicize_feature_enabled":true},"categories":[13],"tags":[201,200,14458],"jetpack_publicize_connections":[],"yoast_head":"<!-- This site is optimized with the Yoast SEO plugin v19.1 - https:\/\/yoast.com\/wordpress\/plugins\/seo\/ -->\n<title>Ulqini serish ne duart e shqiptareve dhe koalicionit \u201cP\u00ebr Ulqinin Evropian\u201d - Lajme nga Ulqini<\/title>\n<meta name=\"description\" content=\"Fiton Gjukanoviq ne koalicion me shqiptaret e boshnjaket Sipas rezultateve paraprake koalicioni \u201cP\u00ebr Ulqinin Evropian\u201d ka fituar zgjedhjet lokale n\u00eb\" \/>\n<meta name=\"robots\" content=\"index, follow, max-snippet:-1, max-image-preview:large, max-video-preview:-1\" \/>\n<link rel=\"canonical\" href=\"https:\/\/www.visit-ulcinj.com\/blog\/2010\/05\/24\/ulqini-dhe-tuzi-serish-ne-duart-e-shqiptareve\/\" \/>\n<meta property=\"og:locale\" content=\"en_US\" \/>\n<meta property=\"og:type\" content=\"article\" \/>\n<meta property=\"og:title\" content=\"Ulqini serish ne duart e shqiptareve dhe koalicionit \u201cP\u00ebr Ulqinin Evropian\u201d - Lajme nga Ulqini\" \/>\n<meta property=\"og:description\" content=\"Fiton Gjukanoviq ne koalicion me shqiptaret e boshnjaket Sipas rezultateve paraprake koalicioni \u201cP\u00ebr Ulqinin Evropian\u201d ka fituar zgjedhjet lokale n\u00eb\" \/>\n<meta property=\"og:url\" content=\"https:\/\/www.visit-ulcinj.com\/blog\/2010\/05\/24\/ulqini-dhe-tuzi-serish-ne-duart-e-shqiptareve\/\" \/>\n<meta property=\"og:site_name\" content=\"Lajme nga Ulqini\" \/>\n<meta property=\"article:published_time\" content=\"2010-05-24T10:48:57+00:00\" \/>\n<meta property=\"article:modified_time\" content=\"2010-05-24T18:32:30+00:00\" \/>\n<meta property=\"og:image\" content=\"http:\/\/www.visit-ulcinj.com\/blog\/wp-content\/uploads\/2010\/05\/zgjedjet-lokale-ne-ulqin.jpg\" \/>\n<meta name=\"twitter:label1\" content=\"Written by\" \/>\n\t<meta name=\"twitter:data1\" content=\"ulqini\" \/>\n\t<meta name=\"twitter:label2\" content=\"Est. reading time\" \/>\n\t<meta name=\"twitter:data2\" content=\"1 minute\" \/>\n<script type=\"application\/ld+json\" class=\"yoast-schema-graph\">{\"@context\":\"https:\/\/schema.org\",\"@graph\":[{\"@type\":\"WebSite\",\"@id\":\"https:\/\/www.visit-ulcinj.com\/blog\/#website\",\"url\":\"https:\/\/www.visit-ulcinj.com\/blog\/\",\"name\":\"Lajme nga Ulqini\",\"description\":\"Lajme,Vijesti,Ulqini,Ulqin,Crna Gora,Mali i Zi\",\"potentialAction\":[{\"@type\":\"SearchAction\",\"target\":{\"@type\":\"EntryPoint\",\"urlTemplate\":\"https:\/\/www.visit-ulcinj.com\/blog\/?s={search_term_string}\"},\"query-input\":\"required name=search_term_string\"}],\"inLanguage\":\"en-US\"},{\"@type\":\"ImageObject\",\"inLanguage\":\"en-US\",\"@id\":\"https:\/\/www.visit-ulcinj.com\/blog\/2010\/05\/24\/ulqini-dhe-tuzi-serish-ne-duart-e-shqiptareve\/#primaryimage\",\"url\":\"https:\/\/www.visit-ulcinj.com\/blog\/wp-content\/uploads\/2010\/05\/zgjedjet-lokale-ne-ulqin.jpg\",\"contentUrl\":\"https:\/\/www.visit-ulcinj.com\/blog\/wp-content\/uploads\/2010\/05\/zgjedjet-lokale-ne-ulqin.jpg\",\"width\":\"482\",\"height\":\"363\"},{\"@type\":\"WebPage\",\"@id\":\"https:\/\/www.visit-ulcinj.com\/blog\/2010\/05\/24\/ulqini-dhe-tuzi-serish-ne-duart-e-shqiptareve\/#webpage\",\"url\":\"https:\/\/www.visit-ulcinj.com\/blog\/2010\/05\/24\/ulqini-dhe-tuzi-serish-ne-duart-e-shqiptareve\/\",\"name\":\"Ulqini serish ne duart e shqiptareve dhe koalicionit \u201cP\u00ebr Ulqinin Evropian\u201d - Lajme nga Ulqini\",\"isPartOf\":{\"@id\":\"https:\/\/www.visit-ulcinj.com\/blog\/#website\"},\"primaryImageOfPage\":{\"@id\":\"https:\/\/www.visit-ulcinj.com\/blog\/2010\/05\/24\/ulqini-dhe-tuzi-serish-ne-duart-e-shqiptareve\/#primaryimage\"},\"datePublished\":\"2010-05-24T10:48:57+00:00\",\"dateModified\":\"2010-05-24T18:32:30+00:00\",\"author\":{\"@id\":\"https:\/\/www.visit-ulcinj.com\/blog\/#\/schema\/person\/dcab619c614d3038751c63bc2aadc06d\"},\"description\":\"Fiton Gjukanoviq ne koalicion me shqiptaret e boshnjaket Sipas rezultateve paraprake koalicioni \u201cP\u00ebr Ulqinin Evropian\u201d ka fituar zgjedhjet lokale n\u00eb\",\"breadcrumb\":{\"@id\":\"https:\/\/www.visit-ulcinj.com\/blog\/2010\/05\/24\/ulqini-dhe-tuzi-serish-ne-duart-e-shqiptareve\/#breadcrumb\"},\"inLanguage\":\"en-US\",\"potentialAction\":[{\"@type\":\"ReadAction\",\"target\":[\"https:\/\/www.visit-ulcinj.com\/blog\/2010\/05\/24\/ulqini-dhe-tuzi-serish-ne-duart-e-shqiptareve\/\"]}]},{\"@type\":\"BreadcrumbList\",\"@id\":\"https:\/\/www.visit-ulcinj.com\/blog\/2010\/05\/24\/ulqini-dhe-tuzi-serish-ne-duart-e-shqiptareve\/#breadcrumb\",\"itemListElement\":[{\"@type\":\"ListItem\",\"position\":1,\"name\":\"Ulqini serish ne duart e shqiptareve dhe koalicionit \u201cP\u00ebr Ulqinin Evropian\u201d\"}]},{\"@type\":\"Person\",\"@id\":\"https:\/\/www.visit-ulcinj.com\/blog\/#\/schema\/person\/dcab619c614d3038751c63bc2aadc06d\",\"name\":\"ulqini\",\"sameAs\":[\"http:\/\/www.visit-ulcinj.com\"],\"url\":\"https:\/\/www.visit-ulcinj.com\/blog\/author\/admin\/\"}]}<\/script>\n<!-- \/ Yoast SEO plugin. -->","yoast_head_json":{"title":"Ulqini serish ne duart e shqiptareve dhe koalicionit \u201cP\u00ebr Ulqinin Evropian\u201d - Lajme nga Ulqini","description":"Fiton Gjukanoviq ne koalicion me shqiptaret e boshnjaket Sipas rezultateve paraprake koalicioni \u201cP\u00ebr Ulqinin Evropian\u201d ka fituar zgjedhjet lokale n\u00eb","robots":{"index":"index","follow":"follow","max-snippet":"max-snippet:-1","max-image-preview":"max-image-preview:large","max-video-preview":"max-video-preview:-1"},"canonical":"https:\/\/www.visit-ulcinj.com\/blog\/2010\/05\/24\/ulqini-dhe-tuzi-serish-ne-duart-e-shqiptareve\/","og_locale":"en_US","og_type":"article","og_title":"Ulqini serish ne duart e shqiptareve dhe koalicionit \u201cP\u00ebr Ulqinin Evropian\u201d - Lajme nga Ulqini","og_description":"Fiton Gjukanoviq ne koalicion me shqiptaret e boshnjaket Sipas rezultateve paraprake koalicioni \u201cP\u00ebr Ulqinin Evropian\u201d ka fituar zgjedhjet lokale n\u00eb","og_url":"https:\/\/www.visit-ulcinj.com\/blog\/2010\/05\/24\/ulqini-dhe-tuzi-serish-ne-duart-e-shqiptareve\/","og_site_name":"Lajme nga Ulqini","article_published_time":"2010-05-24T10:48:57+00:00","article_modified_time":"2010-05-24T18:32:30+00:00","og_image":[{"url":"http:\/\/www.visit-ulcinj.com\/blog\/wp-content\/uploads\/2010\/05\/zgjedjet-lokale-ne-ulqin.jpg"}],"twitter_misc":{"Written by":"ulqini","Est. reading time":"1 minute"},"schema":{"@context":"https:\/\/schema.org","@graph":[{"@type":"WebSite","@id":"https:\/\/www.visit-ulcinj.com\/blog\/#website","url":"https:\/\/www.visit-ulcinj.com\/blog\/","name":"Lajme nga Ulqini","description":"Lajme,Vijesti,Ulqini,Ulqin,Crna Gora,Mali i Zi","potentialAction":[{"@type":"SearchAction","target":{"@type":"EntryPoint","urlTemplate":"https:\/\/www.visit-ulcinj.com\/blog\/?s={search_term_string}"},"query-input":"required name=search_term_string"}],"inLanguage":"en-US"},{"@type":"ImageObject","inLanguage":"en-US","@id":"https:\/\/www.visit-ulcinj.com\/blog\/2010\/05\/24\/ulqini-dhe-tuzi-serish-ne-duart-e-shqiptareve\/#primaryimage","url":"https:\/\/www.visit-ulcinj.com\/blog\/wp-content\/uploads\/2010\/05\/zgjedjet-lokale-ne-ulqin.jpg","contentUrl":"https:\/\/www.visit-ulcinj.com\/blog\/wp-content\/uploads\/2010\/05\/zgjedjet-lokale-ne-ulqin.jpg","width":"482","height":"363"},{"@type":"WebPage","@id":"https:\/\/www.visit-ulcinj.com\/blog\/2010\/05\/24\/ulqini-dhe-tuzi-serish-ne-duart-e-shqiptareve\/#webpage","url":"https:\/\/www.visit-ulcinj.com\/blog\/2010\/05\/24\/ulqini-dhe-tuzi-serish-ne-duart-e-shqiptareve\/","name":"Ulqini serish ne duart e shqiptareve dhe koalicionit \u201cP\u00ebr Ulqinin Evropian\u201d - Lajme nga Ulqini","isPartOf":{"@id":"https:\/\/www.visit-ulcinj.com\/blog\/#website"},"primaryImageOfPage":{"@id":"https:\/\/www.visit-ulcinj.com\/blog\/2010\/05\/24\/ulqini-dhe-tuzi-serish-ne-duart-e-shqiptareve\/#primaryimage"},"datePublished":"2010-05-24T10:48:57+00:00","dateModified":"2010-05-24T18:32:30+00:00","author":{"@id":"https:\/\/www.visit-ulcinj.com\/blog\/#\/schema\/person\/dcab619c614d3038751c63bc2aadc06d"},"description":"Fiton Gjukanoviq ne koalicion me shqiptaret e boshnjaket Sipas rezultateve paraprake koalicioni \u201cP\u00ebr Ulqinin Evropian\u201d ka fituar zgjedhjet lokale n\u00eb","breadcrumb":{"@id":"https:\/\/www.visit-ulcinj.com\/blog\/2010\/05\/24\/ulqini-dhe-tuzi-serish-ne-duart-e-shqiptareve\/#breadcrumb"},"inLanguage":"en-US","potentialAction":[{"@type":"ReadAction","target":["https:\/\/www.visit-ulcinj.com\/blog\/2010\/05\/24\/ulqini-dhe-tuzi-serish-ne-duart-e-shqiptareve\/"]}]},{"@type":"BreadcrumbList","@id":"https:\/\/www.visit-ulcinj.com\/blog\/2010\/05\/24\/ulqini-dhe-tuzi-serish-ne-duart-e-shqiptareve\/#breadcrumb","itemListElement":[{"@type":"ListItem","position":1,"name":"Ulqini serish ne duart e shqiptareve dhe koalicionit \u201cP\u00ebr Ulqinin Evropian\u201d"}]},{"@type":"Person","@id":"https:\/\/www.visit-ulcinj.com\/blog\/#\/schema\/person\/dcab619c614d3038751c63bc2aadc06d","name":"ulqini","sameAs":["http:\/\/www.visit-ulcinj.com"],"url":"https:\/\/www.visit-ulcinj.com\/blog\/author\/admin\/"}]}},"jetpack_featured_media_url":"","jetpack_sharing_enabled":true,"jetpack_shortlink":"https:\/\/wp.me\/pe6lTn-8NO","_links":{"self":[{"href":"https:\/\/www.visit-ulcinj.com\/blog\/wp-json\/wp\/v2\/posts\/33840"}],"collection":[{"href":"https:\/\/www.visit-ulcinj.com\/blog\/wp-json\/wp\/v2\/posts"}],"about":[{"href":"https:\/\/www.visit-ulcinj.com\/blog\/wp-json\/wp\/v2\/types\/post"}],"author":[{"embeddable":true,"href":"https:\/\/www.visit-ulcinj.com\/blog\/wp-json\/wp\/v2\/users\/1"}],"replies":[{"embeddable":true,"href":"https:\/\/www.visit-ulcinj.com\/blog\/wp-json\/wp\/v2\/comments?post=33840"}],"version-history":[{"count":0,"href":"https:\/\/www.visit-ulcinj.com\/blog\/wp-json\/wp\/v2\/posts\/33840\/revisions"}],"wp:attachment":[{"href":"https:\/\/www.visit-ulcinj.com\/blog\/wp-json\/wp\/v2\/media?parent=33840"}],"wp:term":[{"taxonomy":"category","embeddable":true,"href":"https:\/\/www.visit-ulcinj.com\/blog\/wp-json\/wp\/v2\/categories?post=33840"},{"taxonomy":"post_tag","embeddable":true,"href":"https:\/\/www.visit-ulcinj.com\/blog\/wp-json\/wp\/v2\/tags?post=33840"}],"curies":[{"name":"wp","href":"https:\/\/api.w.org\/{rel}","templated":true}]}}