{"id":33859,"date":"2010-05-24T18:09:36","date_gmt":"2010-05-24T16:09:36","guid":{"rendered":"http:\/\/www.visit-ulcinj.com\/blog\/?p=33859"},"modified":"2010-05-24T18:10:52","modified_gmt":"2010-05-24T16:10:52","slug":"gezim-hajdinaga-rizgjedhet-serish-kryetar-i-ulqinit","status":"publish","type":"post","link":"https:\/\/www.visit-ulcinj.com\/blog\/2010\/05\/24\/gezim-hajdinaga-rizgjedhet-serish-kryetar-i-ulqinit\/","title":{"rendered":"G\u00ebzim Hajdinaga rizgjedhet s\u00ebrish kryetar i Ulqinit"},"content":{"rendered":"<p><strong><a href=\"http:\/\/www.visit-ulcinj.com\/blog\/wp-content\/uploads\/2010\/05\/G\u00ebzim-Hajdinaga-rizgjedhet-s\u00ebrish-kryetar-i-Ulqinit.jpg\"><img loading=\"lazy\" class=\"alignleft size-full wp-image-33860\" title=\"G\u00ebzim Hajdinaga rizgjedhet s\u00ebrish kryetar i Ulqinit\" src=\"http:\/\/www.visit-ulcinj.com\/blog\/wp-content\/uploads\/2010\/05\/G\u00ebzim-Hajdinaga-rizgjedhet-s\u00ebrish-kryetar-i-Ulqinit.jpg\" alt=\"G\u00ebzim Hajdinaga rizgjedhet s\u00ebrish kryetar i Ulqinit\" width=\"490\" height=\"380\" \/><\/a>PDS fiton zgjedhjet n\u00eb shumic\u00ebn e komunave n\u00eb Mal t\u00eb Zi.<\/strong><br \/>\nSipas rezulatateve jo zyrtare partia n\u00eb pushtet n\u00eb Mal t\u00eb Zi, ajo Demokratike e Socialist\u00ebve ka fituar shumic\u00ebn e votave n\u00eb 12 komuna nga gjithsej 14 komuna ku u zhvilluan zgjedhjet lokale p\u00ebr k\u00ebshilltar\u00ebt e kuvendeve komunale. Me r\u00ebnd\u00ebsi konsiderohet fitorja e partis\u00eb Demokratike t\u00eb socialist\u00ebve n\u00eb kryeqytetin malazez Podgoric\u00eb, ku ajo ka fituar 28 mandate p\u00ebr k\u00ebshilltar\u00eb. Rivalet kryesor\u00eb n\u00eb k\u00ebto zgjedhje kan\u00eb qen\u00eb partia n\u00eb pushtet e kryeministrit aktual Millo Gjukanoviq, dhe blloku pro serb i bashkuar midis Partis\u00eb Socialiste Popullore, Partis\u00eb s\u00eb Re Serbe dhe L\u00ebvizjes p\u00ebr ndryshime. Sa i p\u00ebrket qyteteve ku shumic\u00ebn e p\u00ebrb\u00ebjn\u00eb shqiptar\u00ebt, n\u00eb Ulqin dhe Tuz fitore ka sh\u00ebnuar Koalicioni midis Unionit Demokratik t\u00eb shqiptar\u00ebve dhe Partis\u00eb s\u00eb Gjukanoviqit, asaj Demokratike t\u00eb Socialist\u00ebve. Me k\u00ebt\u00eb komun\u00ebn e Ulqinit p\u00ebr nj\u00eb tjet\u00ebr mandat do ta drejtoj\u00eb kryetari aktual G\u00ebzim Hajdinaga, i cili ka qen\u00eb bart\u00ebs i list\u00ebs s\u00eb k\u00ebtij koalicioni. P\u00ebrndryshe gjat\u00eb votimeve nuk u regjistruan probleme dhe parregullsi dhe nuk ka njoftime p\u00ebr incidente. K\u00ebto zgjedhje nuk jan\u00eb monitoruar nga ana e v\u00ebzhguesve nd\u00ebrkomb\u00ebtar\u00eb dhe organizatave vendore joqeveritare. Nd\u00ebrkoh\u00eb, sot pritet t\u00eb shpallen edhe rezultatet e para t\u00eb detajuara dhe zyrtare t\u00eb zgjedhjeve.<br \/>\n<strong>Bota Sot<br \/>\n<\/strong><span id=\"__end\"><span id=\"__end\"><strong>[flv width=&#8221;490&#8243;  height=&#8221;390&#8243;]http:\/\/video1.top-channel.tv\/18754796\/flv\/kronika\/maLizi-f.flv[\/flv]<\/strong><\/span><\/span><\/p>\n","protected":false},"excerpt":{"rendered":"<p>PDS fiton zgjedhjet n\u00eb shumic\u00ebn e komunave n\u00eb Mal t\u00eb Zi. Sipas rezulatateve jo zyrtare partia n\u00eb pushtet n\u00eb Mal t\u00eb Zi, ajo Demokratike e Socialist\u00ebve ka fituar shumic\u00ebn e votave n\u00eb 12 komuna nga gjithsej 14 komuna ku u zhvilluan zgjedhjet lokale p\u00ebr k\u00ebshilltar\u00ebt e kuvendeve komunale. Me r\u00ebnd\u00ebsi konsiderohet fitorja e partis\u00eb Demokratike [&hellip;]<\/p>\n","protected":false},"author":1,"featured_media":0,"comment_status":"open","ping_status":"closed","sticky":false,"template":"","format":"standard","meta":{"spay_email":"","jetpack_publicize_message":"","jetpack_is_tweetstorm":false,"jetpack_publicize_feature_enabled":true},"categories":[12],"tags":[222,200,18],"jetpack_publicize_connections":[],"yoast_head":"<!-- This site is optimized with the Yoast SEO plugin v19.1 - https:\/\/yoast.com\/wordpress\/plugins\/seo\/ -->\n<title>G\u00ebzim Hajdinaga rizgjedhet s\u00ebrish kryetar i Ulqinit - Lajme nga Ulqini<\/title>\n<meta name=\"description\" content=\"PDS fiton zgjedhjet n\u00eb shumic\u00ebn e komunave n\u00eb Mal t\u00eb Zi. Sipas rezulatateve jo zyrtare partia n\u00eb pushtet n\u00eb Mal t\u00eb Zi, ajo Demokratike e Socialist\u00ebve ka\" \/>\n<meta name=\"robots\" content=\"index, follow, max-snippet:-1, max-image-preview:large, max-video-preview:-1\" \/>\n<link rel=\"canonical\" href=\"https:\/\/www.visit-ulcinj.com\/blog\/2010\/05\/24\/gezim-hajdinaga-rizgjedhet-serish-kryetar-i-ulqinit\/\" \/>\n<meta property=\"og:locale\" content=\"en_US\" \/>\n<meta property=\"og:type\" content=\"article\" \/>\n<meta property=\"og:title\" content=\"G\u00ebzim Hajdinaga rizgjedhet s\u00ebrish kryetar i Ulqinit - Lajme nga Ulqini\" \/>\n<meta property=\"og:description\" content=\"PDS fiton zgjedhjet n\u00eb shumic\u00ebn e komunave n\u00eb Mal t\u00eb Zi. Sipas rezulatateve jo zyrtare partia n\u00eb pushtet n\u00eb Mal t\u00eb Zi, ajo Demokratike e Socialist\u00ebve ka\" \/>\n<meta property=\"og:url\" content=\"https:\/\/www.visit-ulcinj.com\/blog\/2010\/05\/24\/gezim-hajdinaga-rizgjedhet-serish-kryetar-i-ulqinit\/\" \/>\n<meta property=\"og:site_name\" content=\"Lajme nga Ulqini\" \/>\n<meta property=\"article:published_time\" content=\"2010-05-24T16:09:36+00:00\" \/>\n<meta property=\"article:modified_time\" content=\"2010-05-24T16:10:52+00:00\" \/>\n<meta name=\"twitter:label1\" content=\"Written by\" \/>\n\t<meta name=\"twitter:data1\" content=\"ulqini\" \/>\n\t<meta name=\"twitter:label2\" content=\"Est. reading time\" \/>\n\t<meta name=\"twitter:data2\" content=\"1 minute\" \/>\n<script type=\"application\/ld+json\" class=\"yoast-schema-graph\">{\"@context\":\"https:\/\/schema.org\",\"@graph\":[{\"@type\":\"WebSite\",\"@id\":\"https:\/\/www.visit-ulcinj.com\/blog\/#website\",\"url\":\"https:\/\/www.visit-ulcinj.com\/blog\/\",\"name\":\"Lajme nga Ulqini\",\"description\":\"Lajme,Vijesti,Ulqini,Ulqin,Crna Gora,Mali i Zi\",\"potentialAction\":[{\"@type\":\"SearchAction\",\"target\":{\"@type\":\"EntryPoint\",\"urlTemplate\":\"https:\/\/www.visit-ulcinj.com\/blog\/?s={search_term_string}\"},\"query-input\":\"required name=search_term_string\"}],\"inLanguage\":\"en-US\"},{\"@type\":\"WebPage\",\"@id\":\"https:\/\/www.visit-ulcinj.com\/blog\/2010\/05\/24\/gezim-hajdinaga-rizgjedhet-serish-kryetar-i-ulqinit\/#webpage\",\"url\":\"https:\/\/www.visit-ulcinj.com\/blog\/2010\/05\/24\/gezim-hajdinaga-rizgjedhet-serish-kryetar-i-ulqinit\/\",\"name\":\"G\u00ebzim Hajdinaga rizgjedhet s\u00ebrish kryetar i Ulqinit - Lajme nga Ulqini\",\"isPartOf\":{\"@id\":\"https:\/\/www.visit-ulcinj.com\/blog\/#website\"},\"datePublished\":\"2010-05-24T16:09:36+00:00\",\"dateModified\":\"2010-05-24T16:10:52+00:00\",\"author\":{\"@id\":\"https:\/\/www.visit-ulcinj.com\/blog\/#\/schema\/person\/dcab619c614d3038751c63bc2aadc06d\"},\"description\":\"PDS fiton zgjedhjet n\u00eb shumic\u00ebn e komunave n\u00eb Mal t\u00eb Zi. Sipas rezulatateve jo zyrtare partia n\u00eb pushtet n\u00eb Mal t\u00eb Zi, ajo Demokratike e Socialist\u00ebve ka\",\"breadcrumb\":{\"@id\":\"https:\/\/www.visit-ulcinj.com\/blog\/2010\/05\/24\/gezim-hajdinaga-rizgjedhet-serish-kryetar-i-ulqinit\/#breadcrumb\"},\"inLanguage\":\"en-US\",\"potentialAction\":[{\"@type\":\"ReadAction\",\"target\":[\"https:\/\/www.visit-ulcinj.com\/blog\/2010\/05\/24\/gezim-hajdinaga-rizgjedhet-serish-kryetar-i-ulqinit\/\"]}]},{\"@type\":\"BreadcrumbList\",\"@id\":\"https:\/\/www.visit-ulcinj.com\/blog\/2010\/05\/24\/gezim-hajdinaga-rizgjedhet-serish-kryetar-i-ulqinit\/#breadcrumb\",\"itemListElement\":[{\"@type\":\"ListItem\",\"position\":1,\"name\":\"G\u00ebzim Hajdinaga rizgjedhet s\u00ebrish kryetar i Ulqinit\"}]},{\"@type\":\"Person\",\"@id\":\"https:\/\/www.visit-ulcinj.com\/blog\/#\/schema\/person\/dcab619c614d3038751c63bc2aadc06d\",\"name\":\"ulqini\",\"sameAs\":[\"http:\/\/www.visit-ulcinj.com\"],\"url\":\"https:\/\/www.visit-ulcinj.com\/blog\/author\/admin\/\"}]}<\/script>\n<!-- \/ Yoast SEO plugin. -->","yoast_head_json":{"title":"G\u00ebzim Hajdinaga rizgjedhet s\u00ebrish kryetar i Ulqinit - Lajme nga Ulqini","description":"PDS fiton zgjedhjet n\u00eb shumic\u00ebn e komunave n\u00eb Mal t\u00eb Zi. Sipas rezulatateve jo zyrtare partia n\u00eb pushtet n\u00eb Mal t\u00eb Zi, ajo Demokratike e Socialist\u00ebve ka","robots":{"index":"index","follow":"follow","max-snippet":"max-snippet:-1","max-image-preview":"max-image-preview:large","max-video-preview":"max-video-preview:-1"},"canonical":"https:\/\/www.visit-ulcinj.com\/blog\/2010\/05\/24\/gezim-hajdinaga-rizgjedhet-serish-kryetar-i-ulqinit\/","og_locale":"en_US","og_type":"article","og_title":"G\u00ebzim Hajdinaga rizgjedhet s\u00ebrish kryetar i Ulqinit - Lajme nga Ulqini","og_description":"PDS fiton zgjedhjet n\u00eb shumic\u00ebn e komunave n\u00eb Mal t\u00eb Zi. Sipas rezulatateve jo zyrtare partia n\u00eb pushtet n\u00eb Mal t\u00eb Zi, ajo Demokratike e Socialist\u00ebve ka","og_url":"https:\/\/www.visit-ulcinj.com\/blog\/2010\/05\/24\/gezim-hajdinaga-rizgjedhet-serish-kryetar-i-ulqinit\/","og_site_name":"Lajme nga Ulqini","article_published_time":"2010-05-24T16:09:36+00:00","article_modified_time":"2010-05-24T16:10:52+00:00","twitter_misc":{"Written by":"ulqini","Est. reading time":"1 minute"},"schema":{"@context":"https:\/\/schema.org","@graph":[{"@type":"WebSite","@id":"https:\/\/www.visit-ulcinj.com\/blog\/#website","url":"https:\/\/www.visit-ulcinj.com\/blog\/","name":"Lajme nga Ulqini","description":"Lajme,Vijesti,Ulqini,Ulqin,Crna Gora,Mali i Zi","potentialAction":[{"@type":"SearchAction","target":{"@type":"EntryPoint","urlTemplate":"https:\/\/www.visit-ulcinj.com\/blog\/?s={search_term_string}"},"query-input":"required name=search_term_string"}],"inLanguage":"en-US"},{"@type":"WebPage","@id":"https:\/\/www.visit-ulcinj.com\/blog\/2010\/05\/24\/gezim-hajdinaga-rizgjedhet-serish-kryetar-i-ulqinit\/#webpage","url":"https:\/\/www.visit-ulcinj.com\/blog\/2010\/05\/24\/gezim-hajdinaga-rizgjedhet-serish-kryetar-i-ulqinit\/","name":"G\u00ebzim Hajdinaga rizgjedhet s\u00ebrish kryetar i Ulqinit - Lajme nga Ulqini","isPartOf":{"@id":"https:\/\/www.visit-ulcinj.com\/blog\/#website"},"datePublished":"2010-05-24T16:09:36+00:00","dateModified":"2010-05-24T16:10:52+00:00","author":{"@id":"https:\/\/www.visit-ulcinj.com\/blog\/#\/schema\/person\/dcab619c614d3038751c63bc2aadc06d"},"description":"PDS fiton zgjedhjet n\u00eb shumic\u00ebn e komunave n\u00eb Mal t\u00eb Zi. Sipas rezulatateve jo zyrtare partia n\u00eb pushtet n\u00eb Mal t\u00eb Zi, ajo Demokratike e Socialist\u00ebve ka","breadcrumb":{"@id":"https:\/\/www.visit-ulcinj.com\/blog\/2010\/05\/24\/gezim-hajdinaga-rizgjedhet-serish-kryetar-i-ulqinit\/#breadcrumb"},"inLanguage":"en-US","potentialAction":[{"@type":"ReadAction","target":["https:\/\/www.visit-ulcinj.com\/blog\/2010\/05\/24\/gezim-hajdinaga-rizgjedhet-serish-kryetar-i-ulqinit\/"]}]},{"@type":"BreadcrumbList","@id":"https:\/\/www.visit-ulcinj.com\/blog\/2010\/05\/24\/gezim-hajdinaga-rizgjedhet-serish-kryetar-i-ulqinit\/#breadcrumb","itemListElement":[{"@type":"ListItem","position":1,"name":"G\u00ebzim Hajdinaga rizgjedhet s\u00ebrish kryetar i Ulqinit"}]},{"@type":"Person","@id":"https:\/\/www.visit-ulcinj.com\/blog\/#\/schema\/person\/dcab619c614d3038751c63bc2aadc06d","name":"ulqini","sameAs":["http:\/\/www.visit-ulcinj.com"],"url":"https:\/\/www.visit-ulcinj.com\/blog\/author\/admin\/"}]}},"jetpack_featured_media_url":"","jetpack_sharing_enabled":true,"jetpack_shortlink":"https:\/\/wp.me\/pe6lTn-8O7","_links":{"self":[{"href":"https:\/\/www.visit-ulcinj.com\/blog\/wp-json\/wp\/v2\/posts\/33859"}],"collection":[{"href":"https:\/\/www.visit-ulcinj.com\/blog\/wp-json\/wp\/v2\/posts"}],"about":[{"href":"https:\/\/www.visit-ulcinj.com\/blog\/wp-json\/wp\/v2\/types\/post"}],"author":[{"embeddable":true,"href":"https:\/\/www.visit-ulcinj.com\/blog\/wp-json\/wp\/v2\/users\/1"}],"replies":[{"embeddable":true,"href":"https:\/\/www.visit-ulcinj.com\/blog\/wp-json\/wp\/v2\/comments?post=33859"}],"version-history":[{"count":0,"href":"https:\/\/www.visit-ulcinj.com\/blog\/wp-json\/wp\/v2\/posts\/33859\/revisions"}],"wp:attachment":[{"href":"https:\/\/www.visit-ulcinj.com\/blog\/wp-json\/wp\/v2\/media?parent=33859"}],"wp:term":[{"taxonomy":"category","embeddable":true,"href":"https:\/\/www.visit-ulcinj.com\/blog\/wp-json\/wp\/v2\/categories?post=33859"},{"taxonomy":"post_tag","embeddable":true,"href":"https:\/\/www.visit-ulcinj.com\/blog\/wp-json\/wp\/v2\/tags?post=33859"}],"curies":[{"name":"wp","href":"https:\/\/api.w.org\/{rel}","templated":true}]}}