{"id":33935,"date":"2010-05-25T19:28:49","date_gmt":"2010-05-25T17:28:49","guid":{"rendered":"http:\/\/www.visit-ulcinj.com\/blog\/?p=33935"},"modified":"2010-05-28T21:13:21","modified_gmt":"2010-05-28T19:13:21","slug":"sdp-u-kljucevi-ulcinja","status":"publish","type":"post","link":"https:\/\/www.visit-ulcinj.com\/blog\/2010\/05\/25\/sdp-u-kljucevi-ulcinja\/","title":{"rendered":"SDP-u klju?evi Ulcinja"},"content":{"rendered":"<p><strong><a href=\"http:\/\/www.visit-ulcinj.com\/blog\/wp-content\/uploads\/2010\/05\/SDO-Ulcinj-RSD-Ulqin.2.jpg\"><img loading=\"lazy\" class=\"alignleft size-full wp-image-33937\" title=\"SDO Ulcinj - RSD Ulqin.2,SDP, Selim Resulbegovi?, Skender Elezagi?, Minir Karamanga, Merita Suba\u0161i? \u0160abanovi?, Naser Resulbegovi?, Ardian Kasne?i, Ilirijana Lili Kurtovi?, Vuksan Vuksanovi?, ?azim ?aki Hod\u017ei?, \u0160u?urija Resulbegovi?, Fejzi Hod\u017ea, D\u017eavid Hod\u017ei?, Ibrahim Bimo Cungu, Prim.Dr Gani Karamanga, Indira Ad\u017eemovi?, Safet Had\u017eibrahimovi?, Meto Nikezi?, Halil Teli?, Fejzi Bu\u0161atli?, Dijana ?au\u0161i?, Tereza Jacovi?, Dr Fatmir Fa?o Resulbegovi?, Haris Hari Hasanagi?, Adem Hidri?, \u0160u?urija Kahari, Arijeta Salaj, Mud\u017eemina D\u017eemka Bambur, Zoran ?akonovi?, Edin Edo Pufja, ?emal Banda, Smilja \u0160enjevari?, ?azim ?au\u0161i?, \u0160a?o Radon?i?, \" src=\"http:\/\/www.visit-ulcinj.com\/blog\/wp-content\/uploads\/2010\/05\/SDO-Ulcinj-RSD-Ulqin.2.jpg\" alt=\"SDO Ulcinj - RSD Ulqin.2,SDP ,Selim Resulbegovi?, Skender Elezagi?, Minir Karamanga, Merita Suba\u0161i? \u0160abanovi?, Naser Resulbegovi?, Ardian Kasne?i, Ilirijana Lili Kurtovi?, Vuksan Vuksanovi?, ?azim ?aki Hod\u017ei?, \u0160u?urija Resulbegovi?, Fejzi Hod\u017ea, D\u017eavid Hod\u017ei?, Ibrahim Bimo Cungu, Prim.Dr Gani Karamanga, Indira Ad\u017eemovi?, Safet Had\u017eibrahimovi?, Meto Nikezi?, Halil Teli?, Fejzi Bu\u0161atli?, Dijana ?au\u0161i?, Tereza Jacovi?, Dr Fatmir Fa?o Resulbegovi?, Haris Hari Hasanagi?, Adem Hidri?, \u0160u?urija Kahari, Arijeta Salaj, Mud\u017eemina D\u017eemka Bambur, Zoran ?akonovi?, Edin Edo Pufja, ?emal Banda, Smilja \u0160enjevari?, ?azim ?au\u0161i?, \u0160a?o Radon?i?, \" width=\"490\" height=\"380\" \/><\/a>Dua i Dps se u najju\u017enijoj op\u0161tini dogovorili sa Partijom demokratskog prosperiteta, ali jo\u0161 nemaju ve?inu<\/strong><br \/>\nUlcinj &#8211; Koalicija DUA- DPS vjerovatno ?e pro?i trnovit put do opstanka na vlasti u Ulcinju, iako su njihove pristalice u nedjelju ve?e burno proslavljale pobjedu. DPS i DUA imaju 14 mandata, Forca 11, SDP, Patija demokratskog prosperiteta(PDP) i udru\u017eena opozicija po dva, a Perspektiva i koalicija Demokratskog saveza i Demokratskog jedinstva Albanaca po jedan mandat.<br \/>\nPominje se koalicija DUA i DPS sa PDP i SDP, koja bi imala 18 od 33 odbornika, ali je pitanje kako ?e se pozicionirati SDP imaju?i u vidu da je lider te partije Ranko Krivokapi? nedavno kritikovao vladaju koaliciju.<br \/>\n\u201cUlcinj je trebalo da do\u017eivi sna\u017ean razvoj, ali je lokalna vlast podbacila jer nije dovoljno animirala dr\u017eavu da ula\u017ee u kapitalne projekte\u201d, kazao je Krivokapi? za TV Teuta.<br \/>\nVladaju?oj koaliciji prije izbora pripadao je i SDP, ali sa samo jednim od 17 odbornika \u201e\u0161to se svodilo na formalno u?e\u0161?e u vlasti\u201c, kako su u kampanji govorili ?elnici ulcinjske filijale SDP.<br \/>\n\u0160ef ulcinjskog SDP Selim Resulbegovi?, ju?e je \u201eVijestima\u201c kazao da liderima DUA i DPS nije najavio lake pregovore: \u201cU obzir dolazi koalicija samo sa partijama sa kojima mo\u017eemo programski da se slo\u017eimo, ali prvenstveno po pitanju daljeg razvoja grada\u201d.<br \/>\nPDP je ve? na?elno prihvatio ponudu DUA i DPS: \u201cNe vidim razlog zbog kojeg ne bi nastavili saradnju sa DUA i DPS. Ostaje da utana?imo detalje\u201d, kazao je ju?e \u201cVijestima\u201d lider te partije Ali Red\u017ea.<br \/>\nZa razliku od njega, lider Perspektive Amir Holaj \u201ezbog neprimjerene kampanje\u201c kategori?no je ustvrdio da ne?e ulaziti u koaliciju niti sa pozicijom niti sa opozicijom, iako bi i mandat te partije u pojedinim varijantama mogao stvoriti ve?inu.<br \/>\nImaju?i u vidu da se PDP ve? priklonio DUA i DPS te da Perspektiva svakako ostaje u opoziciji, jasno je da je SDP su\u017een manevraski prostor za \u201ecjenkanje\u201c sa DUA i DPS, jer koaliciju sa drugom stranom, sve i kad bi htio, ne bi mogao napraviti. Kada bi se i privolio drugom carstvu, SDP bi sa Forcom, udru\u017eenom opozicijom, DS i DJA stigao do 16 od potrebnih 17 mandata.<br \/>\nPrvi ?ovjek Force Nazif Cungu kazao je da je njegova partija otvorena za pregovore, osim sa koalicijom DUA i DPS: \u201cSa njima ne?emo pregovarati sve dok su takvi kao \u0161to su sada. Ne \u017eelimo vlast po svaku cijenu i ne \u017eurimo, ali ostajemo otvoreni\u201d.<br \/>\nUdru\u017eena opozicija ranije se izjasnila da ne?e ulaziti u savez sa DUA i DPS, a takav stav odavno ima i Mehmet Bardhi, lider DS.<\/p>\n<p><strong>S.A.<br \/>\n<a href=\"http:\/\/www.vijesti.me\/\" target=\"_blank\">Vijesti<\/a><br \/>\n\n\t\t<style type=\"text\/css\">\n\t\t\t#gallery-1 {\n\t\t\t\tmargin: auto;\n\t\t\t}\n\t\t\t#gallery-1 .gallery-item {\n\t\t\t\tfloat: left;\n\t\t\t\tmargin-top: 10px;\n\t\t\t\ttext-align: center;\n\t\t\t\twidth: 33%;\n\t\t\t}\n\t\t\t#gallery-1 img {\n\t\t\t\tborder: 2px solid #cfcfcf;\n\t\t\t}\n\t\t\t#gallery-1 .gallery-caption {\n\t\t\t\tmargin-left: 0;\n\t\t\t}\n\t\t\t\/* see gallery_shortcode() in wp-includes\/media.php *\/\n\t\t<\/style>\n\t\t<div id='gallery-1' class='gallery galleryid-33935 gallery-columns-3 gallery-size-thumbnail'><dl class='gallery-item'>\n\t\t\t<dt class='gallery-icon landscape'>\n\t\t\t\t<a href='https:\/\/www.visit-ulcinj.com\/blog\/wp-content\/uploads\/2010\/05\/SDO-Ulcinj-RSD-Ulqin.1.jpg'><img width=\"150\" height=\"150\" src=\"https:\/\/www.visit-ulcinj.com\/blog\/wp-content\/uploads\/2010\/05\/SDO-Ulcinj-RSD-Ulqin.1-150x150.jpg\" class=\"attachment-thumbnail size-thumbnail\" alt=\"\" loading=\"lazy\" \/><\/a>\n\t\t\t<\/dt><\/dl><dl class='gallery-item'>\n\t\t\t<dt class='gallery-icon landscape'>\n\t\t\t\t<a href='https:\/\/www.visit-ulcinj.com\/blog\/wp-content\/uploads\/2010\/05\/SDO-Ulcinj-RSD-Ulqin.2.jpg'><img width=\"150\" height=\"150\" src=\"https:\/\/www.visit-ulcinj.com\/blog\/wp-content\/uploads\/2010\/05\/SDO-Ulcinj-RSD-Ulqin.2-150x150.jpg\" class=\"attachment-thumbnail size-thumbnail\" alt=\"\" loading=\"lazy\" \/><\/a>\n\t\t\t<\/dt><\/dl><dl class='gallery-item'>\n\t\t\t<dt class='gallery-icon landscape'>\n\t\t\t\t<a href='https:\/\/www.visit-ulcinj.com\/blog\/wp-content\/uploads\/2010\/05\/SDO-Ulcinj-RSD-Ulqin.jpg'><img width=\"150\" height=\"150\" src=\"https:\/\/www.visit-ulcinj.com\/blog\/wp-content\/uploads\/2010\/05\/SDO-Ulcinj-RSD-Ulqin-150x150.jpg\" class=\"attachment-thumbnail size-thumbnail\" alt=\"\" loading=\"lazy\" \/><\/a>\n\t\t\t<\/dt><\/dl><br style=\"clear: both\" \/><dl class='gallery-item'>\n\t\t\t<dt class='gallery-icon landscape'>\n\t\t\t\t<a href='https:\/\/www.visit-ulcinj.com\/blog\/wp-content\/uploads\/2010\/05\/SDO-Ulcinj-RSD-Ulqin.3.jpg'><img width=\"150\" height=\"150\" src=\"https:\/\/www.visit-ulcinj.com\/blog\/wp-content\/uploads\/2010\/05\/SDO-Ulcinj-RSD-Ulqin.3-150x150.jpg\" class=\"attachment-thumbnail size-thumbnail\" alt=\"\" loading=\"lazy\" \/><\/a>\n\t\t\t<\/dt><\/dl><dl class='gallery-item'>\n\t\t\t<dt class='gallery-icon landscape'>\n\t\t\t\t<a href='https:\/\/www.visit-ulcinj.com\/blog\/wp-content\/uploads\/2010\/05\/SDO-Ulcinj-RSD-Ulqin.4.jpg'><img width=\"150\" height=\"150\" src=\"https:\/\/www.visit-ulcinj.com\/blog\/wp-content\/uploads\/2010\/05\/SDO-Ulcinj-RSD-Ulqin.4-150x150.jpg\" class=\"attachment-thumbnail size-thumbnail\" alt=\"\" loading=\"lazy\" \/><\/a>\n\t\t\t<\/dt><\/dl><dl class='gallery-item'>\n\t\t\t<dt class='gallery-icon landscape'>\n\t\t\t\t<a href='https:\/\/www.visit-ulcinj.com\/blog\/wp-content\/uploads\/2010\/05\/SDO-Ulcinj-RSD-Ulqin.5.jpg'><img width=\"150\" height=\"150\" src=\"https:\/\/www.visit-ulcinj.com\/blog\/wp-content\/uploads\/2010\/05\/SDO-Ulcinj-RSD-Ulqin.5-150x150.jpg\" class=\"attachment-thumbnail size-thumbnail\" alt=\"\" loading=\"lazy\" \/><\/a>\n\t\t\t<\/dt><\/dl><br style=\"clear: both\" \/>\n\t\t<\/div>\n<br \/>\n[flv width=&#8221;490&#8243; height=&#8221;390&#8243;]http:\/\/a6.video3.blip.tv\/0260002814526\/Rtvvijesti-Dnevnik240510933.flv[\/flv]<\/strong><\/p>\n<p><strong> <\/strong><\/p>\n<p><strong> <\/strong><\/p>\n","protected":false},"excerpt":{"rendered":"<p>Dua i Dps se u najju\u017enijoj op\u0161tini dogovorili sa Partijom demokratskog prosperiteta, ali jo\u0161 nemaju ve?inu Ulcinj &#8211; Koalicija DUA- DPS vjerovatno ?e pro?i trnovit put do opstanka na vlasti u Ulcinju, iako su njihove pristalice u nedjelju ve?e burno proslavljale pobjedu. DPS i DUA imaju 14 mandata, Forca 11, SDP, Patija demokratskog prosperiteta(PDP) i [&hellip;]<\/p>\n","protected":false},"author":1,"featured_media":0,"comment_status":"open","ping_status":"closed","sticky":false,"template":"","format":"standard","meta":{"spay_email":"","jetpack_publicize_message":"","jetpack_is_tweetstorm":false,"jetpack_publicize_feature_enabled":true},"categories":[8337],"tags":[14536,14559,14557,14551,9724,14533,14553,14547,14549,14539,14556,14546,14538,14478,14545,14550,14540,14534,14542,347,14531,14544,14530,14554,14532,14541,14477,14543,14476,14255,1055,2807,14558,14548,14535,14555,14560,14552,14537],"jetpack_publicize_connections":[],"yoast_head":"<!-- This site is optimized with the Yoast SEO plugin v19.1 - https:\/\/yoast.com\/wordpress\/plugins\/seo\/ -->\n<title>SDP-u klju?evi Ulcinja - Lajme nga Ulqini<\/title>\n<meta name=\"description\" content=\"Dua i Dps se u najju\u017enijoj op\u0161tini dogovorili sa Partijom demokratskog prosperiteta, ali jo\u0161 nemaju ve?inu Ulcinj - Koalicija DUA- DPS vjerovatno ?e pro?i\" \/>\n<meta name=\"robots\" content=\"index, follow, max-snippet:-1, max-image-preview:large, max-video-preview:-1\" \/>\n<link rel=\"canonical\" href=\"https:\/\/www.visit-ulcinj.com\/blog\/2010\/05\/25\/sdp-u-kljucevi-ulcinja\/\" \/>\n<meta property=\"og:locale\" content=\"en_US\" \/>\n<meta property=\"og:type\" content=\"article\" \/>\n<meta property=\"og:title\" content=\"SDP-u klju?evi Ulcinja - Lajme nga Ulqini\" \/>\n<meta property=\"og:description\" content=\"Dua i Dps se u najju\u017enijoj op\u0161tini dogovorili sa Partijom demokratskog prosperiteta, ali jo\u0161 nemaju ve?inu Ulcinj - Koalicija DUA- DPS vjerovatno ?e pro?i\" \/>\n<meta property=\"og:url\" content=\"https:\/\/www.visit-ulcinj.com\/blog\/2010\/05\/25\/sdp-u-kljucevi-ulcinja\/\" \/>\n<meta property=\"og:site_name\" content=\"Lajme nga Ulqini\" \/>\n<meta property=\"article:published_time\" content=\"2010-05-25T17:28:49+00:00\" \/>\n<meta property=\"article:modified_time\" content=\"2010-05-28T19:13:21+00:00\" \/>\n<meta property=\"og:image\" content=\"https:\/\/www.visit-ulcinj.com\/blog\/wp-content\/uploads\/2010\/05\/SDO-Ulcinj-RSD-Ulqin.1-150x150.jpg\" \/>\n<meta name=\"twitter:label1\" content=\"Written by\" \/>\n\t<meta name=\"twitter:data1\" content=\"ulqini\" \/>\n\t<meta name=\"twitter:label2\" content=\"Est. reading time\" \/>\n\t<meta name=\"twitter:data2\" content=\"2 minutes\" \/>\n<script type=\"application\/ld+json\" class=\"yoast-schema-graph\">{\"@context\":\"https:\/\/schema.org\",\"@graph\":[{\"@type\":\"WebSite\",\"@id\":\"https:\/\/www.visit-ulcinj.com\/blog\/#website\",\"url\":\"https:\/\/www.visit-ulcinj.com\/blog\/\",\"name\":\"Lajme nga Ulqini\",\"description\":\"Lajme,Vijesti,Ulqini,Ulqin,Crna Gora,Mali i Zi\",\"potentialAction\":[{\"@type\":\"SearchAction\",\"target\":{\"@type\":\"EntryPoint\",\"urlTemplate\":\"https:\/\/www.visit-ulcinj.com\/blog\/?s={search_term_string}\"},\"query-input\":\"required name=search_term_string\"}],\"inLanguage\":\"en-US\"},{\"@type\":\"ImageObject\",\"inLanguage\":\"en-US\",\"@id\":\"https:\/\/www.visit-ulcinj.com\/blog\/2010\/05\/25\/sdp-u-kljucevi-ulcinja\/#primaryimage\",\"url\":\"https:\/\/www.visit-ulcinj.com\/blog\/wp-content\/uploads\/2010\/05\/SDO-Ulcinj-RSD-Ulqin.2.jpg\",\"contentUrl\":\"https:\/\/www.visit-ulcinj.com\/blog\/wp-content\/uploads\/2010\/05\/SDO-Ulcinj-RSD-Ulqin.2.jpg\",\"width\":\"720\",\"height\":\"480\"},{\"@type\":\"WebPage\",\"@id\":\"https:\/\/www.visit-ulcinj.com\/blog\/2010\/05\/25\/sdp-u-kljucevi-ulcinja\/#webpage\",\"url\":\"https:\/\/www.visit-ulcinj.com\/blog\/2010\/05\/25\/sdp-u-kljucevi-ulcinja\/\",\"name\":\"SDP-u klju?evi Ulcinja - Lajme nga Ulqini\",\"isPartOf\":{\"@id\":\"https:\/\/www.visit-ulcinj.com\/blog\/#website\"},\"primaryImageOfPage\":{\"@id\":\"https:\/\/www.visit-ulcinj.com\/blog\/2010\/05\/25\/sdp-u-kljucevi-ulcinja\/#primaryimage\"},\"datePublished\":\"2010-05-25T17:28:49+00:00\",\"dateModified\":\"2010-05-28T19:13:21+00:00\",\"author\":{\"@id\":\"https:\/\/www.visit-ulcinj.com\/blog\/#\/schema\/person\/dcab619c614d3038751c63bc2aadc06d\"},\"description\":\"Dua i Dps se u najju\u017enijoj op\u0161tini dogovorili sa Partijom demokratskog prosperiteta, ali jo\u0161 nemaju ve?inu Ulcinj - Koalicija DUA- DPS vjerovatno ?e pro?i\",\"breadcrumb\":{\"@id\":\"https:\/\/www.visit-ulcinj.com\/blog\/2010\/05\/25\/sdp-u-kljucevi-ulcinja\/#breadcrumb\"},\"inLanguage\":\"en-US\",\"potentialAction\":[{\"@type\":\"ReadAction\",\"target\":[\"https:\/\/www.visit-ulcinj.com\/blog\/2010\/05\/25\/sdp-u-kljucevi-ulcinja\/\"]}]},{\"@type\":\"BreadcrumbList\",\"@id\":\"https:\/\/www.visit-ulcinj.com\/blog\/2010\/05\/25\/sdp-u-kljucevi-ulcinja\/#breadcrumb\",\"itemListElement\":[{\"@type\":\"ListItem\",\"position\":1,\"name\":\"SDP-u klju?evi Ulcinja\"}]},{\"@type\":\"Person\",\"@id\":\"https:\/\/www.visit-ulcinj.com\/blog\/#\/schema\/person\/dcab619c614d3038751c63bc2aadc06d\",\"name\":\"ulqini\",\"sameAs\":[\"http:\/\/www.visit-ulcinj.com\"],\"url\":\"https:\/\/www.visit-ulcinj.com\/blog\/author\/admin\/\"}]}<\/script>\n<!-- \/ Yoast SEO plugin. -->","yoast_head_json":{"title":"SDP-u klju?evi Ulcinja - Lajme nga Ulqini","description":"Dua i Dps se u najju\u017enijoj op\u0161tini dogovorili sa Partijom demokratskog prosperiteta, ali jo\u0161 nemaju ve?inu Ulcinj - Koalicija DUA- DPS vjerovatno ?e pro?i","robots":{"index":"index","follow":"follow","max-snippet":"max-snippet:-1","max-image-preview":"max-image-preview:large","max-video-preview":"max-video-preview:-1"},"canonical":"https:\/\/www.visit-ulcinj.com\/blog\/2010\/05\/25\/sdp-u-kljucevi-ulcinja\/","og_locale":"en_US","og_type":"article","og_title":"SDP-u klju?evi Ulcinja - Lajme nga Ulqini","og_description":"Dua i Dps se u najju\u017enijoj op\u0161tini dogovorili sa Partijom demokratskog prosperiteta, ali jo\u0161 nemaju ve?inu Ulcinj - Koalicija DUA- DPS vjerovatno ?e pro?i","og_url":"https:\/\/www.visit-ulcinj.com\/blog\/2010\/05\/25\/sdp-u-kljucevi-ulcinja\/","og_site_name":"Lajme nga Ulqini","article_published_time":"2010-05-25T17:28:49+00:00","article_modified_time":"2010-05-28T19:13:21+00:00","og_image":[{"url":"https:\/\/www.visit-ulcinj.com\/blog\/wp-content\/uploads\/2010\/05\/SDO-Ulcinj-RSD-Ulqin.1-150x150.jpg"}],"twitter_misc":{"Written by":"ulqini","Est. reading time":"2 minutes"},"schema":{"@context":"https:\/\/schema.org","@graph":[{"@type":"WebSite","@id":"https:\/\/www.visit-ulcinj.com\/blog\/#website","url":"https:\/\/www.visit-ulcinj.com\/blog\/","name":"Lajme nga Ulqini","description":"Lajme,Vijesti,Ulqini,Ulqin,Crna Gora,Mali i Zi","potentialAction":[{"@type":"SearchAction","target":{"@type":"EntryPoint","urlTemplate":"https:\/\/www.visit-ulcinj.com\/blog\/?s={search_term_string}"},"query-input":"required name=search_term_string"}],"inLanguage":"en-US"},{"@type":"ImageObject","inLanguage":"en-US","@id":"https:\/\/www.visit-ulcinj.com\/blog\/2010\/05\/25\/sdp-u-kljucevi-ulcinja\/#primaryimage","url":"https:\/\/www.visit-ulcinj.com\/blog\/wp-content\/uploads\/2010\/05\/SDO-Ulcinj-RSD-Ulqin.2.jpg","contentUrl":"https:\/\/www.visit-ulcinj.com\/blog\/wp-content\/uploads\/2010\/05\/SDO-Ulcinj-RSD-Ulqin.2.jpg","width":"720","height":"480"},{"@type":"WebPage","@id":"https:\/\/www.visit-ulcinj.com\/blog\/2010\/05\/25\/sdp-u-kljucevi-ulcinja\/#webpage","url":"https:\/\/www.visit-ulcinj.com\/blog\/2010\/05\/25\/sdp-u-kljucevi-ulcinja\/","name":"SDP-u klju?evi Ulcinja - Lajme nga Ulqini","isPartOf":{"@id":"https:\/\/www.visit-ulcinj.com\/blog\/#website"},"primaryImageOfPage":{"@id":"https:\/\/www.visit-ulcinj.com\/blog\/2010\/05\/25\/sdp-u-kljucevi-ulcinja\/#primaryimage"},"datePublished":"2010-05-25T17:28:49+00:00","dateModified":"2010-05-28T19:13:21+00:00","author":{"@id":"https:\/\/www.visit-ulcinj.com\/blog\/#\/schema\/person\/dcab619c614d3038751c63bc2aadc06d"},"description":"Dua i Dps se u najju\u017enijoj op\u0161tini dogovorili sa Partijom demokratskog prosperiteta, ali jo\u0161 nemaju ve?inu Ulcinj - Koalicija DUA- DPS vjerovatno ?e pro?i","breadcrumb":{"@id":"https:\/\/www.visit-ulcinj.com\/blog\/2010\/05\/25\/sdp-u-kljucevi-ulcinja\/#breadcrumb"},"inLanguage":"en-US","potentialAction":[{"@type":"ReadAction","target":["https:\/\/www.visit-ulcinj.com\/blog\/2010\/05\/25\/sdp-u-kljucevi-ulcinja\/"]}]},{"@type":"BreadcrumbList","@id":"https:\/\/www.visit-ulcinj.com\/blog\/2010\/05\/25\/sdp-u-kljucevi-ulcinja\/#breadcrumb","itemListElement":[{"@type":"ListItem","position":1,"name":"SDP-u klju?evi Ulcinja"}]},{"@type":"Person","@id":"https:\/\/www.visit-ulcinj.com\/blog\/#\/schema\/person\/dcab619c614d3038751c63bc2aadc06d","name":"ulqini","sameAs":["http:\/\/www.visit-ulcinj.com"],"url":"https:\/\/www.visit-ulcinj.com\/blog\/author\/admin\/"}]}},"jetpack_featured_media_url":"","jetpack_sharing_enabled":true,"jetpack_shortlink":"https:\/\/wp.me\/pe6lTn-8Pl","_links":{"self":[{"href":"https:\/\/www.visit-ulcinj.com\/blog\/wp-json\/wp\/v2\/posts\/33935"}],"collection":[{"href":"https:\/\/www.visit-ulcinj.com\/blog\/wp-json\/wp\/v2\/posts"}],"about":[{"href":"https:\/\/www.visit-ulcinj.com\/blog\/wp-json\/wp\/v2\/types\/post"}],"author":[{"embeddable":true,"href":"https:\/\/www.visit-ulcinj.com\/blog\/wp-json\/wp\/v2\/users\/1"}],"replies":[{"embeddable":true,"href":"https:\/\/www.visit-ulcinj.com\/blog\/wp-json\/wp\/v2\/comments?post=33935"}],"version-history":[{"count":0,"href":"https:\/\/www.visit-ulcinj.com\/blog\/wp-json\/wp\/v2\/posts\/33935\/revisions"}],"wp:attachment":[{"href":"https:\/\/www.visit-ulcinj.com\/blog\/wp-json\/wp\/v2\/media?parent=33935"}],"wp:term":[{"taxonomy":"category","embeddable":true,"href":"https:\/\/www.visit-ulcinj.com\/blog\/wp-json\/wp\/v2\/categories?post=33935"},{"taxonomy":"post_tag","embeddable":true,"href":"https:\/\/www.visit-ulcinj.com\/blog\/wp-json\/wp\/v2\/tags?post=33935"}],"curies":[{"name":"wp","href":"https:\/\/api.w.org\/{rel}","templated":true}]}}