{"id":33971,"date":"2010-05-27T18:11:17","date_gmt":"2010-05-27T16:11:17","guid":{"rendered":"http:\/\/www.visit-ulcinj.com\/blog\/?p=33971"},"modified":"2010-05-28T18:45:08","modified_gmt":"2010-05-28T16:45:08","slug":"pse-humbi-koalicioni-per-malesine-dhe-cfare-duhet-bere-tani","status":"publish","type":"post","link":"https:\/\/www.visit-ulcinj.com\/blog\/2010\/05\/27\/pse-humbi-koalicioni-per-malesine-dhe-cfare-duhet-bere-tani\/","title":{"rendered":"Pse humbi Koalicioni p\u00ebr Mal\u00ebsin\u00eb dhe \u00e7far\u00eb duhet b\u00ebr\u00eb tani"},"content":{"rendered":"<p><strong><a href=\"http:\/\/www.visit-ulcinj.com\/blog\/wp-content\/uploads\/2010\/05\/Koalicioni-p\u00ebr-Mal\u00ebsin\u00eb.jpg\"><img loading=\"lazy\" class=\"alignleft size-full wp-image-33972\" title=\"Koalicioni p\u00ebr Mal\u00ebsin\u00eb\" src=\"http:\/\/www.visit-ulcinj.com\/blog\/wp-content\/uploads\/2010\/05\/Koalicioni-p\u00ebr-Mal\u00ebsin\u00eb.jpg\" alt=\"Koalicioni p\u00ebr Mal\u00ebsin\u00eb\" width=\"490\" height=\"380\" \/><\/a>Zgjedhjet lokale n\u00eb Malin e Zi: Koalicioni i partis\u00eb s\u00eb kryeministrit Gjukanovi\u00e7, UDSH-s\u00eb s\u00eb Ferhat Dinosh\u00ebs dhe nj\u00eb partie boshnjake fiton n\u00eb Mal\u00ebsi<\/strong><\/p>\n<p><strong><br \/>\nNj\u00eb analiz\u00eb e disa prej faktor\u00ebve q\u00eb ndikuan n\u00eb rezultatin e nj\u00eb prej votimeve m\u00eb t\u00eb diskutuar t\u00eb vendit dhe mite e interpretime q\u00eb nuk mund t\u00eb injorohen.<\/strong><\/p>\n<p>NEW YORK &#8211; 24 maj 2010 &#8211; Dit\u00ebn e diel\u00eb u mbajt\u00ebn zgjedhjet lokale n\u00eb Malin e Zi dhe rezultatet sigurisht kan\u00eb qen\u00eb t\u00eb hidhura p\u00ebr dik\u00eb e t\u00eb \u00ebmbla p\u00ebr dik\u00eb tjet\u00ebr.<\/p>\n<p>Si rrall\u00eb m\u00eb pare, n\u00eb qend\u00ebr t\u00eb v\u00ebmendjes p\u00ebr shqiptar\u00ebt ka qen\u00eb beteja zgjedhore n\u00eb Mal\u00ebsi. Rajoni me qend\u00ebr Tuzin \u00ebsht\u00eb p\u00ebrfshir\u00eb prej dit\u00ebsh nga ethe politike q\u00eb kishin t\u00eb b\u00ebjn\u00eb m\u00eb fushat\u00ebn por jo vet\u00ebm me t\u00eb.<\/p>\n<p>Ka gati dy vjet q\u00eb pushteti lokal n\u00eb Mal\u00ebsi pothuajse nuk po funksionon. Rajoni ka statusin e komun\u00ebs urbane, q\u00eb shihet si nj\u00eb diskriminim nga shumica e shqiptar\u00ebve. Nd\u00ebrsa rajonet e tjera t\u00eb ngjashme si ajo n\u00eb Malin e Zi, jan\u00eb t\u00eb pavarura, Mal\u00ebsia ka mbetur n\u00ebn Podgoric\u00ebn.<\/p>\n<p>Shqiptar\u00ebt e partis\u00eb s\u00eb Ferhat Dinosh\u00ebs k\u00ebt\u00eb e kan\u00eb par\u00eb si avantazh p\u00ebr t\u00eb marr\u00eb m\u00eb shum\u00eb fonde e sh\u00ebrbime n\u00eb t\u00eb mir\u00eb t\u00eb shqiptar\u00ebve.<\/p>\n<p>Partit\u00eb e tjera shqiptare e kan\u00eb par\u00eb si diskriminim q\u00eb i b\u00ebhet Mal\u00ebsis\u00eb vet\u00ebm se ajo banohet me shqiptar\u00eb. N\u00eb nj\u00eb prov\u00eb force mes shqiptar\u00ebve t\u00eb opozit\u00ebs dhe pushtetit qendror n\u00eb Podgoric\u00eb, as komuna e plot\u00eb nuk po aprovohet e as ajo urbane nuk po funksionon. Sigurisht q\u00eb ata q\u00eb e p\u00ebsojn\u00eb n\u00eb radh\u00eb t\u00eb par\u00eb jan\u00eb njer\u00ebzit e thjesht\u00eb q\u00eb nd\u00ebrkoh\u00eb p\u00ebrballen me hallet e p\u00ebrditshme n\u00eb nj\u00eb ekonomi t\u00eb mjerueshme. Papun\u00ebsia \u00ebsht\u00eb e lart\u00eb, investimet e ul\u00ebta dhe emigracioni nj\u00eb \u00ebnd\u00ebrr\/ankth i p\u00ebrhersh\u00ebm.<\/p>\n<p><strong>N\u00eb k\u00ebto kushte, k\u00ebto zgjedhje ishin ky\u00e7e p\u00ebr t\u00eb zhbllokuar situat\u00ebn n\u00eb Mal\u00ebsi.<\/strong><\/p>\n<p>Kur edhe vota e fundit u num\u00ebrua t\u00eb h\u00ebn\u00ebn n\u00eb mbr\u00ebmje, Koalicioni p\u00ebr Tuzin Europian i partive malazeze t\u00eb Gjukanovi\u00e7it, UDSH-s\u00eb s\u00eb Ferhat Dinosh\u00ebs dhe nj\u00eb partie boshnjake kishin marr\u00eb 2733 vota, q\u00eb \u00ebsht\u00eb p\u00ebrkthyer n\u00eb 11 vende n\u00eb kuvendin lokal t\u00eb Tuzit nga 21 q\u00eb jan\u00eb gjith\u00ebsej. 11 \u00ebsht\u00eb n\u00eb fakt numri i art\u00eb. \u00cbsht\u00eb minimum q\u00eb nevojitet p\u00ebr t\u00eb qeverisur pushtetin lokal.<\/p>\n<p>Pra zhbllokimi i situat\u00ebs ndodhi. Tani nuk do t\u00eb ket\u00eb m\u00eb konflikt mes pushtetit lokal dhe atij qendror p\u00ebr funskionimin e komun\u00ebs urbane. Mir\u00ebpo, p\u00ebrkrah\u00ebsit e nj\u00eb nisme t\u00eb mb\u00ebshtetur me forc\u00eb nga diaspora p\u00ebr ta b\u00ebr\u00eb Mal\u00ebsin\u00eb me Tuzin n\u00eb krye komun\u00eb t\u00eb plot\u00eb n\u00eb Malin e Zi, e shohin k\u00ebt\u00eb rezultat zgjedhjesh si nj\u00eb err\u00ebsim t\u00eb perspektiv\u00ebs p\u00ebr t\u00eb ardhmen e Mal\u00ebsis\u00eb.<\/p>\n<p><strong>Fitues dhe t\u00eb humbur, fest\u00eb dhe nervoziz\u00ebm<\/strong><\/p>\n<p>Dje festa ka vazhduar n\u00eb Tuz deri n\u00eb or\u00ebt e vona t\u00eb m\u00ebngjesit p\u00ebr mb\u00ebshtet\u00ebsit e partis\u00eb s\u00eb Ferhat Dinosh\u00ebs. Nj\u00eb nga veteran\u00ebt e politik\u00ebs shqiptare n\u00eb Malin e Zi, Dinosha adhurohet nga pasuesit e tij pothuaj n\u00eb mas\u00ebn q\u00eb urrehet nga militant\u00ebt e partive opozitare. Por ai ka qen\u00eb personi instrumental n\u00eb fitoren e koalicionit qeveritar n\u00eb zgjedhjet lokale.<\/p>\n<p>Nga ana tjet\u00ebr, nj\u00eb m\u00ebrzi e zhg\u00ebnjim i madh po mbret\u00ebron n\u00eb kampin opozitar. T\u00eb mbledhur n\u00ebn \u201cKoaliconin p\u00ebr Mal\u00ebsin\u00eb\u201d, tre parti opozitare shqiptare: Iniciativa Qytetare &#8211; Vasel Sinishtaj, Lidhja Demokratike \u2013 Nikoll\u00eb Camaj, Alternativa Shqiptare \u2013 Gjergj Camaj, ata kan\u00eb qen\u00eb t\u00eb bindur n\u00eb fitoren e tyre. Mosmarr\u00ebveshjet jan\u00eb l\u00ebn\u00eb m\u00ebnjan\u00eb p\u00ebr t\u2019iu hakmarr\u00eb Podgoric\u00ebs p\u00ebr refuzimin e k\u00ebrkesave p\u00ebr komun\u00eb t\u00eb plot\u00eb e p\u00ebr preferenc\u00ebn q\u00eb i ka b\u00ebr\u00eb Dinosh\u00ebs.<\/p>\n<p>T\u00eb mb\u00ebshtetur nga diaspora dhe me parrulla patriotike q\u00eb evokojn\u00eb vitet e luft\u00ebs s\u00eb armatosur kund\u00ebr malazez\u00ebve, \u201cKoalicioni p\u00ebr Mal\u00ebsin\u00eb\u201d \u00ebsht\u00eb p\u00ebrpjekur t\u00eb jap\u00eb kushtrimin mes shqiptar\u00ebve p\u00ebr t\u2019u bashkuar p\u00ebr nj\u00eb fitore historike.<\/p>\n<p>Rezultati i votave i ka l\u00ebn\u00eb t\u00eb shtangur dhe disa madje jan\u00eb shprehur me pesimiz\u00ebm t\u00eb theksuar. Vilson Sinishtaj n\u00eb nj\u00eb sh\u00ebnim n\u00eb nj\u00eb faqe internet t\u00eb njohur t\u00eb Mal\u00ebsis\u00eb, e ka quajtur humbjen si fillim t\u00eb asimilimit t\u00eb plot\u00eb t\u00eb shqiptar\u00ebve t\u00eb Mal\u00ebsis\u00eb.<\/p>\n<p>Por humbja sjell me vete reagime t\u00eb nervozuara. Ende pa u gdhir\u00eb e nes\u00ebrmja, disa po flisnin se ka ardhur koha p\u00ebr nd\u00ebrrimin e udh\u00ebheq\u00ebsve q\u00eb humb\u00ebn. K\u00ebto jan\u00eb reagime normale emocionale t\u00eb humbjes. Se \u00e7far\u00eb do t\u00eb ndodh\u00eb mbetet p\u00ebr t\u2019u par\u00eb, por ia vlen t\u00eb ndalesh n\u00eb arsyet e humbjes s\u00eb Koalicionit p\u00ebr Mal\u00ebsin\u00eb dhe \u00e7far\u00eb do t\u00eb thot\u00eb kjo p\u00ebr t\u00eb ardhmen.<\/p>\n<p>P\u00ebr partit\u00eb shqiptare humbja mund t\u00eb dukej e pamendueshme. Si mund t\u00eb votosh p\u00ebr \u201cpushtuesin\u201d e jo p\u00ebr shqiptarin? Po n\u00eb fakt, nj\u00eb sy i jasht\u00ebm e i ftoht\u00eb mund t\u00eb kishte v\u00ebn\u00eb re shenja t\u00eb qarta t\u00eb humbjes s\u00eb ardhshme.<br \/>\n<strong><br \/>\nFitore e koalicionit qeveritar n\u00eb mbar\u00eb vendin<\/strong><\/p>\n<p>Shqiptar\u00ebt q\u00eb jan\u00eb kredhur sot n\u00eb diskutime t\u00eb ashpra p\u00ebr rezultatet e zgjedhjeve t\u00eb t\u00eb diel\u00ebs n\u00eb Mal\u00ebsi kryesisht i shohin ato vet\u00ebm n\u00eb kuad\u00ebr t\u00eb Mal\u00ebsis\u00eb.<\/p>\n<p>Nj\u00eb m\u00ebnyr\u00eb tjet\u00ebr p\u00ebr t\u2019i par\u00eb ato, \u00ebsht\u00eb n\u00eb kuadrin e madh t\u00eb mbar\u00eb vendit. Koalicioni i Partis\u00eb Demokratike t\u00eb Socialist\u00ebve e udh\u00ebhequr nga Milo Gjukanovi\u00e7i fitoi n\u00eb 12 nga 14 komunat e vendit.<\/p>\n<p>Ky ishte nj\u00eb triumf elektoral p\u00ebr kryeministrin, politikanin q\u00eb prej dy dekadash mbizot\u00ebron n\u00eb politik\u00ebn e Malit t\u00eb Zi, q\u00eb akuzohet p\u00ebr tradh\u00ebti nga serb\u00ebt, p\u00ebr korrupsion nga t\u00eb huajt dhe nj\u00eb pjes\u00eb e vendasve dhe p\u00ebr anti-shqiptariz\u00ebm nga disa prej shqiptar\u00ebve.<\/p>\n<p>Nga ana tjet\u00ebr, shumica e malazez\u00ebve e shohin si hero, si baba t\u00eb pavar\u00ebsis\u00eb s\u00eb re t\u00eb Malit t\u00eb Zi, Per\u00ebndimor\u00ebt e shohin si njeriu q\u00eb e braktisi Milloshevi\u00e7in n\u00eb momentin kur duhej dhe nj\u00eb pjes\u00eb e shqiptar\u00ebve e falenderojn\u00eb p\u00ebr njohjen q\u00eb i ka b\u00ebr\u00eb Kosov\u00ebs.<\/p>\n<p>P\u00ebr largimin e tij nga politika \u00ebsht\u00eb folur disa her\u00eb. Akoma m\u00eb me intensitet \u00ebsht\u00eb folur n\u00eb muajt e fundit. Flitet se pasurimi i tij i madh p\u00ebr shkak t\u00eb lidhjeve t\u00eb dyshimta biznesi i ka m\u00ebrzitur amerikan\u00ebt deri n\u00eb pik\u00ebn sa i kan\u00eb th\u00ebn\u00eb q\u00eb t\u00eb largohet se po d\u00ebmton shanset e Malit t\u00eb Zi p\u00ebr n\u00eb Europ\u00eb.<\/p>\n<p>Po k\u00ebto sigurisht nuk jan\u00eb t\u00eb provuara. Gjukanovi\u00e7i \u00ebsht\u00eb personi ky\u00e7 n\u00eb ndalimin e influenc\u00ebs s\u00eb Beogradit mbi Podgoric\u00ebn dhe n\u00ebse \u00ebsht\u00eb v\u00ebrtet duke ikur nga politika, i dha vetes koh\u00eb p\u00ebr nj\u00eb fitore tjet\u00ebr elektorale. Ashtu si shum\u00eb shqiptar\u00eb n\u00eb Mal\u00ebsi, edhe shum\u00eb serb\u00eb n\u00eb komuna t\u00eb tjera t\u00eb vendit jan\u00eb shtangur me suksesin e koalicionit t\u00eb Gjukanovi\u00e7it. Ishte nj\u00eb dallg\u00eb elektorale si\u00e7 e quajn\u00eb k\u00ebtu n\u00eb SHBA dhe kur ndodh ka efekt edhe n\u00eb zonat e dob\u00ebta. N\u00eb kuadrin e p\u00ebrgjithsh\u00ebm, fitorja e koalicionit qeveritar n\u00eb Mal\u00ebsi mund t\u00eb ket\u00eb qen\u00eb efekt an\u00ebsor i k\u00ebsaj dallge.<\/p>\n<p><strong>Kund\u00ebr malazez\u00ebve apo kund\u00ebr serb\u00ebve<\/strong><\/p>\n<p>Shum\u00eb shqiptar\u00eb q\u00eb kishin besuar n\u00eb fitoren e sigurt\u00eb t\u00eb Koalicionit p\u00ebr Mal\u00ebsin\u00eb e shohin vot\u00ebn e bashkatdhetar\u00ebve t\u00eb tyre p\u00ebr koalicionin me malazez\u00ebt si nj\u00eb tradh\u00ebti komb\u00ebtare. Ata recitojn\u00eb vargjet e Fisht\u00ebs dhe val\u00ebvisin flamurin kuqezi n\u00eb vend t\u00eb atij shtet\u00ebror malazez.<\/p>\n<p><strong>N\u00eb k\u00ebt\u00eb kontekst, si ka mund\u00ebsi q\u00eb nj\u00eb mal\u00ebsor t\u2019i b\u00ebhet gjaku uj\u00eb dhe t\u00eb votoj\u00eb p\u00ebr \u201cmalazez\u00ebt\u201d?!<\/strong><\/p>\n<p>Sigurisht q\u00eb duket e pamundur, mir\u00ebpo shqiptar\u00ebt e Dinosh\u00ebs nuk e shohin \u00e7\u00ebshtjen t\u00eb ndar\u00eb n\u00eb m\u00ebnyr\u00eb kaq epike. N\u00eb nj\u00eb intervist\u00eb me gazet\u00ebn \u201cIllyria\u201d p\u00ebrpara zgjedhjeve, Ferhat Dinosha argumentoi se n\u00eb Malin e Zi nuk ka konflikt mes shqiptar\u00ebve dhe malazez\u00ebve por mes serb\u00ebve dhe malazez\u00ebve.<\/p>\n<p>Sipas tij, shqiptar\u00ebt jan\u00eb shum\u00eb pak n\u00eb num\u00ebr dhe nj\u00eb rr\u00ebzim nga pushteti i koalicionit malazez sjell n\u00eb pushtet koalicionin serb q\u00eb \u00ebsht\u00eb kund\u00ebr pavar\u00ebsis\u00eb s\u00eb Kosov\u00ebs.<\/p>\n<p>Sipas tij, partit\u00eb shqiptare opozitare (ato q\u00eb formuan Koalicionin p\u00ebr Mal\u00ebsin\u00eb) n\u00eb p\u00ebrpjekje p\u00ebr t\u00eb bllokuar pushtetin e Podgoric\u00ebs n\u00eb Tuz kishin b\u00ebr\u00eb aleanc\u00eb me partin\u00eb serbe t\u00eb zon\u00ebs e cila kishte protestuar ashp\u00ebr njohjen e Kosov\u00ebs nga Mali i Zi. P\u00ebr k\u00ebt\u00eb ai parashikonte nd\u00ebshkim nga votuesit n\u00eb zgjedhjet e ardhshme. Mbase ai po spekullonte si politikan, por rezultatet e t\u00eb diel\u00ebs mund t\u2019i p\u00ebrdor\u00eb p\u00ebr t\u00eb treguar se kishte pasur t\u00eb drejt\u00eb.<\/p>\n<p>Fushata e koalicionit qeveris\u00ebs ka pasur tone t\u00eb forta kund\u00ebr Beogradit. Serb\u00ebt jan\u00eb nervozuar me deklarat\u00ebn e Gjukanovi\u00e7it se \u201cnuk ka diaspor\u00eb serbe n\u00eb Malin e Zi\u201d dhe se serb\u00ebt aty nuk jan\u00eb m\u00eb shum\u00eb se qytetar\u00eb malazez\u00eb.<\/p>\n<p>Pra, nd\u00ebrsa Koalicioni p\u00ebr Mal\u00ebsin\u00eb e sheh problemin n\u00eb kuadrin e Mal\u00ebsis\u00eb, UDSH e Dinosh\u00ebs e sheh n\u00eb kuadrin e Malit t\u00eb Zi dhe nuk b\u00ebn fushat\u00eb kund\u00ebr shqiptar\u00ebve por kund\u00ebr serb\u00ebve dhe Beogradit.<\/p>\n<p>Shum\u00eb shqiptar\u00eb q\u00eb votuan p\u00ebr Dinosh\u00ebn, dit\u00ebn e diel\u00eb, m\u00eb shum\u00eb se p\u00ebr malazez\u00ebt, kan\u00eb votuar kund\u00ebr serb\u00ebve. Ata ndoshta ndihen sot po aq patriotik\u00eb sa edhe veprimtar\u00ebt e partive shqiptare q\u00eb humb\u00ebn.<\/p>\n<p>E gjitha kjo tregon edhe nj\u00ebher\u00eb se politika \u00ebsht\u00eb \u00e7\u00ebshtje intepretimesh. Partit\u00eb e Koalicionit p\u00ebr Mal\u00ebsin\u00eb ishin t\u00eb bindura se e drejta ishte me ta. Po e drejta nuk mjafton n\u00ebse interpretimi i saj nuk u oftohet t\u00eb gjitha grupeve t\u00eb votimit, n\u00eb m\u00ebnyrat p\u00ebrkat\u00ebse si e shohin ato bot\u00ebn.<\/p>\n<p><strong>Statusi i Mal\u00ebsis\u00eb<\/strong><\/p>\n<p>\u201cKali i betej\u00ebs\u201d si\u00e7 thot\u00eb nj\u00eb shprehje n\u00eb gazetarin\u00eb politike, p\u00ebr Koalicionin e Mal\u00ebsis\u00eb k\u00ebsaj here ishte pa dyshim \u00e7\u00ebshtja e statusit t\u00eb Mal\u00ebsis\u00eb. Sipas nj\u00eb studimi t\u00eb ri t\u00eb kryer nga aktivist\u00eb t\u00eb njohur t\u00eb komunitetit shqiptaro-amerikan, Mal\u00ebsia jo vet\u00ebm q\u00eb e meriton q\u00eb t\u00eb jet\u00eb komun\u00eb m\u00eb vete n\u00eb Malin e Zi, por e vetmja m\u00ebnyr\u00eb q\u00eb t\u00eb mbijetoj\u00eb ekonomikisht dhe kulturalisht \u00ebsht\u00eb t\u00eb ndahet nga Podgorica.<\/p>\n<p>N\u00eb kuadrin e nj\u00eb r\u00ebnieje t\u00eb p\u00ebrgjithshme t\u00eb ekonomis\u00eb n\u00eb Malin e Zi, p\u00ebr shkak t\u00eb kriz\u00ebs bot\u00ebrore dhe n\u00eb kuadrin e bllokimit t\u00eb marr\u00ebdh\u00ebnieve institucionale mes Podgoric\u00ebs dhe Tuzit, komuna urbane ishte kthyer n\u00eb nj\u00eb formul\u00eb pushteti q\u00eb nuk po funksionte. (Rrethanat ndryshojn\u00eb tani me fitoren e koalicionit pro-podgoricar.)<\/p>\n<p>Prej muajsh, partit\u00eb shqiptare kan\u00eb p\u00ebrqafuar iden\u00eb e luft\u00ebs p\u00ebr nj\u00eb komun\u00eb t\u00eb plot\u00eb p\u00ebr Mal\u00ebsin\u00eb. Ideja \u00ebsht\u00eb popullore mes shqiptar\u00ebve t\u00eb zon\u00ebs dhe vota e tyre do t\u00eb shkonte p\u00ebr t\u00eb.<\/p>\n<p>I vetmi ndryshim n\u00eb jav\u00ebt e fundit ishte se edhe UDSH dhe partia e Gjukanovi\u00e7it filluan t\u00eb flasin n\u00eb p\u00ebrkrahje t\u00eb nj\u00eb statusi t\u00eb komun\u00ebs s\u00eb plot\u00eb p\u00ebr Mal\u00ebsin\u00eb. Madje UDSH shpalli edhe mbajtjen e nj\u00eb referendumi popullor n\u00eb Mal\u00ebsi p\u00ebr k\u00ebt\u00eb \u00e7\u00ebshtje.<\/p>\n<p>Ideja e referendumit \u00ebsht\u00eb kritikuar se rrezikon q\u00eb n\u00eb rast se nuk fiton at\u00ebhere komuna e plot\u00eb mund t\u00eb hidhet n\u00eb kosh si projekt. Po UDSH argumenton se n\u00ebse nuk fiton referendumi kjo do t\u00eb thot\u00eb se mal\u00ebsor\u00ebt nuk e duan komun\u00ebn m\u00eb vete dhe se vota \u00ebsht\u00eb fjala e demokracis\u00eb. Po a jan\u00eb t\u00eb mirinformuar, a jan\u00eb t\u00eb nd\u00ebrgjegj\u00ebsuar sa duhet ata p\u00ebr t\u00eb votuar n\u00eb nj\u00eb referendum t\u00eb till\u00eb? A u b\u00ebn\u00eb referendume edhe n\u00eb komuna t\u00eb tjera q\u00eb jan\u00eb sot m\u00eb vete apo kjo \u00ebsht\u00eb nj\u00eb shpikje nga ato q\u00eb b\u00ebhen vet\u00ebm p\u00ebr shqiptar\u00ebt?<\/p>\n<p>Pavar\u00ebsisht prej t\u00eb gjithave, mbetet fakt se me k\u00ebt\u00eb l\u00ebvizje UDSH d\u00ebmtoi fushat\u00ebn e rival\u00ebve t\u00eb saj. Jeni p\u00ebr komun\u00eb m\u00eb vete? Edhe ne!<\/p>\n<p>N\u00eb momentin kur debate kalon n\u00eb pik\u00ebn \u201cjo jeni &#8211; jo nuk jeni\u201d njer\u00ebzit jan\u00eb t\u00eb prirur t\u00eb mos votojn\u00eb m\u00eb p\u00ebr \u00e7\u00ebshtjen po p\u00ebr lidhjet dhe simpatit\u00eb personale (edhe p\u00ebr inatet gjithashtu).<br \/>\n<a href=\"http:\/\/www.visit-ulcinj.com\/blog\/wp-content\/uploads\/2010\/05\/rezultatet-e-zgjedhjeve-lokale-ne-tuz-dhe-ulqin.23.05.2010.jpg\"><img loading=\"lazy\" class=\"alignleft size-full wp-image-33973\" title=\"rezultatet e zgjedhjeve lokale ne tuz dhe ulqin.23.05.2010\" src=\"http:\/\/www.visit-ulcinj.com\/blog\/wp-content\/uploads\/2010\/05\/rezultatet-e-zgjedhjeve-lokale-ne-tuz-dhe-ulqin.23.05.2010.jpg\" alt=\"rezultatet e zgjedhjeve lokale ne tuz dhe ulqin.23.05.2010\" width=\"490\" height=\"373\" \/><\/a><\/p>\n<p><strong>Numrat e popullsis\u00eb n\u00eb Mal\u00ebsi<\/strong><\/p>\n<p>Kan\u00eb nj\u00eb shprehje amerikan\u00ebt q\u00eb thot\u00eb: \u201cNuk mund ta kesh tort\u00ebn dhe nj\u00ebkoh\u00ebsisht ta kesh ngr\u00ebn\u00eb at\u00eb\u201d (ose tort\u00ebn e ke, ose n\u00eb dor\u00eb ose n\u00eb bark).<\/p>\n<p>E p\u00ebrkthyer p\u00ebr situat\u00ebn n\u00eb Mal\u00ebsi, nuk mund t\u00eb ik\u00ebsh masivisht nga vendlindja dhe t\u00eb pres\u00ebsh t\u00eb triumfosh n\u00eb zgjedhje. Shqiptar\u00ebt n\u00eb kat\u00ebr apo pes\u00eb dhjet\u00ebravje\u00e7ar\u00ebt e fundit jan\u00eb shp\u00ebrngulur masivisht nga Mal\u00ebsia p\u00ebr shum\u00eb arsye: shtypja politike, ideologjike e nd\u00ebretnike, shtr\u00ebngesa ekonomike, mungesa e perspektiv\u00ebs, arsyet dhe m\u00ebrit\u00eb personale, admirimi i suksesit t\u00eb shqiptar\u00ebve n\u00eb SHBA etj.<\/p>\n<p>Nd\u00ebrkoh\u00eb, nga hap\u00ebsira t\u00eb tjera t\u00eb Malit t\u00eb Zi e t\u00eb Ballkanit, njer\u00ebz t\u00eb tjer\u00eb jan\u00eb zhvendosur n\u00eb Mal\u00ebsi. Nj\u00eb pjes\u00eb e tyre boshnjak\u00eb, apo edhe shqiptar\u00eb t\u00eb asimiluar. Me vendosjen e demokracis\u00eb vjen edhe e drejta e l\u00ebvizjes s\u00eb lir\u00eb. N\u00ebse dikush gjen nj\u00eb sht\u00ebpi dhe nj\u00eb pun\u00eb ai vjen dhe vendoset n\u00eb lagjen t\u00ebnde edhe n\u00ebse nuk t\u00eb p\u00eblqen. Vet\u00eb shqiptar\u00ebt kan\u00eb kaluar oqeanin n\u00eb k\u00ebrkim t\u00eb nj\u00eb jete m\u00eb t\u00eb mir\u00eb. Askush nuk duhet t\u00eb habitet n\u00ebse dikush kalon nj\u00eb mal e nj\u00eb lum\u00eb.<\/p>\n<p>Akuzat sigurisht nuk mungojn\u00eb se Podgorica n\u00eb m\u00ebnyr\u00eb indirekte po punon p\u00ebr transformimin demografik t\u00eb Mal\u00ebsis\u00eb. N\u00eb fakt, kjo \u00ebsht\u00eb e bazuar n\u00eb llogjik\u00eb. P\u00ebrqindja e atyre q\u00eb identifikohen si etnikisht malazez\u00eb \u00ebsht\u00eb shum\u00eb e vog\u00ebl n\u00eb Malin e Zi. Kjo sigurisht \u00ebsht\u00eb rrezikuese p\u00ebr t\u00eb ardhmen e k\u00ebtij shteti. I ndodhur n\u00eb Ballkan, Mali i Zi \u00ebsht\u00eb i nd\u00ebrgjegjsh\u00ebm p\u00ebr loj\u00ebrat me kufijt\u00eb, p\u00ebr synimin e Beogradit p\u00ebr ta gllab\u00ebruar p\u00ebrs\u00ebri, p\u00ebr boshnjak\u00ebt q\u00eb nuk kan\u00eb identitet t\u00eb p\u00ebrcaktuar, p\u00ebr shqiptar\u00ebt q\u00eb me shumic\u00eb ende shohin m\u00eb shum\u00eb nga Shqip\u00ebria se nga Podgorica etj.<\/p>\n<p>N\u00eb k\u00ebt\u00eb situat\u00eb, malazez\u00ebt kan\u00eb arsye q\u00eb t\u00eb propagandojn\u00eb ndjenj\u00ebn qytetare mbi at\u00eb etnike dhe t\u00eb p\u00ebrpiqen pa e tepruar q\u00eb t\u00eb shp\u00ebrb\u00ebjn\u00eb shumicat n\u00eb rajonet serbe, shqiptare e boshnjake.<\/p>\n<p>N\u00eb fakt, shqiptar\u00ebt kan\u00eb qen\u00eb nj\u00eb formacion i r\u00ebnd\u00ebsish\u00ebm n\u00eb betej\u00ebn kund\u00ebr influenc\u00ebs serbe dhe besohet se n\u00ebse vjen puna p\u00ebr t\u00eb rrezikuar republik\u00ebn, p\u00ebrs\u00ebri do t\u00eb jen\u00eb n\u00eb an\u00ebn e Malit t\u00eb Zi. V\u00ebshtir\u00eb se gjen shqiptar\u00eb q\u00eb do t\u00eb preferonin kthimin n\u00ebn \u00e7adr\u00ebn e Beogradit.<\/p>\n<p>Po a \u00ebsht\u00eb v\u00ebrtet dora e Podgoric\u00ebs mbrapa largimit t\u00eb shqiptar\u00ebve dhe vendosjes n\u00eb Mal\u00ebsi t\u00eb etnive t\u00eb tjera? Edhe kjo \u00ebsht\u00eb \u00e7\u00ebshtje interpretimesh. N\u00ebse je me Koaliconin p\u00ebr Mal\u00ebsin\u00eb p\u00ebrgjigjia \u00ebsht\u00eb \u201cPo\u201d. N\u00ebse je me Dinosh\u00ebn p\u00ebrgjigjia \u00ebsht\u00eb se \u201cshqiptar\u00ebt po ikin nga Mali i Zi, ashtu si shqiptar\u00ebt nga Shqip\u00ebria dhe Kosova ikin n\u00eb Per\u00ebndim p\u00ebr nj\u00eb jet\u00eb m\u00eb t\u00eb mir\u00eb\u201d.<\/p>\n<p>Fakt \u00ebsht\u00eb q\u00eb largimi, n\u00ebse vazhdon do ta b\u00ebj\u00eb akoma edhe m\u00eb t\u00eb v\u00ebshtir\u00eb grumbullimin e mjaftuesh\u00ebm t\u00eb votave n\u00eb Mal\u00ebsi n\u00eb favor t\u00eb \u201cpartive shqiptare\u201d. Edhe k\u00ebshtu si\u00e7 \u00ebsht\u00eb mjaftojn\u00eb disa qindra vota p\u00ebr t\u00eb p\u00ebrmbysur drejtpeshimet politike. N\u00ebse prirja vazhdon, nuk \u00ebsht\u00eb \u00e7udi q\u00eb t\u00eb vij\u00eb nj\u00eb dit\u00eb q\u00eb do t\u2019i shohim k\u00ebto zgjedhje me zili, p\u00ebr numrin e madh t\u00eb \u201cvotave shqiptare\u201d.<\/p>\n<p><strong>P\u00ebr\u00e7arja e vot\u00ebs shqiptare<br \/>\n<\/strong><br \/>\nPartit\u00eb shqiptare opozitare kan\u00eb treguar urt\u00ebsin\u00eb e nevojshme p\u00ebr t\u00eb formuar koalicione p\u00ebr zgjedhje, por politika shqiptare e Malit t\u00eb Zi mbetet shum\u00eb e p\u00ebr\u00e7ar\u00eb. Tre partit\u00eb e koaliconit nuk mblodh\u00ebn dot as dy mij\u00eb vet\u00eb, duke mbetur mesatarisht 600 vota p\u00ebr parti. Kjo tregon se di\u00e7ka nuk shkon me k\u00ebt\u00eb konstelacion politik.<\/p>\n<p>Disa kan\u00eb p\u00ebrfituar nga humbja p\u00ebr t\u00eb sulmuar personalisht udh\u00ebheq\u00ebsit e tyre. Disa faj\u00ebsojn\u00eb personat q\u00eb kan\u00eb zgjedhur n\u00eb lista. Kjo \u00ebsht\u00eb normale pas humbjeve n\u00eb zgjedhje. \u00cbsht\u00eb e natyrshme q\u00eb partit\u00eb t\u00eb kalojn\u00eb n\u00eb nj\u00eb proces introspektiv.<\/p>\n<p>Nj\u00eb nga arsyet q\u00eb UDSH del gjithmon\u00eb partia m\u00eb e forte, mund t\u00eb jet\u00eb pik\u00ebrisht kohezioni i saj si forc\u00eb politike. Krahu i Dinosh\u00ebs ka nj\u00eb figur\u00eb qendrore, ai \u00ebsht\u00eb vet\u00eb Ferhat Dinosha. Koalicioni p\u00ebr Mal\u00ebsin\u00eb vuan pik\u00ebrisht nga kjo. I mungon nj\u00eb udh\u00ebheq\u00ebs impresionues. Meq\u00eb u p\u00eblqen t\u00eb marrin shembuj nga historia shqiptare ata jan\u00eb pak a shum\u00eb si Beslidhja e Lezh\u00ebs pa Sk\u00ebnderbeun.<\/p>\n<p>Nuk ka gj\u00eb m\u00eb t\u00eb bukur se kolegjialiteti, por p\u00ebr natyr\u00ebn psikollogjike t\u00eb organizimeve shqiptare \u00ebsht\u00eb e r\u00ebnd\u00ebsishme nj\u00eb kok\u00eb politike, nj\u00eb kryetar, nj\u00eb lloj miti politik. Nj\u00eb figur\u00eb frym\u00ebzuese q\u00eb i b\u00ebn njer\u00ebzit t\u00eb dalin nga sht\u00ebpit\u00eb p\u00ebr t\u00eb votuar. Ajo q\u00eb nuk duhet \u00ebsht\u00eb dikush q\u00eb t\u2019i b\u00ebj\u00eb ata q\u00eb t\u00eb dalin nga mendja.<\/p>\n<p>Nuk \u00ebsht\u00eb e domosdoshme q\u00eb krahu opozitar shqiptar t\u00eb bashkohet p\u00ebr t\u00eb fituar kund\u00ebr shqiptar\u00ebve t\u00eb Dinosh\u00ebs. Por \u00ebsht\u00eb k\u00ebrkes\u00eb e koh\u00ebs q\u00eb mes k\u00ebtij krahu politik t\u00eb dal\u00eb nj\u00eb prij\u00ebs q\u00eb duke respektuar autoritetin e udh\u00ebheq\u00ebsve t\u00eb tjer\u00eb t\u00eb mbaj\u00eb n\u00eb dor\u00eb flamurin politik t\u00eb koalicionit. Deri at\u00ebhere, druhem se opozitar\u00ebt shqiptar\u00eb do t\u00eb vazhdojn\u00eb t\u00eb kritikojn\u00eb nj\u00ebri-tjetrin e t\u00eb shohin shpresat e tyre t\u00eb shuhen n\u00eb kutit\u00eb e votimit.<\/p>\n<p><strong>Po tani?<\/strong><\/p>\n<p>Tani nuk \u00ebsht\u00eb fundi i bot\u00ebs si\u00e7 e p\u00ebrshkruajn\u00eb disa. Zgjedhjet duhen lexuar me urt\u00ebsi. N\u00eb fund t\u00eb fundit, koaliconi p\u00ebr Tuzin Europian fitoi shumic\u00ebn, por \u00ebsht\u00eb nj\u00eb shumic\u00eb q\u00eb mbahet me nj\u00eb vot\u00eb t\u00eb vetme.<\/p>\n<p>Fituesit duhet t\u2019i shtr\u00ebngojn\u00eb mir\u00eb radh\u00ebt e tyre se mjafton nj\u00eb i pak\u00ebnaqur, nj\u00eb i penduar, ose nj\u00eb i \u00e7mendur q\u00eb shumica t\u00eb rr\u00ebzohet si kala r\u00ebre dhe ose t\u00eb krijohet situate e m\u00ebparshme ose t\u00eb lejohen kompromise t\u00eb reja p\u00ebr t\u00eb joshur njer\u00ebz t\u00eb tjer\u00eb n\u00eb shumic\u00ebn drejtuese.<\/p>\n<p>Nga ana tjet\u00ebr, ajo q\u00eb humb\u00ebsit dhe fituesit e zgjedhjeve harrojn\u00eb shpesh \u00ebsht\u00eb se fitorja vjen me p\u00ebrgjegj\u00ebsira. Deri tani Podgorica \u00ebsht\u00eb ankuar se gjendja n\u00eb Mal\u00ebsi \u00ebsht\u00eb faji i shqiptar\u00ebve n\u00eb Tuz q\u00eb pengojn\u00eb fondet. Tani opozita pret me duar mbledhur se \u00e7far\u00eb do t\u00eb ndryshoj\u00eb n\u00eb Mal\u00ebsi. A do t\u00eb mbahen premtimet? A do t\u00eb vijn\u00eb fondet? Sa do t\u00eb vijn\u00eb? Kujt do t\u2019i jepen? A do t\u00eb ket\u00eb favorizime politike e etnike?<\/p>\n<p>Opozita n\u00eb vend q\u00eb t\u00eb qaj\u00eb dit\u00ebn e diel\u00eb, duhet t\u00eb b\u00ebhet gati p\u00ebr t\u00eb mbrojtur demokracin\u00eb dhe drejt\u00ebsin\u00eb n\u00eb Mal\u00ebsi. T\u00eb jesh n\u00eb opozit\u00eb \u00ebsht\u00eb gjithashtu p\u00ebrgjegj\u00ebsi. T\u00eb diel\u00ebn u votua, sot fillon beteja e re.<\/p>\n<p>N\u00ebse koalicioni fitues v\u00eb n\u00eb jet\u00eb referendumin q\u00eb premtoi, \u00ebsht\u00eb e domosdoshme q\u00eb t\u00eb votohet n\u00eb favor t\u00eb komun\u00ebs s\u00eb Mal\u00ebsis\u00eb. Disa nga argumentet e Podgoric\u00ebs jan\u00eb me themel. Dalja m\u00eb vete vjen me rreziqe ekonomike, \u00ebsht\u00eb n\u00eb fund t\u00eb fundit nj\u00eb bast me historin\u00eb. Po shqiptar\u00ebt meritojn\u00eb nj\u00eb shans vetqeverisjeje t\u00eb plot\u00eb ashtu si edhe t\u00eb tjer\u00ebt n\u00eb Malin e Zi.<\/p>\n<p>Opozita pra, n\u00eb vend q\u00eb t\u00eb qaj\u00eb e t\u00eb shqyej\u00eb veteveten nga m\u00ebria, duhet t\u00eb rigjej\u00eb forca p\u00ebr t\u00eb rifilluar luft\u00ebn p\u00ebr arritjen e komun\u00ebs s\u00eb plot\u00eb. Referendumi nuk duhet t\u00eb jet\u00eb nj\u00eb betej\u00eb kund\u00ebr Gjukanovi\u00e7it se kjo vet\u00ebm sa do ta rrezikoj\u00eb shansin historik t\u00eb shqiptar\u00ebve. As nuk duhet t\u00eb b\u00ebhet nj\u00eb tem\u00eb thjesht patriotike. Komuna do t\u00eb jet\u00eb e t\u00eb gjith\u00ebve atyre q\u00eb do t\u00eb jetojn\u00eb n\u00eb t\u00eb dhe fitorja ka nevoj\u00eb edhe p\u00ebr votat serbe e boshnjake. Komuna \u00ebsht\u00eb n\u00eb fund t\u00eb fundit nj\u00eb zgjidhje e men\u00e7ur dhe praktike, pavar\u00ebsisht se p\u00ebr mal\u00ebsor\u00ebt ajo \u00ebsht\u00eb edhe nj\u00eb e drejt\u00eb politike, historike e komb\u00ebtare.<\/p>\n<p>S\u00eb fundi, tre udh\u00ebheq\u00ebsit e koaliconit dhe figura t\u00eb tjera t\u00eb mendimit t\u00eb nj\u00ebjt\u00eb apo t\u00eb ngjash\u00ebm politik n\u00eb opozit\u00eb duhet t\u00eb mendojn\u00eb p\u00ebr nj\u00eb udh\u00ebheq\u00ebs. Mbase dik\u00eb nga shqiptar\u00ebt e Amerik\u00ebs, ndoshta dik\u00eb nga shoq\u00ebria civile brenda n\u00eb Mal\u00ebsi, por gjith\u00ebsesi, dik\u00eb q\u00eb mund t\u00eb p\u00ebrkushtohet, q\u00eb nuk korruptohet leht\u00eb, q\u00eb \u00ebsht\u00eb i matur n\u00eb lidhje me Podgoric\u00ebn por edhe i pakontrolluesh\u00ebm prej tyre. Dik\u00eb q\u00eb \u00ebsht\u00eb inteligjent dhe i arsimuar por edhe i aft\u00eb t\u00eb bisedoj\u00eb me popullin.<\/p>\n<p>N\u00ebse nj\u00eb prij\u00ebs i till\u00eb del, jo t\u00eb gjith\u00eb do ta presin krah\u00ebqaf\u00eb. Do t\u00eb ket\u00eb xhelozi e p\u00ebrplasje por do t\u00eb ket\u00eb edhe nj\u00eb rifillim n\u00eb jet\u00ebn politike t\u00eb Mal\u00ebsis\u00eb.<\/p>\n<p>Nd\u00ebrkoh\u00eb, t\u00eb gjith\u00eb nuk duhet t\u00eb harrojn\u00eb se shqiptar\u00ebt e thjesht\u00eb n\u00eb jet\u00ebn e tyre t\u00eb p\u00ebrditshme nuk mbahen gjall\u00eb thjesht me fjal\u00eb patriotike, por me ushqime e mjete jetese, me qart\u00ebsi e siguri p\u00ebr t\u00eb ardhmen. N\u00eb k\u00ebto nevoja m\u00eb shum\u00eb se n\u00eb drejt\u00ebsin\u00eb e kauz\u00ebs gjenden shpesh arsyet e rezultateve n\u00eb votime.<\/p>\n<p><strong>(Autori \u00ebsht\u00eb redaktor p\u00ebrgjegj\u00ebs i gazet\u00ebs Illyria n\u00eb New York)<\/strong><\/p>\n<p><strong><a href=\"http:\/\/www.ina-online.net\/Default.aspx?news=4c34d31d-aef4-429c-972e-209af5536878&amp;ln=3\" target=\"_blank\">INA ONLINE<\/a><\/strong><\/p>\n<p><strong>[flv width=&#8221;490&#8243; height=&#8221;390&#8243;]http:\/\/www.rtcg.me\/images\/biblioteka\/audio_video_arhiva\/replika_suceljavanje_2.flv[\/flv]<br \/>\n<\/strong><\/p>\n","protected":false},"excerpt":{"rendered":"<p>Zgjedhjet lokale n\u00eb Malin e Zi: Koalicioni i partis\u00eb s\u00eb kryeministrit Gjukanovi\u00e7, UDSH-s\u00eb s\u00eb Ferhat Dinosh\u00ebs dhe nj\u00eb partie boshnjake fiton n\u00eb Mal\u00ebsi Nj\u00eb analiz\u00eb e disa prej faktor\u00ebve q\u00eb ndikuan n\u00eb rezultatin e nj\u00eb prej votimeve m\u00eb t\u00eb diskutuar t\u00eb vendit dhe mite e interpretime q\u00eb nuk mund t\u00eb injorohen. NEW YORK &#8211; 24 [&hellip;]<\/p>\n","protected":false},"author":1,"featured_media":0,"comment_status":"open","ping_status":"closed","sticky":false,"template":"","format":"standard","meta":{"spay_email":"","jetpack_publicize_message":"","jetpack_is_tweetstorm":false,"jetpack_publicize_feature_enabled":true},"categories":[14],"tags":[14484],"jetpack_publicize_connections":[],"yoast_head":"<!-- This site is optimized with the Yoast SEO plugin v19.1 - https:\/\/yoast.com\/wordpress\/plugins\/seo\/ -->\n<title>Pse humbi Koalicioni p\u00ebr Mal\u00ebsin\u00eb dhe \u00e7far\u00eb duhet b\u00ebr\u00eb tani - Lajme nga Ulqini<\/title>\n<meta name=\"description\" content=\"Zgjedhjet lokale n\u00eb Malin e Zi: Koalicioni i partis\u00eb s\u00eb kryeministrit Gjukanovi\u00e7, UDSH-s\u00eb s\u00eb Ferhat Dinosh\u00ebs dhe nj\u00eb partie boshnjake fiton n\u00eb Mal\u00ebsi Nj\u00eb\" \/>\n<meta name=\"robots\" content=\"index, follow, max-snippet:-1, max-image-preview:large, max-video-preview:-1\" \/>\n<link rel=\"canonical\" href=\"https:\/\/www.visit-ulcinj.com\/blog\/2010\/05\/27\/pse-humbi-koalicioni-per-malesine-dhe-cfare-duhet-bere-tani\/\" \/>\n<meta property=\"og:locale\" content=\"en_US\" \/>\n<meta property=\"og:type\" content=\"article\" \/>\n<meta property=\"og:title\" content=\"Pse humbi Koalicioni p\u00ebr Mal\u00ebsin\u00eb dhe \u00e7far\u00eb duhet b\u00ebr\u00eb tani - Lajme nga Ulqini\" \/>\n<meta property=\"og:description\" content=\"Zgjedhjet lokale n\u00eb Malin e Zi: Koalicioni i partis\u00eb s\u00eb kryeministrit Gjukanovi\u00e7, UDSH-s\u00eb s\u00eb Ferhat Dinosh\u00ebs dhe nj\u00eb partie boshnjake fiton n\u00eb Mal\u00ebsi Nj\u00eb\" \/>\n<meta property=\"og:url\" content=\"https:\/\/www.visit-ulcinj.com\/blog\/2010\/05\/27\/pse-humbi-koalicioni-per-malesine-dhe-cfare-duhet-bere-tani\/\" \/>\n<meta property=\"og:site_name\" content=\"Lajme nga Ulqini\" \/>\n<meta property=\"article:published_time\" content=\"2010-05-27T16:11:17+00:00\" \/>\n<meta property=\"article:modified_time\" content=\"2010-05-28T16:45:08+00:00\" \/>\n<meta property=\"og:image\" content=\"http:\/\/www.visit-ulcinj.com\/blog\/wp-content\/uploads\/2010\/05\/rezultatet-e-zgjedhjeve-lokale-ne-tuz-dhe-ulqin.23.05.2010.jpg\" \/>\n<meta name=\"twitter:label1\" content=\"Written by\" \/>\n\t<meta name=\"twitter:data1\" content=\"ulqini\" \/>\n\t<meta name=\"twitter:label2\" content=\"Est. reading time\" \/>\n\t<meta name=\"twitter:data2\" content=\"18 minutes\" \/>\n<script type=\"application\/ld+json\" class=\"yoast-schema-graph\">{\"@context\":\"https:\/\/schema.org\",\"@graph\":[{\"@type\":\"WebSite\",\"@id\":\"https:\/\/www.visit-ulcinj.com\/blog\/#website\",\"url\":\"https:\/\/www.visit-ulcinj.com\/blog\/\",\"name\":\"Lajme nga Ulqini\",\"description\":\"Lajme,Vijesti,Ulqini,Ulqin,Crna Gora,Mali i Zi\",\"potentialAction\":[{\"@type\":\"SearchAction\",\"target\":{\"@type\":\"EntryPoint\",\"urlTemplate\":\"https:\/\/www.visit-ulcinj.com\/blog\/?s={search_term_string}\"},\"query-input\":\"required name=search_term_string\"}],\"inLanguage\":\"en-US\"},{\"@type\":\"ImageObject\",\"inLanguage\":\"en-US\",\"@id\":\"https:\/\/www.visit-ulcinj.com\/blog\/2010\/05\/27\/pse-humbi-koalicioni-per-malesine-dhe-cfare-duhet-bere-tani\/#primaryimage\",\"url\":\"https:\/\/www.visit-ulcinj.com\/blog\/wp-content\/uploads\/2010\/05\/rezultatet-e-zgjedhjeve-lokale-ne-tuz-dhe-ulqin.23.05.2010.jpg\",\"contentUrl\":\"https:\/\/www.visit-ulcinj.com\/blog\/wp-content\/uploads\/2010\/05\/rezultatet-e-zgjedhjeve-lokale-ne-tuz-dhe-ulqin.23.05.2010.jpg\",\"width\":\"676\",\"height\":\"373\"},{\"@type\":\"WebPage\",\"@id\":\"https:\/\/www.visit-ulcinj.com\/blog\/2010\/05\/27\/pse-humbi-koalicioni-per-malesine-dhe-cfare-duhet-bere-tani\/#webpage\",\"url\":\"https:\/\/www.visit-ulcinj.com\/blog\/2010\/05\/27\/pse-humbi-koalicioni-per-malesine-dhe-cfare-duhet-bere-tani\/\",\"name\":\"Pse humbi Koalicioni p\u00ebr Mal\u00ebsin\u00eb dhe \u00e7far\u00eb duhet b\u00ebr\u00eb tani - Lajme nga Ulqini\",\"isPartOf\":{\"@id\":\"https:\/\/www.visit-ulcinj.com\/blog\/#website\"},\"primaryImageOfPage\":{\"@id\":\"https:\/\/www.visit-ulcinj.com\/blog\/2010\/05\/27\/pse-humbi-koalicioni-per-malesine-dhe-cfare-duhet-bere-tani\/#primaryimage\"},\"datePublished\":\"2010-05-27T16:11:17+00:00\",\"dateModified\":\"2010-05-28T16:45:08+00:00\",\"author\":{\"@id\":\"https:\/\/www.visit-ulcinj.com\/blog\/#\/schema\/person\/dcab619c614d3038751c63bc2aadc06d\"},\"description\":\"Zgjedhjet lokale n\u00eb Malin e Zi: Koalicioni i partis\u00eb s\u00eb kryeministrit Gjukanovi\u00e7, UDSH-s\u00eb s\u00eb Ferhat Dinosh\u00ebs dhe nj\u00eb partie boshnjake fiton n\u00eb Mal\u00ebsi Nj\u00eb\",\"breadcrumb\":{\"@id\":\"https:\/\/www.visit-ulcinj.com\/blog\/2010\/05\/27\/pse-humbi-koalicioni-per-malesine-dhe-cfare-duhet-bere-tani\/#breadcrumb\"},\"inLanguage\":\"en-US\",\"potentialAction\":[{\"@type\":\"ReadAction\",\"target\":[\"https:\/\/www.visit-ulcinj.com\/blog\/2010\/05\/27\/pse-humbi-koalicioni-per-malesine-dhe-cfare-duhet-bere-tani\/\"]}]},{\"@type\":\"BreadcrumbList\",\"@id\":\"https:\/\/www.visit-ulcinj.com\/blog\/2010\/05\/27\/pse-humbi-koalicioni-per-malesine-dhe-cfare-duhet-bere-tani\/#breadcrumb\",\"itemListElement\":[{\"@type\":\"ListItem\",\"position\":1,\"name\":\"Pse humbi Koalicioni p\u00ebr Mal\u00ebsin\u00eb dhe \u00e7far\u00eb duhet b\u00ebr\u00eb tani\"}]},{\"@type\":\"Person\",\"@id\":\"https:\/\/www.visit-ulcinj.com\/blog\/#\/schema\/person\/dcab619c614d3038751c63bc2aadc06d\",\"name\":\"ulqini\",\"sameAs\":[\"http:\/\/www.visit-ulcinj.com\"],\"url\":\"https:\/\/www.visit-ulcinj.com\/blog\/author\/admin\/\"}]}<\/script>\n<!-- \/ Yoast SEO plugin. -->","yoast_head_json":{"title":"Pse humbi Koalicioni p\u00ebr Mal\u00ebsin\u00eb dhe \u00e7far\u00eb duhet b\u00ebr\u00eb tani - Lajme nga Ulqini","description":"Zgjedhjet lokale n\u00eb Malin e Zi: Koalicioni i partis\u00eb s\u00eb kryeministrit Gjukanovi\u00e7, UDSH-s\u00eb s\u00eb Ferhat Dinosh\u00ebs dhe nj\u00eb partie boshnjake fiton n\u00eb Mal\u00ebsi Nj\u00eb","robots":{"index":"index","follow":"follow","max-snippet":"max-snippet:-1","max-image-preview":"max-image-preview:large","max-video-preview":"max-video-preview:-1"},"canonical":"https:\/\/www.visit-ulcinj.com\/blog\/2010\/05\/27\/pse-humbi-koalicioni-per-malesine-dhe-cfare-duhet-bere-tani\/","og_locale":"en_US","og_type":"article","og_title":"Pse humbi Koalicioni p\u00ebr Mal\u00ebsin\u00eb dhe \u00e7far\u00eb duhet b\u00ebr\u00eb tani - Lajme nga Ulqini","og_description":"Zgjedhjet lokale n\u00eb Malin e Zi: Koalicioni i partis\u00eb s\u00eb kryeministrit Gjukanovi\u00e7, UDSH-s\u00eb s\u00eb Ferhat Dinosh\u00ebs dhe nj\u00eb partie boshnjake fiton n\u00eb Mal\u00ebsi Nj\u00eb","og_url":"https:\/\/www.visit-ulcinj.com\/blog\/2010\/05\/27\/pse-humbi-koalicioni-per-malesine-dhe-cfare-duhet-bere-tani\/","og_site_name":"Lajme nga Ulqini","article_published_time":"2010-05-27T16:11:17+00:00","article_modified_time":"2010-05-28T16:45:08+00:00","og_image":[{"url":"http:\/\/www.visit-ulcinj.com\/blog\/wp-content\/uploads\/2010\/05\/rezultatet-e-zgjedhjeve-lokale-ne-tuz-dhe-ulqin.23.05.2010.jpg"}],"twitter_misc":{"Written by":"ulqini","Est. reading time":"18 minutes"},"schema":{"@context":"https:\/\/schema.org","@graph":[{"@type":"WebSite","@id":"https:\/\/www.visit-ulcinj.com\/blog\/#website","url":"https:\/\/www.visit-ulcinj.com\/blog\/","name":"Lajme nga Ulqini","description":"Lajme,Vijesti,Ulqini,Ulqin,Crna Gora,Mali i Zi","potentialAction":[{"@type":"SearchAction","target":{"@type":"EntryPoint","urlTemplate":"https:\/\/www.visit-ulcinj.com\/blog\/?s={search_term_string}"},"query-input":"required name=search_term_string"}],"inLanguage":"en-US"},{"@type":"ImageObject","inLanguage":"en-US","@id":"https:\/\/www.visit-ulcinj.com\/blog\/2010\/05\/27\/pse-humbi-koalicioni-per-malesine-dhe-cfare-duhet-bere-tani\/#primaryimage","url":"https:\/\/www.visit-ulcinj.com\/blog\/wp-content\/uploads\/2010\/05\/rezultatet-e-zgjedhjeve-lokale-ne-tuz-dhe-ulqin.23.05.2010.jpg","contentUrl":"https:\/\/www.visit-ulcinj.com\/blog\/wp-content\/uploads\/2010\/05\/rezultatet-e-zgjedhjeve-lokale-ne-tuz-dhe-ulqin.23.05.2010.jpg","width":"676","height":"373"},{"@type":"WebPage","@id":"https:\/\/www.visit-ulcinj.com\/blog\/2010\/05\/27\/pse-humbi-koalicioni-per-malesine-dhe-cfare-duhet-bere-tani\/#webpage","url":"https:\/\/www.visit-ulcinj.com\/blog\/2010\/05\/27\/pse-humbi-koalicioni-per-malesine-dhe-cfare-duhet-bere-tani\/","name":"Pse humbi Koalicioni p\u00ebr Mal\u00ebsin\u00eb dhe \u00e7far\u00eb duhet b\u00ebr\u00eb tani - Lajme nga Ulqini","isPartOf":{"@id":"https:\/\/www.visit-ulcinj.com\/blog\/#website"},"primaryImageOfPage":{"@id":"https:\/\/www.visit-ulcinj.com\/blog\/2010\/05\/27\/pse-humbi-koalicioni-per-malesine-dhe-cfare-duhet-bere-tani\/#primaryimage"},"datePublished":"2010-05-27T16:11:17+00:00","dateModified":"2010-05-28T16:45:08+00:00","author":{"@id":"https:\/\/www.visit-ulcinj.com\/blog\/#\/schema\/person\/dcab619c614d3038751c63bc2aadc06d"},"description":"Zgjedhjet lokale n\u00eb Malin e Zi: Koalicioni i partis\u00eb s\u00eb kryeministrit Gjukanovi\u00e7, UDSH-s\u00eb s\u00eb Ferhat Dinosh\u00ebs dhe nj\u00eb partie boshnjake fiton n\u00eb Mal\u00ebsi Nj\u00eb","breadcrumb":{"@id":"https:\/\/www.visit-ulcinj.com\/blog\/2010\/05\/27\/pse-humbi-koalicioni-per-malesine-dhe-cfare-duhet-bere-tani\/#breadcrumb"},"inLanguage":"en-US","potentialAction":[{"@type":"ReadAction","target":["https:\/\/www.visit-ulcinj.com\/blog\/2010\/05\/27\/pse-humbi-koalicioni-per-malesine-dhe-cfare-duhet-bere-tani\/"]}]},{"@type":"BreadcrumbList","@id":"https:\/\/www.visit-ulcinj.com\/blog\/2010\/05\/27\/pse-humbi-koalicioni-per-malesine-dhe-cfare-duhet-bere-tani\/#breadcrumb","itemListElement":[{"@type":"ListItem","position":1,"name":"Pse humbi Koalicioni p\u00ebr Mal\u00ebsin\u00eb dhe \u00e7far\u00eb duhet b\u00ebr\u00eb tani"}]},{"@type":"Person","@id":"https:\/\/www.visit-ulcinj.com\/blog\/#\/schema\/person\/dcab619c614d3038751c63bc2aadc06d","name":"ulqini","sameAs":["http:\/\/www.visit-ulcinj.com"],"url":"https:\/\/www.visit-ulcinj.com\/blog\/author\/admin\/"}]}},"jetpack_featured_media_url":"","jetpack_sharing_enabled":true,"jetpack_shortlink":"https:\/\/wp.me\/pe6lTn-8PV","_links":{"self":[{"href":"https:\/\/www.visit-ulcinj.com\/blog\/wp-json\/wp\/v2\/posts\/33971"}],"collection":[{"href":"https:\/\/www.visit-ulcinj.com\/blog\/wp-json\/wp\/v2\/posts"}],"about":[{"href":"https:\/\/www.visit-ulcinj.com\/blog\/wp-json\/wp\/v2\/types\/post"}],"author":[{"embeddable":true,"href":"https:\/\/www.visit-ulcinj.com\/blog\/wp-json\/wp\/v2\/users\/1"}],"replies":[{"embeddable":true,"href":"https:\/\/www.visit-ulcinj.com\/blog\/wp-json\/wp\/v2\/comments?post=33971"}],"version-history":[{"count":0,"href":"https:\/\/www.visit-ulcinj.com\/blog\/wp-json\/wp\/v2\/posts\/33971\/revisions"}],"wp:attachment":[{"href":"https:\/\/www.visit-ulcinj.com\/blog\/wp-json\/wp\/v2\/media?parent=33971"}],"wp:term":[{"taxonomy":"category","embeddable":true,"href":"https:\/\/www.visit-ulcinj.com\/blog\/wp-json\/wp\/v2\/categories?post=33971"},{"taxonomy":"post_tag","embeddable":true,"href":"https:\/\/www.visit-ulcinj.com\/blog\/wp-json\/wp\/v2\/tags?post=33971"}],"curies":[{"name":"wp","href":"https:\/\/api.w.org\/{rel}","templated":true}]}}