{"id":33996,"date":"2010-05-27T19:49:24","date_gmt":"2010-05-27T17:49:24","guid":{"rendered":"http:\/\/www.visit-ulcinj.com\/blog\/?p=33996"},"modified":"2010-05-27T19:49:24","modified_gmt":"2010-05-27T17:49:24","slug":"getoari-ne-tirane-mes-femrave-te-bukura-dhe-alkoolit","status":"publish","type":"post","link":"https:\/\/www.visit-ulcinj.com\/blog\/2010\/05\/27\/getoari-ne-tirane-mes-femrave-te-bukura-dhe-alkoolit\/","title":{"rendered":"Getoari n\u00eb Tiran\u00eb mes femrave t\u00eb bukura dhe alkoolit"},"content":{"rendered":"<p><a href=\"http:\/\/www.visit-ulcinj.com\/blog\/wp-content\/uploads\/2010\/05\/Getoar-Selimi.jpg\"><img loading=\"lazy\" class=\"alignleft size-full wp-image-33997\" title=\"Getoar Selimi\" src=\"http:\/\/www.visit-ulcinj.com\/blog\/wp-content\/uploads\/2010\/05\/Getoar-Selimi.jpg\" alt=\"Getoar Selimi\" width=\"490\" height=\"380\" \/><\/a>K\u00ebng\u00ebtari i njohur i grupit kosovar \u201cTingulli trent\u201d, Getoar Selimi preferon t\u00eb shoq\u00ebrohet m\u00eb shum\u00eb me femra t\u00eb bukura sesa koleg\u00eb k\u00ebng\u00ebtar\u00eb, n\u00ebse kalon fundjava n\u00eb Tiran\u00eb. K\u00ebshtu para disa dit\u00ebsh pasi k\u00ebndoi n\u00eb pub \u201cHoney\u201d \u00ebsht\u00eb fotografuar n\u00eb shoq\u00ebrin\u00eb e miqve muzikant\u00eb si; Big Basta dhe disa vajzave simpatike, mes t\u00eb cilave dhe k\u00ebng\u00ebtarja Rezarta Shkurta.<\/p>\n<p><strong>Bota Sot<\/strong><\/p>\n<p><strong><br \/>\n<!--YouTube Error: bad URL entered--><br \/>\n<\/strong><\/p>\n","protected":false},"excerpt":{"rendered":"<p>K\u00ebng\u00ebtari i njohur i grupit kosovar \u201cTingulli trent\u201d, Getoar Selimi preferon t\u00eb shoq\u00ebrohet m\u00eb shum\u00eb me femra t\u00eb bukura sesa koleg\u00eb k\u00ebng\u00ebtar\u00eb, n\u00ebse kalon fundjava n\u00eb Tiran\u00eb. K\u00ebshtu para disa dit\u00ebsh pasi k\u00ebndoi n\u00eb pub \u201cHoney\u201d \u00ebsht\u00eb fotografuar n\u00eb shoq\u00ebrin\u00eb e miqve muzikant\u00eb si; Big Basta dhe disa vajzave simpatike, mes t\u00eb cilave dhe k\u00ebng\u00ebtarja [&hellip;]<\/p>\n","protected":false},"author":1,"featured_media":0,"comment_status":"open","ping_status":"closed","sticky":false,"template":"","format":"standard","meta":{"spay_email":"","jetpack_publicize_message":"","jetpack_is_tweetstorm":false,"jetpack_publicize_feature_enabled":true},"categories":[1],"tags":[13129],"jetpack_publicize_connections":[],"yoast_head":"<!-- This site is optimized with the Yoast SEO plugin v19.1 - https:\/\/yoast.com\/wordpress\/plugins\/seo\/ -->\n<title>Getoari n\u00eb Tiran\u00eb mes femrave t\u00eb bukura dhe alkoolit - Lajme nga Ulqini<\/title>\n<meta name=\"description\" content=\"K\u00ebng\u00ebtari i njohur i grupit kosovar \u201cTingulli trent\u201d, Getoar Selimi preferon t\u00eb shoq\u00ebrohet m\u00eb shum\u00eb me femra t\u00eb bukura sesa koleg\u00eb k\u00ebng\u00ebtar\u00eb, n\u00ebse kalon\" \/>\n<meta name=\"robots\" content=\"index, follow, max-snippet:-1, max-image-preview:large, max-video-preview:-1\" \/>\n<link rel=\"canonical\" href=\"https:\/\/www.visit-ulcinj.com\/blog\/2010\/05\/27\/getoari-ne-tirane-mes-femrave-te-bukura-dhe-alkoolit\/\" \/>\n<meta property=\"og:locale\" content=\"en_US\" \/>\n<meta property=\"og:type\" content=\"article\" \/>\n<meta property=\"og:title\" content=\"Getoari n\u00eb Tiran\u00eb mes femrave t\u00eb bukura dhe alkoolit - Lajme nga Ulqini\" \/>\n<meta property=\"og:description\" content=\"K\u00ebng\u00ebtari i njohur i grupit kosovar \u201cTingulli trent\u201d, Getoar Selimi preferon t\u00eb shoq\u00ebrohet m\u00eb shum\u00eb me femra t\u00eb bukura sesa koleg\u00eb k\u00ebng\u00ebtar\u00eb, n\u00ebse kalon\" \/>\n<meta property=\"og:url\" content=\"https:\/\/www.visit-ulcinj.com\/blog\/2010\/05\/27\/getoari-ne-tirane-mes-femrave-te-bukura-dhe-alkoolit\/\" \/>\n<meta property=\"og:site_name\" content=\"Lajme nga Ulqini\" \/>\n<meta property=\"article:published_time\" content=\"2010-05-27T17:49:24+00:00\" \/>\n<meta property=\"og:image\" content=\"https:\/\/www.visit-ulcinj.com\/blog\/wp-content\/uploads\/2010\/05\/Getoar-Selimi-150x150.jpg\" \/>\n<meta name=\"twitter:label1\" content=\"Written by\" \/>\n\t<meta name=\"twitter:data1\" content=\"ulqini\" \/>\n<script type=\"application\/ld+json\" class=\"yoast-schema-graph\">{\"@context\":\"https:\/\/schema.org\",\"@graph\":[{\"@type\":\"WebSite\",\"@id\":\"https:\/\/www.visit-ulcinj.com\/blog\/#website\",\"url\":\"https:\/\/www.visit-ulcinj.com\/blog\/\",\"name\":\"Lajme nga Ulqini\",\"description\":\"Lajme,Vijesti,Ulqini,Ulqin,Crna Gora,Mali i Zi\",\"potentialAction\":[{\"@type\":\"SearchAction\",\"target\":{\"@type\":\"EntryPoint\",\"urlTemplate\":\"https:\/\/www.visit-ulcinj.com\/blog\/?s={search_term_string}\"},\"query-input\":\"required name=search_term_string\"}],\"inLanguage\":\"en-US\"},{\"@type\":\"ImageObject\",\"inLanguage\":\"en-US\",\"@id\":\"https:\/\/www.visit-ulcinj.com\/blog\/2010\/05\/27\/getoari-ne-tirane-mes-femrave-te-bukura-dhe-alkoolit\/#primaryimage\",\"url\":\"http:\/\/www.visit-ulcinj.com\/blog\/wp-content\/uploads\/2010\/05\/Getoar-Selimi.jpg\",\"contentUrl\":\"http:\/\/www.visit-ulcinj.com\/blog\/wp-content\/uploads\/2010\/05\/Getoar-Selimi.jpg\"},{\"@type\":\"WebPage\",\"@id\":\"https:\/\/www.visit-ulcinj.com\/blog\/2010\/05\/27\/getoari-ne-tirane-mes-femrave-te-bukura-dhe-alkoolit\/#webpage\",\"url\":\"https:\/\/www.visit-ulcinj.com\/blog\/2010\/05\/27\/getoari-ne-tirane-mes-femrave-te-bukura-dhe-alkoolit\/\",\"name\":\"Getoari n\u00eb Tiran\u00eb mes femrave t\u00eb bukura dhe alkoolit - Lajme nga Ulqini\",\"isPartOf\":{\"@id\":\"https:\/\/www.visit-ulcinj.com\/blog\/#website\"},\"primaryImageOfPage\":{\"@id\":\"https:\/\/www.visit-ulcinj.com\/blog\/2010\/05\/27\/getoari-ne-tirane-mes-femrave-te-bukura-dhe-alkoolit\/#primaryimage\"},\"datePublished\":\"2010-05-27T17:49:24+00:00\",\"dateModified\":\"2010-05-27T17:49:24+00:00\",\"author\":{\"@id\":\"https:\/\/www.visit-ulcinj.com\/blog\/#\/schema\/person\/dcab619c614d3038751c63bc2aadc06d\"},\"description\":\"K\u00ebng\u00ebtari i njohur i grupit kosovar \u201cTingulli trent\u201d, Getoar Selimi preferon t\u00eb shoq\u00ebrohet m\u00eb shum\u00eb me femra t\u00eb bukura sesa koleg\u00eb k\u00ebng\u00ebtar\u00eb, n\u00ebse kalon\",\"breadcrumb\":{\"@id\":\"https:\/\/www.visit-ulcinj.com\/blog\/2010\/05\/27\/getoari-ne-tirane-mes-femrave-te-bukura-dhe-alkoolit\/#breadcrumb\"},\"inLanguage\":\"en-US\",\"potentialAction\":[{\"@type\":\"ReadAction\",\"target\":[\"https:\/\/www.visit-ulcinj.com\/blog\/2010\/05\/27\/getoari-ne-tirane-mes-femrave-te-bukura-dhe-alkoolit\/\"]}]},{\"@type\":\"BreadcrumbList\",\"@id\":\"https:\/\/www.visit-ulcinj.com\/blog\/2010\/05\/27\/getoari-ne-tirane-mes-femrave-te-bukura-dhe-alkoolit\/#breadcrumb\",\"itemListElement\":[{\"@type\":\"ListItem\",\"position\":1,\"name\":\"Getoari n\u00eb Tiran\u00eb mes femrave t\u00eb bukura dhe alkoolit\"}]},{\"@type\":\"Person\",\"@id\":\"https:\/\/www.visit-ulcinj.com\/blog\/#\/schema\/person\/dcab619c614d3038751c63bc2aadc06d\",\"name\":\"ulqini\",\"sameAs\":[\"http:\/\/www.visit-ulcinj.com\"],\"url\":\"https:\/\/www.visit-ulcinj.com\/blog\/author\/admin\/\"}]}<\/script>\n<!-- \/ Yoast SEO plugin. -->","yoast_head_json":{"title":"Getoari n\u00eb Tiran\u00eb mes femrave t\u00eb bukura dhe alkoolit - Lajme nga Ulqini","description":"K\u00ebng\u00ebtari i njohur i grupit kosovar \u201cTingulli trent\u201d, Getoar Selimi preferon t\u00eb shoq\u00ebrohet m\u00eb shum\u00eb me femra t\u00eb bukura sesa koleg\u00eb k\u00ebng\u00ebtar\u00eb, n\u00ebse kalon","robots":{"index":"index","follow":"follow","max-snippet":"max-snippet:-1","max-image-preview":"max-image-preview:large","max-video-preview":"max-video-preview:-1"},"canonical":"https:\/\/www.visit-ulcinj.com\/blog\/2010\/05\/27\/getoari-ne-tirane-mes-femrave-te-bukura-dhe-alkoolit\/","og_locale":"en_US","og_type":"article","og_title":"Getoari n\u00eb Tiran\u00eb mes femrave t\u00eb bukura dhe alkoolit - Lajme nga Ulqini","og_description":"K\u00ebng\u00ebtari i njohur i grupit kosovar \u201cTingulli trent\u201d, Getoar Selimi preferon t\u00eb shoq\u00ebrohet m\u00eb shum\u00eb me femra t\u00eb bukura sesa koleg\u00eb k\u00ebng\u00ebtar\u00eb, n\u00ebse kalon","og_url":"https:\/\/www.visit-ulcinj.com\/blog\/2010\/05\/27\/getoari-ne-tirane-mes-femrave-te-bukura-dhe-alkoolit\/","og_site_name":"Lajme nga Ulqini","article_published_time":"2010-05-27T17:49:24+00:00","og_image":[{"url":"https:\/\/www.visit-ulcinj.com\/blog\/wp-content\/uploads\/2010\/05\/Getoar-Selimi-150x150.jpg"}],"twitter_misc":{"Written by":"ulqini"},"schema":{"@context":"https:\/\/schema.org","@graph":[{"@type":"WebSite","@id":"https:\/\/www.visit-ulcinj.com\/blog\/#website","url":"https:\/\/www.visit-ulcinj.com\/blog\/","name":"Lajme nga Ulqini","description":"Lajme,Vijesti,Ulqini,Ulqin,Crna Gora,Mali i Zi","potentialAction":[{"@type":"SearchAction","target":{"@type":"EntryPoint","urlTemplate":"https:\/\/www.visit-ulcinj.com\/blog\/?s={search_term_string}"},"query-input":"required name=search_term_string"}],"inLanguage":"en-US"},{"@type":"ImageObject","inLanguage":"en-US","@id":"https:\/\/www.visit-ulcinj.com\/blog\/2010\/05\/27\/getoari-ne-tirane-mes-femrave-te-bukura-dhe-alkoolit\/#primaryimage","url":"http:\/\/www.visit-ulcinj.com\/blog\/wp-content\/uploads\/2010\/05\/Getoar-Selimi.jpg","contentUrl":"http:\/\/www.visit-ulcinj.com\/blog\/wp-content\/uploads\/2010\/05\/Getoar-Selimi.jpg"},{"@type":"WebPage","@id":"https:\/\/www.visit-ulcinj.com\/blog\/2010\/05\/27\/getoari-ne-tirane-mes-femrave-te-bukura-dhe-alkoolit\/#webpage","url":"https:\/\/www.visit-ulcinj.com\/blog\/2010\/05\/27\/getoari-ne-tirane-mes-femrave-te-bukura-dhe-alkoolit\/","name":"Getoari n\u00eb Tiran\u00eb mes femrave t\u00eb bukura dhe alkoolit - Lajme nga Ulqini","isPartOf":{"@id":"https:\/\/www.visit-ulcinj.com\/blog\/#website"},"primaryImageOfPage":{"@id":"https:\/\/www.visit-ulcinj.com\/blog\/2010\/05\/27\/getoari-ne-tirane-mes-femrave-te-bukura-dhe-alkoolit\/#primaryimage"},"datePublished":"2010-05-27T17:49:24+00:00","dateModified":"2010-05-27T17:49:24+00:00","author":{"@id":"https:\/\/www.visit-ulcinj.com\/blog\/#\/schema\/person\/dcab619c614d3038751c63bc2aadc06d"},"description":"K\u00ebng\u00ebtari i njohur i grupit kosovar \u201cTingulli trent\u201d, Getoar Selimi preferon t\u00eb shoq\u00ebrohet m\u00eb shum\u00eb me femra t\u00eb bukura sesa koleg\u00eb k\u00ebng\u00ebtar\u00eb, n\u00ebse kalon","breadcrumb":{"@id":"https:\/\/www.visit-ulcinj.com\/blog\/2010\/05\/27\/getoari-ne-tirane-mes-femrave-te-bukura-dhe-alkoolit\/#breadcrumb"},"inLanguage":"en-US","potentialAction":[{"@type":"ReadAction","target":["https:\/\/www.visit-ulcinj.com\/blog\/2010\/05\/27\/getoari-ne-tirane-mes-femrave-te-bukura-dhe-alkoolit\/"]}]},{"@type":"BreadcrumbList","@id":"https:\/\/www.visit-ulcinj.com\/blog\/2010\/05\/27\/getoari-ne-tirane-mes-femrave-te-bukura-dhe-alkoolit\/#breadcrumb","itemListElement":[{"@type":"ListItem","position":1,"name":"Getoari n\u00eb Tiran\u00eb mes femrave t\u00eb bukura dhe alkoolit"}]},{"@type":"Person","@id":"https:\/\/www.visit-ulcinj.com\/blog\/#\/schema\/person\/dcab619c614d3038751c63bc2aadc06d","name":"ulqini","sameAs":["http:\/\/www.visit-ulcinj.com"],"url":"https:\/\/www.visit-ulcinj.com\/blog\/author\/admin\/"}]}},"jetpack_featured_media_url":"","jetpack_sharing_enabled":true,"jetpack_shortlink":"https:\/\/wp.me\/pe6lTn-8Qk","_links":{"self":[{"href":"https:\/\/www.visit-ulcinj.com\/blog\/wp-json\/wp\/v2\/posts\/33996"}],"collection":[{"href":"https:\/\/www.visit-ulcinj.com\/blog\/wp-json\/wp\/v2\/posts"}],"about":[{"href":"https:\/\/www.visit-ulcinj.com\/blog\/wp-json\/wp\/v2\/types\/post"}],"author":[{"embeddable":true,"href":"https:\/\/www.visit-ulcinj.com\/blog\/wp-json\/wp\/v2\/users\/1"}],"replies":[{"embeddable":true,"href":"https:\/\/www.visit-ulcinj.com\/blog\/wp-json\/wp\/v2\/comments?post=33996"}],"version-history":[{"count":0,"href":"https:\/\/www.visit-ulcinj.com\/blog\/wp-json\/wp\/v2\/posts\/33996\/revisions"}],"wp:attachment":[{"href":"https:\/\/www.visit-ulcinj.com\/blog\/wp-json\/wp\/v2\/media?parent=33996"}],"wp:term":[{"taxonomy":"category","embeddable":true,"href":"https:\/\/www.visit-ulcinj.com\/blog\/wp-json\/wp\/v2\/categories?post=33996"},{"taxonomy":"post_tag","embeddable":true,"href":"https:\/\/www.visit-ulcinj.com\/blog\/wp-json\/wp\/v2\/tags?post=33996"}],"curies":[{"name":"wp","href":"https:\/\/api.w.org\/{rel}","templated":true}]}}