{"id":34031,"date":"2010-05-29T08:37:04","date_gmt":"2010-05-29T06:37:04","guid":{"rendered":"http:\/\/www.visit-ulcinj.com\/blog\/?p=34031"},"modified":"2010-05-29T13:49:42","modified_gmt":"2010-05-29T11:49:42","slug":"lorik-cana-kam-pozuar-nudo-per-bamiresi-video","status":"publish","type":"post","link":"https:\/\/www.visit-ulcinj.com\/blog\/2010\/05\/29\/lorik-cana-kam-pozuar-nudo-per-bamiresi-video\/","title":{"rendered":"Lorik Cana: Kam pozuar nudo per bamiresi &#8211; Video"},"content":{"rendered":"<p><a href=\"http:\/\/www.visit-ulcinj.com\/blog\/wp-content\/uploads\/2010\/05\/Lorik-Cana-nudo.jpg\"><img loading=\"lazy\" class=\"alignleft size-full wp-image-34033\" title=\"Lorik Cana nudo\" src=\"http:\/\/www.visit-ulcinj.com\/blog\/wp-content\/uploads\/2010\/05\/Lorik-Cana-nudo.jpg\" alt=\"Lorik Cana nudo\" width=\"490\" height=\"493\" \/><\/a>Lorik Cana \u00ebsht\u00eb padyshim nj\u00eb nga ambasador\u00ebt m\u00eb t\u00eb denj\u00eb t\u00eb shqiptar\u00ebve n\u00eb bot\u00eb. Futbollisti i shk\u00eblqyer i \u201cSunderland\u201d me nj\u00eb karrier\u00eb p\u00ebr t\u2019u pasur zili, ndodhet k\u00ebto dit\u00eb pran\u00eb Komb\u00ebtares shqiptare, ku do t\u00eb luaj\u00eb n\u00eb ndeshjen miq\u00ebsore me Malin e Zi dit\u00ebn e mart\u00eb. E kemi takuar pik\u00ebrisht pas st\u00ebrvitjes s\u00eb dit\u00ebs s\u00eb djeshme, ku me mjaft d\u00ebshir\u00eb ka ndar\u00eb me lexuesit e \u201cBluetooth\u201d disa nga \u00e7astet m\u00eb t\u00eb bukura t\u00eb jet\u00ebs s\u00eb tij si futbollist profesionist, pse jo edhe t\u00eb jet\u00ebs s\u00eb tij private, p\u00ebr t\u00eb cil\u00ebn p\u00ebrpiqet pafund q\u00eb ta ket\u00eb v\u00ebrtet t\u00eb till\u00eb. Megjithat\u00eb, disa detaje na i ka rr\u00ebfyer n\u00eb k\u00ebt\u00eb intervist\u00eb ekskluzive. Le t\u00eb ecim s\u00eb bashku n\u00eb t\u00eb\u2026<br \/>\n<strong>Lorik, prej 7 vitesh luani me ekipin komb\u00ebtar, si e shihni Komb\u00ebtaren sot?<\/strong><br \/>\nGjithmon\u00eb me nder dhe k\u00ebnaq\u00ebsi. Jan\u00eb b\u00ebr\u00eb tashm\u00eb 7 vite, mund t\u00eb them 7 vite t\u00eb bukura t\u00eb mbushura me shum\u00eb kujtime, disa jan\u00eb me momente t\u00eb v\u00ebshtira, sepse me nj\u00eb komb\u00ebtare si jona nuk \u00ebsht\u00eb gjithmon\u00eb e leht\u00eb, sidomos nga aspekti i rezultateve. Por \u00e7do her\u00eb kur jemi t\u00eb grumbulluar k\u00ebtu n\u00eb vendin ton\u00eb me lojtar\u00ebt, me njer\u00ebz t\u00eb vendit ton\u00eb kalojm\u00eb momente shum\u00eb t\u00eb bukura dhe emocionet jan\u00eb gjithmon\u00eb t\u00eb jasht\u00ebzakonshme.<br \/>\nCili \u00ebsht\u00eb sadisfaksioni m\u00eb i madh q\u00eb keni marr\u00eb gjat\u00eb k\u00ebsaj kohe?<br \/>\n\u00cbsht\u00eb sadisfaksion personal. Un\u00eb gjithmon\u00eb kam pasur \u00ebndrr\u00ebn dhe d\u00ebshir\u00ebn t\u2019i mbroj ngjyrat e fanell\u00ebs s\u00eb vendit tim dhe patjet\u00ebr p\u00ebr ne si kosovar\u00eb \u00ebsht\u00eb nj\u00eb nder i madh q\u00eb t\u00eb p\u00ebrfaq\u00ebsojm\u00eb Shqip\u00ebrin\u00eb dhe p\u00ebrfaq\u00ebsimi i k\u00ebsaj fanelle nuk \u00ebsht\u00eb vet\u00ebm p\u00ebr n\u00eb Shqip\u00ebri, \u00ebsht\u00eb p\u00ebr t\u00eb gjith\u00eb shqiptar\u00ebt kudo q\u00eb jetojn\u00eb dhe p\u00ebr t\u00eb gjitha trojet shqiptare dhe kemi jasht\u00ebzakonisht shum\u00eb kujtime t\u00eb mira nga aspekti sportiv. Patjet\u00ebr q\u00eb ndeshja me Greqin\u00eb ka qen\u00eb di\u00e7ka e ve\u00e7ant\u00eb sepse nuk ishte thjesht vet\u00ebm nj\u00eb ndeshje sporti, por gjith\u00eb kombi ishte pas nesh dhe ishte di\u00e7ka shum\u00eb e bukur.<br \/>\n<strong>S\u00eb fundmi jeni shpallur n\u00eb Angli, \u201cAmbasadori i shqiptar\u00ebve n\u00eb bot\u00eb\u201d, \u00e7far\u00eb \u00ebsht\u00eb p\u00ebr ju ky vler\u00ebsim?<\/strong><br \/>\n\u00cbsht\u00eb gjithmon\u00eb di\u00e7ka jasht\u00ebzakonisht e mir\u00eb, sepse \u00ebsht\u00eb di\u00e7ka q\u00eb t\u00eb dhurohet nga njer\u00ebzit e tu, nga populli dhe nga bashk\u00ebkomb\u00ebsit tan\u00eb q\u00eb jetojn\u00eb n\u00eb Britanin\u00eb e Madhe. Un\u00eb thjesht di shum\u00eb mir\u00eb q\u00eb me futbollin mund t\u00eb p\u00ebrfaq\u00ebsoj nj\u00eb vend t\u00eb t\u00ebr\u00eb, k\u00ebshtu q\u00eb mundohem gjithmon\u00eb q\u00eb t\u00eb jap nj\u00eb imazh t\u00eb mir\u00eb dhe q\u00eb t\u00eb jap maksimumin n\u00eb fush\u00eb, mandej t\u00eb jap nj\u00eb imazh t\u00eb mir\u00eb t\u00eb vendit tim, t\u00eb popullit ton\u00eb dhe q\u00eb vet\u00eb k\u00ebta njer\u00ebz q\u00eb t\u00eb japin nj\u00eb shp\u00ebrblim t\u00eb till\u00eb, t\u00eb krenohen dhe ajo \u00ebsht\u00eb dhurata m\u00eb e madhe.<br \/>\n<strong>Lat\u00eb Franc\u00ebn p\u00ebr Anglin\u00eb. Si ju duket jeta angleze?<\/strong><br \/>\nNga aspekti sportiv jam jasht\u00ebzakonisht i k\u00ebnaqur, sepse \u00ebsht\u00eb vendi ku \u00ebsht\u00eb krijuar futbolli dhe \u00ebsht\u00eb nj\u00eb pasion i jasht\u00ebzakonsh\u00ebm. P\u00ebr \u00e7do futbollist \u00ebsht\u00eb di\u00e7ka e ve\u00e7ant\u00eb ta p\u00ebrjetoj\u00eb at\u00eb kampionat. E shijoj \u00e7do dit\u00eb, \u00e7do st\u00ebrvitje, \u00e7do ndeshje sidomos. Pastaj nga pik\u00ebpamja jet\u00ebsore \u00ebsht\u00eb nj\u00eb vend ndryshe, patjet\u00ebr q\u00eb p\u00ebr vete, Franca \u00ebsht\u00eb nj\u00eb nd\u00ebr vendet m\u00eb t\u00eb mira p\u00ebr t\u00eb jetuar dhe Anglia nuk krahasohet fare me Franc\u00ebn, por p\u00ebr momentin jemi futbollist\u00eb dhe nj\u00eb nd\u00ebr gj\u00ebrat m\u00eb t\u00eb r\u00ebnd\u00ebsishme kemi futbollin dhe aty jam jasht\u00ebzakonisht i k\u00ebnaqur.<br \/>\nJu mungon miq\u00ebsia me futbollist\u00ebt francez\u00eb, ju keni pasur mik t\u00eb ngusht\u00eb Ribery-n, apo jo?<br \/>\nPo, tani kam nd\u00ebrruar disa ekipe dhe patjet\u00ebr q\u00eb kam miq\u00ebsi me shum\u00eb futbollist\u00eb, disa jan\u00eb m\u00eb t\u00eb af\u00ebrt se t\u00eb tjer\u00ebt, por kam lidhur edhe miq\u00ebsi n\u00eb klubin e ri dhe ia kaloj shum\u00eb mir\u00eb.<br \/>\n<strong>Po kur keni lexuar p\u00ebr mikun tuaj Ribery q\u00eb pati nj\u00eb skandal seksual, si jeni ndjer\u00eb dhe, a keni folur me t\u00eb p\u00ebr k\u00ebt\u00eb gj\u00eb?<\/strong><br \/>\nNuk \u00ebsht\u00eb gj\u00eb e k\u00ebndshme p\u00ebr asnj\u00ebrin, sidomos p\u00ebr t\u00eb, sepse m\u00eb pas ky fakt ndikon edhe n\u00eb familje. Pastaj ia thash\u00eb edhe vet\u00eb atij, q\u00eb vet\u00eb i ka fajet. Asnj\u00eb futbollist nuk mund t\u00eb thot\u00eb q\u00eb nuk m\u00eb ndodh, shumica e futbollist\u00ebve n\u00eb fakt b\u00ebjn\u00eb gj\u00ebra, por nuk shfaqen n\u00eb publik. K\u00ebshtu q\u00eb atij i ndodhi dhe fatkeq\u00ebsisht iu krijua shum\u00eb v\u00ebshtir\u00ebsi sidomos n\u00eb aspektin e familjes, por \u00ebsht\u00eb njeri i fort\u00eb dhe besoj q\u00eb do ta kaloj\u00eb k\u00ebt\u00eb sfid\u00eb.<br \/>\n<strong>Duke qen\u00eb futbollist me fam\u00eb, ndonj\u00ebher\u00eb privoheni nga gj\u00ebrat personale, ju vjen keq q\u00eb duhet t\u00eb hiqni dor\u00eb nga shum\u00eb gj\u00ebra p\u00ebr t\u00eb pasur nj\u00eb imazh sa m\u00eb t\u00eb past\u00ebr?<\/strong><br \/>\nPo, po neve dhe mua personalisht futbolli m\u00eb sjell k\u00ebnaq\u00ebsi dhe nder dhe mundohem q\u00eb t\u2019i b\u00ebj t\u00eb gjitha gj\u00ebrat q\u00eb t\u00eb jem sa m\u00eb performant dhe q\u00eb t\u00eb kem loj\u00ebn m\u00eb t\u00eb mir\u00eb n\u00eb futboll dhe ajo na b\u00ebn q\u00eb jeta jon\u00eb t\u00eb rregullohet mbas futbollit, nga aspekti i pushimit, nga aspekti i ushqimit, nga aspekti i udh\u00ebtimeve, nga aspekti i koh\u00ebs, pasi gjith\u00e7ka \u00ebsht\u00eb e lidhur me futbollin. Kjo \u00ebsht\u00eb gj\u00ebja m\u00eb e r\u00ebnd\u00ebsishme p\u00ebr neve, kjo \u00ebsht\u00eb gj\u00ebja q\u00eb familja jon\u00eb jeton pas futbollit, jeton p\u00ebr futbollin dhe gjithashtu dhe ne. P\u00ebr ne nuk ka ndonj\u00eb gj\u00eb m\u00eb t\u00eb r\u00ebnd\u00ebsishme n\u00eb aspektin profesional, k\u00ebshtu q\u00eb duhet t\u2019i kushtojm\u00eb shum\u00eb r\u00ebnd\u00ebsi dhe shum\u00eb koh\u00eb.<br \/>\n<strong>Kur keni ikur fillimisht n\u00eb Zvic\u00ebr keni ikur si emigrant, si e kujtoni at\u00eb koh\u00eb dhe e keni menduar ndonj\u00ebher\u00eb q\u00eb do t\u00eb arrinit sot k\u00ebtu ku jeni?<\/strong><br \/>\nKan\u00eb kaluar rreth 20 vjet q\u00eb jam larguar nga Kosova dhe kam kujtime patjet\u00ebr edhe n\u00eb Kosov\u00eb, andej kam shum\u00eb kujtime n\u00eb Zvic\u00ebr, kam kaluar rreth 10 vjet dhe patjet\u00ebr q\u00eb nuk ka qen\u00eb gjithmon\u00eb e leht\u00eb. Sigurisht q\u00eb jeta e nj\u00eb emigranti \u00ebsht\u00eb e v\u00ebshtir\u00eb, sidomos njer\u00ebzit e vendit tim e din\u00eb shum\u00eb mir\u00eb k\u00ebt\u00eb pun\u00eb. Kemi shum\u00eb njer\u00ebz q\u00eb jetojn\u00eb jasht\u00eb vendit ton\u00eb p\u00ebr t\u00eb cil\u00ebt ka qen\u00eb gjithashtu e v\u00ebshtir\u00eb. Sidomos gj\u00ebja m\u00eb e v\u00ebshtir\u00eb \u00ebsht\u00eb q\u00eb kur nuk ke mund\u00ebsi p\u00ebr t\u2019u kthyer p\u00ebr ta takuar familjen. Patjet\u00ebr q\u00eb prind\u00ebrit e mi dhe motr\u00ebn e kisha me vete, por q\u00eb mund\u00ebsia p\u00ebr t\u2019u kthyer n\u00eb Kosov\u00eb p\u00ebr t\u2019i takuar t\u00eb af\u00ebrmit ishte e v\u00ebshtir\u00eb dhe nuk kisha mund\u00ebsi. Kur u ktheva pas 10 vitesh n\u00eb Kosov\u00eb ka qen\u00eb emocionuese. Por Zvicra m\u00eb ka dh\u00ebn\u00eb mund\u00ebsin\u00eb q\u00eb t\u00eb kem nj\u00eb arsimim t\u00eb mir\u00eb, q\u00eb t\u00eb kem mund\u00ebsi p\u00ebr t\u00eb arritur n\u00eb futboll dhe patjet\u00ebr q\u00eb kam kujtime t\u00eb mira dhe sigurisht q\u00eb pa k\u00ebt\u00eb, ndoshta edhe nuk kisha arritur t\u00eb jem futbollist profesionist.<br \/>\n<strong>E cil\u00ebsoni veten tuaj me fat?<\/strong><br \/>\nPatjet\u00ebr! Fatin duhet edhe ta krijosh, por patjet\u00ebr jam me fat sepse nj\u00eb her\u00eb kam pasur nj\u00eb familje q\u00eb m\u00eb ka dashur shum\u00eb dhe m\u00eb ka mb\u00ebshtetur gjithmon\u00eb, m\u00eb ka shtyr\u00eb p\u00ebrpara dhe ajo ka qen\u00eb forca ime p\u00ebr t\u00eb arritur. Kam pasur nj\u00eb baba, q\u00eb ka qen\u00eb p\u00ebr mua edhe si k\u00ebshilltar i madh dhe sigurisht duhet jasht\u00ebzakonisht shum\u00eb pun\u00eb p\u00ebr t\u00eb arritur n\u00eb k\u00ebt\u00eb nivel. Por sigurisht q\u00eb jam me fat.<br \/>\n<strong>Sa ka ndikuar jeta juaj private n\u00eb futboll?<\/strong><br \/>\nNuk \u00ebsht\u00eb folur jasht\u00ebzakonisht shum\u00eb p\u00ebr mua, n\u00ebse jam gabim mund t\u00eb m\u00eb thuash\u2026<br \/>\n<strong>Sepse jeni hermetik?<\/strong><br \/>\nJo, thjesht q\u00eb jetoj jasht\u00eb.<br \/>\nPo ja, lidhja me Zana Krasniqin \u00ebsht\u00eb zbuluar?<br \/>\nMir\u00eb, po ajo nuk ka qen\u00eb ndonj\u00eb gj\u00eb e fshehur, sepse po deshe me fsheh ndonj\u00eb gj\u00eb nuk del n\u00ebp\u00ebr kalendar\u00eb apo n\u00ebp\u00ebr fotografi dhe lidhje apo jo lidhje, njer\u00ebzit nuk mund ta din\u00eb. Njer\u00ebzit munden t\u00eb lexojn\u00eb se \u00e7far\u00eb shkruan shtypi. \u00cbsht\u00eb shkruar disa her\u00eb p\u00ebr shum\u00eb marr\u00ebdh\u00ebnie t\u00eb tjera, por ajo q\u00eb \u00ebsht\u00eb e v\u00ebrtet\u00eb dhe ajo q\u00eb \u00ebsht\u00eb e g\u00ebnjesht\u00ebrt m\u00eb intereson vet\u00ebm mua.<br \/>\n<strong>Si\u00e7 \u00ebsht\u00eb lidhja e fundit me nj\u00eb vajz\u00eb angleze?<\/strong><br \/>\nSi\u00e7 e thash\u00eb njer\u00ebzit shkruajn\u00eb, disa besojn\u00eb &#8211; disa nuk besojn\u00eb, por mua nuk m\u00eb duket gj\u00eb e r\u00ebnd\u00ebsishme, mua m\u00eb shum\u00eb m\u00eb p\u00eblqen ta kaloj koh\u00ebn dhe t\u00eb flas p\u00ebr futbollin, p\u00ebr angazhimet e mia sesa t\u00eb flas p\u00ebr marr\u00ebdh\u00ebniet e mia, sepse deri n\u00eb momentin q\u00eb nuk e kam gjetur personin q\u00eb dua t\u00eb kaloj jet\u00ebn time, nuk m\u00eb duket e r\u00ebnd\u00ebsishme q\u00eb t\u00eb flas.<br \/>\n<strong>Keni menduar p\u00ebr ta gjetur personin q\u00eb do t\u00eb kaloni jet\u00ebn?<\/strong><br \/>\nPatjet\u00ebr, patjet\u00ebr! Asnj\u00ebher\u00eb nuk ka nj\u00eb mosh\u00eb kur thot\u00eb njeriu q\u00eb duhet t\u00eb martohem, duhet t\u00eb krijoj nj\u00eb relacion m\u00eb serioz, por patjet\u00ebr q\u00eb d\u00ebshira \u00ebsht\u00eb. Por pastaj ju siguroj q\u00eb \u00ebsht\u00eb v\u00ebshtir\u00eb p\u00ebr jet\u00ebn ton\u00eb q\u00eb t\u00eb gjesh nj\u00eb njeri, sepse l\u00ebvizim shum\u00eb, por nuk duhet t\u00eb nxitohemi, duhet t\u2019ia l\u00ebm\u00eb koh\u00ebs t\u00eb b\u00ebj\u00eb pun\u00ebn e vet.<br \/>\n<strong>Mendoni q\u00eb duhet t\u00eb jet\u00eb patjet\u00ebr shqiptare, apo nuk keni preferenca?<\/strong><br \/>\nShpresoj, shpresoj! Ashtu e kam d\u00ebshir\u00ebn, por sa m\u00eb shum\u00eb vitet kalojn\u00eb, aq m\u00eb shum\u00eb e shoh q\u00eb \u00ebsht\u00eb e v\u00ebshtir\u00eb, sepse jetoj jasht\u00eb vendit dhe nuk takoj as shum\u00eb goca shqiptare, k\u00ebshtu q\u00eb \u00ebsht\u00eb e v\u00ebshtir\u00eb, jasht\u00ebzakonisht e v\u00ebshtir\u00eb.<br \/>\n<strong>\u00c7far\u00eb \u00ebsht\u00eb p\u00ebr ju paraja? E konsideroni veten nj\u00eb njeri t\u00eb pasur?<\/strong><br \/>\nP\u00ebr mua, paraja \u00ebsht\u00eb gj\u00eb jasht\u00ebzakonisht e r\u00ebnd\u00ebsishme, sepse po munde ta shikosh nj\u00eb njeri q\u00eb nuk ka shum\u00eb para dhe q\u00eb vuan p\u00ebr ta fituar buk\u00ebn e goj\u00ebs n\u00eb fund t\u00eb muajit, sigurisht q\u00eb paraja \u00ebsht\u00eb nj\u00eb gj\u00eb jasht\u00ebzakonisht e r\u00ebnd\u00ebsishme. Ai njeri q\u00eb thot\u00eb se nuk \u00ebsht\u00eb e r\u00ebnd\u00ebsishme, ai njeri g\u00ebnjen ose nuk ka qen\u00eb asnj\u00ebher\u00eb n\u00eb nevoj\u00eb, por mund t\u00eb them se e ndjej veten t\u00eb pasur sepse kam pasuri n\u00eb \u00e7do an\u00eb, kam pasuri n\u00eb jet\u00ebn time, q\u00eb kam dashuri shum\u00eb t\u00eb madhe, sidomos familjen time! Kam pasuri sh\u00ebndetin, besoj q\u00eb jap shum\u00eb nga vetja dhe besoj q\u00eb kjo \u00ebsht\u00eb nj\u00eb lloj pasurie. Pastaj pasuria ekonomike dhe pasuria materiale \u00ebsht\u00eb nj\u00eb gj\u00eb tjet\u00ebr, patjet\u00ebr q\u00eb kam disa d\u00ebshira dhe disa pasione q\u00eb me pasurin\u00eb ose paran\u00eb mund t\u2019i realizosh, megjithat\u00eb nuk kemi edhe aq shum\u00eb koh\u00eb p\u00ebr t\u2019i shfryt\u00ebzuar.<br \/>\n<strong>Dikur keni pozuar nudo, do t\u00eb pozonit s\u00ebrish n\u00ebse do t\u2019ju propozonin dhe do t\u00eb kishit nj\u00eb ofert\u00eb v\u00ebrtet t\u00eb mir\u00eb?<\/strong><br \/>\nE kam b\u00ebr\u00eb me Parisin, tani, nuk kam qen\u00eb komplet nudo. Kam qen\u00eb nudo, por organet intime i kam mbuluar e at\u00ebher\u00eb kam qen\u00eb i ri, kam qen\u00eb 20 vje\u00e7.<br \/>\n<strong>Po sot do ta b\u00ebnit?<\/strong><br \/>\nPfff, n\u00eb qoft\u00eb se mban nj\u00eb lloj intimiteti po, por k\u00ebshtu komplet nudo jo, mund t\u00eb jesh nudo, por t\u00eb mbash nj\u00eb intimitet. N\u00eb qoft\u00eb se \u00ebsht\u00eb p\u00ebr nj\u00eb gj\u00eb t\u00eb r\u00ebnd\u00ebsishme. N\u00eb at\u00eb koh\u00eb ka qen\u00eb p\u00ebr bamir\u00ebsi dhe e kam b\u00ebr\u00eb.<br \/>\nJu jeni shfaqur si nj\u00eb njeri bamir\u00ebs edhe n\u00eb Shqip\u00ebri. Kujtoj k\u00ebtu ndihm\u00ebn p\u00ebr t\u00eb p\u00ebrmbyturit n\u00eb Shkod\u00ebr\u2026<br \/>\nPo, ai ka qen\u00eb nj\u00eb veprim instiktiv i imi. Un\u00eb me t\u00eb v\u00ebrtet\u00eb mundohem q\u00eb me profesionin tim q\u00eb m\u00eb jep shum\u00eb shikueshm\u00ebri dhe d\u00ebgjueshm\u00ebri n\u00eb aren\u00ebn nd\u00ebrkomb\u00ebtare, mundohem ta p\u00ebrdor k\u00ebt\u00eb p\u00ebr t\u00eb dh\u00ebn\u00eb nj\u00eb imazh t\u00eb mir\u00eb t\u00eb vendit tim, por gjithmon\u00eb jam shum\u00eb af\u00ebr vendit dhe popullit tim. E di q\u00eb nj\u00eb njeri i vet\u00ebm nuk mund t\u00eb ndryshoj\u00eb asgj\u00eb dhe nuk pretendoj q\u00eb t\u00eb mund t\u00eb ndryshoj, por vet\u00eb si njeri un\u00eb e ndjej q\u00eb t\u00eb jem sa m\u00eb af\u00ebr popullit tim dhe n\u00eb disa raste q\u00eb edhe t\u2019i ndihmoj. E kam b\u00ebr\u00eb n\u00eb disa raste n\u00eb Kosov\u00eb, sepse \u00ebsht\u00eb vendi ku kam lindur dhe jam shum\u00eb af\u00ebr kosovar\u00ebve, por nuk b\u00ebj asnj\u00eb ndarje, asnj\u00eb dallim mes kosovar\u00ebve dhe shqiptar\u00ebve sepse p\u00ebr mua jan\u00eb nj\u00eb popull dhe patjet\u00ebr q\u00eb kur Shkodra ka qen\u00eb n\u00eb nevoj\u00eb, jam p\u00ebrgjigjur. M\u00eb shum\u00eb ka qen\u00eb nj\u00eb gj\u00eb simbolike p\u00ebr t\u00eb nd\u00ebrgjegj\u00ebsuar dhe opinionin dhe njer\u00ebzit e tjer\u00eb q\u00eb kan\u00eb mund\u00ebsi p\u00ebr t\u00eb ndihmuar se sa p\u00ebr t\u00eb treguar q\u00eb ja, un\u00eb po ndihmoj. Kam disa operacione t\u00eb tjera, besoj do bashk\u00ebpunoj edhe me fondacionin e f\u00ebmij\u00ebve shqiptar\u00eb, do bashk\u00ebpunoj edhe me UNICEF-in. Sot do ikim t\u00eb vizitojm\u00eb f\u00ebmij\u00ebt q\u00eb jan\u00eb n\u00eb sht\u00ebpi riedukimi, n\u00eb burgun e Kavaj\u00ebs. Do iki t\u00eb kaloj pak koh\u00eb me ta, do iki gjithashtu me UNICEF-in t\u00eb vizitoj edhe f\u00ebmij\u00ebt e dhunuar. Jan\u00eb gj\u00ebra q\u00eb nuk m\u00eb marrin shum\u00eb koh\u00eb dhe m\u00eb duken shum\u00eb t\u00eb r\u00ebnd\u00ebsishme.<br \/>\n<strong>\u00c7do vit vini p\u00ebr pushime n\u00eb Shqip\u00ebri, keni b\u00ebr\u00eb k\u00ebt\u00eb vit nj\u00eb plan t\u00eb till\u00eb?<\/strong><br \/>\nBesoj q\u00eb po. Nuk e di akoma n\u00eb \u00e7far\u00eb momenti, por sigurisht un\u00eb e kaloj koh\u00ebn n\u00eb Kosov\u00eb me familjen, n\u00eb Franc\u00eb, do iki diku p\u00ebr t\u00eb pushuar. Gjithmon\u00eb e kam nj\u00eb destinacion t\u00eb ri, \u00e7do vit udh\u00ebtoj rreth bot\u00ebs p\u00ebr t\u00eb par\u00eb nj\u00eb vend t\u00eb ri dhe sigurisht besoj se do t\u2019i kaloj disa dit\u00eb edhe n\u00eb Shqip\u00ebri, patjet\u00ebr.<\/p>\n<p><strong>Revista Bluetooth<\/strong><\/p>\n<p><strong><!--YouTube Error: bad URL entered--><\/strong><\/p>\n","protected":false},"excerpt":{"rendered":"<p>Lorik Cana \u00ebsht\u00eb padyshim nj\u00eb nga ambasador\u00ebt m\u00eb t\u00eb denj\u00eb t\u00eb shqiptar\u00ebve n\u00eb bot\u00eb. Futbollisti i shk\u00eblqyer i \u201cSunderland\u201d me nj\u00eb karrier\u00eb p\u00ebr t\u2019u pasur zili, ndodhet k\u00ebto dit\u00eb pran\u00eb Komb\u00ebtares shqiptare, ku do t\u00eb luaj\u00eb n\u00eb ndeshjen miq\u00ebsore me Malin e Zi dit\u00ebn e mart\u00eb. E kemi takuar pik\u00ebrisht pas st\u00ebrvitjes s\u00eb dit\u00ebs s\u00eb [&hellip;]<\/p>\n","protected":false},"author":1,"featured_media":0,"comment_status":"open","ping_status":"closed","sticky":false,"template":"","format":"standard","meta":{"spay_email":"","jetpack_publicize_message":"","jetpack_is_tweetstorm":false,"jetpack_publicize_feature_enabled":true},"categories":[1],"tags":[4946,14591],"jetpack_publicize_connections":[],"yoast_head":"<!-- This site is optimized with the Yoast SEO plugin v19.1 - https:\/\/yoast.com\/wordpress\/plugins\/seo\/ -->\n<title>Lorik Cana: Kam pozuar nudo per bamiresi - Video - Lajme nga Ulqini<\/title>\n<meta name=\"description\" content=\"Lorik Cana \u00ebsht\u00eb padyshim nj\u00eb nga ambasador\u00ebt m\u00eb t\u00eb denj\u00eb t\u00eb shqiptar\u00ebve n\u00eb bot\u00eb. Futbollisti i shk\u00eblqyer i \u201cSunderland\u201d me nj\u00eb karrier\u00eb p\u00ebr t\u2019u pasur\" \/>\n<meta name=\"robots\" content=\"index, follow, max-snippet:-1, max-image-preview:large, max-video-preview:-1\" \/>\n<link rel=\"canonical\" href=\"https:\/\/www.visit-ulcinj.com\/blog\/2010\/05\/29\/lorik-cana-kam-pozuar-nudo-per-bamiresi-video\/\" \/>\n<meta property=\"og:locale\" content=\"en_US\" \/>\n<meta property=\"og:type\" content=\"article\" \/>\n<meta property=\"og:title\" content=\"Lorik Cana: Kam pozuar nudo per bamiresi - Video - Lajme nga Ulqini\" \/>\n<meta property=\"og:description\" content=\"Lorik Cana \u00ebsht\u00eb padyshim nj\u00eb nga ambasador\u00ebt m\u00eb t\u00eb denj\u00eb t\u00eb shqiptar\u00ebve n\u00eb bot\u00eb. Futbollisti i shk\u00eblqyer i \u201cSunderland\u201d me nj\u00eb karrier\u00eb p\u00ebr t\u2019u pasur\" \/>\n<meta property=\"og:url\" content=\"https:\/\/www.visit-ulcinj.com\/blog\/2010\/05\/29\/lorik-cana-kam-pozuar-nudo-per-bamiresi-video\/\" \/>\n<meta property=\"og:site_name\" content=\"Lajme nga Ulqini\" \/>\n<meta property=\"article:published_time\" content=\"2010-05-29T06:37:04+00:00\" \/>\n<meta property=\"article:modified_time\" content=\"2010-05-29T11:49:42+00:00\" \/>\n<meta property=\"og:image\" content=\"http:\/\/www.visit-ulcinj.com\/blog\/wp-content\/uploads\/2010\/05\/Lorik-Cana-nudo.jpg\" \/>\n<meta name=\"twitter:label1\" content=\"Written by\" \/>\n\t<meta name=\"twitter:data1\" content=\"ulqini\" \/>\n\t<meta name=\"twitter:label2\" content=\"Est. reading time\" \/>\n\t<meta name=\"twitter:data2\" content=\"12 minutes\" \/>\n<script type=\"application\/ld+json\" class=\"yoast-schema-graph\">{\"@context\":\"https:\/\/schema.org\",\"@graph\":[{\"@type\":\"WebSite\",\"@id\":\"https:\/\/www.visit-ulcinj.com\/blog\/#website\",\"url\":\"https:\/\/www.visit-ulcinj.com\/blog\/\",\"name\":\"Lajme nga Ulqini\",\"description\":\"Lajme,Vijesti,Ulqini,Ulqin,Crna Gora,Mali i Zi\",\"potentialAction\":[{\"@type\":\"SearchAction\",\"target\":{\"@type\":\"EntryPoint\",\"urlTemplate\":\"https:\/\/www.visit-ulcinj.com\/blog\/?s={search_term_string}\"},\"query-input\":\"required name=search_term_string\"}],\"inLanguage\":\"en-US\"},{\"@type\":\"ImageObject\",\"inLanguage\":\"en-US\",\"@id\":\"https:\/\/www.visit-ulcinj.com\/blog\/2010\/05\/29\/lorik-cana-kam-pozuar-nudo-per-bamiresi-video\/#primaryimage\",\"url\":\"http:\/\/www.visit-ulcinj.com\/blog\/wp-content\/uploads\/2010\/05\/Lorik-Cana-nudo.jpg\",\"contentUrl\":\"http:\/\/www.visit-ulcinj.com\/blog\/wp-content\/uploads\/2010\/05\/Lorik-Cana-nudo.jpg\"},{\"@type\":\"WebPage\",\"@id\":\"https:\/\/www.visit-ulcinj.com\/blog\/2010\/05\/29\/lorik-cana-kam-pozuar-nudo-per-bamiresi-video\/#webpage\",\"url\":\"https:\/\/www.visit-ulcinj.com\/blog\/2010\/05\/29\/lorik-cana-kam-pozuar-nudo-per-bamiresi-video\/\",\"name\":\"Lorik Cana: Kam pozuar nudo per bamiresi - Video - Lajme nga Ulqini\",\"isPartOf\":{\"@id\":\"https:\/\/www.visit-ulcinj.com\/blog\/#website\"},\"primaryImageOfPage\":{\"@id\":\"https:\/\/www.visit-ulcinj.com\/blog\/2010\/05\/29\/lorik-cana-kam-pozuar-nudo-per-bamiresi-video\/#primaryimage\"},\"datePublished\":\"2010-05-29T06:37:04+00:00\",\"dateModified\":\"2010-05-29T11:49:42+00:00\",\"author\":{\"@id\":\"https:\/\/www.visit-ulcinj.com\/blog\/#\/schema\/person\/dcab619c614d3038751c63bc2aadc06d\"},\"description\":\"Lorik Cana \u00ebsht\u00eb padyshim nj\u00eb nga ambasador\u00ebt m\u00eb t\u00eb denj\u00eb t\u00eb shqiptar\u00ebve n\u00eb bot\u00eb. Futbollisti i shk\u00eblqyer i \u201cSunderland\u201d me nj\u00eb karrier\u00eb p\u00ebr t\u2019u pasur\",\"breadcrumb\":{\"@id\":\"https:\/\/www.visit-ulcinj.com\/blog\/2010\/05\/29\/lorik-cana-kam-pozuar-nudo-per-bamiresi-video\/#breadcrumb\"},\"inLanguage\":\"en-US\",\"potentialAction\":[{\"@type\":\"ReadAction\",\"target\":[\"https:\/\/www.visit-ulcinj.com\/blog\/2010\/05\/29\/lorik-cana-kam-pozuar-nudo-per-bamiresi-video\/\"]}]},{\"@type\":\"BreadcrumbList\",\"@id\":\"https:\/\/www.visit-ulcinj.com\/blog\/2010\/05\/29\/lorik-cana-kam-pozuar-nudo-per-bamiresi-video\/#breadcrumb\",\"itemListElement\":[{\"@type\":\"ListItem\",\"position\":1,\"name\":\"Lorik Cana: Kam pozuar nudo per bamiresi &#8211; Video\"}]},{\"@type\":\"Person\",\"@id\":\"https:\/\/www.visit-ulcinj.com\/blog\/#\/schema\/person\/dcab619c614d3038751c63bc2aadc06d\",\"name\":\"ulqini\",\"sameAs\":[\"http:\/\/www.visit-ulcinj.com\"],\"url\":\"https:\/\/www.visit-ulcinj.com\/blog\/author\/admin\/\"}]}<\/script>\n<!-- \/ Yoast SEO plugin. -->","yoast_head_json":{"title":"Lorik Cana: Kam pozuar nudo per bamiresi - Video - Lajme nga Ulqini","description":"Lorik Cana \u00ebsht\u00eb padyshim nj\u00eb nga ambasador\u00ebt m\u00eb t\u00eb denj\u00eb t\u00eb shqiptar\u00ebve n\u00eb bot\u00eb. Futbollisti i shk\u00eblqyer i \u201cSunderland\u201d me nj\u00eb karrier\u00eb p\u00ebr t\u2019u pasur","robots":{"index":"index","follow":"follow","max-snippet":"max-snippet:-1","max-image-preview":"max-image-preview:large","max-video-preview":"max-video-preview:-1"},"canonical":"https:\/\/www.visit-ulcinj.com\/blog\/2010\/05\/29\/lorik-cana-kam-pozuar-nudo-per-bamiresi-video\/","og_locale":"en_US","og_type":"article","og_title":"Lorik Cana: Kam pozuar nudo per bamiresi - Video - Lajme nga Ulqini","og_description":"Lorik Cana \u00ebsht\u00eb padyshim nj\u00eb nga ambasador\u00ebt m\u00eb t\u00eb denj\u00eb t\u00eb shqiptar\u00ebve n\u00eb bot\u00eb. Futbollisti i shk\u00eblqyer i \u201cSunderland\u201d me nj\u00eb karrier\u00eb p\u00ebr t\u2019u pasur","og_url":"https:\/\/www.visit-ulcinj.com\/blog\/2010\/05\/29\/lorik-cana-kam-pozuar-nudo-per-bamiresi-video\/","og_site_name":"Lajme nga Ulqini","article_published_time":"2010-05-29T06:37:04+00:00","article_modified_time":"2010-05-29T11:49:42+00:00","og_image":[{"url":"http:\/\/www.visit-ulcinj.com\/blog\/wp-content\/uploads\/2010\/05\/Lorik-Cana-nudo.jpg"}],"twitter_misc":{"Written by":"ulqini","Est. reading time":"12 minutes"},"schema":{"@context":"https:\/\/schema.org","@graph":[{"@type":"WebSite","@id":"https:\/\/www.visit-ulcinj.com\/blog\/#website","url":"https:\/\/www.visit-ulcinj.com\/blog\/","name":"Lajme nga Ulqini","description":"Lajme,Vijesti,Ulqini,Ulqin,Crna Gora,Mali i Zi","potentialAction":[{"@type":"SearchAction","target":{"@type":"EntryPoint","urlTemplate":"https:\/\/www.visit-ulcinj.com\/blog\/?s={search_term_string}"},"query-input":"required name=search_term_string"}],"inLanguage":"en-US"},{"@type":"ImageObject","inLanguage":"en-US","@id":"https:\/\/www.visit-ulcinj.com\/blog\/2010\/05\/29\/lorik-cana-kam-pozuar-nudo-per-bamiresi-video\/#primaryimage","url":"http:\/\/www.visit-ulcinj.com\/blog\/wp-content\/uploads\/2010\/05\/Lorik-Cana-nudo.jpg","contentUrl":"http:\/\/www.visit-ulcinj.com\/blog\/wp-content\/uploads\/2010\/05\/Lorik-Cana-nudo.jpg"},{"@type":"WebPage","@id":"https:\/\/www.visit-ulcinj.com\/blog\/2010\/05\/29\/lorik-cana-kam-pozuar-nudo-per-bamiresi-video\/#webpage","url":"https:\/\/www.visit-ulcinj.com\/blog\/2010\/05\/29\/lorik-cana-kam-pozuar-nudo-per-bamiresi-video\/","name":"Lorik Cana: Kam pozuar nudo per bamiresi - Video - Lajme nga Ulqini","isPartOf":{"@id":"https:\/\/www.visit-ulcinj.com\/blog\/#website"},"primaryImageOfPage":{"@id":"https:\/\/www.visit-ulcinj.com\/blog\/2010\/05\/29\/lorik-cana-kam-pozuar-nudo-per-bamiresi-video\/#primaryimage"},"datePublished":"2010-05-29T06:37:04+00:00","dateModified":"2010-05-29T11:49:42+00:00","author":{"@id":"https:\/\/www.visit-ulcinj.com\/blog\/#\/schema\/person\/dcab619c614d3038751c63bc2aadc06d"},"description":"Lorik Cana \u00ebsht\u00eb padyshim nj\u00eb nga ambasador\u00ebt m\u00eb t\u00eb denj\u00eb t\u00eb shqiptar\u00ebve n\u00eb bot\u00eb. Futbollisti i shk\u00eblqyer i \u201cSunderland\u201d me nj\u00eb karrier\u00eb p\u00ebr t\u2019u pasur","breadcrumb":{"@id":"https:\/\/www.visit-ulcinj.com\/blog\/2010\/05\/29\/lorik-cana-kam-pozuar-nudo-per-bamiresi-video\/#breadcrumb"},"inLanguage":"en-US","potentialAction":[{"@type":"ReadAction","target":["https:\/\/www.visit-ulcinj.com\/blog\/2010\/05\/29\/lorik-cana-kam-pozuar-nudo-per-bamiresi-video\/"]}]},{"@type":"BreadcrumbList","@id":"https:\/\/www.visit-ulcinj.com\/blog\/2010\/05\/29\/lorik-cana-kam-pozuar-nudo-per-bamiresi-video\/#breadcrumb","itemListElement":[{"@type":"ListItem","position":1,"name":"Lorik Cana: Kam pozuar nudo per bamiresi &#8211; Video"}]},{"@type":"Person","@id":"https:\/\/www.visit-ulcinj.com\/blog\/#\/schema\/person\/dcab619c614d3038751c63bc2aadc06d","name":"ulqini","sameAs":["http:\/\/www.visit-ulcinj.com"],"url":"https:\/\/www.visit-ulcinj.com\/blog\/author\/admin\/"}]}},"jetpack_featured_media_url":"","jetpack_sharing_enabled":true,"jetpack_shortlink":"https:\/\/wp.me\/pe6lTn-8QT","_links":{"self":[{"href":"https:\/\/www.visit-ulcinj.com\/blog\/wp-json\/wp\/v2\/posts\/34031"}],"collection":[{"href":"https:\/\/www.visit-ulcinj.com\/blog\/wp-json\/wp\/v2\/posts"}],"about":[{"href":"https:\/\/www.visit-ulcinj.com\/blog\/wp-json\/wp\/v2\/types\/post"}],"author":[{"embeddable":true,"href":"https:\/\/www.visit-ulcinj.com\/blog\/wp-json\/wp\/v2\/users\/1"}],"replies":[{"embeddable":true,"href":"https:\/\/www.visit-ulcinj.com\/blog\/wp-json\/wp\/v2\/comments?post=34031"}],"version-history":[{"count":0,"href":"https:\/\/www.visit-ulcinj.com\/blog\/wp-json\/wp\/v2\/posts\/34031\/revisions"}],"wp:attachment":[{"href":"https:\/\/www.visit-ulcinj.com\/blog\/wp-json\/wp\/v2\/media?parent=34031"}],"wp:term":[{"taxonomy":"category","embeddable":true,"href":"https:\/\/www.visit-ulcinj.com\/blog\/wp-json\/wp\/v2\/categories?post=34031"},{"taxonomy":"post_tag","embeddable":true,"href":"https:\/\/www.visit-ulcinj.com\/blog\/wp-json\/wp\/v2\/tags?post=34031"}],"curies":[{"name":"wp","href":"https:\/\/api.w.org\/{rel}","templated":true}]}}