{"id":34042,"date":"2010-05-29T22:45:38","date_gmt":"2010-05-29T20:45:38","guid":{"rendered":"http:\/\/www.visit-ulcinj.com\/blog\/?p=34042"},"modified":"2010-05-29T22:45:38","modified_gmt":"2010-05-29T20:45:38","slug":"shaban-peraj-katrahura-e-radhes","status":"publish","type":"post","link":"https:\/\/www.visit-ulcinj.com\/blog\/2010\/05\/29\/shaban-peraj-katrahura-e-radhes\/","title":{"rendered":"Shaban Peraj: Katrahura e radh\u00ebs"},"content":{"rendered":"<p><a href=\"http:\/\/www.visit-ulcinj.com\/blog\/wp-content\/uploads\/2009\/03\/retorike-e-ashper-dhe-negative-parazgjedhore-e-partive-shqiptare-_thashetheme.jpg\"><img loading=\"lazy\" class=\"alignleft size-full wp-image-14265\" title=\"retorike-e-ashper-dhe-negative-parazgjedhore-e-partive-shqiptare-_thashetheme\" src=\"http:\/\/www.visit-ulcinj.com\/blog\/wp-content\/uploads\/2009\/03\/retorike-e-ashper-dhe-negative-parazgjedhore-e-partive-shqiptare-_thashetheme.jpg\" alt=\"retorike-e-ashper-dhe-negative-parazgjedhore-e-partive-shqiptare-_thashetheme\" width=\"353\" height=\"402\" srcset=\"https:\/\/www.visit-ulcinj.com\/blog\/wp-content\/uploads\/2009\/03\/retorike-e-ashper-dhe-negative-parazgjedhore-e-partive-shqiptare-_thashetheme.jpg 353w, https:\/\/www.visit-ulcinj.com\/blog\/wp-content\/uploads\/2009\/03\/retorike-e-ashper-dhe-negative-parazgjedhore-e-partive-shqiptare-_thashetheme-263x300.jpg 263w\" sizes=\"(max-width: 353px) 100vw, 353px\" \/><\/a>Nuk ka nevoj\u00eb p\u00ebr asfar\u00eb sensibilizimi t\u00eb \u00e7\u00ebshtjes shqiptare k\u00ebtu n\u00eb Ma t\u00eb Zi. Nj\u00eb katrahur\u00eb komb\u00ebtare rrezikon qenien ton\u00eb dhe kjo \u00ebsht\u00eb evidente tani pas zgjedhjeve lokale, t\u00eb mbajtura m\u00eb 23 maj. Kjo \u00ebsht\u00eb e v\u00ebrteta jon\u00eb, ky \u00ebsht\u00eb realiteti p\u00ebr momentin, dhe n\u00ebse k\u00ebshtu vazhdohet, e sipas tyre nuk ka arsye t\u00eb mos vazhdoj\u00eb, ne jemi n\u00eb prag t\u00eb zhdukjes, jemi n\u00eb rrezik, gj\u00eb t\u00eb cil\u00ebn e kemi provuar edhe n\u00eb koh\u00ebn e monizmit. P\u00ebr k\u00ebt\u00eb nuk ka dyshim, alarmi \u00ebsht\u00eb dh\u00ebn\u00eb dhe ato q\u00eb sadopak kan\u00eb dinjitet duhet t\u00eb brengosen seriozisht p\u00ebr fatin e bashk\u00ebkombasve. Ne q\u00eb po k\u00ebrkojm\u00eb zgjidhje p\u00ebr problemet tona na \u00ebsht\u00eb e qart\u00eb pse arrit\u00ebm k\u00ebtu, po n\u00eb t\u00eb nj\u00ebjt\u00ebn koh\u00eb habitemi se si e lejuam k\u00ebt\u00eb, si u katandis\u00ebm k\u00ebshtu duke humbur vlerat tona komb\u00ebtare, duke harruar ata q\u00eb na lind\u00ebn e na rrit\u00ebn, duke injoruar ata q\u00eb na dhan\u00eb dor\u00ebn q\u00eb ne t\u00eb arsimohemi, he turp e pa\u00e7im, p\u00ebr t\u2019i dh\u00ebn\u00eb t\u00eb drejt\u00eb vet\u00ebs t\u00eb shkelim \u00e7do gj\u00eb q\u00eb ka t\u00eb b\u00ebjn\u00eb me dinjitetin ton\u00eb, me t\u00eb ardhmen ton\u00eb n\u00eb funksion t\u00eb p\u00ebrkrahjes t\u00eb atyre q\u00eb me vet\u00ebdije apo jo po shkat\u00ebrrojn\u00eb qenien ton\u00eb. A ka turp m\u00eb t\u00eb madh se sa njer\u00ebzit t\u00eb shiten p\u00ebr metra asfalt, p\u00ebr \u00e7imento,armatur\u00eb, apo edhe p\u00ebr nj\u00eb meditje! Ajo q\u00eb ndodhi deri n\u00eb dit\u00ebn e zgjedhjeve e d\u00ebshmoi at\u00eb, edhe nj\u00eb gj\u00eb q\u00eb nuk ishte n\u00eb sedr\u00ebn e shqiptarit d\u00ebshmoi prishjen e v\u00ebllaut me v\u00eblla, t\u00eb mikut me mikun e q\u00eb ndodhi pik\u00ebrisht n\u00eb k\u00ebto zgjedhje p\u00ebr t\u00eb cil\u00ebn dukuri fajin e kan\u00eb politikan\u00ebt t\u00eb cil\u00ebt nuk i dol\u00ebn p\u00ebrpara k\u00ebsaj katrahure, p\u00ebrkundrazi e fryen problemin p\u00ebrtej mas\u00ebs, gj\u00eb q\u00eb do t\u00eb jet\u00eb von\u00eb p\u00ebr ndonj\u00eb riparim t\u00eb mundsh\u00ebm.<\/p>\n<p>T\u00eb gjith\u00eb i d\u00ebgjon duke u ankuar p\u00ebr kushte t\u00eb v\u00ebshtira social-ekonomike, por kur shikon rezultatet e zgjedhjeve fiton bindjen se nuk \u00ebsht\u00eb ashtu. A ka gj\u00eb m\u00eb makabre kur p\u00ebr do far\u00eb standardeve flasin Ferhat Dinosha, G\u00ebzim Hajdinaga, Luigj Shkreli e Ali Rexha t\u00eb k\u00ebnaqur se do t\u00eb vazhdojn\u00eb s\u00eb bashku, kurse n\u00eb an\u00ebn tjet\u00ebr nuk kuptohen mesazhet e Nazif Cungut e Amir Hollaj, q\u00eb sipas krahut kund\u00ebrshtar nuk jan\u00eb t\u00eb pranuesh\u00ebm p\u00ebr pjes\u00ebn m\u00eb t\u00eb madhe t\u00eb votuesve shqiptar\u00eb. Kjo dukuri nuk jep shpres\u00eb, nuk jep kurajo p\u00ebr askend q\u00eb mendon me kok\u00ebn e vet, ndaj hapen plag\u00eb t\u00eb reja t\u00eb cilat v\u00ebshtir\u00eb q\u00eb k\u00ebto troje t\u00eb gjejn\u00eb nj\u00eb kok\u00eb t\u00eb nevojshme n\u00eb k\u00ebto momente p\u00ebr t\u00eb sanuar gjendjen e krijuar.<\/p>\n<p>Tani t\u00eb gjitha u pan\u00eb, nuk ka m\u00eb nevoj\u00eb p\u00ebr komente, e gjith\u00eb ajo q\u00eb ndodhi mund t\u00eb jet\u00eb gjith\u00e7ka tjet\u00ebr, por demokraci jo, jo e drejt e t\u00eb menduarit lirsh\u00ebm, jo ajo q\u00eb krijon siguri te qytetari, p\u00ebrkundrazi krijon pasiguri p\u00ebr hallet e shumta t\u00eb qytetar\u00ebve, edhe p\u00ebrkund\u00ebr num\u00ebrimit t\u00eb pafund t\u00eb problemeve q\u00eb p\u00ebr nj\u00eb koh\u00eb t\u00eb gjat\u00eb do t\u00eb vazhdojn\u00eb t\u00eb jen\u00eb prezente n\u00eb k\u00ebto troje. Tashm\u00eb \u00e7do gj\u00eb \u00ebsht\u00eb e qart\u00eb, renditja e mandateve u b\u00eb si k\u00ebtu n\u00eb Ulqin, po edhe n\u00eb Tuz prej nga vet\u00eb m\u00ebnyra e renditjes sjell\u00eb me vete nj\u00eb s\u00ebr\u00eb d\u00ebmesh p\u00ebr shoq\u00ebrin\u00eb ton\u00eb t\u00eb cil\u00ebn v\u00ebshtir\u00eb ta sanojm\u00eb. P\u00ebr situat\u00ebn e krijuar fajtor\u00eb jemi t\u00eb gjith\u00eb, pa dallim ku jemi, \u00e7far\u00eb punojm\u00eb, prandaj mungesa e respektit t\u00eb tyre p\u00ebr at\u00eb pjes\u00ebn tjet\u00ebr q\u00eb nuk u dha p\u00ebrkrahje duket se fati i tyre \u00ebsht\u00eb i vendosur. Rezultati i pun\u00ebve t\u00eb nisura n\u00eb form\u00ebn q\u00eb ka filluar, shpesh finalizohet me pendim, por at\u00ebher\u00eb do t\u00eb jet\u00eb tep\u00ebr von\u00eb p\u00ebr k\u00ebta shkat\u00ebrrues t\u00eb vlerave komb\u00ebtare. Ndryshe ky kaos i krijuar pik\u00ebrisht nga vet ata do vazhdoj\u00eb akoma m\u00eb tep\u00ebr t\u00eb jet\u00eb n\u00eb qender t\u00eb aktiviteteve t\u00eb p\u00ebrditshme. Kjo \u00ebsht\u00eb nj\u00eb sindrom\u00eb e tyre, nj\u00eb sindrom\u00eb q\u00eb quhet shqiptaroballkanik e nisur kjo q\u00eb n\u00eb vitet e komunizmit p\u00ebr t\u00eb vazhduar sot n\u00eb demokraci t\u00eb paqen\u00eb. Kjo demokraci e paqen\u00eb ka marr\u00eb p\u00ebrmasa makabre sa nuk mund t\u00eb gjesh as edhe nj\u00eb grimc\u00eb q\u00eb t\u00eb d\u00ebshmoj\u00eb p\u00ebr ekzistenc\u00ebn e demokracis\u00eb\u00a0 reale e t\u00eb v\u00ebrtet\u00eb. Shqiptar\u00ebt n\u00eb Mal t\u00eb Zi k\u00ebt\u00eb k\u00ebrkuan, t\u00eb mos ket\u00eb demokraci, t\u00eb mos ket\u00eb barazi, por vet\u00ebm mosbesim, frik\u00eb e urrejtje p\u00ebr nj\u00ebri-tjetrin. Ne k\u00ebnaqemi me pak, ndoshta dikush nuk do ta pranoj\u00eb, por kjo \u00ebsht\u00eb e v\u00ebrteta, ky \u00ebsht\u00eb realiteti yn\u00eb p\u00ebrderisa dalim n\u00eb shenj g\u00ebzimi e shtijm\u00eb me arm\u00eb p\u00ebr nj\u00eb fakt t\u00eb vet\u00ebm, p\u00ebr t\u00eb k\u00ebnaqur egon e nj\u00eb grupi personash, e ne heshtim, nuk reagojm\u00eb duke arsyetuar vet\u00ebn se ky \u00ebsht\u00eb realiteti, sovrani e tha fja\u00ebn e vet.<\/p>\n<p>Pra, marr\u00eb n\u00eb t\u00ebrsi kemi t\u00eb b\u00ebjm\u00eb me nj\u00eb politik\u00eb t\u00eb shkap\u00ebrderdhur e cila k\u00ebrkon zgjidhje akute p\u00ebr t\u00eb mos mbetur e till\u00eb n\u00eb trojet tona. Tani p\u00ebr tani \u00ebsht\u00eb nj\u00eb demokraci e d\u00ebshtuar dhe n\u00eb k\u00ebt\u00eb drejtim duhet punuar fort\u00eb p\u00ebr t\u00eb zgjidhur \u00e7\u00ebshtjet e hapura e t\u00eb pazgjidhura. Koha \u00ebsht\u00eb p\u00ebr veprim.<\/p>\n<p><strong>\u00a9 www.zemrashqiptare.net<\/strong><\/p>\n","protected":false},"excerpt":{"rendered":"<p>Nuk ka nevoj\u00eb p\u00ebr asfar\u00eb sensibilizimi t\u00eb \u00e7\u00ebshtjes shqiptare k\u00ebtu n\u00eb Ma t\u00eb Zi. Nj\u00eb katrahur\u00eb komb\u00ebtare rrezikon qenien ton\u00eb dhe kjo \u00ebsht\u00eb evidente tani pas zgjedhjeve lokale, t\u00eb mbajtura m\u00eb 23 maj. Kjo \u00ebsht\u00eb e v\u00ebrteta jon\u00eb, ky \u00ebsht\u00eb realiteti p\u00ebr momentin, dhe n\u00ebse k\u00ebshtu vazhdohet, e sipas tyre nuk ka arsye t\u00eb mos [&hellip;]<\/p>\n","protected":false},"author":1,"featured_media":0,"comment_status":"open","ping_status":"closed","sticky":false,"template":"","format":"standard","meta":{"spay_email":"","jetpack_publicize_message":"","jetpack_is_tweetstorm":false,"jetpack_publicize_feature_enabled":true},"categories":[14249],"tags":[8027,1303,97,222,14593,729,118,14594,3180],"jetpack_publicize_connections":[],"yoast_head":"<!-- This site is optimized with the Yoast SEO plugin v19.1 - https:\/\/yoast.com\/wordpress\/plugins\/seo\/ -->\n<title>Shaban Peraj: Katrahura e radh\u00ebs - Lajme nga Ulqini<\/title>\n<meta name=\"description\" content=\"Nuk ka nevoj\u00eb p\u00ebr asfar\u00eb sensibilizimi t\u00eb \u00e7\u00ebshtjes shqiptare k\u00ebtu n\u00eb Ma t\u00eb Zi. Nj\u00eb katrahur\u00eb komb\u00ebtare rrezikon qenien ton\u00eb dhe kjo \u00ebsht\u00eb evidente tani\" \/>\n<meta name=\"robots\" content=\"index, follow, max-snippet:-1, max-image-preview:large, max-video-preview:-1\" \/>\n<link rel=\"canonical\" href=\"https:\/\/www.visit-ulcinj.com\/blog\/2010\/05\/29\/shaban-peraj-katrahura-e-radhes\/\" \/>\n<meta property=\"og:locale\" content=\"en_US\" \/>\n<meta property=\"og:type\" content=\"article\" \/>\n<meta property=\"og:title\" content=\"Shaban Peraj: Katrahura e radh\u00ebs - Lajme nga Ulqini\" \/>\n<meta property=\"og:description\" content=\"Nuk ka nevoj\u00eb p\u00ebr asfar\u00eb sensibilizimi t\u00eb \u00e7\u00ebshtjes shqiptare k\u00ebtu n\u00eb Ma t\u00eb Zi. Nj\u00eb katrahur\u00eb komb\u00ebtare rrezikon qenien ton\u00eb dhe kjo \u00ebsht\u00eb evidente tani\" \/>\n<meta property=\"og:url\" content=\"https:\/\/www.visit-ulcinj.com\/blog\/2010\/05\/29\/shaban-peraj-katrahura-e-radhes\/\" \/>\n<meta property=\"og:site_name\" content=\"Lajme nga Ulqini\" \/>\n<meta property=\"article:published_time\" content=\"2010-05-29T20:45:38+00:00\" \/>\n<meta property=\"og:image\" content=\"http:\/\/www.visit-ulcinj.com\/blog\/wp-content\/uploads\/2009\/03\/retorike-e-ashper-dhe-negative-parazgjedhore-e-partive-shqiptare-_thashetheme.jpg\" \/>\n<meta name=\"twitter:label1\" content=\"Written by\" \/>\n\t<meta name=\"twitter:data1\" content=\"ulqini\" \/>\n\t<meta name=\"twitter:label2\" content=\"Est. reading time\" \/>\n\t<meta name=\"twitter:data2\" content=\"5 minutes\" \/>\n<script type=\"application\/ld+json\" class=\"yoast-schema-graph\">{\"@context\":\"https:\/\/schema.org\",\"@graph\":[{\"@type\":\"WebSite\",\"@id\":\"https:\/\/www.visit-ulcinj.com\/blog\/#website\",\"url\":\"https:\/\/www.visit-ulcinj.com\/blog\/\",\"name\":\"Lajme nga Ulqini\",\"description\":\"Lajme,Vijesti,Ulqini,Ulqin,Crna Gora,Mali i Zi\",\"potentialAction\":[{\"@type\":\"SearchAction\",\"target\":{\"@type\":\"EntryPoint\",\"urlTemplate\":\"https:\/\/www.visit-ulcinj.com\/blog\/?s={search_term_string}\"},\"query-input\":\"required name=search_term_string\"}],\"inLanguage\":\"en-US\"},{\"@type\":\"ImageObject\",\"inLanguage\":\"en-US\",\"@id\":\"https:\/\/www.visit-ulcinj.com\/blog\/2010\/05\/29\/shaban-peraj-katrahura-e-radhes\/#primaryimage\",\"url\":\"https:\/\/www.visit-ulcinj.com\/blog\/wp-content\/uploads\/2009\/03\/retorike-e-ashper-dhe-negative-parazgjedhore-e-partive-shqiptare-_thashetheme.jpg\",\"contentUrl\":\"https:\/\/www.visit-ulcinj.com\/blog\/wp-content\/uploads\/2009\/03\/retorike-e-ashper-dhe-negative-parazgjedhore-e-partive-shqiptare-_thashetheme.jpg\",\"width\":\"353\",\"height\":\"402\"},{\"@type\":\"WebPage\",\"@id\":\"https:\/\/www.visit-ulcinj.com\/blog\/2010\/05\/29\/shaban-peraj-katrahura-e-radhes\/#webpage\",\"url\":\"https:\/\/www.visit-ulcinj.com\/blog\/2010\/05\/29\/shaban-peraj-katrahura-e-radhes\/\",\"name\":\"Shaban Peraj: Katrahura e radh\u00ebs - Lajme nga Ulqini\",\"isPartOf\":{\"@id\":\"https:\/\/www.visit-ulcinj.com\/blog\/#website\"},\"primaryImageOfPage\":{\"@id\":\"https:\/\/www.visit-ulcinj.com\/blog\/2010\/05\/29\/shaban-peraj-katrahura-e-radhes\/#primaryimage\"},\"datePublished\":\"2010-05-29T20:45:38+00:00\",\"dateModified\":\"2010-05-29T20:45:38+00:00\",\"author\":{\"@id\":\"https:\/\/www.visit-ulcinj.com\/blog\/#\/schema\/person\/dcab619c614d3038751c63bc2aadc06d\"},\"description\":\"Nuk ka nevoj\u00eb p\u00ebr asfar\u00eb sensibilizimi t\u00eb \u00e7\u00ebshtjes shqiptare k\u00ebtu n\u00eb Ma t\u00eb Zi. Nj\u00eb katrahur\u00eb komb\u00ebtare rrezikon qenien ton\u00eb dhe kjo \u00ebsht\u00eb evidente tani\",\"breadcrumb\":{\"@id\":\"https:\/\/www.visit-ulcinj.com\/blog\/2010\/05\/29\/shaban-peraj-katrahura-e-radhes\/#breadcrumb\"},\"inLanguage\":\"en-US\",\"potentialAction\":[{\"@type\":\"ReadAction\",\"target\":[\"https:\/\/www.visit-ulcinj.com\/blog\/2010\/05\/29\/shaban-peraj-katrahura-e-radhes\/\"]}]},{\"@type\":\"BreadcrumbList\",\"@id\":\"https:\/\/www.visit-ulcinj.com\/blog\/2010\/05\/29\/shaban-peraj-katrahura-e-radhes\/#breadcrumb\",\"itemListElement\":[{\"@type\":\"ListItem\",\"position\":1,\"name\":\"Shaban Peraj: Katrahura e radh\u00ebs\"}]},{\"@type\":\"Person\",\"@id\":\"https:\/\/www.visit-ulcinj.com\/blog\/#\/schema\/person\/dcab619c614d3038751c63bc2aadc06d\",\"name\":\"ulqini\",\"sameAs\":[\"http:\/\/www.visit-ulcinj.com\"],\"url\":\"https:\/\/www.visit-ulcinj.com\/blog\/author\/admin\/\"}]}<\/script>\n<!-- \/ Yoast SEO plugin. -->","yoast_head_json":{"title":"Shaban Peraj: Katrahura e radh\u00ebs - Lajme nga Ulqini","description":"Nuk ka nevoj\u00eb p\u00ebr asfar\u00eb sensibilizimi t\u00eb \u00e7\u00ebshtjes shqiptare k\u00ebtu n\u00eb Ma t\u00eb Zi. Nj\u00eb katrahur\u00eb komb\u00ebtare rrezikon qenien ton\u00eb dhe kjo \u00ebsht\u00eb evidente tani","robots":{"index":"index","follow":"follow","max-snippet":"max-snippet:-1","max-image-preview":"max-image-preview:large","max-video-preview":"max-video-preview:-1"},"canonical":"https:\/\/www.visit-ulcinj.com\/blog\/2010\/05\/29\/shaban-peraj-katrahura-e-radhes\/","og_locale":"en_US","og_type":"article","og_title":"Shaban Peraj: Katrahura e radh\u00ebs - Lajme nga Ulqini","og_description":"Nuk ka nevoj\u00eb p\u00ebr asfar\u00eb sensibilizimi t\u00eb \u00e7\u00ebshtjes shqiptare k\u00ebtu n\u00eb Ma t\u00eb Zi. Nj\u00eb katrahur\u00eb komb\u00ebtare rrezikon qenien ton\u00eb dhe kjo \u00ebsht\u00eb evidente tani","og_url":"https:\/\/www.visit-ulcinj.com\/blog\/2010\/05\/29\/shaban-peraj-katrahura-e-radhes\/","og_site_name":"Lajme nga Ulqini","article_published_time":"2010-05-29T20:45:38+00:00","og_image":[{"url":"http:\/\/www.visit-ulcinj.com\/blog\/wp-content\/uploads\/2009\/03\/retorike-e-ashper-dhe-negative-parazgjedhore-e-partive-shqiptare-_thashetheme.jpg"}],"twitter_misc":{"Written by":"ulqini","Est. reading time":"5 minutes"},"schema":{"@context":"https:\/\/schema.org","@graph":[{"@type":"WebSite","@id":"https:\/\/www.visit-ulcinj.com\/blog\/#website","url":"https:\/\/www.visit-ulcinj.com\/blog\/","name":"Lajme nga Ulqini","description":"Lajme,Vijesti,Ulqini,Ulqin,Crna Gora,Mali i Zi","potentialAction":[{"@type":"SearchAction","target":{"@type":"EntryPoint","urlTemplate":"https:\/\/www.visit-ulcinj.com\/blog\/?s={search_term_string}"},"query-input":"required name=search_term_string"}],"inLanguage":"en-US"},{"@type":"ImageObject","inLanguage":"en-US","@id":"https:\/\/www.visit-ulcinj.com\/blog\/2010\/05\/29\/shaban-peraj-katrahura-e-radhes\/#primaryimage","url":"https:\/\/www.visit-ulcinj.com\/blog\/wp-content\/uploads\/2009\/03\/retorike-e-ashper-dhe-negative-parazgjedhore-e-partive-shqiptare-_thashetheme.jpg","contentUrl":"https:\/\/www.visit-ulcinj.com\/blog\/wp-content\/uploads\/2009\/03\/retorike-e-ashper-dhe-negative-parazgjedhore-e-partive-shqiptare-_thashetheme.jpg","width":"353","height":"402"},{"@type":"WebPage","@id":"https:\/\/www.visit-ulcinj.com\/blog\/2010\/05\/29\/shaban-peraj-katrahura-e-radhes\/#webpage","url":"https:\/\/www.visit-ulcinj.com\/blog\/2010\/05\/29\/shaban-peraj-katrahura-e-radhes\/","name":"Shaban Peraj: Katrahura e radh\u00ebs - Lajme nga Ulqini","isPartOf":{"@id":"https:\/\/www.visit-ulcinj.com\/blog\/#website"},"primaryImageOfPage":{"@id":"https:\/\/www.visit-ulcinj.com\/blog\/2010\/05\/29\/shaban-peraj-katrahura-e-radhes\/#primaryimage"},"datePublished":"2010-05-29T20:45:38+00:00","dateModified":"2010-05-29T20:45:38+00:00","author":{"@id":"https:\/\/www.visit-ulcinj.com\/blog\/#\/schema\/person\/dcab619c614d3038751c63bc2aadc06d"},"description":"Nuk ka nevoj\u00eb p\u00ebr asfar\u00eb sensibilizimi t\u00eb \u00e7\u00ebshtjes shqiptare k\u00ebtu n\u00eb Ma t\u00eb Zi. Nj\u00eb katrahur\u00eb komb\u00ebtare rrezikon qenien ton\u00eb dhe kjo \u00ebsht\u00eb evidente tani","breadcrumb":{"@id":"https:\/\/www.visit-ulcinj.com\/blog\/2010\/05\/29\/shaban-peraj-katrahura-e-radhes\/#breadcrumb"},"inLanguage":"en-US","potentialAction":[{"@type":"ReadAction","target":["https:\/\/www.visit-ulcinj.com\/blog\/2010\/05\/29\/shaban-peraj-katrahura-e-radhes\/"]}]},{"@type":"BreadcrumbList","@id":"https:\/\/www.visit-ulcinj.com\/blog\/2010\/05\/29\/shaban-peraj-katrahura-e-radhes\/#breadcrumb","itemListElement":[{"@type":"ListItem","position":1,"name":"Shaban Peraj: Katrahura e radh\u00ebs"}]},{"@type":"Person","@id":"https:\/\/www.visit-ulcinj.com\/blog\/#\/schema\/person\/dcab619c614d3038751c63bc2aadc06d","name":"ulqini","sameAs":["http:\/\/www.visit-ulcinj.com"],"url":"https:\/\/www.visit-ulcinj.com\/blog\/author\/admin\/"}]}},"jetpack_featured_media_url":"","jetpack_sharing_enabled":true,"jetpack_shortlink":"https:\/\/wp.me\/pe6lTn-8R4","_links":{"self":[{"href":"https:\/\/www.visit-ulcinj.com\/blog\/wp-json\/wp\/v2\/posts\/34042"}],"collection":[{"href":"https:\/\/www.visit-ulcinj.com\/blog\/wp-json\/wp\/v2\/posts"}],"about":[{"href":"https:\/\/www.visit-ulcinj.com\/blog\/wp-json\/wp\/v2\/types\/post"}],"author":[{"embeddable":true,"href":"https:\/\/www.visit-ulcinj.com\/blog\/wp-json\/wp\/v2\/users\/1"}],"replies":[{"embeddable":true,"href":"https:\/\/www.visit-ulcinj.com\/blog\/wp-json\/wp\/v2\/comments?post=34042"}],"version-history":[{"count":0,"href":"https:\/\/www.visit-ulcinj.com\/blog\/wp-json\/wp\/v2\/posts\/34042\/revisions"}],"wp:attachment":[{"href":"https:\/\/www.visit-ulcinj.com\/blog\/wp-json\/wp\/v2\/media?parent=34042"}],"wp:term":[{"taxonomy":"category","embeddable":true,"href":"https:\/\/www.visit-ulcinj.com\/blog\/wp-json\/wp\/v2\/categories?post=34042"},{"taxonomy":"post_tag","embeddable":true,"href":"https:\/\/www.visit-ulcinj.com\/blog\/wp-json\/wp\/v2\/tags?post=34042"}],"curies":[{"name":"wp","href":"https:\/\/api.w.org\/{rel}","templated":true}]}}