{"id":34144,"date":"2010-05-31T18:31:46","date_gmt":"2010-05-31T16:31:46","guid":{"rendered":"http:\/\/www.visit-ulcinj.com\/blog\/?p=34144"},"modified":"2010-05-31T18:34:10","modified_gmt":"2010-05-31T16:34:10","slug":"%e2%80%9ebarkli-montenegro%e2%80%9d-nece-otvoriti-hotel-otrant-u-ulcinju","status":"publish","type":"post","link":"https:\/\/www.visit-ulcinj.com\/blog\/2010\/05\/31\/%e2%80%9ebarkli-montenegro%e2%80%9d-nece-otvoriti-hotel-otrant-u-ulcinju\/","title":{"rendered":"\u201eBarkli Montenegro\u201d ne?e otvoriti hotel Otrant u Ulcinju"},"content":{"rendered":"<p><strong><a href=\"http:\/\/www.visit-ulcinj.com\/blog\/wp-content\/uploads\/2010\/05\/hotel-otrant-ulcinj2.jpg\"><img loading=\"lazy\" class=\"alignleft size-full wp-image-34145\" title=\"hotel otrant ulcinj\" src=\"http:\/\/www.visit-ulcinj.com\/blog\/wp-content\/uploads\/2010\/05\/hotel-otrant-ulcinj2.jpg\" alt=\"hotel otrant ulcinj\" width=\"4900\" height=\"366\" \/><\/a>Pe?at na Otrant<\/strong><br \/>\nUlcinj &#8211; Ruska korporacija \u201eBarkli\u201c odlu?ila je da ove sezone ne otvara hotel \u201eOtrant\u201c na Velikoj pla\u017ei u Ulcinju, \u0161to ?e sigurno ugroziti ionako krhku turisti?ku ponudu grada i dodatno rasrditi radnike.<br \/>\nNa krajnje restriktivan i nepopularan potez Rusi su se odlu?ili \u201ezbog globalne krize, lo\u0161e infrastrukture i kriti?ne ekolo\u0161ke situacije u kojoj se nalazi obli\u017enji kanal Port Milena, \u0161to je pro\u0161le godine rezultiralo minusom od pola miliona eura\u201c.<br \/>\n\u201cUz postoje?i broj soba, plan za 2010. godinu prili?no je pesimisti?an. U takvoj situaciji jedno od najprihvatljivijih rje\u0161enja za nas je konzervacija hotela na jednu godinu uz istovremeno intenzivne pripreme za narednu sezonu. Do tada planiramo renoviranje postoje?ih vila, \u0161to ?e dovesti do pove?anja kapaciteta za sto smje\u0161tajnih jedinica. Tako?e, planiramo da po?nemo gradnju druge faze hotela kapaciteta 200 le\u017eaja.<br \/>\nMe?utim, rokovi daljeg razvoja i dinamika realizacije projekta ne zavise samo od vlasnika ve? i od vlasti u Crnoj Gori\u201d, navodi se u dopisu koji su Moskovljani dostavili \u201eVijestima\u201c. Odbor direktora korporacije, dodaje se u dopisu, nastavlja da traga za efikasnim rje\u0161enjem nastale situacije.<br \/>\nK?erka \u201eBarklija\u201c, crnogorska firma \u201eBarkli Montenegro\u201c koja gazduje \u201eOtrantom\u201c, najavila je da ?e se bez obzira na nastalu situaciju, red i ?isto?a odr\u017eavati kao i do sada, te da ?e svim posjetiocima omogu?iti slobodan pristup kupali\u0161tu \u201ekoje ?e biti ure?eno po svim zahtjevima \\&#8217;Morskog dobra\\&#8217;\u201d. Rusi tvrde i da su u skladu sa odredbama kupoprodajnog ugovora u \u201eOtrant\u201c do sada ulo\u017eili 10 miliona eura.<br \/>\n\u201cIzvr\u0161ili smo potpuno renoviranje objekta u skladu sa me?unarodnim zahtjevima koji se odnose na hotelske komplekse. Na taj na?in smo u cjelosti ispunili ugovorom preuzete obaveze\u201d, isti?e se u dopisu, uz podsje?anje da su vlasnici \u201ctokom pet godina rada u Crnoj Gori redovno izmirivali sve obaveze prema radnicima\u201d.<br \/>\nHotel \u201eIberostar Otrant Beach\u201c otvoren je u oktobru 2008. godine, ali je uprkos minusu, kako ka\u017eu u \u201eBarkliju\u201c, lani pokazao moderne i visoko funkcionalne kvalitete.<br \/>\nUpravljanje hotelom od 2008. preuzela je ?uvena \u0161panska kompanija \u201eIberostar hotels&amp;resorts\u201c.<br \/>\nIz Moskve, me?utim, nije stigao odgovor na pitanje \u201eVijesti\u201c da li su \u0160panci raskinuli desetogodi\u0161nji ugovor i ako jesu zbog ?ega. isplata zarada.<br \/>\n<strong>S.ADROVI?<br \/>\n<a href=\"http:\/\/www.vijesti.me\/index.php?id_pre=339349&amp;godina=2010\" target=\"_blank\">Vijesti<br \/>\n\n\t\t<style type=\"text\/css\">\n\t\t\t#gallery-1 {\n\t\t\t\tmargin: auto;\n\t\t\t}\n\t\t\t#gallery-1 .gallery-item {\n\t\t\t\tfloat: left;\n\t\t\t\tmargin-top: 10px;\n\t\t\t\ttext-align: center;\n\t\t\t\twidth: 33%;\n\t\t\t}\n\t\t\t#gallery-1 img {\n\t\t\t\tborder: 2px solid #cfcfcf;\n\t\t\t}\n\t\t\t#gallery-1 .gallery-caption {\n\t\t\t\tmargin-left: 0;\n\t\t\t}\n\t\t\t\/* see gallery_shortcode() in wp-includes\/media.php *\/\n\t\t<\/style>\n\t\t<div id='gallery-1' class='gallery galleryid-34144 gallery-columns-3 gallery-size-thumbnail'><dl class='gallery-item'>\n\t\t\t<dt class='gallery-icon landscape'>\n\t\t\t\t<a href='https:\/\/www.visit-ulcinj.com\/blog\/wp-content\/uploads\/2010\/05\/hotel-otrant-ulcinj2.jpg'><img width=\"150\" height=\"150\" src=\"https:\/\/www.visit-ulcinj.com\/blog\/wp-content\/uploads\/2010\/05\/hotel-otrant-ulcinj2-150x150.jpg\" class=\"attachment-thumbnail size-thumbnail\" alt=\"\" loading=\"lazy\" \/><\/a>\n\t\t\t<\/dt><\/dl><dl class='gallery-item'>\n\t\t\t<dt class='gallery-icon landscape'>\n\t\t\t\t<a href='https:\/\/www.visit-ulcinj.com\/blog\/wp-content\/uploads\/2010\/05\/hotel-otrant-ulcinj11.jpg'><img width=\"150\" height=\"150\" src=\"https:\/\/www.visit-ulcinj.com\/blog\/wp-content\/uploads\/2010\/05\/hotel-otrant-ulcinj11-150x150.jpg\" class=\"attachment-thumbnail size-thumbnail\" alt=\"\" loading=\"lazy\" \/><\/a>\n\t\t\t<\/dt><\/dl><dl class='gallery-item'>\n\t\t\t<dt class='gallery-icon landscape'>\n\t\t\t\t<a href='https:\/\/www.visit-ulcinj.com\/blog\/wp-content\/uploads\/2010\/05\/hotel-otrant-ulcinj.2.jpg'><img width=\"150\" height=\"150\" src=\"https:\/\/www.visit-ulcinj.com\/blog\/wp-content\/uploads\/2010\/05\/hotel-otrant-ulcinj.2-150x150.jpg\" class=\"attachment-thumbnail size-thumbnail\" alt=\"\" loading=\"lazy\" \/><\/a>\n\t\t\t<\/dt><\/dl><br style=\"clear: both\" \/><dl class='gallery-item'>\n\t\t\t<dt class='gallery-icon landscape'>\n\t\t\t\t<a href='https:\/\/www.visit-ulcinj.com\/blog\/wp-content\/uploads\/2010\/05\/hotel-otrant-ulcinj.3.jpg'><img width=\"150\" height=\"150\" src=\"https:\/\/www.visit-ulcinj.com\/blog\/wp-content\/uploads\/2010\/05\/hotel-otrant-ulcinj.3-150x150.jpg\" class=\"attachment-thumbnail size-thumbnail\" alt=\"\" loading=\"lazy\" \/><\/a>\n\t\t\t<\/dt><\/dl><dl class='gallery-item'>\n\t\t\t<dt class='gallery-icon landscape'>\n\t\t\t\t<a href='https:\/\/www.visit-ulcinj.com\/blog\/wp-content\/uploads\/2010\/05\/hotel-otrant-ulcinj.4.jpg'><img width=\"150\" height=\"150\" src=\"https:\/\/www.visit-ulcinj.com\/blog\/wp-content\/uploads\/2010\/05\/hotel-otrant-ulcinj.4-150x150.jpg\" class=\"attachment-thumbnail size-thumbnail\" alt=\"\" loading=\"lazy\" \/><\/a>\n\t\t\t<\/dt><\/dl><dl class='gallery-item'>\n\t\t\t<dt class='gallery-icon landscape'>\n\t\t\t\t<a href='https:\/\/www.visit-ulcinj.com\/blog\/wp-content\/uploads\/2010\/05\/hotel-otrant-ulcinj.5.jpg'><img width=\"150\" height=\"150\" src=\"https:\/\/www.visit-ulcinj.com\/blog\/wp-content\/uploads\/2010\/05\/hotel-otrant-ulcinj.5-150x150.jpg\" class=\"attachment-thumbnail size-thumbnail\" alt=\"\" loading=\"lazy\" \/><\/a>\n\t\t\t<\/dt><\/dl><br style=\"clear: both\" \/><dl class='gallery-item'>\n\t\t\t<dt class='gallery-icon landscape'>\n\t\t\t\t<a href='https:\/\/www.visit-ulcinj.com\/blog\/wp-content\/uploads\/2010\/05\/hotel-otrant-ulcinj.6.jpg'><img width=\"150\" height=\"150\" src=\"https:\/\/www.visit-ulcinj.com\/blog\/wp-content\/uploads\/2010\/05\/hotel-otrant-ulcinj.6-150x150.jpg\" class=\"attachment-thumbnail size-thumbnail\" alt=\"\" loading=\"lazy\" \/><\/a>\n\t\t\t<\/dt><\/dl><dl class='gallery-item'>\n\t\t\t<dt class='gallery-icon landscape'>\n\t\t\t\t<a href='https:\/\/www.visit-ulcinj.com\/blog\/wp-content\/uploads\/2010\/05\/hotel-otrant-ulcinj.7.jpg'><img width=\"150\" height=\"150\" src=\"https:\/\/www.visit-ulcinj.com\/blog\/wp-content\/uploads\/2010\/05\/hotel-otrant-ulcinj.7-150x150.jpg\" class=\"attachment-thumbnail size-thumbnail\" alt=\"\" loading=\"lazy\" \/><\/a>\n\t\t\t<\/dt><\/dl><dl class='gallery-item'>\n\t\t\t<dt class='gallery-icon landscape'>\n\t\t\t\t<a href='https:\/\/www.visit-ulcinj.com\/blog\/wp-content\/uploads\/2010\/05\/hotel-otrant-ulcinj.9.jpg'><img width=\"150\" height=\"150\" src=\"https:\/\/www.visit-ulcinj.com\/blog\/wp-content\/uploads\/2010\/05\/hotel-otrant-ulcinj.9-150x150.jpg\" class=\"attachment-thumbnail size-thumbnail\" alt=\"\" loading=\"lazy\" \/><\/a>\n\t\t\t<\/dt><\/dl><br style=\"clear: both\" \/>\n\t\t<\/div>\n<br \/>\n<\/a><!--YouTube Error: bad URL entered--><a href=\"http:\/\/www.vijesti.me\/index.php?id_pre=339349&amp;godina=2010\" target=\"_blank\"><\/a><\/strong><\/p>\n<p><strong> <\/strong><\/p>\n","protected":false},"excerpt":{"rendered":"<p>Pe?at na Otrant Ulcinj &#8211; Ruska korporacija \u201eBarkli\u201c odlu?ila je da ove sezone ne otvara hotel \u201eOtrant\u201c na Velikoj pla\u017ei u Ulcinju, \u0161to ?e sigurno ugroziti ionako krhku turisti?ku ponudu grada i dodatno rasrditi radnike. Na krajnje restriktivan i nepopularan potez Rusi su se odlu?ili \u201ezbog globalne krize, lo\u0161e infrastrukture i kriti?ne ekolo\u0161ke situacije u [&hellip;]<\/p>\n","protected":false},"author":1,"featured_media":0,"comment_status":"open","ping_status":"closed","sticky":false,"template":"","format":"standard","meta":{"spay_email":"","jetpack_publicize_message":"","jetpack_is_tweetstorm":false,"jetpack_publicize_feature_enabled":true},"categories":[8337],"tags":[14605,14606],"jetpack_publicize_connections":[],"yoast_head":"<!-- This site is optimized with the Yoast SEO plugin v19.1 - https:\/\/yoast.com\/wordpress\/plugins\/seo\/ -->\n<title>\u201eBarkli Montenegro\u201d ne?e otvoriti hotel Otrant u Ulcinju - Lajme nga Ulqini<\/title>\n<meta name=\"description\" content=\"Pe?at na Otrant Ulcinj - Ruska korporacija \u201eBarkli\u201c odlu?ila je da ove sezone ne otvara hotel \u201eOtrant\u201c na Velikoj pla\u017ei u Ulcinju, \u0161to ?e sigurno ugroziti\" \/>\n<meta name=\"robots\" content=\"index, follow, max-snippet:-1, max-image-preview:large, max-video-preview:-1\" \/>\n<link rel=\"canonical\" href=\"https:\/\/www.visit-ulcinj.com\/blog\/2010\/05\/31\/\u201ebarkli-montenegro\u201d-nece-otvoriti-hotel-otrant-u-ulcinju\/\" \/>\n<meta property=\"og:locale\" content=\"en_US\" \/>\n<meta property=\"og:type\" content=\"article\" \/>\n<meta property=\"og:title\" content=\"\u201eBarkli Montenegro\u201d ne?e otvoriti hotel Otrant u Ulcinju - Lajme nga Ulqini\" \/>\n<meta property=\"og:description\" content=\"Pe?at na Otrant Ulcinj - Ruska korporacija \u201eBarkli\u201c odlu?ila je da ove sezone ne otvara hotel \u201eOtrant\u201c na Velikoj pla\u017ei u Ulcinju, \u0161to ?e sigurno ugroziti\" \/>\n<meta property=\"og:url\" content=\"https:\/\/www.visit-ulcinj.com\/blog\/2010\/05\/31\/\u201ebarkli-montenegro\u201d-nece-otvoriti-hotel-otrant-u-ulcinju\/\" \/>\n<meta property=\"og:site_name\" content=\"Lajme nga Ulqini\" \/>\n<meta property=\"article:published_time\" content=\"2010-05-31T16:31:46+00:00\" \/>\n<meta property=\"article:modified_time\" content=\"2010-05-31T16:34:10+00:00\" \/>\n<meta property=\"og:image\" content=\"https:\/\/www.visit-ulcinj.com\/blog\/wp-content\/uploads\/2010\/05\/hotel-otrant-ulcinj2-150x150.jpg\" \/>\n<meta name=\"twitter:label1\" content=\"Written by\" \/>\n\t<meta name=\"twitter:data1\" content=\"ulqini\" \/>\n\t<meta name=\"twitter:label2\" content=\"Est. reading time\" \/>\n\t<meta name=\"twitter:data2\" content=\"2 minutes\" \/>\n<script type=\"application\/ld+json\" class=\"yoast-schema-graph\">{\"@context\":\"https:\/\/schema.org\",\"@graph\":[{\"@type\":\"WebSite\",\"@id\":\"https:\/\/www.visit-ulcinj.com\/blog\/#website\",\"url\":\"https:\/\/www.visit-ulcinj.com\/blog\/\",\"name\":\"Lajme nga Ulqini\",\"description\":\"Lajme,Vijesti,Ulqini,Ulqin,Crna Gora,Mali i Zi\",\"potentialAction\":[{\"@type\":\"SearchAction\",\"target\":{\"@type\":\"EntryPoint\",\"urlTemplate\":\"https:\/\/www.visit-ulcinj.com\/blog\/?s={search_term_string}\"},\"query-input\":\"required name=search_term_string\"}],\"inLanguage\":\"en-US\"},{\"@type\":\"ImageObject\",\"inLanguage\":\"en-US\",\"@id\":\"https:\/\/www.visit-ulcinj.com\/blog\/2010\/05\/31\/%e2%80%9ebarkli-montenegro%e2%80%9d-nece-otvoriti-hotel-otrant-u-ulcinju\/#primaryimage\",\"url\":\"https:\/\/www.visit-ulcinj.com\/blog\/wp-content\/uploads\/2010\/05\/hotel-otrant-ulcinj2.jpg\",\"contentUrl\":\"https:\/\/www.visit-ulcinj.com\/blog\/wp-content\/uploads\/2010\/05\/hotel-otrant-ulcinj2.jpg\",\"width\":\"750\",\"height\":\"466\"},{\"@type\":\"WebPage\",\"@id\":\"https:\/\/www.visit-ulcinj.com\/blog\/2010\/05\/31\/%e2%80%9ebarkli-montenegro%e2%80%9d-nece-otvoriti-hotel-otrant-u-ulcinju\/#webpage\",\"url\":\"https:\/\/www.visit-ulcinj.com\/blog\/2010\/05\/31\/%e2%80%9ebarkli-montenegro%e2%80%9d-nece-otvoriti-hotel-otrant-u-ulcinju\/\",\"name\":\"\u201eBarkli Montenegro\u201d ne?e otvoriti hotel Otrant u Ulcinju - Lajme nga Ulqini\",\"isPartOf\":{\"@id\":\"https:\/\/www.visit-ulcinj.com\/blog\/#website\"},\"primaryImageOfPage\":{\"@id\":\"https:\/\/www.visit-ulcinj.com\/blog\/2010\/05\/31\/%e2%80%9ebarkli-montenegro%e2%80%9d-nece-otvoriti-hotel-otrant-u-ulcinju\/#primaryimage\"},\"datePublished\":\"2010-05-31T16:31:46+00:00\",\"dateModified\":\"2010-05-31T16:34:10+00:00\",\"author\":{\"@id\":\"https:\/\/www.visit-ulcinj.com\/blog\/#\/schema\/person\/dcab619c614d3038751c63bc2aadc06d\"},\"description\":\"Pe?at na Otrant Ulcinj - Ruska korporacija \u201eBarkli\u201c odlu?ila je da ove sezone ne otvara hotel \u201eOtrant\u201c na Velikoj pla\u017ei u Ulcinju, \u0161to ?e sigurno ugroziti\",\"breadcrumb\":{\"@id\":\"https:\/\/www.visit-ulcinj.com\/blog\/2010\/05\/31\/%e2%80%9ebarkli-montenegro%e2%80%9d-nece-otvoriti-hotel-otrant-u-ulcinju\/#breadcrumb\"},\"inLanguage\":\"en-US\",\"potentialAction\":[{\"@type\":\"ReadAction\",\"target\":[\"https:\/\/www.visit-ulcinj.com\/blog\/2010\/05\/31\/%e2%80%9ebarkli-montenegro%e2%80%9d-nece-otvoriti-hotel-otrant-u-ulcinju\/\"]}]},{\"@type\":\"BreadcrumbList\",\"@id\":\"https:\/\/www.visit-ulcinj.com\/blog\/2010\/05\/31\/%e2%80%9ebarkli-montenegro%e2%80%9d-nece-otvoriti-hotel-otrant-u-ulcinju\/#breadcrumb\",\"itemListElement\":[{\"@type\":\"ListItem\",\"position\":1,\"name\":\"\u201eBarkli Montenegro\u201d ne?e otvoriti hotel Otrant u Ulcinju\"}]},{\"@type\":\"Person\",\"@id\":\"https:\/\/www.visit-ulcinj.com\/blog\/#\/schema\/person\/dcab619c614d3038751c63bc2aadc06d\",\"name\":\"ulqini\",\"sameAs\":[\"http:\/\/www.visit-ulcinj.com\"],\"url\":\"https:\/\/www.visit-ulcinj.com\/blog\/author\/admin\/\"}]}<\/script>\n<!-- \/ Yoast SEO plugin. -->","yoast_head_json":{"title":"\u201eBarkli Montenegro\u201d ne?e otvoriti hotel Otrant u Ulcinju - Lajme nga Ulqini","description":"Pe?at na Otrant Ulcinj - Ruska korporacija \u201eBarkli\u201c odlu?ila je da ove sezone ne otvara hotel \u201eOtrant\u201c na Velikoj pla\u017ei u Ulcinju, \u0161to ?e sigurno ugroziti","robots":{"index":"index","follow":"follow","max-snippet":"max-snippet:-1","max-image-preview":"max-image-preview:large","max-video-preview":"max-video-preview:-1"},"canonical":"https:\/\/www.visit-ulcinj.com\/blog\/2010\/05\/31\/\u201ebarkli-montenegro\u201d-nece-otvoriti-hotel-otrant-u-ulcinju\/","og_locale":"en_US","og_type":"article","og_title":"\u201eBarkli Montenegro\u201d ne?e otvoriti hotel Otrant u Ulcinju - Lajme nga Ulqini","og_description":"Pe?at na Otrant Ulcinj - Ruska korporacija \u201eBarkli\u201c odlu?ila je da ove sezone ne otvara hotel \u201eOtrant\u201c na Velikoj pla\u017ei u Ulcinju, \u0161to ?e sigurno ugroziti","og_url":"https:\/\/www.visit-ulcinj.com\/blog\/2010\/05\/31\/\u201ebarkli-montenegro\u201d-nece-otvoriti-hotel-otrant-u-ulcinju\/","og_site_name":"Lajme nga Ulqini","article_published_time":"2010-05-31T16:31:46+00:00","article_modified_time":"2010-05-31T16:34:10+00:00","og_image":[{"url":"https:\/\/www.visit-ulcinj.com\/blog\/wp-content\/uploads\/2010\/05\/hotel-otrant-ulcinj2-150x150.jpg"}],"twitter_misc":{"Written by":"ulqini","Est. reading time":"2 minutes"},"schema":{"@context":"https:\/\/schema.org","@graph":[{"@type":"WebSite","@id":"https:\/\/www.visit-ulcinj.com\/blog\/#website","url":"https:\/\/www.visit-ulcinj.com\/blog\/","name":"Lajme nga Ulqini","description":"Lajme,Vijesti,Ulqini,Ulqin,Crna Gora,Mali i Zi","potentialAction":[{"@type":"SearchAction","target":{"@type":"EntryPoint","urlTemplate":"https:\/\/www.visit-ulcinj.com\/blog\/?s={search_term_string}"},"query-input":"required name=search_term_string"}],"inLanguage":"en-US"},{"@type":"ImageObject","inLanguage":"en-US","@id":"https:\/\/www.visit-ulcinj.com\/blog\/2010\/05\/31\/%e2%80%9ebarkli-montenegro%e2%80%9d-nece-otvoriti-hotel-otrant-u-ulcinju\/#primaryimage","url":"https:\/\/www.visit-ulcinj.com\/blog\/wp-content\/uploads\/2010\/05\/hotel-otrant-ulcinj2.jpg","contentUrl":"https:\/\/www.visit-ulcinj.com\/blog\/wp-content\/uploads\/2010\/05\/hotel-otrant-ulcinj2.jpg","width":"750","height":"466"},{"@type":"WebPage","@id":"https:\/\/www.visit-ulcinj.com\/blog\/2010\/05\/31\/%e2%80%9ebarkli-montenegro%e2%80%9d-nece-otvoriti-hotel-otrant-u-ulcinju\/#webpage","url":"https:\/\/www.visit-ulcinj.com\/blog\/2010\/05\/31\/%e2%80%9ebarkli-montenegro%e2%80%9d-nece-otvoriti-hotel-otrant-u-ulcinju\/","name":"\u201eBarkli Montenegro\u201d ne?e otvoriti hotel Otrant u Ulcinju - Lajme nga Ulqini","isPartOf":{"@id":"https:\/\/www.visit-ulcinj.com\/blog\/#website"},"primaryImageOfPage":{"@id":"https:\/\/www.visit-ulcinj.com\/blog\/2010\/05\/31\/%e2%80%9ebarkli-montenegro%e2%80%9d-nece-otvoriti-hotel-otrant-u-ulcinju\/#primaryimage"},"datePublished":"2010-05-31T16:31:46+00:00","dateModified":"2010-05-31T16:34:10+00:00","author":{"@id":"https:\/\/www.visit-ulcinj.com\/blog\/#\/schema\/person\/dcab619c614d3038751c63bc2aadc06d"},"description":"Pe?at na Otrant Ulcinj - Ruska korporacija \u201eBarkli\u201c odlu?ila je da ove sezone ne otvara hotel \u201eOtrant\u201c na Velikoj pla\u017ei u Ulcinju, \u0161to ?e sigurno ugroziti","breadcrumb":{"@id":"https:\/\/www.visit-ulcinj.com\/blog\/2010\/05\/31\/%e2%80%9ebarkli-montenegro%e2%80%9d-nece-otvoriti-hotel-otrant-u-ulcinju\/#breadcrumb"},"inLanguage":"en-US","potentialAction":[{"@type":"ReadAction","target":["https:\/\/www.visit-ulcinj.com\/blog\/2010\/05\/31\/%e2%80%9ebarkli-montenegro%e2%80%9d-nece-otvoriti-hotel-otrant-u-ulcinju\/"]}]},{"@type":"BreadcrumbList","@id":"https:\/\/www.visit-ulcinj.com\/blog\/2010\/05\/31\/%e2%80%9ebarkli-montenegro%e2%80%9d-nece-otvoriti-hotel-otrant-u-ulcinju\/#breadcrumb","itemListElement":[{"@type":"ListItem","position":1,"name":"\u201eBarkli Montenegro\u201d ne?e otvoriti hotel Otrant u Ulcinju"}]},{"@type":"Person","@id":"https:\/\/www.visit-ulcinj.com\/blog\/#\/schema\/person\/dcab619c614d3038751c63bc2aadc06d","name":"ulqini","sameAs":["http:\/\/www.visit-ulcinj.com"],"url":"https:\/\/www.visit-ulcinj.com\/blog\/author\/admin\/"}]}},"jetpack_featured_media_url":"","jetpack_sharing_enabled":true,"jetpack_shortlink":"https:\/\/wp.me\/pe6lTn-8SI","_links":{"self":[{"href":"https:\/\/www.visit-ulcinj.com\/blog\/wp-json\/wp\/v2\/posts\/34144"}],"collection":[{"href":"https:\/\/www.visit-ulcinj.com\/blog\/wp-json\/wp\/v2\/posts"}],"about":[{"href":"https:\/\/www.visit-ulcinj.com\/blog\/wp-json\/wp\/v2\/types\/post"}],"author":[{"embeddable":true,"href":"https:\/\/www.visit-ulcinj.com\/blog\/wp-json\/wp\/v2\/users\/1"}],"replies":[{"embeddable":true,"href":"https:\/\/www.visit-ulcinj.com\/blog\/wp-json\/wp\/v2\/comments?post=34144"}],"version-history":[{"count":0,"href":"https:\/\/www.visit-ulcinj.com\/blog\/wp-json\/wp\/v2\/posts\/34144\/revisions"}],"wp:attachment":[{"href":"https:\/\/www.visit-ulcinj.com\/blog\/wp-json\/wp\/v2\/media?parent=34144"}],"wp:term":[{"taxonomy":"category","embeddable":true,"href":"https:\/\/www.visit-ulcinj.com\/blog\/wp-json\/wp\/v2\/categories?post=34144"},{"taxonomy":"post_tag","embeddable":true,"href":"https:\/\/www.visit-ulcinj.com\/blog\/wp-json\/wp\/v2\/tags?post=34144"}],"curies":[{"name":"wp","href":"https:\/\/api.w.org\/{rel}","templated":true}]}}