{"id":34165,"date":"2010-06-01T20:20:28","date_gmt":"2010-06-01T18:20:28","guid":{"rendered":"http:\/\/www.visit-ulcinj.com\/blog\/?p=34165"},"modified":"2010-06-03T20:00:55","modified_gmt":"2010-06-03T18:00:55","slug":"manifestimit-tradicional-pranvera-ne-ane-te-malit-2010","status":"publish","type":"post","link":"https:\/\/www.visit-ulcinj.com\/blog\/2010\/06\/01\/manifestimit-tradicional-pranvera-ne-ane-te-malit-2010\/","title":{"rendered":"Manifestimit tradicional &#8220;Pranvera n\u00eb An\u00eb t\u00eb Malit 2010&#8221;"},"content":{"rendered":"<p><img loading=\"lazy\" class=\"alignleft\" title=\"Pranvera n\u00eb An\u00eb t\u00eb Malit 2010\" src=\"http:\/\/www.visit-ulcinj.com\/blog\/wp-content\/uploads\/2010\/05\/Pranvera-n%C3%AB-An%C3%AB-t%C3%AB-Malit-2010_1.jpg\" alt=\"\" width=\"490\" height=\"380\" \/>Per te shtatin vite me radhe ne qytetin antik te Shasit mbahet manifestimi gjithepopullor \u201cManifestimi \u201cPranvera n\u00eb An\u00eb t\u00eb Malit\u201d maj 2010. Shasi edhe kete vite o ti pres mysafiret te shumte nga qytetet tjera shqiptare si Ulqini, Tivari, Shkodra, Tuzi, Plava, Lezha, Tirana, Prishtina,Shkupi,Presheva etj. Anamalasit ne qytetin e tyre te lashte do te presin mysafiret me ushqime tradicionale:buke kallamoqi, laknur, dollme, embelsira nga me te ndryeshme. Lojrat popullore do te jen atraksion i ve\u00e7ante per mysafiret e shumte qe do ta mbushin fushen buze liqenit te Shasit. Humoriste dhe kengetare te ftuar nga te gjitha viset shqiptare do ta shtojn bukurine e ketij manifestimi.Qellimet e shoqates ORA nga Ana e Malit &#8211; Ulqin jan\u00eb: Ruajtja e vlerave kulturo-historike, Zhvillimi social-ekonomik, Mbrojtja e mjedisit, Ruajtja e vlerave tradicionale, Zhvillimi i sportit dhe rekreacionit, Zhvillimi i vlerave kulturore dhe shpirt\u00ebrore, Zhvillimi i turizmit, Emri i Shoqat\u00ebs \u00ebsht\u00eb ORA. Shoqata ORA \u00ebsht\u00eb organizat\u00eb jopartiake, joqeveritare dhe joprofitabile. Shoqata eshte formu n\u00eb baz\u00eb vullnetare. Selia e Shoqat\u00ebs \u00ebsht\u00eb n\u00eb Kat\u00ebrkoll\u00eb, Ulqin. Fshatrat e Anes se Malit: Sukubina, Katerkolla, Kravari, Rashtisha, Shasi, Brajsha, Shtodri, Fraskanjeli, Milla, Krytha, Amulli, Selita, Kalimani, Kosiq, Shtegvasha, Kllezna, Bojku, Dragina, Lisna Bore, Muriqani, Oblika, Shtufi, Dodaj.<\/p>\n<p><strong>Thirrje p\u00ebr t\u00eb kontribuar<\/strong><br \/>\nP\u00ebr mbar\u00ebvajtjen e t\u00eb gjitha aktiviteteve t\u00eb planifikuara, n\u00eb kuadrin e t\u00eb cil\u00ebve \u00ebsht\u00eb edhe manifestimi tradicional \u201cPranvera n\u00eb An\u00eb t\u00eb Malit 2009?, shoqata ORA ka nevoj\u00eb edhe p\u00ebr kontributin tuaj.<br \/>\nKontributet tuaja brenda Malit te Zi mund te derdh\u00ebn n\u00eb xhirollogarin\u00eb e shoqat\u00ebs ORA e cila \u00ebsht\u00eb:<br \/>\n<strong>BANKA KOMERCIALE MALAZEZE \u2013 Filiali Ulqin, nr i xhirollogaris\u00eb: 510 \u2013 10123 \u2013 32<\/strong><\/p>\n<p><strong>P\u00ebr t\u00eb shikuar m\u00eb teper Fotografi :<\/strong><\/p>\n<p><strong><a href=\"http:\/\/www.facebook.com\/#!\/album.php?aid=14427&amp;id=100000638370809\" target=\"_blank\">Fadil Kovaci &#8211; Manifestimi 2010<\/a><span title=\"HPHP\"> Facebook<\/span><\/strong><\/p>\n<p><strong>Lajme nga Ulqini<br \/>\n\n\t\t<style type=\"text\/css\">\n\t\t\t#gallery-1 {\n\t\t\t\tmargin: auto;\n\t\t\t}\n\t\t\t#gallery-1 .gallery-item {\n\t\t\t\tfloat: left;\n\t\t\t\tmargin-top: 10px;\n\t\t\t\ttext-align: center;\n\t\t\t\twidth: 33%;\n\t\t\t}\n\t\t\t#gallery-1 img {\n\t\t\t\tborder: 2px solid #cfcfcf;\n\t\t\t}\n\t\t\t#gallery-1 .gallery-caption {\n\t\t\t\tmargin-left: 0;\n\t\t\t}\n\t\t\t\/* see gallery_shortcode() in wp-includes\/media.php *\/\n\t\t<\/style>\n\t\t<div id='gallery-1' class='gallery galleryid-34165 gallery-columns-3 gallery-size-thumbnail'><dl class='gallery-item'>\n\t\t\t<dt class='gallery-icon '>\n\t\t\t\t<a href='https:\/\/www.visit-ulcinj.com\/blog\/wp-content\/uploads\/2010\/06\/Pranvera-n\u00c3\u00ab-An\u00c3\u00ab-t\u00c3\u00ab-Malit-2010.15.jpg'><img width=\"1\" height=\"1\" src=\"https:\/\/www.visit-ulcinj.com\/blog\/wp-content\/uploads\/2010\/06\/Pranvera-n\u00c3\u00ab-An\u00c3\u00ab-t\u00c3\u00ab-Malit-2010.15.jpg\" class=\"attachment-thumbnail size-thumbnail\" alt=\"\" loading=\"lazy\" \/><\/a>\n\t\t\t<\/dt><\/dl><dl class='gallery-item'>\n\t\t\t<dt class='gallery-icon '>\n\t\t\t\t<a href='https:\/\/www.visit-ulcinj.com\/blog\/wp-content\/uploads\/2010\/06\/Pranvera-n\u00c3\u00ab-An\u00c3\u00ab-t\u00c3\u00ab-Malit-2010.1.jpg'><img width=\"1\" height=\"1\" src=\"https:\/\/www.visit-ulcinj.com\/blog\/wp-content\/uploads\/2010\/06\/Pranvera-n\u00c3\u00ab-An\u00c3\u00ab-t\u00c3\u00ab-Malit-2010.1.jpg\" class=\"attachment-thumbnail size-thumbnail\" alt=\"\" loading=\"lazy\" \/><\/a>\n\t\t\t<\/dt><\/dl><dl class='gallery-item'>\n\t\t\t<dt class='gallery-icon '>\n\t\t\t\t<a href='https:\/\/www.visit-ulcinj.com\/blog\/wp-content\/uploads\/2010\/06\/Pranvera-n\u00c3\u00ab-An\u00c3\u00ab-t\u00c3\u00ab-Malit-2010.2.jpg'><img width=\"1\" height=\"1\" src=\"https:\/\/www.visit-ulcinj.com\/blog\/wp-content\/uploads\/2010\/06\/Pranvera-n\u00c3\u00ab-An\u00c3\u00ab-t\u00c3\u00ab-Malit-2010.2.jpg\" class=\"attachment-thumbnail size-thumbnail\" alt=\"\" loading=\"lazy\" \/><\/a>\n\t\t\t<\/dt><\/dl><br style=\"clear: both\" \/><dl class='gallery-item'>\n\t\t\t<dt class='gallery-icon '>\n\t\t\t\t<a href='https:\/\/www.visit-ulcinj.com\/blog\/wp-content\/uploads\/2010\/06\/Pranvera-n\u00c3\u00ab-An\u00c3\u00ab-t\u00c3\u00ab-Malit-2010.3.jpg'><img width=\"1\" height=\"1\" src=\"https:\/\/www.visit-ulcinj.com\/blog\/wp-content\/uploads\/2010\/06\/Pranvera-n\u00c3\u00ab-An\u00c3\u00ab-t\u00c3\u00ab-Malit-2010.3.jpg\" class=\"attachment-thumbnail size-thumbnail\" alt=\"\" loading=\"lazy\" \/><\/a>\n\t\t\t<\/dt><\/dl><dl class='gallery-item'>\n\t\t\t<dt class='gallery-icon '>\n\t\t\t\t<a href='https:\/\/www.visit-ulcinj.com\/blog\/wp-content\/uploads\/2010\/06\/Pranvera-n\u00c3\u00ab-An\u00c3\u00ab-t\u00c3\u00ab-Malit-2010.4.jpg'><img width=\"1\" height=\"1\" src=\"https:\/\/www.visit-ulcinj.com\/blog\/wp-content\/uploads\/2010\/06\/Pranvera-n\u00c3\u00ab-An\u00c3\u00ab-t\u00c3\u00ab-Malit-2010.4.jpg\" class=\"attachment-thumbnail size-thumbnail\" alt=\"\" loading=\"lazy\" \/><\/a>\n\t\t\t<\/dt><\/dl><dl class='gallery-item'>\n\t\t\t<dt class='gallery-icon '>\n\t\t\t\t<a href='https:\/\/www.visit-ulcinj.com\/blog\/wp-content\/uploads\/2010\/06\/Pranvera-n\u00c3\u00ab-An\u00c3\u00ab-t\u00c3\u00ab-Malit-2010.5.jpg'><img width=\"1\" height=\"1\" src=\"https:\/\/www.visit-ulcinj.com\/blog\/wp-content\/uploads\/2010\/06\/Pranvera-n\u00c3\u00ab-An\u00c3\u00ab-t\u00c3\u00ab-Malit-2010.5.jpg\" class=\"attachment-thumbnail size-thumbnail\" alt=\"\" loading=\"lazy\" \/><\/a>\n\t\t\t<\/dt><\/dl><br style=\"clear: both\" \/><dl class='gallery-item'>\n\t\t\t<dt class='gallery-icon '>\n\t\t\t\t<a href='https:\/\/www.visit-ulcinj.com\/blog\/wp-content\/uploads\/2010\/06\/Pranvera-n\u00c3\u00ab-An\u00c3\u00ab-t\u00c3\u00ab-Malit-2010.6.jpg'><img width=\"1\" height=\"1\" src=\"https:\/\/www.visit-ulcinj.com\/blog\/wp-content\/uploads\/2010\/06\/Pranvera-n\u00c3\u00ab-An\u00c3\u00ab-t\u00c3\u00ab-Malit-2010.6.jpg\" class=\"attachment-thumbnail size-thumbnail\" alt=\"\" loading=\"lazy\" \/><\/a>\n\t\t\t<\/dt><\/dl><dl class='gallery-item'>\n\t\t\t<dt class='gallery-icon '>\n\t\t\t\t<a href='https:\/\/www.visit-ulcinj.com\/blog\/wp-content\/uploads\/2010\/06\/Pranvera-n\u00c3\u00ab-An\u00c3\u00ab-t\u00c3\u00ab-Malit-2010.7.jpg'><img width=\"1\" height=\"1\" src=\"https:\/\/www.visit-ulcinj.com\/blog\/wp-content\/uploads\/2010\/06\/Pranvera-n\u00c3\u00ab-An\u00c3\u00ab-t\u00c3\u00ab-Malit-2010.7.jpg\" class=\"attachment-thumbnail size-thumbnail\" alt=\"\" loading=\"lazy\" \/><\/a>\n\t\t\t<\/dt><\/dl><dl class='gallery-item'>\n\t\t\t<dt class='gallery-icon '>\n\t\t\t\t<a href='https:\/\/www.visit-ulcinj.com\/blog\/wp-content\/uploads\/2010\/06\/Pranvera-n\u00c3\u00ab-An\u00c3\u00ab-t\u00c3\u00ab-Malit-2010.8.jpg'><img width=\"1\" height=\"1\" src=\"https:\/\/www.visit-ulcinj.com\/blog\/wp-content\/uploads\/2010\/06\/Pranvera-n\u00c3\u00ab-An\u00c3\u00ab-t\u00c3\u00ab-Malit-2010.8.jpg\" class=\"attachment-thumbnail size-thumbnail\" alt=\"\" loading=\"lazy\" \/><\/a>\n\t\t\t<\/dt><\/dl><br style=\"clear: both\" \/><dl class='gallery-item'>\n\t\t\t<dt class='gallery-icon '>\n\t\t\t\t<a href='https:\/\/www.visit-ulcinj.com\/blog\/wp-content\/uploads\/2010\/06\/Pranvera-n\u00c3\u00ab-An\u00c3\u00ab-t\u00c3\u00ab-Malit-2010.9.jpg'><img width=\"1\" height=\"1\" src=\"https:\/\/www.visit-ulcinj.com\/blog\/wp-content\/uploads\/2010\/06\/Pranvera-n\u00c3\u00ab-An\u00c3\u00ab-t\u00c3\u00ab-Malit-2010.9.jpg\" class=\"attachment-thumbnail size-thumbnail\" alt=\"\" loading=\"lazy\" \/><\/a>\n\t\t\t<\/dt><\/dl><dl class='gallery-item'>\n\t\t\t<dt class='gallery-icon '>\n\t\t\t\t<a href='https:\/\/www.visit-ulcinj.com\/blog\/wp-content\/uploads\/2010\/06\/Pranvera-n\u00c3\u00ab-An\u00c3\u00ab-t\u00c3\u00ab-Malit-2010.10.jpg'><img width=\"1\" height=\"1\" src=\"https:\/\/www.visit-ulcinj.com\/blog\/wp-content\/uploads\/2010\/06\/Pranvera-n\u00c3\u00ab-An\u00c3\u00ab-t\u00c3\u00ab-Malit-2010.10.jpg\" class=\"attachment-thumbnail size-thumbnail\" alt=\"\" loading=\"lazy\" \/><\/a>\n\t\t\t<\/dt><\/dl><dl class='gallery-item'>\n\t\t\t<dt class='gallery-icon '>\n\t\t\t\t<a href='https:\/\/www.visit-ulcinj.com\/blog\/wp-content\/uploads\/2010\/06\/Pranvera-n\u00c3\u00ab-An\u00c3\u00ab-t\u00c3\u00ab-Malit-2010.11.jpg'><img width=\"1\" height=\"1\" src=\"https:\/\/www.visit-ulcinj.com\/blog\/wp-content\/uploads\/2010\/06\/Pranvera-n\u00c3\u00ab-An\u00c3\u00ab-t\u00c3\u00ab-Malit-2010.11.jpg\" class=\"attachment-thumbnail size-thumbnail\" alt=\"\" loading=\"lazy\" \/><\/a>\n\t\t\t<\/dt><\/dl><br style=\"clear: both\" \/><dl class='gallery-item'>\n\t\t\t<dt class='gallery-icon '>\n\t\t\t\t<a href='https:\/\/www.visit-ulcinj.com\/blog\/wp-content\/uploads\/2010\/06\/Pranvera-n\u00c3\u00ab-An\u00c3\u00ab-t\u00c3\u00ab-Malit-2010.12.jpg'><img width=\"1\" height=\"1\" src=\"https:\/\/www.visit-ulcinj.com\/blog\/wp-content\/uploads\/2010\/06\/Pranvera-n\u00c3\u00ab-An\u00c3\u00ab-t\u00c3\u00ab-Malit-2010.12.jpg\" class=\"attachment-thumbnail size-thumbnail\" alt=\"\" loading=\"lazy\" \/><\/a>\n\t\t\t<\/dt><\/dl><dl class='gallery-item'>\n\t\t\t<dt class='gallery-icon '>\n\t\t\t\t<a href='https:\/\/www.visit-ulcinj.com\/blog\/wp-content\/uploads\/2010\/06\/Pranvera-n\u00c3\u00ab-An\u00c3\u00ab-t\u00c3\u00ab-Malit-2010.13.jpg'><img width=\"1\" height=\"1\" src=\"https:\/\/www.visit-ulcinj.com\/blog\/wp-content\/uploads\/2010\/06\/Pranvera-n\u00c3\u00ab-An\u00c3\u00ab-t\u00c3\u00ab-Malit-2010.13.jpg\" class=\"attachment-thumbnail size-thumbnail\" alt=\"\" loading=\"lazy\" \/><\/a>\n\t\t\t<\/dt><\/dl><dl class='gallery-item'>\n\t\t\t<dt class='gallery-icon '>\n\t\t\t\t<a href='https:\/\/www.visit-ulcinj.com\/blog\/wp-content\/uploads\/2010\/06\/Pranvera-n\u00c3\u00ab-An\u00c3\u00ab-t\u00c3\u00ab-Malit-2010.14.jpg'><img width=\"1\" height=\"1\" src=\"https:\/\/www.visit-ulcinj.com\/blog\/wp-content\/uploads\/2010\/06\/Pranvera-n\u00c3\u00ab-An\u00c3\u00ab-t\u00c3\u00ab-Malit-2010.14.jpg\" class=\"attachment-thumbnail size-thumbnail\" alt=\"\" loading=\"lazy\" \/><\/a>\n\t\t\t<\/dt><\/dl><br style=\"clear: both\" \/>\n\t\t<\/div>\n<br \/>\n<!--YouTube Error: bad URL entered--><\/strong><\/p>\n","protected":false},"excerpt":{"rendered":"<p>Per te shtatin vite me radhe ne qytetin antik te Shasit mbahet manifestimi gjithepopullor \u201cManifestimi \u201cPranvera n\u00eb An\u00eb t\u00eb Malit\u201d maj 2010. Shasi edhe kete vite o ti pres mysafiret te shumte nga qytetet tjera shqiptare si Ulqini, Tivari, Shkodra, Tuzi, Plava, Lezha, Tirana, Prishtina,Shkupi,Presheva etj. Anamalasit ne qytetin e tyre te lashte do te [&hellip;]<\/p>\n","protected":false},"author":1,"featured_media":0,"comment_status":"open","ping_status":"closed","sticky":false,"template":"","format":"standard","meta":{"spay_email":"","jetpack_publicize_message":"","jetpack_is_tweetstorm":false,"jetpack_publicize_feature_enabled":true},"categories":[4],"tags":[14608,3505,3510,3502,3516,3511,3504,3506,3499,3509,3507,3500,3228,10473,3512,14609,3227,3513,3514,5314,2354,2306,3501,10472,3231,3617,2350,13150,3508,3503,3515,3498,3797,1005,201,18],"jetpack_publicize_connections":[],"yoast_head":"<!-- This site is optimized with the Yoast SEO plugin v19.1 - https:\/\/yoast.com\/wordpress\/plugins\/seo\/ -->\n<title>Manifestimit tradicional &quot;Pranvera n\u00eb An\u00eb t\u00eb Malit 2010&quot; - Lajme nga Ulqini<\/title>\n<meta name=\"description\" content=\"Per te shtatin vite me radhe ne qytetin antik te Shasit mbahet manifestimi gjithepopullor \u201cManifestimi \u201cPranvera n\u00eb An\u00eb t\u00eb Malit\u201d maj 2010. Shasi edhe\" \/>\n<meta name=\"robots\" content=\"index, follow, max-snippet:-1, max-image-preview:large, max-video-preview:-1\" \/>\n<link rel=\"canonical\" href=\"https:\/\/www.visit-ulcinj.com\/blog\/2010\/06\/01\/manifestimit-tradicional-pranvera-ne-ane-te-malit-2010\/\" \/>\n<meta property=\"og:locale\" content=\"en_US\" \/>\n<meta property=\"og:type\" content=\"article\" \/>\n<meta property=\"og:title\" content=\"Manifestimit tradicional &quot;Pranvera n\u00eb An\u00eb t\u00eb Malit 2010&quot; - Lajme nga Ulqini\" \/>\n<meta property=\"og:description\" content=\"Per te shtatin vite me radhe ne qytetin antik te Shasit mbahet manifestimi gjithepopullor \u201cManifestimi \u201cPranvera n\u00eb An\u00eb t\u00eb Malit\u201d maj 2010. Shasi edhe\" \/>\n<meta property=\"og:url\" content=\"https:\/\/www.visit-ulcinj.com\/blog\/2010\/06\/01\/manifestimit-tradicional-pranvera-ne-ane-te-malit-2010\/\" \/>\n<meta property=\"og:site_name\" content=\"Lajme nga Ulqini\" \/>\n<meta property=\"article:published_time\" content=\"2010-06-01T18:20:28+00:00\" \/>\n<meta property=\"article:modified_time\" content=\"2010-06-03T18:00:55+00:00\" \/>\n<meta property=\"og:image\" content=\"https:\/\/www.visit-ulcinj.com\/blog\/wp-content\/uploads\/2010\/06\/Pranvera-n\u00c3\u00ab-An\u00c3\u00ab-t\u00c3\u00ab-Malit-2010.15.jpg\" \/>\n<meta name=\"twitter:label1\" content=\"Written by\" \/>\n\t<meta name=\"twitter:data1\" content=\"ulqini\" \/>\n\t<meta name=\"twitter:label2\" content=\"Est. reading time\" \/>\n\t<meta name=\"twitter:data2\" content=\"2 minutes\" \/>\n<script type=\"application\/ld+json\" class=\"yoast-schema-graph\">{\"@context\":\"https:\/\/schema.org\",\"@graph\":[{\"@type\":\"WebSite\",\"@id\":\"https:\/\/www.visit-ulcinj.com\/blog\/#website\",\"url\":\"https:\/\/www.visit-ulcinj.com\/blog\/\",\"name\":\"Lajme nga Ulqini\",\"description\":\"Lajme,Vijesti,Ulqini,Ulqin,Crna Gora,Mali i Zi\",\"potentialAction\":[{\"@type\":\"SearchAction\",\"target\":{\"@type\":\"EntryPoint\",\"urlTemplate\":\"https:\/\/www.visit-ulcinj.com\/blog\/?s={search_term_string}\"},\"query-input\":\"required name=search_term_string\"}],\"inLanguage\":\"en-US\"},{\"@type\":\"ImageObject\",\"inLanguage\":\"en-US\",\"@id\":\"https:\/\/www.visit-ulcinj.com\/blog\/2010\/06\/01\/manifestimit-tradicional-pranvera-ne-ane-te-malit-2010\/#primaryimage\",\"url\":\"http:\/\/www.visit-ulcinj.com\/blog\/wp-content\/uploads\/2010\/05\/Pranvera-n%C3%AB-An%C3%AB-t%C3%AB-Malit-2010_1.jpg\",\"contentUrl\":\"http:\/\/www.visit-ulcinj.com\/blog\/wp-content\/uploads\/2010\/05\/Pranvera-n%C3%AB-An%C3%AB-t%C3%AB-Malit-2010_1.jpg\"},{\"@type\":\"WebPage\",\"@id\":\"https:\/\/www.visit-ulcinj.com\/blog\/2010\/06\/01\/manifestimit-tradicional-pranvera-ne-ane-te-malit-2010\/#webpage\",\"url\":\"https:\/\/www.visit-ulcinj.com\/blog\/2010\/06\/01\/manifestimit-tradicional-pranvera-ne-ane-te-malit-2010\/\",\"name\":\"Manifestimit tradicional \\\"Pranvera n\u00eb An\u00eb t\u00eb Malit 2010\\\" - Lajme nga Ulqini\",\"isPartOf\":{\"@id\":\"https:\/\/www.visit-ulcinj.com\/blog\/#website\"},\"primaryImageOfPage\":{\"@id\":\"https:\/\/www.visit-ulcinj.com\/blog\/2010\/06\/01\/manifestimit-tradicional-pranvera-ne-ane-te-malit-2010\/#primaryimage\"},\"datePublished\":\"2010-06-01T18:20:28+00:00\",\"dateModified\":\"2010-06-03T18:00:55+00:00\",\"author\":{\"@id\":\"https:\/\/www.visit-ulcinj.com\/blog\/#\/schema\/person\/dcab619c614d3038751c63bc2aadc06d\"},\"description\":\"Per te shtatin vite me radhe ne qytetin antik te Shasit mbahet manifestimi gjithepopullor \u201cManifestimi \u201cPranvera n\u00eb An\u00eb t\u00eb Malit\u201d maj 2010. Shasi edhe\",\"breadcrumb\":{\"@id\":\"https:\/\/www.visit-ulcinj.com\/blog\/2010\/06\/01\/manifestimit-tradicional-pranvera-ne-ane-te-malit-2010\/#breadcrumb\"},\"inLanguage\":\"en-US\",\"potentialAction\":[{\"@type\":\"ReadAction\",\"target\":[\"https:\/\/www.visit-ulcinj.com\/blog\/2010\/06\/01\/manifestimit-tradicional-pranvera-ne-ane-te-malit-2010\/\"]}]},{\"@type\":\"BreadcrumbList\",\"@id\":\"https:\/\/www.visit-ulcinj.com\/blog\/2010\/06\/01\/manifestimit-tradicional-pranvera-ne-ane-te-malit-2010\/#breadcrumb\",\"itemListElement\":[{\"@type\":\"ListItem\",\"position\":1,\"name\":\"Manifestimit tradicional &#8220;Pranvera n\u00eb An\u00eb t\u00eb Malit 2010&#8221;\"}]},{\"@type\":\"Person\",\"@id\":\"https:\/\/www.visit-ulcinj.com\/blog\/#\/schema\/person\/dcab619c614d3038751c63bc2aadc06d\",\"name\":\"ulqini\",\"sameAs\":[\"http:\/\/www.visit-ulcinj.com\"],\"url\":\"https:\/\/www.visit-ulcinj.com\/blog\/author\/admin\/\"}]}<\/script>\n<!-- \/ Yoast SEO plugin. -->","yoast_head_json":{"title":"Manifestimit tradicional \"Pranvera n\u00eb An\u00eb t\u00eb Malit 2010\" - Lajme nga Ulqini","description":"Per te shtatin vite me radhe ne qytetin antik te Shasit mbahet manifestimi gjithepopullor \u201cManifestimi \u201cPranvera n\u00eb An\u00eb t\u00eb Malit\u201d maj 2010. Shasi edhe","robots":{"index":"index","follow":"follow","max-snippet":"max-snippet:-1","max-image-preview":"max-image-preview:large","max-video-preview":"max-video-preview:-1"},"canonical":"https:\/\/www.visit-ulcinj.com\/blog\/2010\/06\/01\/manifestimit-tradicional-pranvera-ne-ane-te-malit-2010\/","og_locale":"en_US","og_type":"article","og_title":"Manifestimit tradicional \"Pranvera n\u00eb An\u00eb t\u00eb Malit 2010\" - Lajme nga Ulqini","og_description":"Per te shtatin vite me radhe ne qytetin antik te Shasit mbahet manifestimi gjithepopullor \u201cManifestimi \u201cPranvera n\u00eb An\u00eb t\u00eb Malit\u201d maj 2010. Shasi edhe","og_url":"https:\/\/www.visit-ulcinj.com\/blog\/2010\/06\/01\/manifestimit-tradicional-pranvera-ne-ane-te-malit-2010\/","og_site_name":"Lajme nga Ulqini","article_published_time":"2010-06-01T18:20:28+00:00","article_modified_time":"2010-06-03T18:00:55+00:00","og_image":[{"url":"https:\/\/www.visit-ulcinj.com\/blog\/wp-content\/uploads\/2010\/06\/Pranvera-n\u00c3\u00ab-An\u00c3\u00ab-t\u00c3\u00ab-Malit-2010.15.jpg"}],"twitter_misc":{"Written by":"ulqini","Est. reading time":"2 minutes"},"schema":{"@context":"https:\/\/schema.org","@graph":[{"@type":"WebSite","@id":"https:\/\/www.visit-ulcinj.com\/blog\/#website","url":"https:\/\/www.visit-ulcinj.com\/blog\/","name":"Lajme nga Ulqini","description":"Lajme,Vijesti,Ulqini,Ulqin,Crna Gora,Mali i Zi","potentialAction":[{"@type":"SearchAction","target":{"@type":"EntryPoint","urlTemplate":"https:\/\/www.visit-ulcinj.com\/blog\/?s={search_term_string}"},"query-input":"required name=search_term_string"}],"inLanguage":"en-US"},{"@type":"ImageObject","inLanguage":"en-US","@id":"https:\/\/www.visit-ulcinj.com\/blog\/2010\/06\/01\/manifestimit-tradicional-pranvera-ne-ane-te-malit-2010\/#primaryimage","url":"http:\/\/www.visit-ulcinj.com\/blog\/wp-content\/uploads\/2010\/05\/Pranvera-n%C3%AB-An%C3%AB-t%C3%AB-Malit-2010_1.jpg","contentUrl":"http:\/\/www.visit-ulcinj.com\/blog\/wp-content\/uploads\/2010\/05\/Pranvera-n%C3%AB-An%C3%AB-t%C3%AB-Malit-2010_1.jpg"},{"@type":"WebPage","@id":"https:\/\/www.visit-ulcinj.com\/blog\/2010\/06\/01\/manifestimit-tradicional-pranvera-ne-ane-te-malit-2010\/#webpage","url":"https:\/\/www.visit-ulcinj.com\/blog\/2010\/06\/01\/manifestimit-tradicional-pranvera-ne-ane-te-malit-2010\/","name":"Manifestimit tradicional \"Pranvera n\u00eb An\u00eb t\u00eb Malit 2010\" - Lajme nga Ulqini","isPartOf":{"@id":"https:\/\/www.visit-ulcinj.com\/blog\/#website"},"primaryImageOfPage":{"@id":"https:\/\/www.visit-ulcinj.com\/blog\/2010\/06\/01\/manifestimit-tradicional-pranvera-ne-ane-te-malit-2010\/#primaryimage"},"datePublished":"2010-06-01T18:20:28+00:00","dateModified":"2010-06-03T18:00:55+00:00","author":{"@id":"https:\/\/www.visit-ulcinj.com\/blog\/#\/schema\/person\/dcab619c614d3038751c63bc2aadc06d"},"description":"Per te shtatin vite me radhe ne qytetin antik te Shasit mbahet manifestimi gjithepopullor \u201cManifestimi \u201cPranvera n\u00eb An\u00eb t\u00eb Malit\u201d maj 2010. Shasi edhe","breadcrumb":{"@id":"https:\/\/www.visit-ulcinj.com\/blog\/2010\/06\/01\/manifestimit-tradicional-pranvera-ne-ane-te-malit-2010\/#breadcrumb"},"inLanguage":"en-US","potentialAction":[{"@type":"ReadAction","target":["https:\/\/www.visit-ulcinj.com\/blog\/2010\/06\/01\/manifestimit-tradicional-pranvera-ne-ane-te-malit-2010\/"]}]},{"@type":"BreadcrumbList","@id":"https:\/\/www.visit-ulcinj.com\/blog\/2010\/06\/01\/manifestimit-tradicional-pranvera-ne-ane-te-malit-2010\/#breadcrumb","itemListElement":[{"@type":"ListItem","position":1,"name":"Manifestimit tradicional &#8220;Pranvera n\u00eb An\u00eb t\u00eb Malit 2010&#8221;"}]},{"@type":"Person","@id":"https:\/\/www.visit-ulcinj.com\/blog\/#\/schema\/person\/dcab619c614d3038751c63bc2aadc06d","name":"ulqini","sameAs":["http:\/\/www.visit-ulcinj.com"],"url":"https:\/\/www.visit-ulcinj.com\/blog\/author\/admin\/"}]}},"jetpack_featured_media_url":"","jetpack_sharing_enabled":true,"jetpack_shortlink":"https:\/\/wp.me\/pe6lTn-8T3","_links":{"self":[{"href":"https:\/\/www.visit-ulcinj.com\/blog\/wp-json\/wp\/v2\/posts\/34165"}],"collection":[{"href":"https:\/\/www.visit-ulcinj.com\/blog\/wp-json\/wp\/v2\/posts"}],"about":[{"href":"https:\/\/www.visit-ulcinj.com\/blog\/wp-json\/wp\/v2\/types\/post"}],"author":[{"embeddable":true,"href":"https:\/\/www.visit-ulcinj.com\/blog\/wp-json\/wp\/v2\/users\/1"}],"replies":[{"embeddable":true,"href":"https:\/\/www.visit-ulcinj.com\/blog\/wp-json\/wp\/v2\/comments?post=34165"}],"version-history":[{"count":0,"href":"https:\/\/www.visit-ulcinj.com\/blog\/wp-json\/wp\/v2\/posts\/34165\/revisions"}],"wp:attachment":[{"href":"https:\/\/www.visit-ulcinj.com\/blog\/wp-json\/wp\/v2\/media?parent=34165"}],"wp:term":[{"taxonomy":"category","embeddable":true,"href":"https:\/\/www.visit-ulcinj.com\/blog\/wp-json\/wp\/v2\/categories?post=34165"},{"taxonomy":"post_tag","embeddable":true,"href":"https:\/\/www.visit-ulcinj.com\/blog\/wp-json\/wp\/v2\/tags?post=34165"}],"curies":[{"name":"wp","href":"https:\/\/api.w.org\/{rel}","templated":true}]}}