{"id":3419,"date":"2008-09-18T12:03:00","date_gmt":"2008-09-18T17:03:00","guid":{"rendered":"http:\/\/www.visit-ulcinj.com\/blog\/?p=3419"},"modified":"2008-10-17T14:36:09","modified_gmt":"2008-10-17T19:36:09","slug":"interviste-me-fotografin-gazmend-citaku","status":"publish","type":"post","link":"https:\/\/www.visit-ulcinj.com\/blog\/2008\/09\/18\/interviste-me-fotografin-gazmend-citaku\/","title":{"rendered":"Intervist\u00eb me fotografin Gazmend \u00c7itaku"},"content":{"rendered":"<p><a href=\"http:\/\/www.visit-ulcinj.com\/blog\/wp-content\/uploads\/2008\/09\/gazmend-citaku.jpg\"><img loading=\"lazy\" class=\"alignleft size-medium wp-image-3420\" title=\"gazmend-citaku\" src=\"http:\/\/www.visit-ulcinj.com\/blog\/wp-content\/uploads\/2008\/09\/gazmend-citaku.jpg\" alt=\"\" width=\"290\" height=\"218\" \/><\/a><strong>Ulqini e ka tradit\u00eb fotografin\u00eb<\/strong><br \/>\n<strong>Koha javore:<\/strong> Z. \u00c7itaku, opinioni Ju njeh n\u00eb radh\u00eb t\u00eb par\u00eb si fotograf, por Ju merreni nj\u00ebkoh\u00ebsisht edhe me shum\u00eb fusha t\u00eb tjera t\u00eb artit dhe kultur\u00ebs. Pse ky interesim i juaji p\u00ebr tzu marr\u00eb me t\u00eb gjitha k\u00ebto veprimtari?<br \/>\n<strong>G. \u00c7itaku:<\/strong> Ne shqiptar\u00ebt n\u00eb Mal t\u00eb Zi, e ve\u00e7an\u00ebrisht n\u00eb Ulqin, kemi zbraz\u00ebtira shum\u00eb t\u00eb m\u00ebdha n\u00eb fush\u00ebn e arsimit, kultur\u00ebs, shkenc\u00ebs, etj. Prandaj ekziston nj\u00eb hap\u00ebsir\u00eb shum\u00eb e madhe manovruese n\u00eb \u00e7do fush\u00eb dhe kemi mjaft raste ku pun\u00ebt t\u00eb cilat do t\u00eb duhej tzi kryenin p\u00ebr shembull institucionet dhe grupet e formuara prej njer\u00ebzve kompetent\u00eb, i kryejn\u00eb individ\u00ebt t\u00eb cil\u00ebt me vet\u00eb sakrific\u00ebn e tyre, ndoshta duke l\u00ebn\u00eb keq edhe familjet e veta, arrijn\u00eb nj\u00eb lloj rezultati, nj\u00eb satisfaksion m\u00eb tep\u00ebr shpirt\u00ebror sesa ndonj\u00eb satisfaksion tjet\u00ebr.<br \/>\n<strong>Koha javore:<\/strong> Ju keni botuar librin me fotografi &#8220;Fotoalbumi i Ulqinit&#8221;, i cili e prezanton Ulqinin p\u00ebrmes fotografive t\u00eb vjetra. Si lindi ideja p\u00ebr realizimin e k\u00ebtij libri?<\/p>\n<div id=\"attachment_3422\" style=\"width: 290px\" class=\"wp-caption alignright\"><a href=\"http:\/\/www.visit-ulcinj.com\/blog\/wp-content\/uploads\/2008\/09\/foto-albumi-i-ulqinit_gazmend-citaku.jpg\"><img aria-describedby=\"caption-attachment-3422\" loading=\"lazy\" class=\"size-thumbnail wp-image-3422\" title=\"foto-albumi-i-ulqinit_gazmend-citaku\" src=\"http:\/\/www.visit-ulcinj.com\/blog\/wp-content\/uploads\/2008\/09\/foto-albumi-i-ulqinit_gazmend-citaku-150x150.jpg\" alt=\"\u00c7mimi i Foto Albumit 10\u20ac\" width=\"280\" height=\"278\" \/><\/a><p id=\"caption-attachment-3422\" class=\"wp-caption-text\">\u00c7mimi i Foto Albumit 10\u20ac<\/p><\/div>\n<p><strong>G. \u00c7itaku: <\/strong>Un\u00eb merrem me fotografi q\u00eb nj\u00eb koh\u00eb t\u00eb gjat\u00eb dhe duke b\u00ebr\u00eb eksplorimin e fush\u00ebs apo artit t\u00eb fotografis\u00eb kam arritur n\u00eb nj\u00eb stad ku kam filluar t\u00eb merrem dhe t\u00eb b\u00ebhem edhe koleksionist i fotografis\u00eb.<br \/>\nMe koleksionimin e fotografive t\u00eb vjetra kam filluar t\u00eb merrem sidomos pas fillimit t\u00eb pun\u00ebs n\u00eb revist\u00ebn &#8220;Kronika&#8221;, e cila p\u00ebr fat t\u00eb keq tani nuk del m\u00eb. N\u00eb k\u00ebt\u00eb revist\u00eb ne hap\u00ebm nj\u00eb rubrik\u00eb p\u00ebr fotografin\u00eb e vjet\u00ebr ku k\u00ebrkonim nga bashk\u00ebqytetar\u00ebt q\u00eb t\u00eb na ofronin fotografi apo dokumente q\u00eb kishin t\u00eb b\u00ebnin me Ulqinin, historin\u00eb e k\u00ebtij vendi, etj.<br \/>\nMir\u00ebpo si \u00e7do pun\u00eb edhe kjo ka v\u00ebshtir\u00ebsi sepse njer\u00ebzit jan\u00eb t\u00eb ngurrt\u00eb dhe duhet tzi lus\u00ebsh p\u00ebr bashk\u00ebpunim. Me shkrimtarin Hajro Ulqinaku vendos\u00ebm t\u00eb hapim nj\u00eb rubrik\u00eb ku do t\u00eb b\u00ebnim prezantimin e kapedan\u00ebve ulqinak\u00eb e pastaj t\u00eb vazhdonim me peshkatar\u00ebt, me njer\u00ebz t\u00eb thjesht\u00eb t\u00eb cil\u00ebt fal\u00eb mosh\u00ebs s\u00eb tyre ishin si t\u00eb them arkiva t\u00eb ngjarjeve historike t\u00eb cilat kishin ndodhur n\u00eb t\u00eb kaluar\u00ebn e Ulqinit. Dhe gjat\u00eb vizit\u00ebs s\u00eb k\u00ebtyre njer\u00ebzve filluan t\u00eb shpalosen dokumentacione t\u00eb ndryshme, fotografi t\u00eb ndryshme, t\u00eb cilat i merrnim, i skenoja dhe t\u00eb pad\u00ebmtuara ua ktheja pronar\u00ebve t\u00eb tyre. N\u00eb k\u00ebt\u00eb m\u00ebnyr\u00eb fondi i fotografive t\u00eb mia filloi t\u00eb pasurohet me k\u00ebto fotografi t\u00eb vjetra. Arkivi apo fondi i fotografive filloi t\u00eb rritej dhe un\u00eb nuk do t\u00eb b\u00ebja asgj\u00eb sikur tzi mbaja ato t\u00eb mbyllura p\u00ebrs\u00ebri n\u00eb kompjuterin apo n\u00eb arkivin tim, prandaj vendosa q\u00eb t\u00eb b\u00ebj publikimin e k\u00ebtyre fotografive. Si rezultat u realizua ekspozita e par\u00eb e fotografive me titullin &#8220;Ulqini dje dhe sot&#8221; n\u00eb vitin 2002, ku p\u00ebr her\u00eb t\u00eb par\u00eb opinionit t\u00eb Ulqinit iu prezantuan nj\u00eb num\u00ebr i konsideruesh\u00ebm i fotografive.<br \/>\nVet\u00ebm gjasht\u00eb muaj m\u00eb pas realizova nj\u00eb ekspozit\u00eb t\u00eb dyt\u00eb t\u00eb fotografive dokumentare e cila kishte si tem\u00eb detin dhe p\u00ebr her\u00eb t\u00eb par\u00eb mund t\u00eb them me plot goj\u00eb q\u00eb ulqinak\u00ebt mbeten t\u00eb befasuar me fotografit\u00eb e kapedan\u00ebve, matrikullat e tyre, diplomat, dokumentet e ndryshme t\u00eb cilat tregonin p\u00ebr tradit\u00ebn e lavdishme detare.<br \/>\nSi rezultat i k\u00ebtyre dy ekspozitave lindi edhe libri &#8220;Fotoalbumi i Ulqinit&#8221;, i cili i p\u00ebrmblodhi fotografit\u00eb nga k\u00ebto dy ekspozita. Libri \u00ebsht\u00eb mir\u00ebpritur n\u00eb Ulqin, por po ashtu e kan\u00eb vler\u00ebsuar lart edhe n\u00eb Kosov\u00eb dhe Shqip\u00ebri kritik\u00ebt e artit dhe fotograf\u00ebt e njohur. Si rezultat i t\u00eb gjitha k\u00ebtyre kritikave por edhe interesimit \u00ebsht\u00eb realizuar edhe nj\u00eb emision rreth 45 minutash nga Televizioni &#8220;Top Channel&#8221; me mua lidhur me librin &#8220;Fotoalbumi i Ulqinit&#8221;.<br \/>\n<strong>Koha javore:<\/strong> Sa i kan\u00eb ruajtur ulqinak\u00ebt dhe sa kujdes u kan\u00eb kushtuar fotografive t\u00eb vjetra? A e keni vazhduar rrug\u00ebn e grumbullimit t\u00eb fotografive t\u00eb vjetra dhe a mund t\u00eb presim n\u00eb t\u00eb ardhmen ndonj\u00eb fotoalbum t\u00eb ri me fotografi t\u00eb tjera?<br \/>\n<strong>G. \u00c7itaku:<\/strong> Ulqini e ka tradit\u00eb fotografin\u00eb. Arkivat private jan\u00eb jasht\u00ebzakonisht t\u00eb pasura, mir\u00ebpo pronar\u00ebt e tyre jan\u00eb pak t\u00eb ngurt\u00eb dhe duhet t\u00eb luten q\u00eb ti hapin ato.<br \/>\nUn\u00eb kam arritur q\u00eb p\u00ebrve\u00e7 pjes\u00ebs s\u00eb par\u00eb t\u00eb &#8220;Fotoalbumi&#8221;-t t\u00eb grumbulloj edhe nj\u00eb pjes\u00eb t\u00eb konsiderueshme t\u00eb fotografive t\u00eb cilat do tzi botoj shum\u00eb shpejt si nj\u00eb vazhdim i &#8220;Fotoalbumi&#8221;-t t\u00eb par\u00eb. Edhe ky lib\u00ebr do t\u00eb jet\u00eb i tipit dhe formatit t\u00eb nj\u00ebjt\u00eb, me num\u00ebr t\u00eb nj\u00ebjt\u00eb faqesh, vet\u00ebm q\u00eb fotografit\u00eb do t\u00eb jen\u00eb t\u00eb papara deri tani. K\u00ebto fotografi i kam grumbulluar me shum\u00eb mund duke vizituar arkivat e ndrysh\u00ebm, si at\u00eb shtet\u00ebror n\u00eb Tiran\u00eb, pastaj Shkod\u00ebr, Dubrovnik, Cetin\u00eb, arkivat private n\u00eb Ulqin dhe kam nj\u00eb num\u00ebr t\u00eb konsideruesh\u00ebm t\u00eb fotografive t\u00eb cilat i kam siguruar nga vendet e ndryshme si Kroacia, Anglia, Franca, etj. K\u00ebto fotografi nga jasht\u00eb nuk mzi kan\u00eb dhuruar, por \u00ebsht\u00eb dashur q\u00eb t\u00eb ndaj\u00eb nj\u00eb pjes\u00eb t\u00eb konsiderueshme t\u00eb mjeteve materiale q\u00eb ti kem n\u00eb dor\u00eb. Mir\u00ebpo besoj q\u00eb ia kam arritur q\u00ebllimit dhe shum\u00eb shpejt do t\u00eb dal\u00eb n\u00eb drit\u00eb fotoalbumi i dyt\u00eb. Puna rreth tij pothuajse tashm\u00eb ka kryer, vet\u00ebm sa duhet faqosur dhe t\u00eb \u00e7ohet n\u00eb shtyp.<br \/>\n<strong>Koha javore:<\/strong> Ju keni realizuar edhe nj\u00eb film dokumentar mbi Servantesin. Cili ka qen\u00eb motivi q\u00eb iu ka shtyer p\u00ebr tzu marr\u00eb me k\u00ebt\u00eb figur\u00eb t\u00eb njohur?<br \/>\n<strong>G. \u00c7itaku: <\/strong>Filmi p\u00ebr Servantesin ka lindur spontanisht. Ai u realizuan n\u00eb vitin q\u00eb UNESCO-ja e kishte shpallur si viti i Servantesit dhe fal\u00eb nj\u00eb legjende e cila thonte se Servantesi kishte qen\u00eb n\u00eb Ulqin. Duke u nisur nga kjo, un\u00eb iu p\u00ebrvesha pun\u00ebs dhe fillova t\u00eb b\u00ebj disa hulumtime p\u00ebr realizimin e nj\u00eb filmi dokumentar p\u00ebr t\u00eb d\u00ebshmuar n\u00ebse Servantesi ka qen\u00eb apo jo i z\u00ebn\u00eb rob dhe e ka vuajtur apo jo d\u00ebnimin n\u00eb burgun e Ulqinit.<br \/>\nFilmi dokumentar \u00ebsht\u00eb nj\u00eb film amator, mir\u00ebpo edhe ai \u00ebsht\u00eb vler\u00ebsuar shum\u00eb mir\u00eb. Ai aktualisht \u00ebsht\u00eb pron\u00eb e RTK-s\u00eb e cila e ka bler\u00eb materialin dhe koh\u00eb pas kohe e transmeton at\u00eb.<br \/>\nPra ideja ka qen\u00eb q\u00eb p\u00ebrmes nj\u00eb figure shum\u00eb t\u00eb njohur bot\u00ebrore t\u00eb b\u00ebhet edhe prezantimi i Ulqinit, q\u00eb nj\u00eb figur\u00eb e till\u00eb t\u00eb shfryt\u00ebzohet si nga aspekti historik, po ashtu edhe turistik sepse jemi d\u00ebshmitar\u00eb q\u00eb vendet e tjera madje edhe i imagjinojn\u00eb ngjarjet historike, nd\u00ebrsa ne i kemi disa dhe nuk i shfryt\u00ebzojm\u00eb ato. K\u00ebshtu q\u00eb filmi \u00ebsht\u00eb m\u00eb tep\u00ebr i karakterit propagandistik &#8211; turistik.<br \/>\n<a href=\"http:\/\/www.visit-ulcinj.com\/blog\/wp-content\/uploads\/2008\/09\/abetarja.jpg\"><img loading=\"lazy\" class=\"alignleft size-medium wp-image-3423\" title=\"abetarja\" src=\"http:\/\/www.visit-ulcinj.com\/blog\/wp-content\/uploads\/2008\/09\/abetarja-223x300.jpg\" alt=\"\" width=\"223\" height=\"300\" srcset=\"https:\/\/www.visit-ulcinj.com\/blog\/wp-content\/uploads\/2008\/09\/abetarja-223x300.jpg 223w, https:\/\/www.visit-ulcinj.com\/blog\/wp-content\/uploads\/2008\/09\/abetarja.jpg 258w\" sizes=\"(max-width: 223px) 100vw, 223px\" \/><\/a><strong>Koha javore:<\/strong> Para do kohe n\u00ebn autoris\u00ebn\u00eb Tuaj ka dal\u00eb n\u00eb drit\u00eb &#8220;Abetarja p\u00ebr f\u00ebmij\u00ebt e kopshteve&#8221;. \u00c7far\u00eb iu sh\u00ebrbeu si nxitje p\u00ebr botimin e saj?<br \/>\n<strong>G. \u00c7itaku:<\/strong> Jemi d\u00ebshmitar\u00eb se ne shqiptar\u00ebt n\u00eb Mal t\u00eb Zi kemi mang\u00ebsi shum\u00eb t\u00eb m\u00ebdha sa i p\u00ebrket teksteve m\u00ebsimore.<br \/>\nDjali im i cili sivjet shkon n\u00eb klas\u00ebn e par\u00eb, vitin e kaluar ishte n\u00eb parashkollore. Kur i soll\u00ebn librat q\u00eb i kishim porositur, p\u00ebr befasin\u00eb e t\u00eb gjith\u00eb prind\u00ebrve ato ishin n\u00eb gjuh\u00ebn serbe t\u00eb ardhura nga Novi Sadi dhe me shkrimin qirilik. Pra f\u00ebmija im po vendoste kontaktin e par\u00eb n\u00eb shkoll\u00eb n\u00eb gjuh\u00ebn serbe dhe shkrimin qirilik. Kjo m\u00eb sh\u00ebrbeu si nxitje, pra pak inati e pak ideja ime, p\u00ebr tzu nisur rrug\u00ebs s\u00eb botimit t\u00eb nj\u00eb abetareje p\u00ebr f\u00ebmij\u00ebt parashkollor\u00eb n\u00eb gjuh\u00ebn shqipe. Kontaktova mikun tim n\u00eb Tiran\u00eb, Arjan Lek\u00ebn, i cili \u00ebsht\u00eb drejtor i Sht\u00ebpis\u00eb Botuese &#8220;Ideart&#8221;, shkrimtarin Hajro Ulqinaku dhe m\u00ebsuesen nga Ulqini, Florinda Basha. Pas nj\u00eb pune tet\u00eb muajshe doli &#8220;Abetarja p\u00ebr f\u00ebmij\u00ebt e kopshteve&#8221;, shtypjen e s\u00eb cil\u00ebs e ka financuar Komuna e Ulqinit n\u00eb kuad\u00ebr t\u00eb konkursit p\u00ebr financimin e organizatave joqeveritare. Kjo ishte edhe arsyeja q\u00eb vendosa q\u00eb abetaren tzua fali f\u00ebmij\u00ebve dhe besoj se ajo tashm\u00eb ka arritur n\u00eb dor\u00ebn e \u00e7do vog\u00ebliushi shqiptar n\u00eb territorin e Malit t\u00eb Zi.<br \/>\nAbetarja \u00ebsht\u00eb nj\u00eb ilustrim aplikativ ku f\u00ebmija p\u00ebrmes loj\u00ebs, duke luajtur dhe duke ngjyrosur, mund tzi m\u00ebsoj\u00eb shkronjat.<br \/>\nE nj\u00ebjta abetare duhet t\u00eb dal\u00eb n\u00eb tregun e Shqip\u00ebris\u00eb, me disa ndryshime shum\u00eb t\u00eb vogla, ku autor\u00ebsia do t\u00eb jet\u00eb e imja.<br \/>\n<strong>Koha javore:<\/strong> Me \u00e7far\u00eb jeni duke u marr\u00eb aktualisht dhe cilat jan\u00eb planet Tuaja p\u00ebr t\u00eb ardhmen?<br \/>\n<strong>G. \u00c7itaku:<\/strong> N\u00eb t\u00eb ardhmen kam shum\u00eb\u00e7ka p\u00ebr t\u00eb punuar, mir\u00ebpo momentalisht jam duke punuar pjes\u00ebn e dyt\u00eb t\u00eb &#8220;Fotoalbumi&#8221;-t dhe jam duke punuar p\u00ebr f\u00ebmij\u00ebt e kopshteve ilustrimin aplikativ &#8220;T\u00eb m\u00ebsojm\u00eb numrat&#8221;. Edhe k\u00ebt\u00eb lib\u00ebr vog\u00eblush\u00ebt tan\u00eb do ta ken\u00eb shum\u00eb shpejt n\u00eb dor\u00eb. K\u00ebto jan\u00eb dy projekte n\u00eb t\u00eb cilat jam duke punuar momentalisht.<br \/>\n<strong>Bisedoi: I. Kallaba<br \/>\nKoha Javore<\/strong><\/p>\n<!--YouTube Error: bad URL entered-->\n<p style=\"text-align: center;\">\n","protected":false},"excerpt":{"rendered":"<p>Ulqini e ka tradit\u00eb fotografin\u00eb Koha javore: Z. \u00c7itaku, opinioni Ju njeh n\u00eb radh\u00eb t\u00eb par\u00eb si fotograf, por Ju merreni nj\u00ebkoh\u00ebsisht edhe me shum\u00eb fusha t\u00eb tjera t\u00eb artit dhe kultur\u00ebs. Pse ky interesim i juaji p\u00ebr tzu marr\u00eb me t\u00eb gjitha k\u00ebto veprimtari? G. \u00c7itaku: Ne shqiptar\u00ebt n\u00eb Mal t\u00eb Zi, e ve\u00e7an\u00ebrisht [&hellip;]<\/p>\n","protected":false},"author":1,"featured_media":0,"comment_status":"open","ping_status":"closed","sticky":false,"template":"","format":"standard","meta":{"spay_email":"","jetpack_publicize_message":"","jetpack_is_tweetstorm":false,"jetpack_publicize_feature_enabled":true},"categories":[5,12],"tags":[4571,2735,95,200],"jetpack_publicize_connections":[],"yoast_head":"<!-- This site is optimized with the Yoast SEO plugin v19.1 - https:\/\/yoast.com\/wordpress\/plugins\/seo\/ -->\n<title>Intervist\u00eb me fotografin Gazmend \u00c7itaku - Lajme nga Ulqini<\/title>\n<meta name=\"description\" content=\"Ulqini e ka tradit\u00eb fotografin\u00eb Koha javore: Z. \u00c7itaku, opinioni Ju njeh n\u00eb radh\u00eb t\u00eb par\u00eb si fotograf, por Ju merreni nj\u00ebkoh\u00ebsisht edhe me shum\u00eb fusha t\u00eb\" \/>\n<meta name=\"robots\" content=\"index, follow, max-snippet:-1, max-image-preview:large, max-video-preview:-1\" \/>\n<link rel=\"canonical\" href=\"https:\/\/www.visit-ulcinj.com\/blog\/2008\/09\/18\/interviste-me-fotografin-gazmend-citaku\/\" \/>\n<meta property=\"og:locale\" content=\"en_US\" \/>\n<meta property=\"og:type\" content=\"article\" \/>\n<meta property=\"og:title\" content=\"Intervist\u00eb me fotografin Gazmend \u00c7itaku - Lajme nga Ulqini\" \/>\n<meta property=\"og:description\" content=\"Ulqini e ka tradit\u00eb fotografin\u00eb Koha javore: Z. \u00c7itaku, opinioni Ju njeh n\u00eb radh\u00eb t\u00eb par\u00eb si fotograf, por Ju merreni nj\u00ebkoh\u00ebsisht edhe me shum\u00eb fusha t\u00eb\" \/>\n<meta property=\"og:url\" content=\"https:\/\/www.visit-ulcinj.com\/blog\/2008\/09\/18\/interviste-me-fotografin-gazmend-citaku\/\" \/>\n<meta property=\"og:site_name\" content=\"Lajme nga Ulqini\" \/>\n<meta property=\"article:published_time\" content=\"2008-09-18T17:03:00+00:00\" \/>\n<meta property=\"article:modified_time\" content=\"2008-10-17T19:36:09+00:00\" \/>\n<meta property=\"og:image\" content=\"http:\/\/www.visit-ulcinj.com\/blog\/wp-content\/uploads\/2008\/09\/gazmend-citaku.jpg\" \/>\n<meta name=\"twitter:label1\" content=\"Written by\" \/>\n\t<meta name=\"twitter:data1\" content=\"ulqini\" \/>\n\t<meta name=\"twitter:label2\" content=\"Est. reading time\" \/>\n\t<meta name=\"twitter:data2\" content=\"8 minutes\" \/>\n<script type=\"application\/ld+json\" class=\"yoast-schema-graph\">{\"@context\":\"https:\/\/schema.org\",\"@graph\":[{\"@type\":\"WebSite\",\"@id\":\"https:\/\/www.visit-ulcinj.com\/blog\/#website\",\"url\":\"https:\/\/www.visit-ulcinj.com\/blog\/\",\"name\":\"Lajme nga Ulqini\",\"description\":\"Lajme,Vijesti,Ulqini,Ulqin,Crna Gora,Mali i Zi\",\"potentialAction\":[{\"@type\":\"SearchAction\",\"target\":{\"@type\":\"EntryPoint\",\"urlTemplate\":\"https:\/\/www.visit-ulcinj.com\/blog\/?s={search_term_string}\"},\"query-input\":\"required name=search_term_string\"}],\"inLanguage\":\"en-US\"},{\"@type\":\"ImageObject\",\"inLanguage\":\"en-US\",\"@id\":\"https:\/\/www.visit-ulcinj.com\/blog\/2008\/09\/18\/interviste-me-fotografin-gazmend-citaku\/#primaryimage\",\"url\":\"http:\/\/www.visit-ulcinj.com\/blog\/wp-content\/uploads\/2008\/09\/gazmend-citaku.jpg\",\"contentUrl\":\"http:\/\/www.visit-ulcinj.com\/blog\/wp-content\/uploads\/2008\/09\/gazmend-citaku.jpg\"},{\"@type\":\"WebPage\",\"@id\":\"https:\/\/www.visit-ulcinj.com\/blog\/2008\/09\/18\/interviste-me-fotografin-gazmend-citaku\/#webpage\",\"url\":\"https:\/\/www.visit-ulcinj.com\/blog\/2008\/09\/18\/interviste-me-fotografin-gazmend-citaku\/\",\"name\":\"Intervist\u00eb me fotografin Gazmend \u00c7itaku - Lajme nga Ulqini\",\"isPartOf\":{\"@id\":\"https:\/\/www.visit-ulcinj.com\/blog\/#website\"},\"primaryImageOfPage\":{\"@id\":\"https:\/\/www.visit-ulcinj.com\/blog\/2008\/09\/18\/interviste-me-fotografin-gazmend-citaku\/#primaryimage\"},\"datePublished\":\"2008-09-18T17:03:00+00:00\",\"dateModified\":\"2008-10-17T19:36:09+00:00\",\"author\":{\"@id\":\"https:\/\/www.visit-ulcinj.com\/blog\/#\/schema\/person\/dcab619c614d3038751c63bc2aadc06d\"},\"description\":\"Ulqini e ka tradit\u00eb fotografin\u00eb Koha javore: Z. \u00c7itaku, opinioni Ju njeh n\u00eb radh\u00eb t\u00eb par\u00eb si fotograf, por Ju merreni nj\u00ebkoh\u00ebsisht edhe me shum\u00eb fusha t\u00eb\",\"breadcrumb\":{\"@id\":\"https:\/\/www.visit-ulcinj.com\/blog\/2008\/09\/18\/interviste-me-fotografin-gazmend-citaku\/#breadcrumb\"},\"inLanguage\":\"en-US\",\"potentialAction\":[{\"@type\":\"ReadAction\",\"target\":[\"https:\/\/www.visit-ulcinj.com\/blog\/2008\/09\/18\/interviste-me-fotografin-gazmend-citaku\/\"]}]},{\"@type\":\"BreadcrumbList\",\"@id\":\"https:\/\/www.visit-ulcinj.com\/blog\/2008\/09\/18\/interviste-me-fotografin-gazmend-citaku\/#breadcrumb\",\"itemListElement\":[{\"@type\":\"ListItem\",\"position\":1,\"name\":\"Intervist\u00eb me fotografin Gazmend \u00c7itaku\"}]},{\"@type\":\"Person\",\"@id\":\"https:\/\/www.visit-ulcinj.com\/blog\/#\/schema\/person\/dcab619c614d3038751c63bc2aadc06d\",\"name\":\"ulqini\",\"sameAs\":[\"http:\/\/www.visit-ulcinj.com\"],\"url\":\"https:\/\/www.visit-ulcinj.com\/blog\/author\/admin\/\"}]}<\/script>\n<!-- \/ Yoast SEO plugin. -->","yoast_head_json":{"title":"Intervist\u00eb me fotografin Gazmend \u00c7itaku - Lajme nga Ulqini","description":"Ulqini e ka tradit\u00eb fotografin\u00eb Koha javore: Z. \u00c7itaku, opinioni Ju njeh n\u00eb radh\u00eb t\u00eb par\u00eb si fotograf, por Ju merreni nj\u00ebkoh\u00ebsisht edhe me shum\u00eb fusha t\u00eb","robots":{"index":"index","follow":"follow","max-snippet":"max-snippet:-1","max-image-preview":"max-image-preview:large","max-video-preview":"max-video-preview:-1"},"canonical":"https:\/\/www.visit-ulcinj.com\/blog\/2008\/09\/18\/interviste-me-fotografin-gazmend-citaku\/","og_locale":"en_US","og_type":"article","og_title":"Intervist\u00eb me fotografin Gazmend \u00c7itaku - Lajme nga Ulqini","og_description":"Ulqini e ka tradit\u00eb fotografin\u00eb Koha javore: Z. \u00c7itaku, opinioni Ju njeh n\u00eb radh\u00eb t\u00eb par\u00eb si fotograf, por Ju merreni nj\u00ebkoh\u00ebsisht edhe me shum\u00eb fusha t\u00eb","og_url":"https:\/\/www.visit-ulcinj.com\/blog\/2008\/09\/18\/interviste-me-fotografin-gazmend-citaku\/","og_site_name":"Lajme nga Ulqini","article_published_time":"2008-09-18T17:03:00+00:00","article_modified_time":"2008-10-17T19:36:09+00:00","og_image":[{"url":"http:\/\/www.visit-ulcinj.com\/blog\/wp-content\/uploads\/2008\/09\/gazmend-citaku.jpg"}],"twitter_misc":{"Written by":"ulqini","Est. reading time":"8 minutes"},"schema":{"@context":"https:\/\/schema.org","@graph":[{"@type":"WebSite","@id":"https:\/\/www.visit-ulcinj.com\/blog\/#website","url":"https:\/\/www.visit-ulcinj.com\/blog\/","name":"Lajme nga Ulqini","description":"Lajme,Vijesti,Ulqini,Ulqin,Crna Gora,Mali i Zi","potentialAction":[{"@type":"SearchAction","target":{"@type":"EntryPoint","urlTemplate":"https:\/\/www.visit-ulcinj.com\/blog\/?s={search_term_string}"},"query-input":"required name=search_term_string"}],"inLanguage":"en-US"},{"@type":"ImageObject","inLanguage":"en-US","@id":"https:\/\/www.visit-ulcinj.com\/blog\/2008\/09\/18\/interviste-me-fotografin-gazmend-citaku\/#primaryimage","url":"http:\/\/www.visit-ulcinj.com\/blog\/wp-content\/uploads\/2008\/09\/gazmend-citaku.jpg","contentUrl":"http:\/\/www.visit-ulcinj.com\/blog\/wp-content\/uploads\/2008\/09\/gazmend-citaku.jpg"},{"@type":"WebPage","@id":"https:\/\/www.visit-ulcinj.com\/blog\/2008\/09\/18\/interviste-me-fotografin-gazmend-citaku\/#webpage","url":"https:\/\/www.visit-ulcinj.com\/blog\/2008\/09\/18\/interviste-me-fotografin-gazmend-citaku\/","name":"Intervist\u00eb me fotografin Gazmend \u00c7itaku - Lajme nga Ulqini","isPartOf":{"@id":"https:\/\/www.visit-ulcinj.com\/blog\/#website"},"primaryImageOfPage":{"@id":"https:\/\/www.visit-ulcinj.com\/blog\/2008\/09\/18\/interviste-me-fotografin-gazmend-citaku\/#primaryimage"},"datePublished":"2008-09-18T17:03:00+00:00","dateModified":"2008-10-17T19:36:09+00:00","author":{"@id":"https:\/\/www.visit-ulcinj.com\/blog\/#\/schema\/person\/dcab619c614d3038751c63bc2aadc06d"},"description":"Ulqini e ka tradit\u00eb fotografin\u00eb Koha javore: Z. \u00c7itaku, opinioni Ju njeh n\u00eb radh\u00eb t\u00eb par\u00eb si fotograf, por Ju merreni nj\u00ebkoh\u00ebsisht edhe me shum\u00eb fusha t\u00eb","breadcrumb":{"@id":"https:\/\/www.visit-ulcinj.com\/blog\/2008\/09\/18\/interviste-me-fotografin-gazmend-citaku\/#breadcrumb"},"inLanguage":"en-US","potentialAction":[{"@type":"ReadAction","target":["https:\/\/www.visit-ulcinj.com\/blog\/2008\/09\/18\/interviste-me-fotografin-gazmend-citaku\/"]}]},{"@type":"BreadcrumbList","@id":"https:\/\/www.visit-ulcinj.com\/blog\/2008\/09\/18\/interviste-me-fotografin-gazmend-citaku\/#breadcrumb","itemListElement":[{"@type":"ListItem","position":1,"name":"Intervist\u00eb me fotografin Gazmend \u00c7itaku"}]},{"@type":"Person","@id":"https:\/\/www.visit-ulcinj.com\/blog\/#\/schema\/person\/dcab619c614d3038751c63bc2aadc06d","name":"ulqini","sameAs":["http:\/\/www.visit-ulcinj.com"],"url":"https:\/\/www.visit-ulcinj.com\/blog\/author\/admin\/"}]}},"jetpack_featured_media_url":"","jetpack_sharing_enabled":true,"jetpack_shortlink":"https:\/\/wp.me\/pe6lTn-T9","_links":{"self":[{"href":"https:\/\/www.visit-ulcinj.com\/blog\/wp-json\/wp\/v2\/posts\/3419"}],"collection":[{"href":"https:\/\/www.visit-ulcinj.com\/blog\/wp-json\/wp\/v2\/posts"}],"about":[{"href":"https:\/\/www.visit-ulcinj.com\/blog\/wp-json\/wp\/v2\/types\/post"}],"author":[{"embeddable":true,"href":"https:\/\/www.visit-ulcinj.com\/blog\/wp-json\/wp\/v2\/users\/1"}],"replies":[{"embeddable":true,"href":"https:\/\/www.visit-ulcinj.com\/blog\/wp-json\/wp\/v2\/comments?post=3419"}],"version-history":[{"count":0,"href":"https:\/\/www.visit-ulcinj.com\/blog\/wp-json\/wp\/v2\/posts\/3419\/revisions"}],"wp:attachment":[{"href":"https:\/\/www.visit-ulcinj.com\/blog\/wp-json\/wp\/v2\/media?parent=3419"}],"wp:term":[{"taxonomy":"category","embeddable":true,"href":"https:\/\/www.visit-ulcinj.com\/blog\/wp-json\/wp\/v2\/categories?post=3419"},{"taxonomy":"post_tag","embeddable":true,"href":"https:\/\/www.visit-ulcinj.com\/blog\/wp-json\/wp\/v2\/tags?post=3419"}],"curies":[{"name":"wp","href":"https:\/\/api.w.org\/{rel}","templated":true}]}}