{"id":34225,"date":"2010-06-03T19:57:15","date_gmt":"2010-06-03T17:57:15","guid":{"rendered":"http:\/\/www.visit-ulcinj.com\/blog\/?p=34225"},"modified":"2010-06-03T19:57:15","modified_gmt":"2010-06-03T17:57:15","slug":"bardhi-nesaglasni-o-demokraticnosti","status":"publish","type":"post","link":"https:\/\/www.visit-ulcinj.com\/blog\/2010\/06\/03\/bardhi-nesaglasni-o-demokraticnosti\/","title":{"rendered":"Bardhi: Nesaglasni o demokrati?nosti"},"content":{"rendered":"<p><a href=\"http:\/\/www.visit-ulcinj.com\/blog\/wp-content\/uploads\/2010\/06\/Mehmet-Bardhi_ULCINJ.jpg\"><img loading=\"lazy\" class=\"alignleft size-full wp-image-34226\" title=\"Mehmet Bardhi_ULCINJ\" src=\"http:\/\/www.visit-ulcinj.com\/blog\/wp-content\/uploads\/2010\/06\/Mehmet-Bardhi_ULCINJ.jpg\" alt=\"Mehmet Bardhi_ULCINJ\" width=\"490\" height=\"380\" \/><\/a>Predsjednik Demokratskog saveza Mehmet Bardhi kazao je Maureru da mu je \u201eskoro zatvorio usta&#8221; izjavom da su izbori sprovedeni na miran i korektan na?in. \u201e\u0160ta treba re?i ako vi tako ne\u0161to konstatujete?&#8221; \u201eTo nije ta?no. I ovi izbori, kao i drugi, daleko su od po\u0161tenih, fer i pravednih. Naprotiv, manipulisano je na razne na?ine od koalicije na vlasti&#8221;, rekao je. Bardhi je kazao da izbori nijesu bili demokratski i fer jer \u201enijesu postojali uslovi za ravnopravnu izbornu utakmicu, od zakona pa do drugih stvari&#8221;. \u201eZloupotreba dr\u017eavnog aparata, dr\u017eavne i administracije lokalnih samouprava, od voznog parka do raznih pritisaka&#8221;.<br \/>\nMaurer je objasnio da je mislio na dan kada su odr\u017eani izbori kada je kazao da su izbori sprovedeni na miran i korektan na?in, dodaju?i da tada nije bilo nikakvih incidenata.<br \/>\nOn je rekao i da Misija ne mo\u017ee da se mije\u0161a u postupak pred dr\u017eavnim organima s obzirom da je opoziciona koalicija dostavila podatke o nepravilnostima dr\u017eavnom tu\u017eila\u0161tvu. \u201eMi ?emo nadgledati kako ?e tu\u017eila\u0161tvo reagovati i rje\u0161avati ta pitanja&#8221;.<\/p>\n<p><strong>TVCG<\/strong><\/p>\n","protected":false},"excerpt":{"rendered":"<p>Predsjednik Demokratskog saveza Mehmet Bardhi kazao je Maureru da mu je \u201eskoro zatvorio usta&#8221; izjavom da su izbori sprovedeni na miran i korektan na?in. \u201e\u0160ta treba re?i ako vi tako ne\u0161to konstatujete?&#8221; \u201eTo nije ta?no. I ovi izbori, kao i drugi, daleko su od po\u0161tenih, fer i pravednih. Naprotiv, manipulisano je na razne na?ine od [&hellip;]<\/p>\n","protected":false},"author":1,"featured_media":0,"comment_status":"open","ping_status":"closed","sticky":false,"template":"","format":"standard","meta":{"spay_email":"","jetpack_publicize_message":"","jetpack_is_tweetstorm":false,"jetpack_publicize_feature_enabled":true},"categories":[8337],"tags":[4529,347],"jetpack_publicize_connections":[],"yoast_head":"<!-- This site is optimized with the Yoast SEO plugin v19.1 - https:\/\/yoast.com\/wordpress\/plugins\/seo\/ -->\n<title>Bardhi: Nesaglasni o demokrati?nosti - Lajme nga Ulqini<\/title>\n<meta name=\"description\" content=\"Predsjednik Demokratskog saveza Mehmet Bardhi kazao je Maureru da mu je \u201eskoro zatvorio usta&quot; izjavom da su izbori sprovedeni na miran i korektan na?in.\" \/>\n<meta name=\"robots\" content=\"index, follow, max-snippet:-1, max-image-preview:large, max-video-preview:-1\" \/>\n<link rel=\"canonical\" href=\"https:\/\/www.visit-ulcinj.com\/blog\/2010\/06\/03\/bardhi-nesaglasni-o-demokraticnosti\/\" \/>\n<meta property=\"og:locale\" content=\"en_US\" \/>\n<meta property=\"og:type\" content=\"article\" \/>\n<meta property=\"og:title\" content=\"Bardhi: Nesaglasni o demokrati?nosti - Lajme nga Ulqini\" \/>\n<meta property=\"og:description\" content=\"Predsjednik Demokratskog saveza Mehmet Bardhi kazao je Maureru da mu je \u201eskoro zatvorio usta&quot; izjavom da su izbori sprovedeni na miran i korektan na?in.\" \/>\n<meta property=\"og:url\" content=\"https:\/\/www.visit-ulcinj.com\/blog\/2010\/06\/03\/bardhi-nesaglasni-o-demokraticnosti\/\" \/>\n<meta property=\"og:site_name\" content=\"Lajme nga Ulqini\" \/>\n<meta property=\"article:published_time\" content=\"2010-06-03T17:57:15+00:00\" \/>\n<meta property=\"og:image\" content=\"http:\/\/www.visit-ulcinj.com\/blog\/wp-content\/uploads\/2010\/06\/Mehmet-Bardhi_ULCINJ.jpg\" \/>\n<meta name=\"twitter:label1\" content=\"Written by\" \/>\n\t<meta name=\"twitter:data1\" content=\"ulqini\" \/>\n\t<meta name=\"twitter:label2\" content=\"Est. reading time\" \/>\n\t<meta name=\"twitter:data2\" content=\"1 minute\" \/>\n<script type=\"application\/ld+json\" class=\"yoast-schema-graph\">{\"@context\":\"https:\/\/schema.org\",\"@graph\":[{\"@type\":\"WebSite\",\"@id\":\"https:\/\/www.visit-ulcinj.com\/blog\/#website\",\"url\":\"https:\/\/www.visit-ulcinj.com\/blog\/\",\"name\":\"Lajme nga Ulqini\",\"description\":\"Lajme,Vijesti,Ulqini,Ulqin,Crna Gora,Mali i Zi\",\"potentialAction\":[{\"@type\":\"SearchAction\",\"target\":{\"@type\":\"EntryPoint\",\"urlTemplate\":\"https:\/\/www.visit-ulcinj.com\/blog\/?s={search_term_string}\"},\"query-input\":\"required name=search_term_string\"}],\"inLanguage\":\"en-US\"},{\"@type\":\"ImageObject\",\"inLanguage\":\"en-US\",\"@id\":\"https:\/\/www.visit-ulcinj.com\/blog\/2010\/06\/03\/bardhi-nesaglasni-o-demokraticnosti\/#primaryimage\",\"url\":\"https:\/\/www.visit-ulcinj.com\/blog\/wp-content\/uploads\/2010\/06\/Mehmet-Bardhi_ULCINJ.jpg\",\"contentUrl\":\"https:\/\/www.visit-ulcinj.com\/blog\/wp-content\/uploads\/2010\/06\/Mehmet-Bardhi_ULCINJ.jpg\",\"width\":\"901\",\"height\":\"602\"},{\"@type\":\"WebPage\",\"@id\":\"https:\/\/www.visit-ulcinj.com\/blog\/2010\/06\/03\/bardhi-nesaglasni-o-demokraticnosti\/#webpage\",\"url\":\"https:\/\/www.visit-ulcinj.com\/blog\/2010\/06\/03\/bardhi-nesaglasni-o-demokraticnosti\/\",\"name\":\"Bardhi: Nesaglasni o demokrati?nosti - Lajme nga Ulqini\",\"isPartOf\":{\"@id\":\"https:\/\/www.visit-ulcinj.com\/blog\/#website\"},\"primaryImageOfPage\":{\"@id\":\"https:\/\/www.visit-ulcinj.com\/blog\/2010\/06\/03\/bardhi-nesaglasni-o-demokraticnosti\/#primaryimage\"},\"datePublished\":\"2010-06-03T17:57:15+00:00\",\"dateModified\":\"2010-06-03T17:57:15+00:00\",\"author\":{\"@id\":\"https:\/\/www.visit-ulcinj.com\/blog\/#\/schema\/person\/dcab619c614d3038751c63bc2aadc06d\"},\"description\":\"Predsjednik Demokratskog saveza Mehmet Bardhi kazao je Maureru da mu je \u201eskoro zatvorio usta\\\" izjavom da su izbori sprovedeni na miran i korektan na?in.\",\"breadcrumb\":{\"@id\":\"https:\/\/www.visit-ulcinj.com\/blog\/2010\/06\/03\/bardhi-nesaglasni-o-demokraticnosti\/#breadcrumb\"},\"inLanguage\":\"en-US\",\"potentialAction\":[{\"@type\":\"ReadAction\",\"target\":[\"https:\/\/www.visit-ulcinj.com\/blog\/2010\/06\/03\/bardhi-nesaglasni-o-demokraticnosti\/\"]}]},{\"@type\":\"BreadcrumbList\",\"@id\":\"https:\/\/www.visit-ulcinj.com\/blog\/2010\/06\/03\/bardhi-nesaglasni-o-demokraticnosti\/#breadcrumb\",\"itemListElement\":[{\"@type\":\"ListItem\",\"position\":1,\"name\":\"Bardhi: Nesaglasni o demokrati?nosti\"}]},{\"@type\":\"Person\",\"@id\":\"https:\/\/www.visit-ulcinj.com\/blog\/#\/schema\/person\/dcab619c614d3038751c63bc2aadc06d\",\"name\":\"ulqini\",\"sameAs\":[\"http:\/\/www.visit-ulcinj.com\"],\"url\":\"https:\/\/www.visit-ulcinj.com\/blog\/author\/admin\/\"}]}<\/script>\n<!-- \/ Yoast SEO plugin. -->","yoast_head_json":{"title":"Bardhi: Nesaglasni o demokrati?nosti - Lajme nga Ulqini","description":"Predsjednik Demokratskog saveza Mehmet Bardhi kazao je Maureru da mu je \u201eskoro zatvorio usta\" izjavom da su izbori sprovedeni na miran i korektan na?in.","robots":{"index":"index","follow":"follow","max-snippet":"max-snippet:-1","max-image-preview":"max-image-preview:large","max-video-preview":"max-video-preview:-1"},"canonical":"https:\/\/www.visit-ulcinj.com\/blog\/2010\/06\/03\/bardhi-nesaglasni-o-demokraticnosti\/","og_locale":"en_US","og_type":"article","og_title":"Bardhi: Nesaglasni o demokrati?nosti - Lajme nga Ulqini","og_description":"Predsjednik Demokratskog saveza Mehmet Bardhi kazao je Maureru da mu je \u201eskoro zatvorio usta\" izjavom da su izbori sprovedeni na miran i korektan na?in.","og_url":"https:\/\/www.visit-ulcinj.com\/blog\/2010\/06\/03\/bardhi-nesaglasni-o-demokraticnosti\/","og_site_name":"Lajme nga Ulqini","article_published_time":"2010-06-03T17:57:15+00:00","og_image":[{"url":"http:\/\/www.visit-ulcinj.com\/blog\/wp-content\/uploads\/2010\/06\/Mehmet-Bardhi_ULCINJ.jpg"}],"twitter_misc":{"Written by":"ulqini","Est. reading time":"1 minute"},"schema":{"@context":"https:\/\/schema.org","@graph":[{"@type":"WebSite","@id":"https:\/\/www.visit-ulcinj.com\/blog\/#website","url":"https:\/\/www.visit-ulcinj.com\/blog\/","name":"Lajme nga Ulqini","description":"Lajme,Vijesti,Ulqini,Ulqin,Crna Gora,Mali i Zi","potentialAction":[{"@type":"SearchAction","target":{"@type":"EntryPoint","urlTemplate":"https:\/\/www.visit-ulcinj.com\/blog\/?s={search_term_string}"},"query-input":"required name=search_term_string"}],"inLanguage":"en-US"},{"@type":"ImageObject","inLanguage":"en-US","@id":"https:\/\/www.visit-ulcinj.com\/blog\/2010\/06\/03\/bardhi-nesaglasni-o-demokraticnosti\/#primaryimage","url":"https:\/\/www.visit-ulcinj.com\/blog\/wp-content\/uploads\/2010\/06\/Mehmet-Bardhi_ULCINJ.jpg","contentUrl":"https:\/\/www.visit-ulcinj.com\/blog\/wp-content\/uploads\/2010\/06\/Mehmet-Bardhi_ULCINJ.jpg","width":"901","height":"602"},{"@type":"WebPage","@id":"https:\/\/www.visit-ulcinj.com\/blog\/2010\/06\/03\/bardhi-nesaglasni-o-demokraticnosti\/#webpage","url":"https:\/\/www.visit-ulcinj.com\/blog\/2010\/06\/03\/bardhi-nesaglasni-o-demokraticnosti\/","name":"Bardhi: Nesaglasni o demokrati?nosti - Lajme nga Ulqini","isPartOf":{"@id":"https:\/\/www.visit-ulcinj.com\/blog\/#website"},"primaryImageOfPage":{"@id":"https:\/\/www.visit-ulcinj.com\/blog\/2010\/06\/03\/bardhi-nesaglasni-o-demokraticnosti\/#primaryimage"},"datePublished":"2010-06-03T17:57:15+00:00","dateModified":"2010-06-03T17:57:15+00:00","author":{"@id":"https:\/\/www.visit-ulcinj.com\/blog\/#\/schema\/person\/dcab619c614d3038751c63bc2aadc06d"},"description":"Predsjednik Demokratskog saveza Mehmet Bardhi kazao je Maureru da mu je \u201eskoro zatvorio usta\" izjavom da su izbori sprovedeni na miran i korektan na?in.","breadcrumb":{"@id":"https:\/\/www.visit-ulcinj.com\/blog\/2010\/06\/03\/bardhi-nesaglasni-o-demokraticnosti\/#breadcrumb"},"inLanguage":"en-US","potentialAction":[{"@type":"ReadAction","target":["https:\/\/www.visit-ulcinj.com\/blog\/2010\/06\/03\/bardhi-nesaglasni-o-demokraticnosti\/"]}]},{"@type":"BreadcrumbList","@id":"https:\/\/www.visit-ulcinj.com\/blog\/2010\/06\/03\/bardhi-nesaglasni-o-demokraticnosti\/#breadcrumb","itemListElement":[{"@type":"ListItem","position":1,"name":"Bardhi: Nesaglasni o demokrati?nosti"}]},{"@type":"Person","@id":"https:\/\/www.visit-ulcinj.com\/blog\/#\/schema\/person\/dcab619c614d3038751c63bc2aadc06d","name":"ulqini","sameAs":["http:\/\/www.visit-ulcinj.com"],"url":"https:\/\/www.visit-ulcinj.com\/blog\/author\/admin\/"}]}},"jetpack_featured_media_url":"","jetpack_sharing_enabled":true,"jetpack_shortlink":"https:\/\/wp.me\/pe6lTn-8U1","_links":{"self":[{"href":"https:\/\/www.visit-ulcinj.com\/blog\/wp-json\/wp\/v2\/posts\/34225"}],"collection":[{"href":"https:\/\/www.visit-ulcinj.com\/blog\/wp-json\/wp\/v2\/posts"}],"about":[{"href":"https:\/\/www.visit-ulcinj.com\/blog\/wp-json\/wp\/v2\/types\/post"}],"author":[{"embeddable":true,"href":"https:\/\/www.visit-ulcinj.com\/blog\/wp-json\/wp\/v2\/users\/1"}],"replies":[{"embeddable":true,"href":"https:\/\/www.visit-ulcinj.com\/blog\/wp-json\/wp\/v2\/comments?post=34225"}],"version-history":[{"count":0,"href":"https:\/\/www.visit-ulcinj.com\/blog\/wp-json\/wp\/v2\/posts\/34225\/revisions"}],"wp:attachment":[{"href":"https:\/\/www.visit-ulcinj.com\/blog\/wp-json\/wp\/v2\/media?parent=34225"}],"wp:term":[{"taxonomy":"category","embeddable":true,"href":"https:\/\/www.visit-ulcinj.com\/blog\/wp-json\/wp\/v2\/categories?post=34225"},{"taxonomy":"post_tag","embeddable":true,"href":"https:\/\/www.visit-ulcinj.com\/blog\/wp-json\/wp\/v2\/tags?post=34225"}],"curies":[{"name":"wp","href":"https:\/\/api.w.org\/{rel}","templated":true}]}}