{"id":34267,"date":"2010-06-04T22:55:48","date_gmt":"2010-06-04T20:55:48","guid":{"rendered":"http:\/\/www.visit-ulcinj.com\/blog\/?p=34267"},"modified":"2010-06-04T23:07:02","modified_gmt":"2010-06-04T21:07:02","slug":"sidro-vlasnika-adema-tivarija","status":"publish","type":"post","link":"https:\/\/www.visit-ulcinj.com\/blog\/2010\/06\/04\/sidro-vlasnika-adema-tivarija\/","title":{"rendered":"&#8220;SIDRO&#8221; vlasnika Adema TIVARIJA !!!"},"content":{"rendered":"<p><a href=\"http:\/\/www.visit-ulcinj.com\/blog\/wp-content\/uploads\/2010\/06\/Restoran-SIDRO_ulcinj.jpg\"><img loading=\"lazy\" class=\"alignleft size-full wp-image-34268\" title=\"Restoran SIDRO_ulcinj\" src=\"http:\/\/www.visit-ulcinj.com\/blog\/wp-content\/uploads\/2010\/06\/Restoran-SIDRO_ulcinj.jpg\" alt=\"Restoran SIDRO_ulcinj\" width=\"490\" height=\"380\" \/><\/a>&#8220;SIDRO&#8221; vlasnika Adema TIVARIJA III..nije samo jedan od vrhunskih restorana na na\u0161em Pristanu. On je mnogo vi\u0161e od toga. Spoj tradicije orijenta i ambijenta Pristana, sa?uvan na samo tih par metara. Fantasti?no ure?en enterijer, sa puno ma\u0161te i ukusa i rekao bih sa vrhunskom precizno\u0161?u, dok je eksterijer kamen , drvo i te\u0161ka \u017eelezn&#8230;a sidra, sa?uvanih sa brodova na kojima su plovili ili koje je gradio Adem Tivari I, najpoznatiji brodograditelj na ovim prostorima.<br \/>\nVisokokvalitetna riba i vrhunska vina su samo dio bogatog asortimana hrane i pi?a koje nudi jedan od najboljih restorana na na\u0161oj obali. Ali vlasnik Adem Tivari III, kako ga ja nazivam, sa posebnim ponosom govori o broju Jedan i o svojim precima.<br \/>\nDavne 1880 godine, nakon Berlinskog kongresa i prisajedinjenja ovih krajeva Crnoj Gori, porodica Tivari dolazi iz okoline Bara na putu prema Albaniji, ali, sre?om za na\u0161 grad , baca &#8220;sidro&#8221; na Pristanu i tu se nastanjuje. Veliki brodograditelj Adem Tivari po?inje da gradi brodove i nastavlja slavnu i impozantnu tradiciju na\u0161eg pomorstva. Sve do pred Prvi svjetski rat, Ulcinj je mogao da se pohvali da ima brodove i trgova?ku flotu, uglavnom i zahvaljuju?i velikom majstoru brodograditeljsva Ademu Tivariju I. Nakon njegove smrti i okolnosti koje su nastale ratnim zbivanjima , prestaje i brodograditeljstvo kod nas.<br \/>\nNasljednici Adema Tivarija, ?uvaju tradiciju pomorstva, dodu\u0161e ne grade vi\u0161e brodove, ali ve?ina plovi po svim morima svijeta. Svakako, najpoznatiji me?u njima je kapetan Maksut Tivari, jedan od najpoznatijih kapetana u Crnoj Gori. Rijetko je u Ulcinju, jer more je ka\u017ee izazov i njegova velika ljubav, ali kada se nakon dugih putovanja vra?a svojoj ku?i, uvijek je u dru\u0161tvu mladih kojima pri?a o moru, o brodovima, o pro\u0161losti sa nostalgijom i sa posebnom tugom o sada\u0161njosti na\u0161eg pomorstva.<\/p>\n<p><strong><a href=\"http:\/\/www.facebook.com\/profile.php?id=1359492972\">Ismet  Karamanaga <\/a><span title=\"HPHP\">Facebook<\/span><\/strong><br \/>\n\n\t\t<style type=\"text\/css\">\n\t\t\t#gallery-1 {\n\t\t\t\tmargin: auto;\n\t\t\t}\n\t\t\t#gallery-1 .gallery-item {\n\t\t\t\tfloat: left;\n\t\t\t\tmargin-top: 10px;\n\t\t\t\ttext-align: center;\n\t\t\t\twidth: 33%;\n\t\t\t}\n\t\t\t#gallery-1 img {\n\t\t\t\tborder: 2px solid #cfcfcf;\n\t\t\t}\n\t\t\t#gallery-1 .gallery-caption {\n\t\t\t\tmargin-left: 0;\n\t\t\t}\n\t\t\t\/* see gallery_shortcode() in wp-includes\/media.php *\/\n\t\t<\/style>\n\t\t<div id='gallery-1' class='gallery galleryid-34267 gallery-columns-3 gallery-size-thumbnail'><dl class='gallery-item'>\n\t\t\t<dt class='gallery-icon landscape'>\n\t\t\t\t<a href='https:\/\/www.visit-ulcinj.com\/blog\/wp-content\/uploads\/2010\/06\/Restoran-SIDRO_ulcinj.jpg'><img width=\"150\" height=\"150\" src=\"https:\/\/www.visit-ulcinj.com\/blog\/wp-content\/uploads\/2010\/06\/Restoran-SIDRO_ulcinj-150x150.jpg\" class=\"attachment-thumbnail size-thumbnail\" alt=\"\" loading=\"lazy\" \/><\/a>\n\t\t\t<\/dt><\/dl><dl class='gallery-item'>\n\t\t\t<dt class='gallery-icon landscape'>\n\t\t\t\t<a href='https:\/\/www.visit-ulcinj.com\/blog\/wp-content\/uploads\/2010\/06\/SIDRO.1_picnik.jpg'><img width=\"150\" height=\"150\" src=\"https:\/\/www.visit-ulcinj.com\/blog\/wp-content\/uploads\/2010\/06\/SIDRO.1_picnik-150x150.jpg\" class=\"attachment-thumbnail size-thumbnail\" alt=\"\" loading=\"lazy\" \/><\/a>\n\t\t\t<\/dt><\/dl><dl class='gallery-item'>\n\t\t\t<dt class='gallery-icon landscape'>\n\t\t\t\t<a href='https:\/\/www.visit-ulcinj.com\/blog\/wp-content\/uploads\/2010\/06\/SIDRO_picnik.jpg'><img width=\"150\" height=\"150\" src=\"https:\/\/www.visit-ulcinj.com\/blog\/wp-content\/uploads\/2010\/06\/SIDRO_picnik-150x150.jpg\" class=\"attachment-thumbnail size-thumbnail\" alt=\"\" loading=\"lazy\" \/><\/a>\n\t\t\t<\/dt><\/dl><br style=\"clear: both\" \/>\n\t\t<\/div>\n<br \/>\n<!--YouTube Error: bad URL entered--><\/p>\n","protected":false},"excerpt":{"rendered":"<p>&#8220;SIDRO&#8221; vlasnika Adema TIVARIJA III..nije samo jedan od vrhunskih restorana na na\u0161em Pristanu. On je mnogo vi\u0161e od toga. Spoj tradicije orijenta i ambijenta Pristana, sa?uvan na samo tih par metara. Fantasti?no ure?en enterijer, sa puno ma\u0161te i ukusa i rekao bih sa vrhunskom precizno\u0161?u, dok je eksterijer kamen , drvo i te\u0161ka \u017eelezn&#8230;a sidra, [&hellip;]<\/p>\n","protected":false},"author":1,"featured_media":0,"comment_status":"open","ping_status":"closed","sticky":false,"template":"","format":"standard","meta":{"spay_email":"","jetpack_publicize_message":"","jetpack_is_tweetstorm":false,"jetpack_publicize_feature_enabled":true},"categories":[13],"tags":[14633,14632,14634],"jetpack_publicize_connections":[],"yoast_head":"<!-- This site is optimized with the Yoast SEO plugin v19.1 - https:\/\/yoast.com\/wordpress\/plugins\/seo\/ -->\n<title>&quot;SIDRO&quot; vlasnika Adema TIVARIJA !!! - Lajme nga Ulqini<\/title>\n<meta name=\"description\" content=\"&quot;SIDRO&quot; vlasnika Adema TIVARIJA III..nije samo jedan od vrhunskih restorana na na\u0161em Pristanu. On je mnogo vi\u0161e od toga. Spoj tradicije orijenta i\" \/>\n<meta name=\"robots\" content=\"index, follow, max-snippet:-1, max-image-preview:large, max-video-preview:-1\" \/>\n<link rel=\"canonical\" href=\"https:\/\/www.visit-ulcinj.com\/blog\/2010\/06\/04\/sidro-vlasnika-adema-tivarija\/\" \/>\n<meta property=\"og:locale\" content=\"en_US\" \/>\n<meta property=\"og:type\" content=\"article\" \/>\n<meta property=\"og:title\" content=\"&quot;SIDRO&quot; vlasnika Adema TIVARIJA !!! - Lajme nga Ulqini\" \/>\n<meta property=\"og:description\" content=\"&quot;SIDRO&quot; vlasnika Adema TIVARIJA III..nije samo jedan od vrhunskih restorana na na\u0161em Pristanu. On je mnogo vi\u0161e od toga. Spoj tradicije orijenta i\" \/>\n<meta property=\"og:url\" content=\"https:\/\/www.visit-ulcinj.com\/blog\/2010\/06\/04\/sidro-vlasnika-adema-tivarija\/\" \/>\n<meta property=\"og:site_name\" content=\"Lajme nga Ulqini\" \/>\n<meta property=\"article:published_time\" content=\"2010-06-04T20:55:48+00:00\" \/>\n<meta property=\"article:modified_time\" content=\"2010-06-04T21:07:02+00:00\" \/>\n<meta property=\"og:image\" content=\"https:\/\/www.visit-ulcinj.com\/blog\/wp-content\/uploads\/2010\/06\/Restoran-SIDRO_ulcinj-150x150.jpg\" \/>\n<meta name=\"twitter:label1\" content=\"Written by\" \/>\n\t<meta name=\"twitter:data1\" content=\"ulqini\" \/>\n\t<meta name=\"twitter:label2\" content=\"Est. reading time\" \/>\n\t<meta name=\"twitter:data2\" content=\"2 minutes\" \/>\n<script type=\"application\/ld+json\" class=\"yoast-schema-graph\">{\"@context\":\"https:\/\/schema.org\",\"@graph\":[{\"@type\":\"WebSite\",\"@id\":\"https:\/\/www.visit-ulcinj.com\/blog\/#website\",\"url\":\"https:\/\/www.visit-ulcinj.com\/blog\/\",\"name\":\"Lajme nga Ulqini\",\"description\":\"Lajme,Vijesti,Ulqini,Ulqin,Crna Gora,Mali i Zi\",\"potentialAction\":[{\"@type\":\"SearchAction\",\"target\":{\"@type\":\"EntryPoint\",\"urlTemplate\":\"https:\/\/www.visit-ulcinj.com\/blog\/?s={search_term_string}\"},\"query-input\":\"required name=search_term_string\"}],\"inLanguage\":\"en-US\"},{\"@type\":\"ImageObject\",\"inLanguage\":\"en-US\",\"@id\":\"https:\/\/www.visit-ulcinj.com\/blog\/2010\/06\/04\/sidro-vlasnika-adema-tivarija\/#primaryimage\",\"url\":\"https:\/\/www.visit-ulcinj.com\/blog\/wp-content\/uploads\/2010\/06\/Restoran-SIDRO_ulcinj.jpg\",\"contentUrl\":\"https:\/\/www.visit-ulcinj.com\/blog\/wp-content\/uploads\/2010\/06\/Restoran-SIDRO_ulcinj.jpg\",\"width\":\"720\",\"height\":\"540\"},{\"@type\":\"WebPage\",\"@id\":\"https:\/\/www.visit-ulcinj.com\/blog\/2010\/06\/04\/sidro-vlasnika-adema-tivarija\/#webpage\",\"url\":\"https:\/\/www.visit-ulcinj.com\/blog\/2010\/06\/04\/sidro-vlasnika-adema-tivarija\/\",\"name\":\"\\\"SIDRO\\\" vlasnika Adema TIVARIJA !!! - Lajme nga Ulqini\",\"isPartOf\":{\"@id\":\"https:\/\/www.visit-ulcinj.com\/blog\/#website\"},\"primaryImageOfPage\":{\"@id\":\"https:\/\/www.visit-ulcinj.com\/blog\/2010\/06\/04\/sidro-vlasnika-adema-tivarija\/#primaryimage\"},\"datePublished\":\"2010-06-04T20:55:48+00:00\",\"dateModified\":\"2010-06-04T21:07:02+00:00\",\"author\":{\"@id\":\"https:\/\/www.visit-ulcinj.com\/blog\/#\/schema\/person\/dcab619c614d3038751c63bc2aadc06d\"},\"description\":\"\\\"SIDRO\\\" vlasnika Adema TIVARIJA III..nije samo jedan od vrhunskih restorana na na\u0161em Pristanu. On je mnogo vi\u0161e od toga. Spoj tradicije orijenta i\",\"breadcrumb\":{\"@id\":\"https:\/\/www.visit-ulcinj.com\/blog\/2010\/06\/04\/sidro-vlasnika-adema-tivarija\/#breadcrumb\"},\"inLanguage\":\"en-US\",\"potentialAction\":[{\"@type\":\"ReadAction\",\"target\":[\"https:\/\/www.visit-ulcinj.com\/blog\/2010\/06\/04\/sidro-vlasnika-adema-tivarija\/\"]}]},{\"@type\":\"BreadcrumbList\",\"@id\":\"https:\/\/www.visit-ulcinj.com\/blog\/2010\/06\/04\/sidro-vlasnika-adema-tivarija\/#breadcrumb\",\"itemListElement\":[{\"@type\":\"ListItem\",\"position\":1,\"name\":\"&#8220;SIDRO&#8221; vlasnika Adema TIVARIJA !!!\"}]},{\"@type\":\"Person\",\"@id\":\"https:\/\/www.visit-ulcinj.com\/blog\/#\/schema\/person\/dcab619c614d3038751c63bc2aadc06d\",\"name\":\"ulqini\",\"sameAs\":[\"http:\/\/www.visit-ulcinj.com\"],\"url\":\"https:\/\/www.visit-ulcinj.com\/blog\/author\/admin\/\"}]}<\/script>\n<!-- \/ Yoast SEO plugin. -->","yoast_head_json":{"title":"\"SIDRO\" vlasnika Adema TIVARIJA !!! - Lajme nga Ulqini","description":"\"SIDRO\" vlasnika Adema TIVARIJA III..nije samo jedan od vrhunskih restorana na na\u0161em Pristanu. On je mnogo vi\u0161e od toga. Spoj tradicije orijenta i","robots":{"index":"index","follow":"follow","max-snippet":"max-snippet:-1","max-image-preview":"max-image-preview:large","max-video-preview":"max-video-preview:-1"},"canonical":"https:\/\/www.visit-ulcinj.com\/blog\/2010\/06\/04\/sidro-vlasnika-adema-tivarija\/","og_locale":"en_US","og_type":"article","og_title":"\"SIDRO\" vlasnika Adema TIVARIJA !!! - Lajme nga Ulqini","og_description":"\"SIDRO\" vlasnika Adema TIVARIJA III..nije samo jedan od vrhunskih restorana na na\u0161em Pristanu. On je mnogo vi\u0161e od toga. Spoj tradicije orijenta i","og_url":"https:\/\/www.visit-ulcinj.com\/blog\/2010\/06\/04\/sidro-vlasnika-adema-tivarija\/","og_site_name":"Lajme nga Ulqini","article_published_time":"2010-06-04T20:55:48+00:00","article_modified_time":"2010-06-04T21:07:02+00:00","og_image":[{"url":"https:\/\/www.visit-ulcinj.com\/blog\/wp-content\/uploads\/2010\/06\/Restoran-SIDRO_ulcinj-150x150.jpg"}],"twitter_misc":{"Written by":"ulqini","Est. reading time":"2 minutes"},"schema":{"@context":"https:\/\/schema.org","@graph":[{"@type":"WebSite","@id":"https:\/\/www.visit-ulcinj.com\/blog\/#website","url":"https:\/\/www.visit-ulcinj.com\/blog\/","name":"Lajme nga Ulqini","description":"Lajme,Vijesti,Ulqini,Ulqin,Crna Gora,Mali i Zi","potentialAction":[{"@type":"SearchAction","target":{"@type":"EntryPoint","urlTemplate":"https:\/\/www.visit-ulcinj.com\/blog\/?s={search_term_string}"},"query-input":"required name=search_term_string"}],"inLanguage":"en-US"},{"@type":"ImageObject","inLanguage":"en-US","@id":"https:\/\/www.visit-ulcinj.com\/blog\/2010\/06\/04\/sidro-vlasnika-adema-tivarija\/#primaryimage","url":"https:\/\/www.visit-ulcinj.com\/blog\/wp-content\/uploads\/2010\/06\/Restoran-SIDRO_ulcinj.jpg","contentUrl":"https:\/\/www.visit-ulcinj.com\/blog\/wp-content\/uploads\/2010\/06\/Restoran-SIDRO_ulcinj.jpg","width":"720","height":"540"},{"@type":"WebPage","@id":"https:\/\/www.visit-ulcinj.com\/blog\/2010\/06\/04\/sidro-vlasnika-adema-tivarija\/#webpage","url":"https:\/\/www.visit-ulcinj.com\/blog\/2010\/06\/04\/sidro-vlasnika-adema-tivarija\/","name":"\"SIDRO\" vlasnika Adema TIVARIJA !!! - Lajme nga Ulqini","isPartOf":{"@id":"https:\/\/www.visit-ulcinj.com\/blog\/#website"},"primaryImageOfPage":{"@id":"https:\/\/www.visit-ulcinj.com\/blog\/2010\/06\/04\/sidro-vlasnika-adema-tivarija\/#primaryimage"},"datePublished":"2010-06-04T20:55:48+00:00","dateModified":"2010-06-04T21:07:02+00:00","author":{"@id":"https:\/\/www.visit-ulcinj.com\/blog\/#\/schema\/person\/dcab619c614d3038751c63bc2aadc06d"},"description":"\"SIDRO\" vlasnika Adema TIVARIJA III..nije samo jedan od vrhunskih restorana na na\u0161em Pristanu. On je mnogo vi\u0161e od toga. Spoj tradicije orijenta i","breadcrumb":{"@id":"https:\/\/www.visit-ulcinj.com\/blog\/2010\/06\/04\/sidro-vlasnika-adema-tivarija\/#breadcrumb"},"inLanguage":"en-US","potentialAction":[{"@type":"ReadAction","target":["https:\/\/www.visit-ulcinj.com\/blog\/2010\/06\/04\/sidro-vlasnika-adema-tivarija\/"]}]},{"@type":"BreadcrumbList","@id":"https:\/\/www.visit-ulcinj.com\/blog\/2010\/06\/04\/sidro-vlasnika-adema-tivarija\/#breadcrumb","itemListElement":[{"@type":"ListItem","position":1,"name":"&#8220;SIDRO&#8221; vlasnika Adema TIVARIJA !!!"}]},{"@type":"Person","@id":"https:\/\/www.visit-ulcinj.com\/blog\/#\/schema\/person\/dcab619c614d3038751c63bc2aadc06d","name":"ulqini","sameAs":["http:\/\/www.visit-ulcinj.com"],"url":"https:\/\/www.visit-ulcinj.com\/blog\/author\/admin\/"}]}},"jetpack_featured_media_url":"","jetpack_sharing_enabled":true,"jetpack_shortlink":"https:\/\/wp.me\/pe6lTn-8UH","_links":{"self":[{"href":"https:\/\/www.visit-ulcinj.com\/blog\/wp-json\/wp\/v2\/posts\/34267"}],"collection":[{"href":"https:\/\/www.visit-ulcinj.com\/blog\/wp-json\/wp\/v2\/posts"}],"about":[{"href":"https:\/\/www.visit-ulcinj.com\/blog\/wp-json\/wp\/v2\/types\/post"}],"author":[{"embeddable":true,"href":"https:\/\/www.visit-ulcinj.com\/blog\/wp-json\/wp\/v2\/users\/1"}],"replies":[{"embeddable":true,"href":"https:\/\/www.visit-ulcinj.com\/blog\/wp-json\/wp\/v2\/comments?post=34267"}],"version-history":[{"count":0,"href":"https:\/\/www.visit-ulcinj.com\/blog\/wp-json\/wp\/v2\/posts\/34267\/revisions"}],"wp:attachment":[{"href":"https:\/\/www.visit-ulcinj.com\/blog\/wp-json\/wp\/v2\/media?parent=34267"}],"wp:term":[{"taxonomy":"category","embeddable":true,"href":"https:\/\/www.visit-ulcinj.com\/blog\/wp-json\/wp\/v2\/categories?post=34267"},{"taxonomy":"post_tag","embeddable":true,"href":"https:\/\/www.visit-ulcinj.com\/blog\/wp-json\/wp\/v2\/tags?post=34267"}],"curies":[{"name":"wp","href":"https:\/\/api.w.org\/{rel}","templated":true}]}}