{"id":34274,"date":"2010-06-04T23:34:38","date_gmt":"2010-06-04T21:34:38","guid":{"rendered":"http:\/\/www.visit-ulcinj.com\/blog\/?p=34274"},"modified":"2010-06-04T23:36:02","modified_gmt":"2010-06-04T21:36:02","slug":"shaban-peraj-krize-shoqerore-e-shpirterore","status":"publish","type":"post","link":"https:\/\/www.visit-ulcinj.com\/blog\/2010\/06\/04\/shaban-peraj-krize-shoqerore-e-shpirterore\/","title":{"rendered":"Shaban Peraj: Kriz\u00eb shoq\u00ebrore e shpirt\u00ebrore"},"content":{"rendered":"<p><a href=\"http:\/\/www.visit-ulcinj.com\/blog\/wp-content\/uploads\/2009\/03\/shaban-peraj_ulqin1.jpg\"><img loading=\"lazy\" class=\"alignleft\" title=\"shaban peraj\" src=\"http:\/\/www.visit-ulcinj.com\/blog\/wp-content\/uploads\/2009\/03\/shaban-peraj_ulqin1.jpg\" alt=\"\" width=\"366\" height=\"360\" \/><\/a>Tani p\u00ebr \u00e7dokend \u00ebsht\u00eb e qart\u00eb se rrymat ideore politike i kan\u00eb l\u00ebshuar rr\u00ebnj\u00ebt thell\u00eb n\u00eb shoq\u00ebrin\u00eb ton\u00eb. Dukurit\u00eb e tilla kan\u00eb b\u00ebr\u00eb njeriun ton\u00eb t\u00eb ndodhet n\u00eb nj\u00eb kriz\u00eb t\u00eb thell\u00eb politike krahas asaj ekonomiko-sociale, po edhe shpirt\u00ebrore. Defekti jon\u00eb qedron aty se pik\u00ebrisht kjo shoq\u00ebri nuk ka siguruar plot\u00ebsisht sipas koh\u00ebs nevojat e veta, ndaj edhe shqet\u00ebsimet shoq\u00ebrore jan\u00eb pothuajse t\u00eb pap\u00ebrfillshme. Krizat dhe turbullirat u p\u00ebrngjajn\u00eb shtr\u00ebngatave, furtunave e cikloneve dhe n\u00eb shum\u00eb raste nisur nga p\u00ebrfundimi jan\u00eb t\u00eb mira, sepse e shtr\u00ebnguar prej tyre shoq\u00ebria detyrohet t\u00eb ndryshoj\u00eb e k\u00ebshtu arrin\u00eb t\u00eb p\u00ebrshtatet me koh\u00ebn e t\u00eb ec\u00eb me hapin e saj. Gjith\u00ebsesi nuk mund t\u00eb mendohet q\u00eb edhe kombi yn\u00eb t\u00eb mbetet jasht\u00eb saj. Dhe k\u00ebshtu do t\u00eb ndodh\u00eb: do t\u00eb kaloj\u00eb nga kriza n\u00eb kriz\u00eb, do t\u00eb bjer\u00eb nga shqet\u00ebsimi n\u00eb shqet\u00ebsim, por, n\u00eb fund do t\u00eb rilind\u00eb ai q\u00eb \u00ebsht\u00eb. K\u00ebt\u00eb rilindje do ta sjellin ata q\u00eb do t\u00eb din\u00eb t\u00eb krijojn\u00eb struktura t\u00eb reja t\u00eb p\u00ebrgatitura n\u00eb m\u00ebnyr\u00eb t\u00eb p\u00ebrsosur, me themel dhe n\u00eb p\u00ebrputhje me parime n\u00eb respektim t\u00eb ligjit dhe shoq\u00ebris\u00eb.<\/p>\n<p>Ajo q\u00eb \u00ebsht\u00eb shqet\u00ebuese n\u00eb dit\u00ebt tona \u00ebsht\u00eb tema e unitetit dhe p\u00ebr\u00e7arjes, nj\u00ebra prej \u00e7\u00ebshtjeve m\u00eb aktuale q\u00eb vazhdon t\u00eb ruaj\u00eb r\u00ebnd\u00ebsin\u00eb e vet. P\u00ebr k\u00ebt\u00eb treguesi m\u00eb i mir\u00eb ishin zgjedhjet lokale t\u00eb 23 majit, mbajtur n\u00eb 14 komuna n\u00eb Mal t\u00eb Zi. Ata p\u00ebrfnduan ashtu si\u00e7 p\u00ebrfunduan me nj\u00eb antagoniz\u00ebm dhe p\u00ebr\u00e7arje t\u00eb pakuptimt\u00eb t\u00eb subjekteve politike shqiptare, fatur\u00ebn e s\u00eb cil\u00ebs po e paguan populli. Tani q\u00eb dihet humb\u00ebsi dhe fituesi \u00ebsht\u00eb momenti p\u00ebr t\u00eb nxjerr\u00eb analiza: pse k\u00ebshtu, ku gabuam, kush ishin faktor\u00ebt, nga ku \u00ebsht\u00eb e pamundur t\u00eb p\u00ebfytyrohet nj\u00eb rrezik m\u00eb i madh se ky! K\u00ebtu ka vend p\u00ebr nj\u00eb analiz\u00eb t\u00eb mir\u00ebfillt\u00eb p\u00ebr t\u00eb kuptuar se si duhet t\u00eb veprojm\u00eb n\u00eb t\u00eb ardhmen, pa p\u00ebrjashtuar nj\u00eb mjedis si ky i yni i mbushur me fanatiz\u00ebm e intoleranc\u00eb, gj\u00eb q\u00eb v\u00ebshtir\u00eb t\u00eb mendohet p\u00ebr bashkim e unitet. Sigurisht, sepse mir\u00ebkuptimi dhe marr\u00ebveshja kan\u00eb kaluar n\u00eb grupe e taborre interesash, p\u00ebr \u00e7ka kan\u00eb humbur vlerat, dinjiteti, logjika p\u00ebr t\u00eb vepruar n\u00eb m\u00ebnyr\u00eb kolektive dhe kjo e v\u00ebshtir\u00ebson pun\u00ebn e angazhimin e t\u00eb tjer\u00ebve p\u00ebr bashkim mb\u00ebshtetur mbi arsyen dhe logjik\u00ebn p\u00ebr t\u2019u b\u00ebr\u00eb jet\u00ebgjat\u00eb. Kjo \u00ebsht\u00eb pun\u00eb e v\u00ebshtir\u00eb, por p\u00ebrpjekjet duhet b\u00ebr\u00eb dhe at\u00eb t\u00eb fillojn\u00eb nj\u00eb or\u00eb e m\u00eb par\u00eb sepse k\u00ebshtu me llafe, pa mb\u00ebshtetje nuk mund t\u00eb shkohet m\u00eb. K\u00ebshtu si\u00e7 veprojn\u00eb individ\u00eb rreshtuar n\u00eb krah t\u00eb Partis\u00eb Demokratike t\u00eb Socialist\u00ebve t\u00eb Millo Gjukanoviqit, vet\u00ebm apo bashk\u00eb me subjektin politik shqiptar, Unioni Demokratik i Shqiptar\u00ebve t\u00eb Ferhat Dinosh\u00ebs, br\u00ebnda p\u00ebrmasave tona, pa asnj\u00eb diskutim \u00ebsht\u00eb i pamjftuesh\u00ebm p\u00ebr nj\u00eb komb e nuk mund t\u00eb quhet i lejuesh\u00ebm p\u00ebr nga k\u00ebndv\u00ebshtrimi i parimeve tona dhe nuk shpreh asgj\u00eb p\u00ebr t\u00eb ardhmen ton\u00eb.<\/p>\n<p>N\u00eb rrethanat e krijuara, un\u00eb personalisht, po edhe nga e kaluara, marr\u00ebveshjen dhe mir\u00ebkuptimin e shoh t\u00eb pamundur p\u00ebrderisa gj\u00ebrat rrjedhin duke paragjykuar t\u00eb tjer\u00ebt si mohues, m\u00ebkatar\u00eb, e pa u shkulur e hedhur t\u00eb gjitha k\u00ebto. Mbetet t\u00eb themi se ekzistojn\u00eb nj\u00eb s\u00ebr\u00eb faktor\u00ebsh p\u00ebr\u00e7ar\u00ebs q\u00eb nuk duhet n\u00ebnvler\u00ebsuar, t\u00eb cil\u00ebt na k\u00ebrc\u00ebnojn\u00eb unitetin e domosdosh\u00ebm e t\u00eb detyruesh\u00ebm n\u00ebse ne nuk gjejm\u00eb nj\u00eb udh\u00ebrr\u00ebfyes q\u00eb t\u2019i shkonte fjala te k\u00ebto individ\u00eb. Nj\u00eb pjes\u00eb e tyre kan\u00eb menduar t\u2019i sh\u00ebrbejn\u00eb popullit me sinqeritet, me p\u00ebrkushtim, var\u00ebsisht rrethanave t\u00eb krijuara, me kuadro t\u00eb d\u00ebshmuar p\u00ebr t\u00eb zhvilluar veprimtarin\u00eb politike, kurse disa t\u00eb tjer\u00eb, t\u00eb dal\u00eb tashm\u00eb mbi uj\u00eb jan\u00eb t\u00eb pranish\u00ebm vet\u00ebm me paragjykime negative e keqdash\u00ebse. Ky \u00ebsht\u00eb fakt dhe gjithnj\u00eb vazhdon t\u00eb veproj\u00eb duke ndryshuar cil\u00ebsi dhe p\u00ebr rrjedhoj\u00eb ka ndryshuar proporcionalitetin. Imoraliteti si nj\u00eb epidemi ka p\u00ebrfshir\u00eb t\u00ebr\u00eb shoq\u00ebrin\u00eb duke shembur t\u00eb gjitha parimet q\u00eb mbajn\u00eb n\u00eb k\u00ebmb\u00eb nj\u00eb shoq\u00ebri e q\u00eb nj\u00eb pakic\u00eb e lumtur, e shkujdesur i nxorri n\u00eb sken\u00eb p\u00ebr llogari t\u00eb veta ata q\u00eb u mashtruan pas tyre, ata q\u00eb p\u00ebr plot\u00ebsimin e nj\u00eb s\u00ebr\u00eb nevojash treguan egoiz\u00ebm e konfrontime serioze, polemika t\u00eb ashpra p\u00ebr t\u00eb kryer sh\u00ebrbime p\u00ebr t\u00eb tjer\u00ebt!<\/p>\n<p>At\u00ebher\u00eb, pra, \u00ebsht\u00eb jasht\u00ebzakonisht e nevojshme duke llogaritur edhe faktor\u00ebt p\u00ebr\u00e7ar\u00ebs t\u00eb jasht\u00ebm e t\u00eb brendsh\u00ebm, t\u00eb shtrohen p\u00ebr diskutim pikat tona t\u00eb p\u00ebrbashk\u00ebta q\u00eb do t\u00eb p\u00ebrb\u00ebnin baz\u00eb\u00a0 p\u00ebr bashkimin ton\u00eb sa t\u00eb nevojsh\u00ebm aq edhe t\u00eb domosdosh\u00ebm n\u00eb k\u00ebto momente, si dhe t\u00eb ritrajtohet \u00e7\u00ebshtja jon\u00eb n\u00eb m\u00ebnyr\u00eb t\u00eb arsyeshme e t\u00eb logjikshme. Dhe t\u00eb gjith\u00eb ne duke l\u00ebn\u00eb kritik\u00ebn m\u00ebnjan\u00eb, t\u00eb jetojm\u00eb pak me fjal\u00eb miratuese e vler\u00ebsuese q\u00eb t\u00eb ofrojm\u00eb nj\u00ebri-tjetrin p\u00ebr t\u00eb mir\u00ebn e shoq\u00ebris\u00eb dhe t\u00eb mos i b\u00ebjm\u00eb ndryshimet me pretekste armiq\u00ebsie. T\u00eb jemi sy\u00e7elt\u00eb ndaj intrigave dhe t\u00eb mos biem n\u00eb loj\u00ebn e tyre!<\/p>\n<p><strong>@Zemrashqiptare<\/strong><\/p>\n","protected":false},"excerpt":{"rendered":"<p>Tani p\u00ebr \u00e7dokend \u00ebsht\u00eb e qart\u00eb se rrymat ideore politike i kan\u00eb l\u00ebshuar rr\u00ebnj\u00ebt thell\u00eb n\u00eb shoq\u00ebrin\u00eb ton\u00eb. Dukurit\u00eb e tilla kan\u00eb b\u00ebr\u00eb njeriun ton\u00eb t\u00eb ndodhet n\u00eb nj\u00eb kriz\u00eb t\u00eb thell\u00eb politike krahas asaj ekonomiko-sociale, po edhe shpirt\u00ebrore. Defekti jon\u00eb qedron aty se pik\u00ebrisht kjo shoq\u00ebri nuk ka siguruar plot\u00ebsisht sipas koh\u00ebs nevojat e [&hellip;]<\/p>\n","protected":false},"author":1,"featured_media":0,"comment_status":"open","ping_status":"closed","sticky":false,"template":"","format":"standard","meta":{"spay_email":"","jetpack_publicize_message":"","jetpack_is_tweetstorm":false,"jetpack_publicize_feature_enabled":true},"categories":[14249],"tags":[95,3180,200,18],"jetpack_publicize_connections":[],"yoast_head":"<!-- This site is optimized with the Yoast SEO plugin v19.1 - https:\/\/yoast.com\/wordpress\/plugins\/seo\/ -->\n<title>Shaban Peraj: Kriz\u00eb shoq\u00ebrore e shpirt\u00ebrore - Lajme nga Ulqini<\/title>\n<meta name=\"description\" content=\"Tani p\u00ebr \u00e7dokend \u00ebsht\u00eb e qart\u00eb se rrymat ideore politike i kan\u00eb l\u00ebshuar rr\u00ebnj\u00ebt thell\u00eb n\u00eb shoq\u00ebrin\u00eb ton\u00eb. Dukurit\u00eb e tilla kan\u00eb b\u00ebr\u00eb njeriun ton\u00eb t\u00eb\" \/>\n<meta name=\"robots\" content=\"index, follow, max-snippet:-1, max-image-preview:large, max-video-preview:-1\" \/>\n<link rel=\"canonical\" href=\"https:\/\/www.visit-ulcinj.com\/blog\/2010\/06\/04\/shaban-peraj-krize-shoqerore-e-shpirterore\/\" \/>\n<meta property=\"og:locale\" content=\"en_US\" \/>\n<meta property=\"og:type\" content=\"article\" \/>\n<meta property=\"og:title\" content=\"Shaban Peraj: Kriz\u00eb shoq\u00ebrore e shpirt\u00ebrore - Lajme nga Ulqini\" \/>\n<meta property=\"og:description\" content=\"Tani p\u00ebr \u00e7dokend \u00ebsht\u00eb e qart\u00eb se rrymat ideore politike i kan\u00eb l\u00ebshuar rr\u00ebnj\u00ebt thell\u00eb n\u00eb shoq\u00ebrin\u00eb ton\u00eb. Dukurit\u00eb e tilla kan\u00eb b\u00ebr\u00eb njeriun ton\u00eb t\u00eb\" \/>\n<meta property=\"og:url\" content=\"https:\/\/www.visit-ulcinj.com\/blog\/2010\/06\/04\/shaban-peraj-krize-shoqerore-e-shpirterore\/\" \/>\n<meta property=\"og:site_name\" content=\"Lajme nga Ulqini\" \/>\n<meta property=\"article:published_time\" content=\"2010-06-04T21:34:38+00:00\" \/>\n<meta property=\"article:modified_time\" content=\"2010-06-04T21:36:02+00:00\" \/>\n<meta property=\"og:image\" content=\"http:\/\/www.visit-ulcinj.com\/blog\/wp-content\/uploads\/2009\/03\/shaban-peraj_ulqin1.jpg\" \/>\n<meta name=\"twitter:label1\" content=\"Written by\" \/>\n\t<meta name=\"twitter:data1\" content=\"ulqini\" \/>\n\t<meta name=\"twitter:label2\" content=\"Est. reading time\" \/>\n\t<meta name=\"twitter:data2\" content=\"5 minutes\" \/>\n<script type=\"application\/ld+json\" class=\"yoast-schema-graph\">{\"@context\":\"https:\/\/schema.org\",\"@graph\":[{\"@type\":\"WebSite\",\"@id\":\"https:\/\/www.visit-ulcinj.com\/blog\/#website\",\"url\":\"https:\/\/www.visit-ulcinj.com\/blog\/\",\"name\":\"Lajme nga Ulqini\",\"description\":\"Lajme,Vijesti,Ulqini,Ulqin,Crna Gora,Mali i Zi\",\"potentialAction\":[{\"@type\":\"SearchAction\",\"target\":{\"@type\":\"EntryPoint\",\"urlTemplate\":\"https:\/\/www.visit-ulcinj.com\/blog\/?s={search_term_string}\"},\"query-input\":\"required name=search_term_string\"}],\"inLanguage\":\"en-US\"},{\"@type\":\"ImageObject\",\"inLanguage\":\"en-US\",\"@id\":\"https:\/\/www.visit-ulcinj.com\/blog\/2010\/06\/04\/shaban-peraj-krize-shoqerore-e-shpirterore\/#primaryimage\",\"url\":\"https:\/\/www.visit-ulcinj.com\/blog\/wp-content\/uploads\/2009\/03\/shaban-peraj_ulqin1.jpg\",\"contentUrl\":\"https:\/\/www.visit-ulcinj.com\/blog\/wp-content\/uploads\/2009\/03\/shaban-peraj_ulqin1.jpg\",\"width\":\"318\",\"height\":\"313\"},{\"@type\":\"WebPage\",\"@id\":\"https:\/\/www.visit-ulcinj.com\/blog\/2010\/06\/04\/shaban-peraj-krize-shoqerore-e-shpirterore\/#webpage\",\"url\":\"https:\/\/www.visit-ulcinj.com\/blog\/2010\/06\/04\/shaban-peraj-krize-shoqerore-e-shpirterore\/\",\"name\":\"Shaban Peraj: Kriz\u00eb shoq\u00ebrore e shpirt\u00ebrore - Lajme nga Ulqini\",\"isPartOf\":{\"@id\":\"https:\/\/www.visit-ulcinj.com\/blog\/#website\"},\"primaryImageOfPage\":{\"@id\":\"https:\/\/www.visit-ulcinj.com\/blog\/2010\/06\/04\/shaban-peraj-krize-shoqerore-e-shpirterore\/#primaryimage\"},\"datePublished\":\"2010-06-04T21:34:38+00:00\",\"dateModified\":\"2010-06-04T21:36:02+00:00\",\"author\":{\"@id\":\"https:\/\/www.visit-ulcinj.com\/blog\/#\/schema\/person\/dcab619c614d3038751c63bc2aadc06d\"},\"description\":\"Tani p\u00ebr \u00e7dokend \u00ebsht\u00eb e qart\u00eb se rrymat ideore politike i kan\u00eb l\u00ebshuar rr\u00ebnj\u00ebt thell\u00eb n\u00eb shoq\u00ebrin\u00eb ton\u00eb. Dukurit\u00eb e tilla kan\u00eb b\u00ebr\u00eb njeriun ton\u00eb t\u00eb\",\"breadcrumb\":{\"@id\":\"https:\/\/www.visit-ulcinj.com\/blog\/2010\/06\/04\/shaban-peraj-krize-shoqerore-e-shpirterore\/#breadcrumb\"},\"inLanguage\":\"en-US\",\"potentialAction\":[{\"@type\":\"ReadAction\",\"target\":[\"https:\/\/www.visit-ulcinj.com\/blog\/2010\/06\/04\/shaban-peraj-krize-shoqerore-e-shpirterore\/\"]}]},{\"@type\":\"BreadcrumbList\",\"@id\":\"https:\/\/www.visit-ulcinj.com\/blog\/2010\/06\/04\/shaban-peraj-krize-shoqerore-e-shpirterore\/#breadcrumb\",\"itemListElement\":[{\"@type\":\"ListItem\",\"position\":1,\"name\":\"Shaban Peraj: Kriz\u00eb shoq\u00ebrore e shpirt\u00ebrore\"}]},{\"@type\":\"Person\",\"@id\":\"https:\/\/www.visit-ulcinj.com\/blog\/#\/schema\/person\/dcab619c614d3038751c63bc2aadc06d\",\"name\":\"ulqini\",\"sameAs\":[\"http:\/\/www.visit-ulcinj.com\"],\"url\":\"https:\/\/www.visit-ulcinj.com\/blog\/author\/admin\/\"}]}<\/script>\n<!-- \/ Yoast SEO plugin. -->","yoast_head_json":{"title":"Shaban Peraj: Kriz\u00eb shoq\u00ebrore e shpirt\u00ebrore - Lajme nga Ulqini","description":"Tani p\u00ebr \u00e7dokend \u00ebsht\u00eb e qart\u00eb se rrymat ideore politike i kan\u00eb l\u00ebshuar rr\u00ebnj\u00ebt thell\u00eb n\u00eb shoq\u00ebrin\u00eb ton\u00eb. Dukurit\u00eb e tilla kan\u00eb b\u00ebr\u00eb njeriun ton\u00eb t\u00eb","robots":{"index":"index","follow":"follow","max-snippet":"max-snippet:-1","max-image-preview":"max-image-preview:large","max-video-preview":"max-video-preview:-1"},"canonical":"https:\/\/www.visit-ulcinj.com\/blog\/2010\/06\/04\/shaban-peraj-krize-shoqerore-e-shpirterore\/","og_locale":"en_US","og_type":"article","og_title":"Shaban Peraj: Kriz\u00eb shoq\u00ebrore e shpirt\u00ebrore - Lajme nga Ulqini","og_description":"Tani p\u00ebr \u00e7dokend \u00ebsht\u00eb e qart\u00eb se rrymat ideore politike i kan\u00eb l\u00ebshuar rr\u00ebnj\u00ebt thell\u00eb n\u00eb shoq\u00ebrin\u00eb ton\u00eb. Dukurit\u00eb e tilla kan\u00eb b\u00ebr\u00eb njeriun ton\u00eb t\u00eb","og_url":"https:\/\/www.visit-ulcinj.com\/blog\/2010\/06\/04\/shaban-peraj-krize-shoqerore-e-shpirterore\/","og_site_name":"Lajme nga Ulqini","article_published_time":"2010-06-04T21:34:38+00:00","article_modified_time":"2010-06-04T21:36:02+00:00","og_image":[{"url":"http:\/\/www.visit-ulcinj.com\/blog\/wp-content\/uploads\/2009\/03\/shaban-peraj_ulqin1.jpg"}],"twitter_misc":{"Written by":"ulqini","Est. reading time":"5 minutes"},"schema":{"@context":"https:\/\/schema.org","@graph":[{"@type":"WebSite","@id":"https:\/\/www.visit-ulcinj.com\/blog\/#website","url":"https:\/\/www.visit-ulcinj.com\/blog\/","name":"Lajme nga Ulqini","description":"Lajme,Vijesti,Ulqini,Ulqin,Crna Gora,Mali i Zi","potentialAction":[{"@type":"SearchAction","target":{"@type":"EntryPoint","urlTemplate":"https:\/\/www.visit-ulcinj.com\/blog\/?s={search_term_string}"},"query-input":"required name=search_term_string"}],"inLanguage":"en-US"},{"@type":"ImageObject","inLanguage":"en-US","@id":"https:\/\/www.visit-ulcinj.com\/blog\/2010\/06\/04\/shaban-peraj-krize-shoqerore-e-shpirterore\/#primaryimage","url":"https:\/\/www.visit-ulcinj.com\/blog\/wp-content\/uploads\/2009\/03\/shaban-peraj_ulqin1.jpg","contentUrl":"https:\/\/www.visit-ulcinj.com\/blog\/wp-content\/uploads\/2009\/03\/shaban-peraj_ulqin1.jpg","width":"318","height":"313"},{"@type":"WebPage","@id":"https:\/\/www.visit-ulcinj.com\/blog\/2010\/06\/04\/shaban-peraj-krize-shoqerore-e-shpirterore\/#webpage","url":"https:\/\/www.visit-ulcinj.com\/blog\/2010\/06\/04\/shaban-peraj-krize-shoqerore-e-shpirterore\/","name":"Shaban Peraj: Kriz\u00eb shoq\u00ebrore e shpirt\u00ebrore - Lajme nga Ulqini","isPartOf":{"@id":"https:\/\/www.visit-ulcinj.com\/blog\/#website"},"primaryImageOfPage":{"@id":"https:\/\/www.visit-ulcinj.com\/blog\/2010\/06\/04\/shaban-peraj-krize-shoqerore-e-shpirterore\/#primaryimage"},"datePublished":"2010-06-04T21:34:38+00:00","dateModified":"2010-06-04T21:36:02+00:00","author":{"@id":"https:\/\/www.visit-ulcinj.com\/blog\/#\/schema\/person\/dcab619c614d3038751c63bc2aadc06d"},"description":"Tani p\u00ebr \u00e7dokend \u00ebsht\u00eb e qart\u00eb se rrymat ideore politike i kan\u00eb l\u00ebshuar rr\u00ebnj\u00ebt thell\u00eb n\u00eb shoq\u00ebrin\u00eb ton\u00eb. Dukurit\u00eb e tilla kan\u00eb b\u00ebr\u00eb njeriun ton\u00eb t\u00eb","breadcrumb":{"@id":"https:\/\/www.visit-ulcinj.com\/blog\/2010\/06\/04\/shaban-peraj-krize-shoqerore-e-shpirterore\/#breadcrumb"},"inLanguage":"en-US","potentialAction":[{"@type":"ReadAction","target":["https:\/\/www.visit-ulcinj.com\/blog\/2010\/06\/04\/shaban-peraj-krize-shoqerore-e-shpirterore\/"]}]},{"@type":"BreadcrumbList","@id":"https:\/\/www.visit-ulcinj.com\/blog\/2010\/06\/04\/shaban-peraj-krize-shoqerore-e-shpirterore\/#breadcrumb","itemListElement":[{"@type":"ListItem","position":1,"name":"Shaban Peraj: Kriz\u00eb shoq\u00ebrore e shpirt\u00ebrore"}]},{"@type":"Person","@id":"https:\/\/www.visit-ulcinj.com\/blog\/#\/schema\/person\/dcab619c614d3038751c63bc2aadc06d","name":"ulqini","sameAs":["http:\/\/www.visit-ulcinj.com"],"url":"https:\/\/www.visit-ulcinj.com\/blog\/author\/admin\/"}]}},"jetpack_featured_media_url":"","jetpack_sharing_enabled":true,"jetpack_shortlink":"https:\/\/wp.me\/pe6lTn-8UO","_links":{"self":[{"href":"https:\/\/www.visit-ulcinj.com\/blog\/wp-json\/wp\/v2\/posts\/34274"}],"collection":[{"href":"https:\/\/www.visit-ulcinj.com\/blog\/wp-json\/wp\/v2\/posts"}],"about":[{"href":"https:\/\/www.visit-ulcinj.com\/blog\/wp-json\/wp\/v2\/types\/post"}],"author":[{"embeddable":true,"href":"https:\/\/www.visit-ulcinj.com\/blog\/wp-json\/wp\/v2\/users\/1"}],"replies":[{"embeddable":true,"href":"https:\/\/www.visit-ulcinj.com\/blog\/wp-json\/wp\/v2\/comments?post=34274"}],"version-history":[{"count":0,"href":"https:\/\/www.visit-ulcinj.com\/blog\/wp-json\/wp\/v2\/posts\/34274\/revisions"}],"wp:attachment":[{"href":"https:\/\/www.visit-ulcinj.com\/blog\/wp-json\/wp\/v2\/media?parent=34274"}],"wp:term":[{"taxonomy":"category","embeddable":true,"href":"https:\/\/www.visit-ulcinj.com\/blog\/wp-json\/wp\/v2\/categories?post=34274"},{"taxonomy":"post_tag","embeddable":true,"href":"https:\/\/www.visit-ulcinj.com\/blog\/wp-json\/wp\/v2\/tags?post=34274"}],"curies":[{"name":"wp","href":"https:\/\/api.w.org\/{rel}","templated":true}]}}