{"id":34277,"date":"2010-06-05T11:10:41","date_gmt":"2010-06-05T09:10:41","guid":{"rendered":"http:\/\/www.visit-ulcinj.com\/blog\/?p=34277"},"modified":"2010-06-05T11:10:41","modified_gmt":"2010-06-05T09:10:41","slug":"leter-e-hapur-kryetareve-te-partive-politike-shqiptare-ne-mal-te-zi","status":"publish","type":"post","link":"https:\/\/www.visit-ulcinj.com\/blog\/2010\/06\/05\/leter-e-hapur-kryetareve-te-partive-politike-shqiptare-ne-mal-te-zi\/","title":{"rendered":"Let\u00ebr e hapur kryetar\u00ebve t\u00eb partive politike shqiptare n\u00eb Mal t\u00eb Zi"},"content":{"rendered":"<p><strong><a href=\"http:\/\/www.visit-ulcinj.com\/blog\/wp-content\/uploads\/2010\/06\/Populli-kerkon-rezultate-nga-politikanet.jpg\"><img loading=\"lazy\" class=\"alignleft size-full wp-image-34278\" title=\"Populli kerkon rezultate nga politikanet\" src=\"http:\/\/www.visit-ulcinj.com\/blog\/wp-content\/uploads\/2010\/06\/Populli-kerkon-rezultate-nga-politikanet.jpg\" alt=\"Populli kerkon rezultate nga politikanet\" width=\"361\" height=\"411\" srcset=\"https:\/\/www.visit-ulcinj.com\/blog\/wp-content\/uploads\/2010\/06\/Populli-kerkon-rezultate-nga-politikanet.jpg 353w, https:\/\/www.visit-ulcinj.com\/blog\/wp-content\/uploads\/2010\/06\/Populli-kerkon-rezultate-nga-politikanet-263x300.jpg 263w\" sizes=\"(max-width: 361px) 100vw, 361px\" \/><\/a>Shaban Peraj: Populli k\u00ebrkon rezultate<\/strong><br \/>\nSe si m\u00eb sillen v\u00ebrdall\u00eb n\u00eb kok\u00eb vitet e para t\u00eb pluralizmit, tentativat p\u00ebr nj\u00eb jet\u00eb m\u00eb t\u00eb mir\u00eb, angazhimi p\u00ebr p\u00ebrgjegj\u00ebsi, maturi e toleranc\u00eb q\u00eb ishte p\u00ebr \u00e7do lakmi n\u00eb ato vite. Po, pap\u00eb sot m\u00eb sillen n\u00eb kok\u00eb p\u00ebr\u00e7arjet, mostoleranca, acarimet, gj\u00eb q\u00eb e b\u00ebn t\u00eb pap\u00ebrfillsh\u00ebm k\u00ebrkes\u00ebn ton\u00eb p\u00ebr t\u00eb k\u00ebrkuar unitet, demokraci, apo realizimin e besimit t\u00eb marr\u00eb nga populli pas zgjedhjeve t\u00eb fundit.<br \/>\n<strong><br \/>\nKaluam 20 vjet n\u00eb pluraliz\u00ebm, t\u00eb gjith\u00eb ishim t\u00eb bindur se pozita jon\u00eb n\u00ebn drejtimin e lider\u00ebve t\u00eb subjekteve politike shqiptare k\u00ebtu n\u00eb Mal t\u00eb Zi sadopak do t\u00eb p\u00ebmir\u00ebsohet.<\/strong><\/p>\n<p>Qysh n\u00eb themelim t\u00eb subjektit t\u00eb par\u00eb politik (Lidhja Demokratike n\u00eb Mal t\u00eb Zi) u mendua se do t\u00eb mbrohen interesat e shqiptar\u00ebve n\u00eb Mal t\u00eb Zi, at\u00ebher\u00eb u mendua se kjo \u00ebsht\u00eb nj\u00eb form\u00eb e p\u00ebrkryer p\u00ebr t\u00eb bashkuar shqiptar\u00ebt n\u00eb k\u00ebto troje, dhe \u00e7far\u00eb ndodhi, ajo nuk arriti t\u00eb p\u00ebrcjell\u00eb z\u00ebrin e komunitetit t\u00eb ktuesh\u00ebm, p\u00ebrkundrazi devijoj\u00a0 duke krijuar pak\u00ebnaq\u00ebsi t\u00eb m\u00ebdha dhe lejoj q\u00eb nga gjiri i saj t\u00eb dalin edhe shum\u00eb subjekte t\u00eb reja, p\u00ebr t\u00eb cil\u00ebt nuk pat\u00ebm nevoj\u00eb dhe nuk di kush m\u00eb se cila \u00ebsht\u00eb m\u00eb pak apo m\u00eb shum\u00eb shqiptare. At\u00ebher\u00eb shqiptar\u00ebt u grumbulluan n\u00eb k\u00ebto hap\u00ebsira pa kursyer mund, pa kursyer xhepin e dhan\u00eb \u00e7do gj\u00eb prej vet\u00ebs p\u00ebr t\u00eb qen\u00eb t\u00eb barabart\u00eb me t\u00eb tjer\u00ebt. Me themelimin e partive t\u00eb reja d\u00ebshtoi p\u00ebrcjellja e z\u00ebrit t\u00eb mas\u00ebs, d\u00ebshtuan tentativat p\u00ebr nj\u00eb jet\u00eb m\u00eb t\u00eb mir\u00eb dhe k\u00ebshtu vazhdon t\u00eb fryej nj\u00eb er\u00eb e r\u00ebnd\u00eb si m\u00eb par\u00eb.<\/p>\n<p>Zot\u00ebrinj\u00eb t\u00eb nderuar do t\u2019u kisha k\u00ebrkuar t\u00eb shpjegoni \u00e7far\u00eb duhet tu ndodh shqiptar\u00ebve n\u00eb Mal t\u00eb Zi q\u00eb ju t\u00eb pranoni pasojat q\u00eb u keni sjellur, dhe k\u00ebt\u00eb p\u00ebr faktin se ju nuk jeni n\u00eb gjendje t\u00eb pranoni nj\u00ebri-tjetrin, nuk jeni n\u00eb gjendje t\u00eb caktoni nj\u00eb takim t\u00eb p\u00ebrbashk\u00ebt prej nga do t\u2019na bind\u00ebni se v\u00ebrtet e keni marr\u00eb seriozisht misionin tuaj. Ferhat Dinosha, Nazif Cungu, Mehmet Bardhi e Ali Doda, tashm\u00eb ka ardhur koha t\u00eb pranoni se k\u00ebshtu si\u00e7 po veproni ju nuk mund t\u00eb avancohen t\u00eb drejtat dhe k\u00ebrkesat e shqiptar\u00ebve n\u00eb Mal t\u00eb Zi. Mashtroni vet\u00ebn, po edhe mas\u00ebn n\u00ebse mendoni se nj\u00ebri nga ju \u00ebsht\u00eb m\u00eb i madh se tjetri. N\u00ebse k\u00ebshtu mendoni, at\u00ebher\u00eb kjo \u00ebsht\u00eb irituese p\u00ebr k\u00ebt\u00eb popull t\u00eb shum\u00ebvuajtur. Duke vepruar k\u00ebshtu si\u00e7 po veproni thelloni edhe m\u00eb tep\u00ebr ndarjen mes shqiptar\u00ebve, ndaj sa nuk \u00ebsht\u00eb von\u00eb reflektoni p\u00ebr situat\u00ebn e krijuar, dhe k\u00ebt\u00eb ta b\u00ebni p\u00ebr t\u00eb mir\u00ebn e atyre q\u00eb u votuan, p\u00ebr t\u00eb mir\u00ebn e k\u00ebsaj rinie q\u00eb endet posht\u00eb e lart\u00eb pa pun\u00eb, p\u00ebr t\u00eb mir\u00ebn e nx\u00ebn\u00ebsve q\u00eb nuk kan\u00eb tekste shkollore, t\u00eb atyre bujq\u00ebve q\u00eb nuk kan\u00eb treg\u00a0 p\u00ebr t\u00eb plasuar prodhimet e veta. Pra, keni p\u00ebr \u00e7ka t\u00eb bisedoni, keni p\u00ebr \u00e7ka t\u00eb konsultoheni n\u00ebse keni vullnetin e mir\u00eb\u00a0 dhe mos tentoni t\u00eb eliminoni individ\u00eb q\u00eb nuk shkojn\u00eb \u201cn\u00eb rrug\u00ebn tuaj\u201d.<\/p>\n<p>Tashm\u00eb m\u00eb ka kaluar n\u00eb shprehi th\u00ebnia: bisedoni, diskutoni, merruni vesh nj\u00ebri me tjetrin, k\u00ebrkoni kompromis n\u00ebse nuk doni t\u00eb mbeteni n\u00eb histori si persona negativ t\u00eb politik\u00ebs shqiptare. M\u00ebnyra p\u00ebr t\u00eb zgjidhur ng\u00ebr\u00e7in politik \u00ebsht\u00eb e njohur, at\u00eb duhet ta shfyt\u00ebzoni nj\u00eb or\u00eb e m\u00eb par\u00eb, edhepse e di\u00a0 se lufta \u00ebsht\u00eb brenda jush p\u00ebr t\u00eb paraqitur nj\u00ebri-tjetrin n\u00eb nj\u00eb nivel m\u00eb t\u00eb ul\u00ebt apo m\u00eb superior. Zgjidhja duhet t\u00eb b\u00ebhet me kompromis, rrug\u00ebdalje tjet\u00ebr nuk ka n\u00eb k\u00ebto momente. Problemet jan\u00eb t\u00eb shumta, dhe n\u00ebse ju i shihni t\u00eb zgjidhur problemin e gjuh\u00ebs, t\u00eb simboleve komb\u00ebtare, t\u00eb pozit\u00ebs s\u00eb shqiptar\u00ebve n\u00eb Mal t\u00eb Zi, t\u00eb arsimit e kultur\u00ebs e shum\u00eb \u00e7\u00ebshtje t\u00eb tjera, at\u00ebher\u00eb aferim u qoft\u00eb, pa\u00e7i urat\u00ebn e ndihmen e Zotit, ndryshe nuk di \u00e7far\u00eb tu uroj. Jam i bindur se edhe ju vet e keni t\u00eb qart\u00eb se keni b\u00ebr\u00eb l\u00ebshime mjaft, se keni humbur koh\u00eb dhe momenti \u00ebsht\u00eb t\u00eb hedhni n\u00eb tavolin\u00eb statusin e shqiptar\u00ebve n\u00eb Mal t\u00eb Zi dhe ta thoni tro\u00e7 t\u00eb v\u00ebrtet\u00ebn, sado e hidhur qoft\u00eb ajo. K\u00ebt\u00eb ua k\u00ebrkoj sepse duam t\u00eb jemi t\u00eb qet\u00eb n\u00eb shiprtin ton\u00eb ne t\u00eb tjer\u00ebt q\u00eb nuk jemi dakord me ju, p\u00ebr t\u00eb mos lejuar hap\u00ebsir\u00eb\u00a0 p\u00ebr retorik\u00eb, fjal\u00eb e premtime q\u00eb edhe ju e dini se k\u00ebshtu nuk zbatohen kurr\u00eb.<\/p>\n<p>Besoj se duhet t\u00eb pajtoheni me mua n\u00ebse them se subjektet politike shqiptare po ndihmojn\u00eb humbjen e dinjitetit t\u00eb shqiptar\u00ebve k\u00ebtu n\u00eb Mal t\u00eb Zi, po ndikojn\u00eb n\u00eb humbjen e vlerave t\u00eb popullit. P\u00ebr k\u00ebt\u00eb jam i bindur dhe dua t\u00eb besoj\u00eb se jeni koshient\u00eb p\u00ebr ate q\u00eb ndodhi me rastin e zgjedhjeve lokale, sidomos n\u00eb An\u00eb t\u00eb Malit, e ndoshta edhe n\u00eb trevat tjera shqiptare! K\u00ebsaj dukurie i keni ndihmuar edhe ju, kush m\u00eb pak e kush m\u00eb shum\u00eb, dhe kjo m\u00eb b\u00ebn t\u00eb konstatoj\u00eb se politika e udh\u00ebhequr n\u00eb k\u00ebt\u00eb m\u00ebnyr\u00eb nuk ka zgjidhje, por vet\u00ebm mashtrim. T\u00eb gjith\u00eb ju mobilizuat persona p\u00ebr t\u00eb zgjedhur se kush mashtron m\u00eb bukur. Ata p\u00ebrfunduan duke z\u00ebvend\u00ebsuar k\u00ebrkeat e shqiptar\u00ebve me interesa t\u00eb personave apo grupeve dhe kjo nuk na \u00e7on gj\u00ebkundi. Ju keni instaluar n\u00eb partit\u00eb tuaja persona karrierist\u00eb q\u00eb nuk e njohin profesionin p\u00ebr t\u00eb cilin jan\u00eb shkolluar, q\u00eb nuk zbatojn\u00eb normat demokratike, ndaj u mbetet ju detyr\u00eb q\u00eb t\u00eb angazhoheni p\u00ebr nj\u00eb bashk\u00ebpunim m\u00eb t\u00eb madh, p\u00ebr nj\u00eb unitet e toleranc\u00eb, s\u00eb pari n\u00eb mes shqiptar\u00ebve e pastaj edhe me popujt tjer\u00eb n\u00eb Mal t\u00eb Zi. N\u00ebse ju nuk bini pre e interesave personale, por d\u00ebnoni dukurit\u00eb negative, at\u00ebher\u00eb m\u00eb shpejt\u00eb do t\u00eb realizohen interesat tona. K\u00ebt\u00eb propozim t\u00eb dh\u00ebn\u00eb merreni si t\u00eb doni, por mos lejoni e mos ngulni k\u00ebmb\u00eb q\u00eb planet tuaja t\u2019ia impononi mas\u00ebs me forc\u00eb sepse at\u00ebher\u00eb shkelni r\u00ebnd\u00eb parimet demokratike. Harroni p\u00ebr\u00e7arjet e p\u00ebrcaktohuni p\u00ebr zgjidhjen e problemeve p\u00ebr t\u00eb arritur nj\u00eb t\u00eb ardhme m\u00eb t\u00eb mir\u00eb p\u00ebr t\u00eb gjith\u00eb, ndryshe duam, s\u2019duam, me vet\u00ebdije apo pa te, jeni p\u00ebrgjegj\u00ebs p\u00ebr at\u00eb q\u00eb mund t\u00eb ndodh\u00eb n\u00eb k\u00ebto an\u00eb.<\/p>\n<p><strong>Shaban Peraj<\/strong><\/p>\n<p><strong><strong>@ <\/strong>Zemrashqiptare<\/strong><\/p>\n","protected":false},"excerpt":{"rendered":"<p>Shaban Peraj: Populli k\u00ebrkon rezultate Se si m\u00eb sillen v\u00ebrdall\u00eb n\u00eb kok\u00eb vitet e para t\u00eb pluralizmit, tentativat p\u00ebr nj\u00eb jet\u00eb m\u00eb t\u00eb mir\u00eb, angazhimi p\u00ebr p\u00ebrgjegj\u00ebsi, maturi e toleranc\u00eb q\u00eb ishte p\u00ebr \u00e7do lakmi n\u00eb ato vite. Po, pap\u00eb sot m\u00eb sillen n\u00eb kok\u00eb p\u00ebr\u00e7arjet, mostoleranca, acarimet, gj\u00eb q\u00eb e b\u00ebn t\u00eb pap\u00ebrfillsh\u00ebm k\u00ebrkes\u00ebn [&hellip;]<\/p>\n","protected":false},"author":1,"featured_media":0,"comment_status":"open","ping_status":"closed","sticky":false,"template":"","format":"standard","meta":{"spay_email":"","jetpack_publicize_message":"","jetpack_is_tweetstorm":false,"jetpack_publicize_feature_enabled":true},"categories":[6],"tags":[1888,8027,4484,97,687,347,118,14635,5922,3180,200,18],"jetpack_publicize_connections":[],"yoast_head":"<!-- This site is optimized with the Yoast SEO plugin v19.1 - https:\/\/yoast.com\/wordpress\/plugins\/seo\/ -->\n<title>Let\u00ebr e hapur kryetar\u00ebve t\u00eb partive politike shqiptare n\u00eb Mal t\u00eb Zi - Lajme nga Ulqini<\/title>\n<meta name=\"description\" content=\"Shaban Peraj: Populli k\u00ebrkon rezultate Se si m\u00eb sillen v\u00ebrdall\u00eb n\u00eb kok\u00eb vitet e para t\u00eb pluralizmit, tentativat p\u00ebr nj\u00eb jet\u00eb m\u00eb t\u00eb mir\u00eb, angazhimi p\u00ebr\" \/>\n<meta name=\"robots\" content=\"index, follow, max-snippet:-1, max-image-preview:large, max-video-preview:-1\" \/>\n<link rel=\"canonical\" href=\"https:\/\/www.visit-ulcinj.com\/blog\/2010\/06\/05\/leter-e-hapur-kryetareve-te-partive-politike-shqiptare-ne-mal-te-zi\/\" \/>\n<meta property=\"og:locale\" content=\"en_US\" \/>\n<meta property=\"og:type\" content=\"article\" \/>\n<meta property=\"og:title\" content=\"Let\u00ebr e hapur kryetar\u00ebve t\u00eb partive politike shqiptare n\u00eb Mal t\u00eb Zi - Lajme nga Ulqini\" \/>\n<meta property=\"og:description\" content=\"Shaban Peraj: Populli k\u00ebrkon rezultate Se si m\u00eb sillen v\u00ebrdall\u00eb n\u00eb kok\u00eb vitet e para t\u00eb pluralizmit, tentativat p\u00ebr nj\u00eb jet\u00eb m\u00eb t\u00eb mir\u00eb, angazhimi p\u00ebr\" \/>\n<meta property=\"og:url\" content=\"https:\/\/www.visit-ulcinj.com\/blog\/2010\/06\/05\/leter-e-hapur-kryetareve-te-partive-politike-shqiptare-ne-mal-te-zi\/\" \/>\n<meta property=\"og:site_name\" content=\"Lajme nga Ulqini\" \/>\n<meta property=\"article:published_time\" content=\"2010-06-05T09:10:41+00:00\" \/>\n<meta property=\"og:image\" content=\"http:\/\/www.visit-ulcinj.com\/blog\/wp-content\/uploads\/2010\/06\/Populli-kerkon-rezultate-nga-politikanet.jpg\" \/>\n<meta name=\"twitter:label1\" content=\"Written by\" \/>\n\t<meta name=\"twitter:data1\" content=\"ulqini\" \/>\n\t<meta name=\"twitter:label2\" content=\"Est. reading time\" \/>\n\t<meta name=\"twitter:data2\" content=\"6 minutes\" \/>\n<script type=\"application\/ld+json\" class=\"yoast-schema-graph\">{\"@context\":\"https:\/\/schema.org\",\"@graph\":[{\"@type\":\"WebSite\",\"@id\":\"https:\/\/www.visit-ulcinj.com\/blog\/#website\",\"url\":\"https:\/\/www.visit-ulcinj.com\/blog\/\",\"name\":\"Lajme nga Ulqini\",\"description\":\"Lajme,Vijesti,Ulqini,Ulqin,Crna Gora,Mali i Zi\",\"potentialAction\":[{\"@type\":\"SearchAction\",\"target\":{\"@type\":\"EntryPoint\",\"urlTemplate\":\"https:\/\/www.visit-ulcinj.com\/blog\/?s={search_term_string}\"},\"query-input\":\"required name=search_term_string\"}],\"inLanguage\":\"en-US\"},{\"@type\":\"ImageObject\",\"inLanguage\":\"en-US\",\"@id\":\"https:\/\/www.visit-ulcinj.com\/blog\/2010\/06\/05\/leter-e-hapur-kryetareve-te-partive-politike-shqiptare-ne-mal-te-zi\/#primaryimage\",\"url\":\"https:\/\/www.visit-ulcinj.com\/blog\/wp-content\/uploads\/2010\/06\/Populli-kerkon-rezultate-nga-politikanet.jpg\",\"contentUrl\":\"https:\/\/www.visit-ulcinj.com\/blog\/wp-content\/uploads\/2010\/06\/Populli-kerkon-rezultate-nga-politikanet.jpg\",\"width\":\"353\",\"height\":\"402\",\"caption\":\"Kodi zgjedhor i papranuesh\u00ebm p\u00ebr shqiptar\u00ebt n\u00eb Mal t\u00eb Zi\"},{\"@type\":\"WebPage\",\"@id\":\"https:\/\/www.visit-ulcinj.com\/blog\/2010\/06\/05\/leter-e-hapur-kryetareve-te-partive-politike-shqiptare-ne-mal-te-zi\/#webpage\",\"url\":\"https:\/\/www.visit-ulcinj.com\/blog\/2010\/06\/05\/leter-e-hapur-kryetareve-te-partive-politike-shqiptare-ne-mal-te-zi\/\",\"name\":\"Let\u00ebr e hapur kryetar\u00ebve t\u00eb partive politike shqiptare n\u00eb Mal t\u00eb Zi - Lajme nga Ulqini\",\"isPartOf\":{\"@id\":\"https:\/\/www.visit-ulcinj.com\/blog\/#website\"},\"primaryImageOfPage\":{\"@id\":\"https:\/\/www.visit-ulcinj.com\/blog\/2010\/06\/05\/leter-e-hapur-kryetareve-te-partive-politike-shqiptare-ne-mal-te-zi\/#primaryimage\"},\"datePublished\":\"2010-06-05T09:10:41+00:00\",\"dateModified\":\"2010-06-05T09:10:41+00:00\",\"author\":{\"@id\":\"https:\/\/www.visit-ulcinj.com\/blog\/#\/schema\/person\/dcab619c614d3038751c63bc2aadc06d\"},\"description\":\"Shaban Peraj: Populli k\u00ebrkon rezultate Se si m\u00eb sillen v\u00ebrdall\u00eb n\u00eb kok\u00eb vitet e para t\u00eb pluralizmit, tentativat p\u00ebr nj\u00eb jet\u00eb m\u00eb t\u00eb mir\u00eb, angazhimi p\u00ebr\",\"breadcrumb\":{\"@id\":\"https:\/\/www.visit-ulcinj.com\/blog\/2010\/06\/05\/leter-e-hapur-kryetareve-te-partive-politike-shqiptare-ne-mal-te-zi\/#breadcrumb\"},\"inLanguage\":\"en-US\",\"potentialAction\":[{\"@type\":\"ReadAction\",\"target\":[\"https:\/\/www.visit-ulcinj.com\/blog\/2010\/06\/05\/leter-e-hapur-kryetareve-te-partive-politike-shqiptare-ne-mal-te-zi\/\"]}]},{\"@type\":\"BreadcrumbList\",\"@id\":\"https:\/\/www.visit-ulcinj.com\/blog\/2010\/06\/05\/leter-e-hapur-kryetareve-te-partive-politike-shqiptare-ne-mal-te-zi\/#breadcrumb\",\"itemListElement\":[{\"@type\":\"ListItem\",\"position\":1,\"name\":\"Let\u00ebr e hapur kryetar\u00ebve t\u00eb partive politike shqiptare n\u00eb Mal t\u00eb Zi\"}]},{\"@type\":\"Person\",\"@id\":\"https:\/\/www.visit-ulcinj.com\/blog\/#\/schema\/person\/dcab619c614d3038751c63bc2aadc06d\",\"name\":\"ulqini\",\"sameAs\":[\"http:\/\/www.visit-ulcinj.com\"],\"url\":\"https:\/\/www.visit-ulcinj.com\/blog\/author\/admin\/\"}]}<\/script>\n<!-- \/ Yoast SEO plugin. -->","yoast_head_json":{"title":"Let\u00ebr e hapur kryetar\u00ebve t\u00eb partive politike shqiptare n\u00eb Mal t\u00eb Zi - Lajme nga Ulqini","description":"Shaban Peraj: Populli k\u00ebrkon rezultate Se si m\u00eb sillen v\u00ebrdall\u00eb n\u00eb kok\u00eb vitet e para t\u00eb pluralizmit, tentativat p\u00ebr nj\u00eb jet\u00eb m\u00eb t\u00eb mir\u00eb, angazhimi p\u00ebr","robots":{"index":"index","follow":"follow","max-snippet":"max-snippet:-1","max-image-preview":"max-image-preview:large","max-video-preview":"max-video-preview:-1"},"canonical":"https:\/\/www.visit-ulcinj.com\/blog\/2010\/06\/05\/leter-e-hapur-kryetareve-te-partive-politike-shqiptare-ne-mal-te-zi\/","og_locale":"en_US","og_type":"article","og_title":"Let\u00ebr e hapur kryetar\u00ebve t\u00eb partive politike shqiptare n\u00eb Mal t\u00eb Zi - Lajme nga Ulqini","og_description":"Shaban Peraj: Populli k\u00ebrkon rezultate Se si m\u00eb sillen v\u00ebrdall\u00eb n\u00eb kok\u00eb vitet e para t\u00eb pluralizmit, tentativat p\u00ebr nj\u00eb jet\u00eb m\u00eb t\u00eb mir\u00eb, angazhimi p\u00ebr","og_url":"https:\/\/www.visit-ulcinj.com\/blog\/2010\/06\/05\/leter-e-hapur-kryetareve-te-partive-politike-shqiptare-ne-mal-te-zi\/","og_site_name":"Lajme nga Ulqini","article_published_time":"2010-06-05T09:10:41+00:00","og_image":[{"url":"http:\/\/www.visit-ulcinj.com\/blog\/wp-content\/uploads\/2010\/06\/Populli-kerkon-rezultate-nga-politikanet.jpg"}],"twitter_misc":{"Written by":"ulqini","Est. reading time":"6 minutes"},"schema":{"@context":"https:\/\/schema.org","@graph":[{"@type":"WebSite","@id":"https:\/\/www.visit-ulcinj.com\/blog\/#website","url":"https:\/\/www.visit-ulcinj.com\/blog\/","name":"Lajme nga Ulqini","description":"Lajme,Vijesti,Ulqini,Ulqin,Crna Gora,Mali i Zi","potentialAction":[{"@type":"SearchAction","target":{"@type":"EntryPoint","urlTemplate":"https:\/\/www.visit-ulcinj.com\/blog\/?s={search_term_string}"},"query-input":"required name=search_term_string"}],"inLanguage":"en-US"},{"@type":"ImageObject","inLanguage":"en-US","@id":"https:\/\/www.visit-ulcinj.com\/blog\/2010\/06\/05\/leter-e-hapur-kryetareve-te-partive-politike-shqiptare-ne-mal-te-zi\/#primaryimage","url":"https:\/\/www.visit-ulcinj.com\/blog\/wp-content\/uploads\/2010\/06\/Populli-kerkon-rezultate-nga-politikanet.jpg","contentUrl":"https:\/\/www.visit-ulcinj.com\/blog\/wp-content\/uploads\/2010\/06\/Populli-kerkon-rezultate-nga-politikanet.jpg","width":"353","height":"402","caption":"Kodi zgjedhor i papranuesh\u00ebm p\u00ebr shqiptar\u00ebt n\u00eb Mal t\u00eb Zi"},{"@type":"WebPage","@id":"https:\/\/www.visit-ulcinj.com\/blog\/2010\/06\/05\/leter-e-hapur-kryetareve-te-partive-politike-shqiptare-ne-mal-te-zi\/#webpage","url":"https:\/\/www.visit-ulcinj.com\/blog\/2010\/06\/05\/leter-e-hapur-kryetareve-te-partive-politike-shqiptare-ne-mal-te-zi\/","name":"Let\u00ebr e hapur kryetar\u00ebve t\u00eb partive politike shqiptare n\u00eb Mal t\u00eb Zi - Lajme nga Ulqini","isPartOf":{"@id":"https:\/\/www.visit-ulcinj.com\/blog\/#website"},"primaryImageOfPage":{"@id":"https:\/\/www.visit-ulcinj.com\/blog\/2010\/06\/05\/leter-e-hapur-kryetareve-te-partive-politike-shqiptare-ne-mal-te-zi\/#primaryimage"},"datePublished":"2010-06-05T09:10:41+00:00","dateModified":"2010-06-05T09:10:41+00:00","author":{"@id":"https:\/\/www.visit-ulcinj.com\/blog\/#\/schema\/person\/dcab619c614d3038751c63bc2aadc06d"},"description":"Shaban Peraj: Populli k\u00ebrkon rezultate Se si m\u00eb sillen v\u00ebrdall\u00eb n\u00eb kok\u00eb vitet e para t\u00eb pluralizmit, tentativat p\u00ebr nj\u00eb jet\u00eb m\u00eb t\u00eb mir\u00eb, angazhimi p\u00ebr","breadcrumb":{"@id":"https:\/\/www.visit-ulcinj.com\/blog\/2010\/06\/05\/leter-e-hapur-kryetareve-te-partive-politike-shqiptare-ne-mal-te-zi\/#breadcrumb"},"inLanguage":"en-US","potentialAction":[{"@type":"ReadAction","target":["https:\/\/www.visit-ulcinj.com\/blog\/2010\/06\/05\/leter-e-hapur-kryetareve-te-partive-politike-shqiptare-ne-mal-te-zi\/"]}]},{"@type":"BreadcrumbList","@id":"https:\/\/www.visit-ulcinj.com\/blog\/2010\/06\/05\/leter-e-hapur-kryetareve-te-partive-politike-shqiptare-ne-mal-te-zi\/#breadcrumb","itemListElement":[{"@type":"ListItem","position":1,"name":"Let\u00ebr e hapur kryetar\u00ebve t\u00eb partive politike shqiptare n\u00eb Mal t\u00eb Zi"}]},{"@type":"Person","@id":"https:\/\/www.visit-ulcinj.com\/blog\/#\/schema\/person\/dcab619c614d3038751c63bc2aadc06d","name":"ulqini","sameAs":["http:\/\/www.visit-ulcinj.com"],"url":"https:\/\/www.visit-ulcinj.com\/blog\/author\/admin\/"}]}},"jetpack_featured_media_url":"","jetpack_sharing_enabled":true,"jetpack_shortlink":"https:\/\/wp.me\/pe6lTn-8UR","_links":{"self":[{"href":"https:\/\/www.visit-ulcinj.com\/blog\/wp-json\/wp\/v2\/posts\/34277"}],"collection":[{"href":"https:\/\/www.visit-ulcinj.com\/blog\/wp-json\/wp\/v2\/posts"}],"about":[{"href":"https:\/\/www.visit-ulcinj.com\/blog\/wp-json\/wp\/v2\/types\/post"}],"author":[{"embeddable":true,"href":"https:\/\/www.visit-ulcinj.com\/blog\/wp-json\/wp\/v2\/users\/1"}],"replies":[{"embeddable":true,"href":"https:\/\/www.visit-ulcinj.com\/blog\/wp-json\/wp\/v2\/comments?post=34277"}],"version-history":[{"count":0,"href":"https:\/\/www.visit-ulcinj.com\/blog\/wp-json\/wp\/v2\/posts\/34277\/revisions"}],"wp:attachment":[{"href":"https:\/\/www.visit-ulcinj.com\/blog\/wp-json\/wp\/v2\/media?parent=34277"}],"wp:term":[{"taxonomy":"category","embeddable":true,"href":"https:\/\/www.visit-ulcinj.com\/blog\/wp-json\/wp\/v2\/categories?post=34277"},{"taxonomy":"post_tag","embeddable":true,"href":"https:\/\/www.visit-ulcinj.com\/blog\/wp-json\/wp\/v2\/tags?post=34277"}],"curies":[{"name":"wp","href":"https:\/\/api.w.org\/{rel}","templated":true}]}}