{"id":34282,"date":"2010-06-05T12:35:42","date_gmt":"2010-06-05T10:35:42","guid":{"rendered":"http:\/\/www.visit-ulcinj.com\/blog\/?p=34282"},"modified":"2010-06-05T12:35:42","modified_gmt":"2010-06-05T10:35:42","slug":"elvana-gjata-ne-aksion","status":"publish","type":"post","link":"https:\/\/www.visit-ulcinj.com\/blog\/2010\/06\/05\/elvana-gjata-ne-aksion\/","title":{"rendered":"Elvana Gjata n\u00eb aksion"},"content":{"rendered":"<p><a href=\"http:\/\/www.visit-ulcinj.com\/blog\/wp-content\/uploads\/2010\/06\/Elvana-Gjata.1.jpg\"><img loading=\"lazy\" class=\"alignleft size-full wp-image-34283\" title=\"Elvana Gjata.1\" src=\"http:\/\/www.visit-ulcinj.com\/blog\/wp-content\/uploads\/2010\/06\/Elvana-Gjata.1.jpg\" alt=\"Elvana Gjata.1\" width=\"490\" height=\"380\" \/><\/a>K\u00ebsaj here Elvana ka tejkaluar t\u00eb gjitha parashikimet tona duke ardhur me dy k\u00ebng\u00eb brenda nj\u00eb klipi me tekste shum\u00eb interesante dhe me muzik\u00eb ritmike. Vajza e talentuar e k\u00ebng\u00ebs do t\u00eb luaj\u00eb nj\u00eb rol shum\u00eb t\u00eb r\u00ebnd\u00ebsish\u00ebm n\u00eb klipin q\u00eb do shohim.<br \/>\nN\u00ebse iu themi se p\u00ebr pak dit\u00eb do t\u00eb shihni nj\u00eb klip t\u00eb ri nga Elvana Gjata, ju me siguri nj\u00eb ide do ta krijoni menj\u00ebher\u00eb apo jo? Duke qen\u00eb n\u00eb prag t\u00eb ver\u00ebs imagjinata juaj do t\u00eb shkoj\u00eb tek ambientet e plazhit ku protagoniste \u00ebsht\u00eb ajo, e \u00ebmb\u00ebl dhe sensuale si gjithmon\u00eb. Nuk e keni gjetur, pasi b\u00ebhet fjal\u00eb p\u00ebr tjet\u00ebr gj\u00eb komplet&#8230;K\u00ebt\u00eb her\u00eb Elvana ka vendosur q\u00eb t\u00eb na befasoj\u00eb, madje m\u00eb shum\u00eb akoma, t\u00eb na shokoj\u00eb. Kjo pasi k\u00ebsaj her\u00eb nuk do t\u00eb shohim nj\u00eb klip, por nj\u00eb film t\u00eb shkurt\u00ebr aksion, nj\u00eb ilustrim i dy k\u00ebng\u00ebve t\u00eb ngjitura me nj\u00ebra-tjetr\u00ebn q\u00eb vijn\u00eb n\u00ebn nj\u00eb xhirim spektakolar q\u00eb t\u00eb l\u00eb pa frym\u00eb.<br \/>\nK\u00ebsaj here Elvana ka tejkaluar t\u00eb gjitha parashikimet tona duke ardhur me dy k\u00ebng\u00eb brenda nj\u00eb klipi me tekste shum\u00eb interesante dhe me muzik\u00eb ritmike. Vajza e talentuar e k\u00ebng\u00ebs do t\u00eb luaj\u00eb nj\u00eb rol shum\u00eb t\u00eb r\u00ebnd\u00ebsish\u00ebm n\u00eb klipin q\u00eb do shohim. Ajo do jet\u00eb nj\u00eb spiune q\u00eb me nj\u00eb kod n\u00eb dor\u00eb do t\u00eb shkoj\u00eb p\u00ebr nj\u00eb mision, i cili p\u00ebrfundon me vrasjen prej saj t\u00eb atij q\u00eb mish\u00ebron t\u00eb keqen. M\u00eb pas vijojn\u00eb xhirimet me helikopter, ku ulje ngjitjet e k\u00ebng\u00ebtares jan\u00eb spektakolare. Me nj\u00eb regji t\u00eb Ardit Roshit \u00ebsht\u00eb preferuar q\u00eb \u00e7do sken\u00eb t\u00eb zhvillohej e v\u00ebrtet\u00eb dhe pa montazhe e manipulime kompjuterike.<br \/>\nMadje n\u00eb shum\u00eb raste k\u00ebng\u00ebtarja rr\u00ebfen se: \u201ckishte skena aq t\u00eb guximshme sa pavar\u00ebsisht se un\u00eb vazhdoja t\u00eb k\u00ebndoja, n\u00eb fakt pak frik\u00eb e kisha pasi helikopteri fluturonte p\u00ebrmbi kok\u00ebn time. Me kostume t\u00eb zeza t\u00eb punuara bukur nga stilistja Jona Mu\u00e7a, k\u00ebsaj here do t\u00eb shohim nj\u00eb Elvan\u00eb tjet\u00ebr, pasi krahas aft\u00ebsive si k\u00ebng\u00ebtare q\u00eb tashm\u00eb ia njohim t\u00eb gjith\u00eb, do t\u00eb shohim, edhe talentin e saj n\u00eb aktrim, m\u00eb at\u00eb fush\u00eb ku ajo ka treguar se e synon dhe \u00ebsht\u00eb n\u00eb planet e saj t\u00eb af\u00ebrta. Nj\u00ebra nga k\u00ebng\u00ebt e klipit \u00ebsht\u00eb e k\u00ebnduar n\u00eb duet me Flori Mumajesin, i cili \u00ebsht\u00eb edhe kompozitori i k\u00ebng\u00ebve.<br \/>\nElvana \u00ebsht\u00eb e k\u00ebnqur pasi arriti q\u00eb klipi t\u00eb xhirohet n\u00eb brend\u00ebsi t\u00eb hidrocentralit t\u00eb Fierz\u00ebs, gj\u00eb q\u00eb nuk kishte ndodhur m\u00eb par\u00eb pasi nuk lejohet dhe gjith\u00e7ka shkoi m\u00eb s\u00eb miri edhe me skenat me helikopter t\u00eb cilin ia vuri n\u00eb dispozicion falas Ministria e Rendit. Tani nuk na mbetet gj\u00eb tjet\u00ebr vet\u00ebm t\u00eb durojm\u00eb edhe pak dit\u00eb derisa klipi t\u00eb jet\u00eb gati dhe t\u00eb shijojm\u00eb jo vet\u00ebm k\u00ebng\u00ebt e reja t\u00eb Elvan\u00ebs por edhe k\u00ebt\u00eb \u00e7menduri t\u00eb fundit t\u00eb saj e cila pa dyshim do t\u00eb p\u00eblqehet p\u00ebr gjetjen e ve\u00e7ant\u00eb. Gjithashtu k\u00ebng\u00ebtarja nxjerr albumin e saj t\u00eb dyt\u00eb me 15 qershor ku shtat\u00eb k\u00ebng\u00eb do t\u00eb jen\u00eb t\u00eb reja.<br \/>\nE n\u00ebse mendoni se k\u00ebto jan\u00eb gjith\u00e7ka q\u00eb m\u00ebsuam rreth t\u00eb rejave t\u00eb Elvan\u00ebs, n\u00eb fakt ka edhe m\u00eb. K\u00ebng\u00ebtarja menj\u00ebher\u00eb pas xhirimeve t\u00eb klipit p\u00ebr t\u00eb cilin fol\u00ebm m\u00eb lart, do t\u00eb udh\u00ebtoj\u00eb n\u00eb Kosov\u00eb p\u00ebr t\u00eb xhiruar nj\u00eb tjet\u00ebr klip, e m\u00eb pas do t\u00eb ritkthehet n\u00eb bregdetin e jugut p\u00ebr t\u00eb b\u00ebr\u00eb nj\u00eb klip vere. Natyrisht nuk do t\u00eb mungoj\u00eb n\u00eb diskotekat dhe lokalet e bregdetit p\u00ebrgjat\u00eb gjith\u00eb ver\u00ebs\u2026<br \/>\n<strong><br \/>\nYllpress<br \/>\n<br \/>\n<!--YouTube Error: bad URL entered--><\/strong><\/p>\n","protected":false},"excerpt":{"rendered":"<p>K\u00ebsaj here Elvana ka tejkaluar t\u00eb gjitha parashikimet tona duke ardhur me dy k\u00ebng\u00eb brenda nj\u00eb klipi me tekste shum\u00eb interesante dhe me muzik\u00eb ritmike. Vajza e talentuar e k\u00ebng\u00ebs do t\u00eb luaj\u00eb nj\u00eb rol shum\u00eb t\u00eb r\u00ebnd\u00ebsish\u00ebm n\u00eb klipin q\u00eb do shohim. N\u00ebse iu themi se p\u00ebr pak dit\u00eb do t\u00eb shihni nj\u00eb klip [&hellip;]<\/p>\n","protected":false},"author":1,"featured_media":0,"comment_status":"open","ping_status":"closed","sticky":false,"template":"","format":"standard","meta":{"spay_email":"","jetpack_publicize_message":"","jetpack_is_tweetstorm":false,"jetpack_publicize_feature_enabled":true},"categories":[1],"tags":[7760],"jetpack_publicize_connections":[],"yoast_head":"<!-- This site is optimized with the Yoast SEO plugin v19.1 - https:\/\/yoast.com\/wordpress\/plugins\/seo\/ -->\n<title>Elvana Gjata n\u00eb aksion - Lajme nga Ulqini<\/title>\n<meta name=\"description\" content=\"K\u00ebsaj here Elvana ka tejkaluar t\u00eb gjitha parashikimet tona duke ardhur me dy k\u00ebng\u00eb brenda nj\u00eb klipi me tekste shum\u00eb interesante dhe me muzik\u00eb ritmike.\" \/>\n<meta name=\"robots\" content=\"index, follow, max-snippet:-1, max-image-preview:large, max-video-preview:-1\" \/>\n<link rel=\"canonical\" href=\"https:\/\/www.visit-ulcinj.com\/blog\/2010\/06\/05\/elvana-gjata-ne-aksion\/\" \/>\n<meta property=\"og:locale\" content=\"en_US\" \/>\n<meta property=\"og:type\" content=\"article\" \/>\n<meta property=\"og:title\" content=\"Elvana Gjata n\u00eb aksion - Lajme nga Ulqini\" \/>\n<meta property=\"og:description\" content=\"K\u00ebsaj here Elvana ka tejkaluar t\u00eb gjitha parashikimet tona duke ardhur me dy k\u00ebng\u00eb brenda nj\u00eb klipi me tekste shum\u00eb interesante dhe me muzik\u00eb ritmike.\" \/>\n<meta property=\"og:url\" content=\"https:\/\/www.visit-ulcinj.com\/blog\/2010\/06\/05\/elvana-gjata-ne-aksion\/\" \/>\n<meta property=\"og:site_name\" content=\"Lajme nga Ulqini\" \/>\n<meta property=\"article:published_time\" content=\"2010-06-05T10:35:42+00:00\" \/>\n<meta property=\"og:image\" content=\"https:\/\/www.visit-ulcinj.com\/blog\/wp-content\/uploads\/2010\/06\/Elvana-Gjata.1-150x150.jpg\" \/>\n<meta name=\"twitter:label1\" content=\"Written by\" \/>\n\t<meta name=\"twitter:data1\" content=\"ulqini\" \/>\n\t<meta name=\"twitter:label2\" content=\"Est. reading time\" \/>\n\t<meta name=\"twitter:data2\" content=\"3 minutes\" \/>\n<script type=\"application\/ld+json\" class=\"yoast-schema-graph\">{\"@context\":\"https:\/\/schema.org\",\"@graph\":[{\"@type\":\"WebSite\",\"@id\":\"https:\/\/www.visit-ulcinj.com\/blog\/#website\",\"url\":\"https:\/\/www.visit-ulcinj.com\/blog\/\",\"name\":\"Lajme nga Ulqini\",\"description\":\"Lajme,Vijesti,Ulqini,Ulqin,Crna Gora,Mali i Zi\",\"potentialAction\":[{\"@type\":\"SearchAction\",\"target\":{\"@type\":\"EntryPoint\",\"urlTemplate\":\"https:\/\/www.visit-ulcinj.com\/blog\/?s={search_term_string}\"},\"query-input\":\"required name=search_term_string\"}],\"inLanguage\":\"en-US\"},{\"@type\":\"ImageObject\",\"inLanguage\":\"en-US\",\"@id\":\"https:\/\/www.visit-ulcinj.com\/blog\/2010\/06\/05\/elvana-gjata-ne-aksion\/#primaryimage\",\"url\":\"http:\/\/www.visit-ulcinj.com\/blog\/wp-content\/uploads\/2010\/06\/Elvana-Gjata.1.jpg\",\"contentUrl\":\"http:\/\/www.visit-ulcinj.com\/blog\/wp-content\/uploads\/2010\/06\/Elvana-Gjata.1.jpg\"},{\"@type\":\"WebPage\",\"@id\":\"https:\/\/www.visit-ulcinj.com\/blog\/2010\/06\/05\/elvana-gjata-ne-aksion\/#webpage\",\"url\":\"https:\/\/www.visit-ulcinj.com\/blog\/2010\/06\/05\/elvana-gjata-ne-aksion\/\",\"name\":\"Elvana Gjata n\u00eb aksion - Lajme nga Ulqini\",\"isPartOf\":{\"@id\":\"https:\/\/www.visit-ulcinj.com\/blog\/#website\"},\"primaryImageOfPage\":{\"@id\":\"https:\/\/www.visit-ulcinj.com\/blog\/2010\/06\/05\/elvana-gjata-ne-aksion\/#primaryimage\"},\"datePublished\":\"2010-06-05T10:35:42+00:00\",\"dateModified\":\"2010-06-05T10:35:42+00:00\",\"author\":{\"@id\":\"https:\/\/www.visit-ulcinj.com\/blog\/#\/schema\/person\/dcab619c614d3038751c63bc2aadc06d\"},\"description\":\"K\u00ebsaj here Elvana ka tejkaluar t\u00eb gjitha parashikimet tona duke ardhur me dy k\u00ebng\u00eb brenda nj\u00eb klipi me tekste shum\u00eb interesante dhe me muzik\u00eb ritmike.\",\"breadcrumb\":{\"@id\":\"https:\/\/www.visit-ulcinj.com\/blog\/2010\/06\/05\/elvana-gjata-ne-aksion\/#breadcrumb\"},\"inLanguage\":\"en-US\",\"potentialAction\":[{\"@type\":\"ReadAction\",\"target\":[\"https:\/\/www.visit-ulcinj.com\/blog\/2010\/06\/05\/elvana-gjata-ne-aksion\/\"]}]},{\"@type\":\"BreadcrumbList\",\"@id\":\"https:\/\/www.visit-ulcinj.com\/blog\/2010\/06\/05\/elvana-gjata-ne-aksion\/#breadcrumb\",\"itemListElement\":[{\"@type\":\"ListItem\",\"position\":1,\"name\":\"Elvana Gjata n\u00eb aksion\"}]},{\"@type\":\"Person\",\"@id\":\"https:\/\/www.visit-ulcinj.com\/blog\/#\/schema\/person\/dcab619c614d3038751c63bc2aadc06d\",\"name\":\"ulqini\",\"sameAs\":[\"http:\/\/www.visit-ulcinj.com\"],\"url\":\"https:\/\/www.visit-ulcinj.com\/blog\/author\/admin\/\"}]}<\/script>\n<!-- \/ Yoast SEO plugin. -->","yoast_head_json":{"title":"Elvana Gjata n\u00eb aksion - Lajme nga Ulqini","description":"K\u00ebsaj here Elvana ka tejkaluar t\u00eb gjitha parashikimet tona duke ardhur me dy k\u00ebng\u00eb brenda nj\u00eb klipi me tekste shum\u00eb interesante dhe me muzik\u00eb ritmike.","robots":{"index":"index","follow":"follow","max-snippet":"max-snippet:-1","max-image-preview":"max-image-preview:large","max-video-preview":"max-video-preview:-1"},"canonical":"https:\/\/www.visit-ulcinj.com\/blog\/2010\/06\/05\/elvana-gjata-ne-aksion\/","og_locale":"en_US","og_type":"article","og_title":"Elvana Gjata n\u00eb aksion - Lajme nga Ulqini","og_description":"K\u00ebsaj here Elvana ka tejkaluar t\u00eb gjitha parashikimet tona duke ardhur me dy k\u00ebng\u00eb brenda nj\u00eb klipi me tekste shum\u00eb interesante dhe me muzik\u00eb ritmike.","og_url":"https:\/\/www.visit-ulcinj.com\/blog\/2010\/06\/05\/elvana-gjata-ne-aksion\/","og_site_name":"Lajme nga Ulqini","article_published_time":"2010-06-05T10:35:42+00:00","og_image":[{"url":"https:\/\/www.visit-ulcinj.com\/blog\/wp-content\/uploads\/2010\/06\/Elvana-Gjata.1-150x150.jpg"}],"twitter_misc":{"Written by":"ulqini","Est. reading time":"3 minutes"},"schema":{"@context":"https:\/\/schema.org","@graph":[{"@type":"WebSite","@id":"https:\/\/www.visit-ulcinj.com\/blog\/#website","url":"https:\/\/www.visit-ulcinj.com\/blog\/","name":"Lajme nga Ulqini","description":"Lajme,Vijesti,Ulqini,Ulqin,Crna Gora,Mali i Zi","potentialAction":[{"@type":"SearchAction","target":{"@type":"EntryPoint","urlTemplate":"https:\/\/www.visit-ulcinj.com\/blog\/?s={search_term_string}"},"query-input":"required name=search_term_string"}],"inLanguage":"en-US"},{"@type":"ImageObject","inLanguage":"en-US","@id":"https:\/\/www.visit-ulcinj.com\/blog\/2010\/06\/05\/elvana-gjata-ne-aksion\/#primaryimage","url":"http:\/\/www.visit-ulcinj.com\/blog\/wp-content\/uploads\/2010\/06\/Elvana-Gjata.1.jpg","contentUrl":"http:\/\/www.visit-ulcinj.com\/blog\/wp-content\/uploads\/2010\/06\/Elvana-Gjata.1.jpg"},{"@type":"WebPage","@id":"https:\/\/www.visit-ulcinj.com\/blog\/2010\/06\/05\/elvana-gjata-ne-aksion\/#webpage","url":"https:\/\/www.visit-ulcinj.com\/blog\/2010\/06\/05\/elvana-gjata-ne-aksion\/","name":"Elvana Gjata n\u00eb aksion - Lajme nga Ulqini","isPartOf":{"@id":"https:\/\/www.visit-ulcinj.com\/blog\/#website"},"primaryImageOfPage":{"@id":"https:\/\/www.visit-ulcinj.com\/blog\/2010\/06\/05\/elvana-gjata-ne-aksion\/#primaryimage"},"datePublished":"2010-06-05T10:35:42+00:00","dateModified":"2010-06-05T10:35:42+00:00","author":{"@id":"https:\/\/www.visit-ulcinj.com\/blog\/#\/schema\/person\/dcab619c614d3038751c63bc2aadc06d"},"description":"K\u00ebsaj here Elvana ka tejkaluar t\u00eb gjitha parashikimet tona duke ardhur me dy k\u00ebng\u00eb brenda nj\u00eb klipi me tekste shum\u00eb interesante dhe me muzik\u00eb ritmike.","breadcrumb":{"@id":"https:\/\/www.visit-ulcinj.com\/blog\/2010\/06\/05\/elvana-gjata-ne-aksion\/#breadcrumb"},"inLanguage":"en-US","potentialAction":[{"@type":"ReadAction","target":["https:\/\/www.visit-ulcinj.com\/blog\/2010\/06\/05\/elvana-gjata-ne-aksion\/"]}]},{"@type":"BreadcrumbList","@id":"https:\/\/www.visit-ulcinj.com\/blog\/2010\/06\/05\/elvana-gjata-ne-aksion\/#breadcrumb","itemListElement":[{"@type":"ListItem","position":1,"name":"Elvana Gjata n\u00eb aksion"}]},{"@type":"Person","@id":"https:\/\/www.visit-ulcinj.com\/blog\/#\/schema\/person\/dcab619c614d3038751c63bc2aadc06d","name":"ulqini","sameAs":["http:\/\/www.visit-ulcinj.com"],"url":"https:\/\/www.visit-ulcinj.com\/blog\/author\/admin\/"}]}},"jetpack_featured_media_url":"","jetpack_sharing_enabled":true,"jetpack_shortlink":"https:\/\/wp.me\/pe6lTn-8UW","_links":{"self":[{"href":"https:\/\/www.visit-ulcinj.com\/blog\/wp-json\/wp\/v2\/posts\/34282"}],"collection":[{"href":"https:\/\/www.visit-ulcinj.com\/blog\/wp-json\/wp\/v2\/posts"}],"about":[{"href":"https:\/\/www.visit-ulcinj.com\/blog\/wp-json\/wp\/v2\/types\/post"}],"author":[{"embeddable":true,"href":"https:\/\/www.visit-ulcinj.com\/blog\/wp-json\/wp\/v2\/users\/1"}],"replies":[{"embeddable":true,"href":"https:\/\/www.visit-ulcinj.com\/blog\/wp-json\/wp\/v2\/comments?post=34282"}],"version-history":[{"count":0,"href":"https:\/\/www.visit-ulcinj.com\/blog\/wp-json\/wp\/v2\/posts\/34282\/revisions"}],"wp:attachment":[{"href":"https:\/\/www.visit-ulcinj.com\/blog\/wp-json\/wp\/v2\/media?parent=34282"}],"wp:term":[{"taxonomy":"category","embeddable":true,"href":"https:\/\/www.visit-ulcinj.com\/blog\/wp-json\/wp\/v2\/categories?post=34282"},{"taxonomy":"post_tag","embeddable":true,"href":"https:\/\/www.visit-ulcinj.com\/blog\/wp-json\/wp\/v2\/tags?post=34282"}],"curies":[{"name":"wp","href":"https:\/\/api.w.org\/{rel}","templated":true}]}}