{"id":34297,"date":"2010-06-05T14:01:05","date_gmt":"2010-06-05T12:01:05","guid":{"rendered":"http:\/\/www.visit-ulcinj.com\/blog\/?p=34297"},"modified":"2010-06-05T20:09:31","modified_gmt":"2010-06-05T18:09:31","slug":"vdiq-mirsad-tahiri","status":"publish","type":"post","link":"https:\/\/www.visit-ulcinj.com\/blog\/2010\/06\/05\/vdiq-mirsad-tahiri\/","title":{"rendered":"Vdiq Mirsad Tahiri"},"content":{"rendered":"<p><a href=\"http:\/\/www.visit-ulcinj.com\/blog\/wp-content\/uploads\/2010\/06\/Mirsad-Tahiri.jpg\"><img loading=\"lazy\" class=\"alignleft size-full wp-image-34298\" title=\"Mirsad Tahiri\" src=\"http:\/\/www.visit-ulcinj.com\/blog\/wp-content\/uploads\/2010\/06\/Mirsad-Tahiri.jpg\" alt=\"Mirsad Tahiri\" width=\"490\" height=\"380\" \/><\/a>Pas nj\u00eb s\u00ebmundje t\u00eb gjat\u00eb dhe t\u00eb r\u00ebnd\u00eb,n\u00eb mosh\u00ebn 34-vje\u00e7are, nd\u00ebrroi jet\u00eb shoku jon i dashur Mirsad Tahiri.Nje vdekje qe ka tronditur mbare opinjonin Ulqinak dhe opinjonin e  shqipetareve n\u00eb diaspor.<br \/>\nMe k\u00ebt\u00eb rast, stafi i Lajme nga Ulqini ua shpreh ngush\u00ebllimet familjes Tahiri.<br \/>\nMirsadi ka qen\u00eb i martuar, baba i dy f\u00ebmij\u00ebve,vajza <em> <\/em><span id=\"tag_name_0\">Fjolla Tahiri<\/span>, <span id=\"tag_name_2\">dhe djali<\/span> <span id=\"tag_name_1\">Sulejman Tahiri.<br \/>\n<\/span><span id=\"tag_name_0\">Babait Shyqyri Tahiri<\/span>,n\u00ebn\u00ebs\u00a0 <span id=\"tag_name_2\">Kejmeta Tahiri<\/span> dhe bashkshortja <em> <\/em><span id=\"tag_name_0\">Florinda Tahiri<\/span><\/p>\n<p>Babaj\u00a0<span id=\"tag_name_0\"> Shyqyri Tahiri , n\u00ebna <\/span><span id=\"tag_name_2\">Kejmete Tahiri<\/span> dhe bashk\u00ebshortja <span id=\"tag_name_0\">Florinda Tahiri <\/span>rethuar nga\u00a0 vajza\u00a0<em> <\/em><span id=\"tag_name_0\">Fjolla Tahiri<\/span> dhe djali <span id=\"tag_name_1\">Sulejman Tahiri,<\/span> dhe  t\u00eb af\u00ebrmit si dhe miqt\u00eb, Babaj\u00a0<span id=\"tag_name_0\"> Shyqyri Tahiri <\/span>sot gjat\u00eb gjith\u00eb koh\u00ebs ka ndar\u00eb  dhimbjen me ta n\u00eb pritje t\u00eb ngush\u00ebllimeve p\u00ebr humbjen tragjike t\u00eb djalit  t\u00eb tij\u00eb Mirsad Tahirit.<br \/>\nFamiljes jan duke i mbritur shum? telegrame ngushllimi.<br \/>\n<strong><br \/>\nSi d\u00ebshironi t\u00eb jepni ngushllimet e juaja mund ti beni edhe ktu n\u00eb Faqen  e jon te internetit.<br \/>\n<\/strong><\/p>\n<h3><span><a href=\"http:\/\/www.facebook.com\/profile.php?id=100000543113291\">Mirsad  Tahiri <\/a><\/span><a href=\"http:\/\/www.facebook.com\/profile.php?id=100000543113291\"><span title=\"HPHP\">Facebook<\/span><\/a><\/h3>\n<p><strong>\n\t\t<style type=\"text\/css\">\n\t\t\t#gallery-1 {\n\t\t\t\tmargin: auto;\n\t\t\t}\n\t\t\t#gallery-1 .gallery-item {\n\t\t\t\tfloat: left;\n\t\t\t\tmargin-top: 10px;\n\t\t\t\ttext-align: center;\n\t\t\t\twidth: 33%;\n\t\t\t}\n\t\t\t#gallery-1 img {\n\t\t\t\tborder: 2px solid #cfcfcf;\n\t\t\t}\n\t\t\t#gallery-1 .gallery-caption {\n\t\t\t\tmargin-left: 0;\n\t\t\t}\n\t\t\t\/* see gallery_shortcode() in wp-includes\/media.php *\/\n\t\t<\/style>\n\t\t<div id='gallery-1' class='gallery galleryid-34297 gallery-columns-3 gallery-size-thumbnail'><dl class='gallery-item'>\n\t\t\t<dt class='gallery-icon landscape'>\n\t\t\t\t<a href='https:\/\/www.visit-ulcinj.com\/blog\/wp-content\/uploads\/2010\/06\/Mirsad-Tahiri.jpg'><img width=\"150\" height=\"150\" src=\"https:\/\/www.visit-ulcinj.com\/blog\/wp-content\/uploads\/2010\/06\/Mirsad-Tahiri-150x150.jpg\" class=\"attachment-thumbnail size-thumbnail\" alt=\"\" loading=\"lazy\" \/><\/a>\n\t\t\t<\/dt><\/dl><dl class='gallery-item'>\n\t\t\t<dt class='gallery-icon landscape'>\n\t\t\t\t<a href='https:\/\/www.visit-ulcinj.com\/blog\/wp-content\/uploads\/2010\/06\/Mirsad-Tahiri.1.jpg'><img width=\"150\" height=\"150\" src=\"https:\/\/www.visit-ulcinj.com\/blog\/wp-content\/uploads\/2010\/06\/Mirsad-Tahiri.1-150x150.jpg\" class=\"attachment-thumbnail size-thumbnail\" alt=\"\" loading=\"lazy\" \/><\/a>\n\t\t\t<\/dt><\/dl>\n\t\t\t<br style='clear: both' \/>\n\t\t<\/div>\n<\/p>\n<p><\/strong><\/p>\n<p><strong> <\/strong><\/p>\n<p><strong> <\/strong><\/p>\n","protected":false},"excerpt":{"rendered":"<p>Pas nj\u00eb s\u00ebmundje t\u00eb gjat\u00eb dhe t\u00eb r\u00ebnd\u00eb,n\u00eb mosh\u00ebn 34-vje\u00e7are, nd\u00ebrroi jet\u00eb shoku jon i dashur Mirsad Tahiri.Nje vdekje qe ka tronditur mbare opinjonin Ulqinak dhe opinjonin e shqipetareve n\u00eb diaspor. Me k\u00ebt\u00eb rast, stafi i Lajme nga Ulqini ua shpreh ngush\u00ebllimet familjes Tahiri. Mirsadi ka qen\u00eb i martuar, baba i dy f\u00ebmij\u00ebve,vajza Fjolla Tahiri, [&hellip;]<\/p>\n","protected":false},"author":1,"featured_media":0,"comment_status":"open","ping_status":"closed","sticky":false,"template":"","format":"standard","meta":{"spay_email":"","jetpack_publicize_message":"","jetpack_is_tweetstorm":false,"jetpack_publicize_feature_enabled":true},"categories":[6950],"tags":[14637,14638,14639],"jetpack_publicize_connections":[],"yoast_head":"<!-- This site is optimized with the Yoast SEO plugin v19.1 - https:\/\/yoast.com\/wordpress\/plugins\/seo\/ -->\n<title>Vdiq Mirsad Tahiri - Lajme nga Ulqini<\/title>\n<meta name=\"description\" content=\"Pas nj\u00eb s\u00ebmundje t\u00eb gjat\u00eb dhe t\u00eb r\u00ebnd\u00eb,n\u00eb mosh\u00ebn 34-vje\u00e7are, nd\u00ebrroi jet\u00eb shoku jon i dashur Mirsad Tahiri.Nje vdekje qe ka tronditur mbare opinjonin\" \/>\n<meta name=\"robots\" content=\"index, follow, max-snippet:-1, max-image-preview:large, max-video-preview:-1\" \/>\n<link rel=\"canonical\" href=\"https:\/\/www.visit-ulcinj.com\/blog\/2010\/06\/05\/vdiq-mirsad-tahiri\/\" \/>\n<meta property=\"og:locale\" content=\"en_US\" \/>\n<meta property=\"og:type\" content=\"article\" \/>\n<meta property=\"og:title\" content=\"Vdiq Mirsad Tahiri - Lajme nga Ulqini\" \/>\n<meta property=\"og:description\" content=\"Pas nj\u00eb s\u00ebmundje t\u00eb gjat\u00eb dhe t\u00eb r\u00ebnd\u00eb,n\u00eb mosh\u00ebn 34-vje\u00e7are, nd\u00ebrroi jet\u00eb shoku jon i dashur Mirsad Tahiri.Nje vdekje qe ka tronditur mbare opinjonin\" \/>\n<meta property=\"og:url\" content=\"https:\/\/www.visit-ulcinj.com\/blog\/2010\/06\/05\/vdiq-mirsad-tahiri\/\" \/>\n<meta property=\"og:site_name\" content=\"Lajme nga Ulqini\" \/>\n<meta property=\"article:published_time\" content=\"2010-06-05T12:01:05+00:00\" \/>\n<meta property=\"article:modified_time\" content=\"2010-06-05T18:09:31+00:00\" \/>\n<meta property=\"og:image\" content=\"https:\/\/www.visit-ulcinj.com\/blog\/wp-content\/uploads\/2010\/06\/Mirsad-Tahiri-150x150.jpg\" \/>\n<meta name=\"twitter:label1\" content=\"Written by\" \/>\n\t<meta name=\"twitter:data1\" content=\"ulqini\" \/>\n\t<meta name=\"twitter:label2\" content=\"Est. reading time\" \/>\n\t<meta name=\"twitter:data2\" content=\"1 minute\" \/>\n<script type=\"application\/ld+json\" class=\"yoast-schema-graph\">{\"@context\":\"https:\/\/schema.org\",\"@graph\":[{\"@type\":\"WebSite\",\"@id\":\"https:\/\/www.visit-ulcinj.com\/blog\/#website\",\"url\":\"https:\/\/www.visit-ulcinj.com\/blog\/\",\"name\":\"Lajme nga Ulqini\",\"description\":\"Lajme,Vijesti,Ulqini,Ulqin,Crna Gora,Mali i Zi\",\"potentialAction\":[{\"@type\":\"SearchAction\",\"target\":{\"@type\":\"EntryPoint\",\"urlTemplate\":\"https:\/\/www.visit-ulcinj.com\/blog\/?s={search_term_string}\"},\"query-input\":\"required name=search_term_string\"}],\"inLanguage\":\"en-US\"},{\"@type\":\"ImageObject\",\"inLanguage\":\"en-US\",\"@id\":\"https:\/\/www.visit-ulcinj.com\/blog\/2010\/06\/05\/vdiq-mirsad-tahiri\/#primaryimage\",\"url\":\"https:\/\/www.visit-ulcinj.com\/blog\/wp-content\/uploads\/2010\/06\/Mirsad-Tahiri.jpg\",\"contentUrl\":\"https:\/\/www.visit-ulcinj.com\/blog\/wp-content\/uploads\/2010\/06\/Mirsad-Tahiri.jpg\",\"width\":\"604\",\"height\":\"344\"},{\"@type\":\"WebPage\",\"@id\":\"https:\/\/www.visit-ulcinj.com\/blog\/2010\/06\/05\/vdiq-mirsad-tahiri\/#webpage\",\"url\":\"https:\/\/www.visit-ulcinj.com\/blog\/2010\/06\/05\/vdiq-mirsad-tahiri\/\",\"name\":\"Vdiq Mirsad Tahiri - Lajme nga Ulqini\",\"isPartOf\":{\"@id\":\"https:\/\/www.visit-ulcinj.com\/blog\/#website\"},\"primaryImageOfPage\":{\"@id\":\"https:\/\/www.visit-ulcinj.com\/blog\/2010\/06\/05\/vdiq-mirsad-tahiri\/#primaryimage\"},\"datePublished\":\"2010-06-05T12:01:05+00:00\",\"dateModified\":\"2010-06-05T18:09:31+00:00\",\"author\":{\"@id\":\"https:\/\/www.visit-ulcinj.com\/blog\/#\/schema\/person\/dcab619c614d3038751c63bc2aadc06d\"},\"description\":\"Pas nj\u00eb s\u00ebmundje t\u00eb gjat\u00eb dhe t\u00eb r\u00ebnd\u00eb,n\u00eb mosh\u00ebn 34-vje\u00e7are, nd\u00ebrroi jet\u00eb shoku jon i dashur Mirsad Tahiri.Nje vdekje qe ka tronditur mbare opinjonin\",\"breadcrumb\":{\"@id\":\"https:\/\/www.visit-ulcinj.com\/blog\/2010\/06\/05\/vdiq-mirsad-tahiri\/#breadcrumb\"},\"inLanguage\":\"en-US\",\"potentialAction\":[{\"@type\":\"ReadAction\",\"target\":[\"https:\/\/www.visit-ulcinj.com\/blog\/2010\/06\/05\/vdiq-mirsad-tahiri\/\"]}]},{\"@type\":\"BreadcrumbList\",\"@id\":\"https:\/\/www.visit-ulcinj.com\/blog\/2010\/06\/05\/vdiq-mirsad-tahiri\/#breadcrumb\",\"itemListElement\":[{\"@type\":\"ListItem\",\"position\":1,\"name\":\"Vdiq Mirsad Tahiri\"}]},{\"@type\":\"Person\",\"@id\":\"https:\/\/www.visit-ulcinj.com\/blog\/#\/schema\/person\/dcab619c614d3038751c63bc2aadc06d\",\"name\":\"ulqini\",\"sameAs\":[\"http:\/\/www.visit-ulcinj.com\"],\"url\":\"https:\/\/www.visit-ulcinj.com\/blog\/author\/admin\/\"}]}<\/script>\n<!-- \/ Yoast SEO plugin. -->","yoast_head_json":{"title":"Vdiq Mirsad Tahiri - Lajme nga Ulqini","description":"Pas nj\u00eb s\u00ebmundje t\u00eb gjat\u00eb dhe t\u00eb r\u00ebnd\u00eb,n\u00eb mosh\u00ebn 34-vje\u00e7are, nd\u00ebrroi jet\u00eb shoku jon i dashur Mirsad Tahiri.Nje vdekje qe ka tronditur mbare opinjonin","robots":{"index":"index","follow":"follow","max-snippet":"max-snippet:-1","max-image-preview":"max-image-preview:large","max-video-preview":"max-video-preview:-1"},"canonical":"https:\/\/www.visit-ulcinj.com\/blog\/2010\/06\/05\/vdiq-mirsad-tahiri\/","og_locale":"en_US","og_type":"article","og_title":"Vdiq Mirsad Tahiri - Lajme nga Ulqini","og_description":"Pas nj\u00eb s\u00ebmundje t\u00eb gjat\u00eb dhe t\u00eb r\u00ebnd\u00eb,n\u00eb mosh\u00ebn 34-vje\u00e7are, nd\u00ebrroi jet\u00eb shoku jon i dashur Mirsad Tahiri.Nje vdekje qe ka tronditur mbare opinjonin","og_url":"https:\/\/www.visit-ulcinj.com\/blog\/2010\/06\/05\/vdiq-mirsad-tahiri\/","og_site_name":"Lajme nga Ulqini","article_published_time":"2010-06-05T12:01:05+00:00","article_modified_time":"2010-06-05T18:09:31+00:00","og_image":[{"url":"https:\/\/www.visit-ulcinj.com\/blog\/wp-content\/uploads\/2010\/06\/Mirsad-Tahiri-150x150.jpg"}],"twitter_misc":{"Written by":"ulqini","Est. reading time":"1 minute"},"schema":{"@context":"https:\/\/schema.org","@graph":[{"@type":"WebSite","@id":"https:\/\/www.visit-ulcinj.com\/blog\/#website","url":"https:\/\/www.visit-ulcinj.com\/blog\/","name":"Lajme nga Ulqini","description":"Lajme,Vijesti,Ulqini,Ulqin,Crna Gora,Mali i Zi","potentialAction":[{"@type":"SearchAction","target":{"@type":"EntryPoint","urlTemplate":"https:\/\/www.visit-ulcinj.com\/blog\/?s={search_term_string}"},"query-input":"required name=search_term_string"}],"inLanguage":"en-US"},{"@type":"ImageObject","inLanguage":"en-US","@id":"https:\/\/www.visit-ulcinj.com\/blog\/2010\/06\/05\/vdiq-mirsad-tahiri\/#primaryimage","url":"https:\/\/www.visit-ulcinj.com\/blog\/wp-content\/uploads\/2010\/06\/Mirsad-Tahiri.jpg","contentUrl":"https:\/\/www.visit-ulcinj.com\/blog\/wp-content\/uploads\/2010\/06\/Mirsad-Tahiri.jpg","width":"604","height":"344"},{"@type":"WebPage","@id":"https:\/\/www.visit-ulcinj.com\/blog\/2010\/06\/05\/vdiq-mirsad-tahiri\/#webpage","url":"https:\/\/www.visit-ulcinj.com\/blog\/2010\/06\/05\/vdiq-mirsad-tahiri\/","name":"Vdiq Mirsad Tahiri - Lajme nga Ulqini","isPartOf":{"@id":"https:\/\/www.visit-ulcinj.com\/blog\/#website"},"primaryImageOfPage":{"@id":"https:\/\/www.visit-ulcinj.com\/blog\/2010\/06\/05\/vdiq-mirsad-tahiri\/#primaryimage"},"datePublished":"2010-06-05T12:01:05+00:00","dateModified":"2010-06-05T18:09:31+00:00","author":{"@id":"https:\/\/www.visit-ulcinj.com\/blog\/#\/schema\/person\/dcab619c614d3038751c63bc2aadc06d"},"description":"Pas nj\u00eb s\u00ebmundje t\u00eb gjat\u00eb dhe t\u00eb r\u00ebnd\u00eb,n\u00eb mosh\u00ebn 34-vje\u00e7are, nd\u00ebrroi jet\u00eb shoku jon i dashur Mirsad Tahiri.Nje vdekje qe ka tronditur mbare opinjonin","breadcrumb":{"@id":"https:\/\/www.visit-ulcinj.com\/blog\/2010\/06\/05\/vdiq-mirsad-tahiri\/#breadcrumb"},"inLanguage":"en-US","potentialAction":[{"@type":"ReadAction","target":["https:\/\/www.visit-ulcinj.com\/blog\/2010\/06\/05\/vdiq-mirsad-tahiri\/"]}]},{"@type":"BreadcrumbList","@id":"https:\/\/www.visit-ulcinj.com\/blog\/2010\/06\/05\/vdiq-mirsad-tahiri\/#breadcrumb","itemListElement":[{"@type":"ListItem","position":1,"name":"Vdiq Mirsad Tahiri"}]},{"@type":"Person","@id":"https:\/\/www.visit-ulcinj.com\/blog\/#\/schema\/person\/dcab619c614d3038751c63bc2aadc06d","name":"ulqini","sameAs":["http:\/\/www.visit-ulcinj.com"],"url":"https:\/\/www.visit-ulcinj.com\/blog\/author\/admin\/"}]}},"jetpack_featured_media_url":"","jetpack_sharing_enabled":true,"jetpack_shortlink":"https:\/\/wp.me\/pe6lTn-8Vb","_links":{"self":[{"href":"https:\/\/www.visit-ulcinj.com\/blog\/wp-json\/wp\/v2\/posts\/34297"}],"collection":[{"href":"https:\/\/www.visit-ulcinj.com\/blog\/wp-json\/wp\/v2\/posts"}],"about":[{"href":"https:\/\/www.visit-ulcinj.com\/blog\/wp-json\/wp\/v2\/types\/post"}],"author":[{"embeddable":true,"href":"https:\/\/www.visit-ulcinj.com\/blog\/wp-json\/wp\/v2\/users\/1"}],"replies":[{"embeddable":true,"href":"https:\/\/www.visit-ulcinj.com\/blog\/wp-json\/wp\/v2\/comments?post=34297"}],"version-history":[{"count":0,"href":"https:\/\/www.visit-ulcinj.com\/blog\/wp-json\/wp\/v2\/posts\/34297\/revisions"}],"wp:attachment":[{"href":"https:\/\/www.visit-ulcinj.com\/blog\/wp-json\/wp\/v2\/media?parent=34297"}],"wp:term":[{"taxonomy":"category","embeddable":true,"href":"https:\/\/www.visit-ulcinj.com\/blog\/wp-json\/wp\/v2\/categories?post=34297"},{"taxonomy":"post_tag","embeddable":true,"href":"https:\/\/www.visit-ulcinj.com\/blog\/wp-json\/wp\/v2\/tags?post=34297"}],"curies":[{"name":"wp","href":"https:\/\/api.w.org\/{rel}","templated":true}]}}