{"id":34303,"date":"2010-06-05T19:12:49","date_gmt":"2010-06-05T17:12:49","guid":{"rendered":"http:\/\/www.visit-ulcinj.com\/blog\/?p=34303"},"modified":"2010-06-05T19:15:54","modified_gmt":"2010-06-05T17:15:54","slug":"dafina-kerkon-falje-per-lapsuset","status":"publish","type":"post","link":"https:\/\/www.visit-ulcinj.com\/blog\/2010\/06\/05\/dafina-kerkon-falje-per-lapsuset\/","title":{"rendered":"Dafina k\u00ebrkon falje p\u00ebr lapsuset"},"content":{"rendered":"<p><strong><a href=\"http:\/\/www.visit-ulcinj.com\/blog\/wp-content\/uploads\/2010\/06\/Dafina-Zeqiri.3.jpg\"><img loading=\"lazy\" class=\"alignleft size-full wp-image-34304\" title=\"Dafina Zeqiri.3\" src=\"http:\/\/www.visit-ulcinj.com\/blog\/wp-content\/uploads\/2010\/06\/Dafina-Zeqiri.3.jpg\" alt=\"Dafina Zeqiri.3\" width=\"490\" height=\"370\" \/><\/a>K\u00ebng\u00ebtarja Dafina Zeqiri \u00ebsht\u00eb ende n\u00ebn ethet e emocioneve t\u00eb ngadh\u00ebnjimit n\u00eb \u201cVideofesti Muzikor 2010\u201d.<\/strong><br \/>\nE nominuar n\u00eb tet\u00eb kategori, videoklipi \u201cAmazing Girl\u201d arriti t\u00eb fitoj kat\u00ebr prej tyre duke p\u00ebrfshir\u00eb edhe \u00e7mimin kryesor \u201cBes of all\u201d. Menj\u00ebher\u00eb pas festivalit t\u00eb videoklipeve i organizuar t\u00eb h\u00ebn\u00ebn q\u00eb shkoi n\u00eb \u201cTeatrin Komb\u00ebtar\u201d n\u00eb Prishtin\u00eb, Dafina \u00ebsht\u00eb shprehur se nuk e ka pritur q\u00eb nga kjo nat\u00eb t\u00eb dal me kat\u00ebr \u00e7mime t\u00eb fituara.\u00a0 \u201cUn\u00eb kam shpresuar se do t\u00eb marr ndonj\u00eb \u00e7mim, por jo t\u00eb fitoj t\u00eb gjitha k\u00ebto, madje edhe at\u00eb p\u00ebr videoklipin m\u00eb t\u00eb mir\u00eb.\u201d, ka th\u00ebn\u00eb ajo duke treguar se tash \u00ebsht\u00eb shum\u00eb e lumtur, por ende ka emocione. \u201cJam shum\u00eb e lumtur dhe ende po kam emocione. Nuk e di se si ta p\u00ebrshkruaj k\u00ebt\u00eb nat\u00eb, por \u00ebsht\u00eb nj\u00eb sukses i madh dhe fal\u00ebnderoj jurin\u00eb q\u00eb votuan p\u00ebr videoklipin e k\u00ebng\u00ebs sime\u201d, ka th\u00ebn\u00eb Dafina pa harruar t\u00eb fal\u00ebnderon kompozitorin e k\u00ebng\u00ebs Enis Preshev\u00ebn dhe produksionin \u201cEntermedia\u201d p\u00ebr realizimin e videoklipit.\u00a0 \u201cPo mos t\u00eb ishte Enis Presheva q\u00eb t\u00eb ma realizoj nj\u00eb k\u00ebng\u00eb kaq t\u00eb mir\u00eb dhe \u201cEntermedia\u201d nj\u00eb videoklip t\u00eb bukur, nuk do t\u00eb kisha as un\u00eb sukses, prandaj ky rezultat i imi \u00ebsht\u00eb edhe sukses p\u00ebr gjith\u00eb bashk\u00ebpun\u00ebtor\u00ebt e mi\u201d, ka b\u00ebr\u00eb t\u00eb ditur Dafina.<\/p>\n<p><strong>Dafina k\u00ebrkon falje p\u00ebr lapsuset<\/strong><\/p>\n<p>K\u00ebng\u00ebtarja Zeqiri ka k\u00ebrkuar falje p\u00ebr disa lapsuse q\u00eb k\u00eb b\u00ebr\u00eb gjat\u00eb nat\u00ebs s\u00eb Videofestit. N\u00eb koh\u00ebn e marrjes s\u00eb nj\u00eb \u00e7mimi, ajo n\u00eb sken\u00eb p\u00ebrdori fjal\u00ebn \u201cOh shit\u201d, nd\u00ebrsa gjat\u00eb dhurimit t\u00eb \u00e7mimit kryesor nga kryetari i komun\u00ebs s\u00eb Prishtin\u00ebs, Isa Mustafa, Daffy n\u00eb shenj\u00eb fal\u00ebnderimi iu drejtua me fjal\u00ebt: \u201cIs\u00eb, je amazing boy\u201d! Mir\u00ebpo Zeqiri ka th\u00ebn\u00eb se k\u00ebto shprehje t\u00eb pa kontrolluara, ishin si pasoj\u00eb e emocioneve.<br \/>\n\u201cKur jam e emocionuar at\u00ebher\u00eb m\u00eb ikin edhe fjal\u00ebt\u201d, ka pohuar ajo duke i k\u00ebrkuar falje t\u00eb ve\u00e7ant\u00eb kryetarit t\u00eb Prishtin\u00ebs. \u201cM\u00eb vjen shum\u00eb keq p\u00ebr kryetarin e Prishtin\u00ebs, zot\u00ebri Isa Mustaf\u00ebn. Un\u00eb e vler\u00ebsoj si nj\u00eb ri dhe si politikan, por kam qen\u00eb shum\u00eb e emocionuar dhe nga g\u00ebzimi p\u00ebr \u00e7mimin dhe respekti q\u00eb e kam p\u00ebr Kryetarin, jam shpreh n\u00eb at\u00eb m\u00ebnyr\u00eb. Shpresoj t\u00eb m\u00eb mir\u00ebkupton\u201d, ka potencuar ajo.<br \/>\nS\u00eb shpejti m\u00eb videoklip t\u00eb ri<br \/>\nNd\u00ebrsa n\u00eb vazhdim, Dafina ka b\u00ebr\u00eb t\u00eb ditur se shum\u00eb shpejt ajo do t\u00eb vjen me nj\u00eb videoklip t\u00eb ri t\u00eb nj\u00eb k\u00ebng\u00eb n\u00eb gjuh\u00ebn angleze. \u201cShum\u00eb shpejt do t\u00eb transmetohet ky videoklip dhe besoj se do t\u00eb p\u00eblqehet edhe nga publiku\u201d. Dafina Zeqiri shpreson se m\u00eb k\u00ebt\u00eb k\u00ebng\u00eb dhe videoklip asaj t\u2019i hapen shtigje t\u00eb reja n\u00eb tregun nd\u00ebrkomb\u00ebtar\u00eb ku \u00ebsht\u00eb edhe synimi i saj muzikore.<br \/>\n<br \/>\n<!--YouTube Error: bad URL entered--><\/p>\n","protected":false},"excerpt":{"rendered":"<p>K\u00ebng\u00ebtarja Dafina Zeqiri \u00ebsht\u00eb ende n\u00ebn ethet e emocioneve t\u00eb ngadh\u00ebnjimit n\u00eb \u201cVideofesti Muzikor 2010\u201d. E nominuar n\u00eb tet\u00eb kategori, videoklipi \u201cAmazing Girl\u201d arriti t\u00eb fitoj kat\u00ebr prej tyre duke p\u00ebrfshir\u00eb edhe \u00e7mimin kryesor \u201cBes of all\u201d. Menj\u00ebher\u00eb pas festivalit t\u00eb videoklipeve i organizuar t\u00eb h\u00ebn\u00ebn q\u00eb shkoi n\u00eb \u201cTeatrin Komb\u00ebtar\u201d n\u00eb Prishtin\u00eb, Dafina \u00ebsht\u00eb [&hellip;]<\/p>\n","protected":false},"author":1,"featured_media":0,"comment_status":"open","ping_status":"closed","sticky":false,"template":"","format":"standard","meta":{"spay_email":"","jetpack_publicize_message":"","jetpack_is_tweetstorm":false,"jetpack_publicize_feature_enabled":true},"categories":[1],"tags":[14640,4926],"jetpack_publicize_connections":[],"yoast_head":"<!-- This site is optimized with the Yoast SEO plugin v19.1 - https:\/\/yoast.com\/wordpress\/plugins\/seo\/ -->\n<title>Dafina k\u00ebrkon falje p\u00ebr lapsuset - Lajme nga Ulqini<\/title>\n<meta name=\"description\" content=\"K\u00ebng\u00ebtarja Dafina Zeqiri \u00ebsht\u00eb ende n\u00ebn ethet e emocioneve t\u00eb ngadh\u00ebnjimit n\u00eb \u201cVideofesti Muzikor 2010\u201d. E nominuar n\u00eb tet\u00eb kategori, videoklipi \u201cAmazing\" \/>\n<meta name=\"robots\" content=\"index, follow, max-snippet:-1, max-image-preview:large, max-video-preview:-1\" \/>\n<link rel=\"canonical\" href=\"https:\/\/www.visit-ulcinj.com\/blog\/2010\/06\/05\/dafina-kerkon-falje-per-lapsuset\/\" \/>\n<meta property=\"og:locale\" content=\"en_US\" \/>\n<meta property=\"og:type\" content=\"article\" \/>\n<meta property=\"og:title\" content=\"Dafina k\u00ebrkon falje p\u00ebr lapsuset - Lajme nga Ulqini\" \/>\n<meta property=\"og:description\" content=\"K\u00ebng\u00ebtarja Dafina Zeqiri \u00ebsht\u00eb ende n\u00ebn ethet e emocioneve t\u00eb ngadh\u00ebnjimit n\u00eb \u201cVideofesti Muzikor 2010\u201d. E nominuar n\u00eb tet\u00eb kategori, videoklipi \u201cAmazing\" \/>\n<meta property=\"og:url\" content=\"https:\/\/www.visit-ulcinj.com\/blog\/2010\/06\/05\/dafina-kerkon-falje-per-lapsuset\/\" \/>\n<meta property=\"og:site_name\" content=\"Lajme nga Ulqini\" \/>\n<meta property=\"article:published_time\" content=\"2010-06-05T17:12:49+00:00\" \/>\n<meta property=\"article:modified_time\" content=\"2010-06-05T17:15:54+00:00\" \/>\n<meta property=\"og:image\" content=\"https:\/\/www.visit-ulcinj.com\/blog\/wp-content\/uploads\/2010\/06\/Dafina-Zeqiri.3-150x150.jpg\" \/>\n<meta name=\"twitter:label1\" content=\"Written by\" \/>\n\t<meta name=\"twitter:data1\" content=\"ulqini\" \/>\n\t<meta name=\"twitter:label2\" content=\"Est. reading time\" \/>\n\t<meta name=\"twitter:data2\" content=\"3 minutes\" \/>\n<script type=\"application\/ld+json\" class=\"yoast-schema-graph\">{\"@context\":\"https:\/\/schema.org\",\"@graph\":[{\"@type\":\"WebSite\",\"@id\":\"https:\/\/www.visit-ulcinj.com\/blog\/#website\",\"url\":\"https:\/\/www.visit-ulcinj.com\/blog\/\",\"name\":\"Lajme nga Ulqini\",\"description\":\"Lajme,Vijesti,Ulqini,Ulqin,Crna Gora,Mali i Zi\",\"potentialAction\":[{\"@type\":\"SearchAction\",\"target\":{\"@type\":\"EntryPoint\",\"urlTemplate\":\"https:\/\/www.visit-ulcinj.com\/blog\/?s={search_term_string}\"},\"query-input\":\"required name=search_term_string\"}],\"inLanguage\":\"en-US\"},{\"@type\":\"ImageObject\",\"inLanguage\":\"en-US\",\"@id\":\"https:\/\/www.visit-ulcinj.com\/blog\/2010\/06\/05\/dafina-kerkon-falje-per-lapsuset\/#primaryimage\",\"url\":\"http:\/\/www.visit-ulcinj.com\/blog\/wp-content\/uploads\/2010\/06\/Dafina-Zeqiri.3.jpg\",\"contentUrl\":\"http:\/\/www.visit-ulcinj.com\/blog\/wp-content\/uploads\/2010\/06\/Dafina-Zeqiri.3.jpg\"},{\"@type\":\"WebPage\",\"@id\":\"https:\/\/www.visit-ulcinj.com\/blog\/2010\/06\/05\/dafina-kerkon-falje-per-lapsuset\/#webpage\",\"url\":\"https:\/\/www.visit-ulcinj.com\/blog\/2010\/06\/05\/dafina-kerkon-falje-per-lapsuset\/\",\"name\":\"Dafina k\u00ebrkon falje p\u00ebr lapsuset - Lajme nga Ulqini\",\"isPartOf\":{\"@id\":\"https:\/\/www.visit-ulcinj.com\/blog\/#website\"},\"primaryImageOfPage\":{\"@id\":\"https:\/\/www.visit-ulcinj.com\/blog\/2010\/06\/05\/dafina-kerkon-falje-per-lapsuset\/#primaryimage\"},\"datePublished\":\"2010-06-05T17:12:49+00:00\",\"dateModified\":\"2010-06-05T17:15:54+00:00\",\"author\":{\"@id\":\"https:\/\/www.visit-ulcinj.com\/blog\/#\/schema\/person\/dcab619c614d3038751c63bc2aadc06d\"},\"description\":\"K\u00ebng\u00ebtarja Dafina Zeqiri \u00ebsht\u00eb ende n\u00ebn ethet e emocioneve t\u00eb ngadh\u00ebnjimit n\u00eb \u201cVideofesti Muzikor 2010\u201d. E nominuar n\u00eb tet\u00eb kategori, videoklipi \u201cAmazing\",\"breadcrumb\":{\"@id\":\"https:\/\/www.visit-ulcinj.com\/blog\/2010\/06\/05\/dafina-kerkon-falje-per-lapsuset\/#breadcrumb\"},\"inLanguage\":\"en-US\",\"potentialAction\":[{\"@type\":\"ReadAction\",\"target\":[\"https:\/\/www.visit-ulcinj.com\/blog\/2010\/06\/05\/dafina-kerkon-falje-per-lapsuset\/\"]}]},{\"@type\":\"BreadcrumbList\",\"@id\":\"https:\/\/www.visit-ulcinj.com\/blog\/2010\/06\/05\/dafina-kerkon-falje-per-lapsuset\/#breadcrumb\",\"itemListElement\":[{\"@type\":\"ListItem\",\"position\":1,\"name\":\"Dafina k\u00ebrkon falje p\u00ebr lapsuset\"}]},{\"@type\":\"Person\",\"@id\":\"https:\/\/www.visit-ulcinj.com\/blog\/#\/schema\/person\/dcab619c614d3038751c63bc2aadc06d\",\"name\":\"ulqini\",\"sameAs\":[\"http:\/\/www.visit-ulcinj.com\"],\"url\":\"https:\/\/www.visit-ulcinj.com\/blog\/author\/admin\/\"}]}<\/script>\n<!-- \/ Yoast SEO plugin. -->","yoast_head_json":{"title":"Dafina k\u00ebrkon falje p\u00ebr lapsuset - Lajme nga Ulqini","description":"K\u00ebng\u00ebtarja Dafina Zeqiri \u00ebsht\u00eb ende n\u00ebn ethet e emocioneve t\u00eb ngadh\u00ebnjimit n\u00eb \u201cVideofesti Muzikor 2010\u201d. E nominuar n\u00eb tet\u00eb kategori, videoklipi \u201cAmazing","robots":{"index":"index","follow":"follow","max-snippet":"max-snippet:-1","max-image-preview":"max-image-preview:large","max-video-preview":"max-video-preview:-1"},"canonical":"https:\/\/www.visit-ulcinj.com\/blog\/2010\/06\/05\/dafina-kerkon-falje-per-lapsuset\/","og_locale":"en_US","og_type":"article","og_title":"Dafina k\u00ebrkon falje p\u00ebr lapsuset - Lajme nga Ulqini","og_description":"K\u00ebng\u00ebtarja Dafina Zeqiri \u00ebsht\u00eb ende n\u00ebn ethet e emocioneve t\u00eb ngadh\u00ebnjimit n\u00eb \u201cVideofesti Muzikor 2010\u201d. E nominuar n\u00eb tet\u00eb kategori, videoklipi \u201cAmazing","og_url":"https:\/\/www.visit-ulcinj.com\/blog\/2010\/06\/05\/dafina-kerkon-falje-per-lapsuset\/","og_site_name":"Lajme nga Ulqini","article_published_time":"2010-06-05T17:12:49+00:00","article_modified_time":"2010-06-05T17:15:54+00:00","og_image":[{"url":"https:\/\/www.visit-ulcinj.com\/blog\/wp-content\/uploads\/2010\/06\/Dafina-Zeqiri.3-150x150.jpg"}],"twitter_misc":{"Written by":"ulqini","Est. reading time":"3 minutes"},"schema":{"@context":"https:\/\/schema.org","@graph":[{"@type":"WebSite","@id":"https:\/\/www.visit-ulcinj.com\/blog\/#website","url":"https:\/\/www.visit-ulcinj.com\/blog\/","name":"Lajme nga Ulqini","description":"Lajme,Vijesti,Ulqini,Ulqin,Crna Gora,Mali i Zi","potentialAction":[{"@type":"SearchAction","target":{"@type":"EntryPoint","urlTemplate":"https:\/\/www.visit-ulcinj.com\/blog\/?s={search_term_string}"},"query-input":"required name=search_term_string"}],"inLanguage":"en-US"},{"@type":"ImageObject","inLanguage":"en-US","@id":"https:\/\/www.visit-ulcinj.com\/blog\/2010\/06\/05\/dafina-kerkon-falje-per-lapsuset\/#primaryimage","url":"http:\/\/www.visit-ulcinj.com\/blog\/wp-content\/uploads\/2010\/06\/Dafina-Zeqiri.3.jpg","contentUrl":"http:\/\/www.visit-ulcinj.com\/blog\/wp-content\/uploads\/2010\/06\/Dafina-Zeqiri.3.jpg"},{"@type":"WebPage","@id":"https:\/\/www.visit-ulcinj.com\/blog\/2010\/06\/05\/dafina-kerkon-falje-per-lapsuset\/#webpage","url":"https:\/\/www.visit-ulcinj.com\/blog\/2010\/06\/05\/dafina-kerkon-falje-per-lapsuset\/","name":"Dafina k\u00ebrkon falje p\u00ebr lapsuset - Lajme nga Ulqini","isPartOf":{"@id":"https:\/\/www.visit-ulcinj.com\/blog\/#website"},"primaryImageOfPage":{"@id":"https:\/\/www.visit-ulcinj.com\/blog\/2010\/06\/05\/dafina-kerkon-falje-per-lapsuset\/#primaryimage"},"datePublished":"2010-06-05T17:12:49+00:00","dateModified":"2010-06-05T17:15:54+00:00","author":{"@id":"https:\/\/www.visit-ulcinj.com\/blog\/#\/schema\/person\/dcab619c614d3038751c63bc2aadc06d"},"description":"K\u00ebng\u00ebtarja Dafina Zeqiri \u00ebsht\u00eb ende n\u00ebn ethet e emocioneve t\u00eb ngadh\u00ebnjimit n\u00eb \u201cVideofesti Muzikor 2010\u201d. E nominuar n\u00eb tet\u00eb kategori, videoklipi \u201cAmazing","breadcrumb":{"@id":"https:\/\/www.visit-ulcinj.com\/blog\/2010\/06\/05\/dafina-kerkon-falje-per-lapsuset\/#breadcrumb"},"inLanguage":"en-US","potentialAction":[{"@type":"ReadAction","target":["https:\/\/www.visit-ulcinj.com\/blog\/2010\/06\/05\/dafina-kerkon-falje-per-lapsuset\/"]}]},{"@type":"BreadcrumbList","@id":"https:\/\/www.visit-ulcinj.com\/blog\/2010\/06\/05\/dafina-kerkon-falje-per-lapsuset\/#breadcrumb","itemListElement":[{"@type":"ListItem","position":1,"name":"Dafina k\u00ebrkon falje p\u00ebr lapsuset"}]},{"@type":"Person","@id":"https:\/\/www.visit-ulcinj.com\/blog\/#\/schema\/person\/dcab619c614d3038751c63bc2aadc06d","name":"ulqini","sameAs":["http:\/\/www.visit-ulcinj.com"],"url":"https:\/\/www.visit-ulcinj.com\/blog\/author\/admin\/"}]}},"jetpack_featured_media_url":"","jetpack_sharing_enabled":true,"jetpack_shortlink":"https:\/\/wp.me\/pe6lTn-8Vh","_links":{"self":[{"href":"https:\/\/www.visit-ulcinj.com\/blog\/wp-json\/wp\/v2\/posts\/34303"}],"collection":[{"href":"https:\/\/www.visit-ulcinj.com\/blog\/wp-json\/wp\/v2\/posts"}],"about":[{"href":"https:\/\/www.visit-ulcinj.com\/blog\/wp-json\/wp\/v2\/types\/post"}],"author":[{"embeddable":true,"href":"https:\/\/www.visit-ulcinj.com\/blog\/wp-json\/wp\/v2\/users\/1"}],"replies":[{"embeddable":true,"href":"https:\/\/www.visit-ulcinj.com\/blog\/wp-json\/wp\/v2\/comments?post=34303"}],"version-history":[{"count":0,"href":"https:\/\/www.visit-ulcinj.com\/blog\/wp-json\/wp\/v2\/posts\/34303\/revisions"}],"wp:attachment":[{"href":"https:\/\/www.visit-ulcinj.com\/blog\/wp-json\/wp\/v2\/media?parent=34303"}],"wp:term":[{"taxonomy":"category","embeddable":true,"href":"https:\/\/www.visit-ulcinj.com\/blog\/wp-json\/wp\/v2\/categories?post=34303"},{"taxonomy":"post_tag","embeddable":true,"href":"https:\/\/www.visit-ulcinj.com\/blog\/wp-json\/wp\/v2\/tags?post=34303"}],"curies":[{"name":"wp","href":"https:\/\/api.w.org\/{rel}","templated":true}]}}