{"id":3431,"date":"2008-09-18T13:18:17","date_gmt":"2008-09-18T18:18:17","guid":{"rendered":"http:\/\/www.visit-ulcinj.com\/blog\/?p=3431"},"modified":"2008-10-17T14:36:18","modified_gmt":"2008-10-17T19:36:18","slug":"cvjeta-trgovina-placevima-na-adi-bojani","status":"publish","type":"post","link":"https:\/\/www.visit-ulcinj.com\/blog\/2008\/09\/18\/cvjeta-trgovina-placevima-na-adi-bojani\/","title":{"rendered":"Cvjeta trgovina placevima na Adi Bojani"},"content":{"rendered":"<p><a href=\"http:\/\/www.visit-ulcinj.com\/blog\/wp-content\/uploads\/2008\/09\/ada-bojana2.jpg\"><img loading=\"lazy\" class=\"alignleft size-medium wp-image-3432\" title=\"ada-bojana2\" src=\"http:\/\/www.visit-ulcinj.com\/blog\/wp-content\/uploads\/2008\/09\/ada-bojana2.jpg\" alt=\"\" width=\"290\" height=\"190\" \/><\/a>Mans ponudio dokaze da se, uprkos inspekcijama,i dalje prodaje dr\u017eavna imovina na bojani<br \/>\nPodgorica &#8211; Mre\u017ea za afirmaciju nevladinog sektora saop\u0161tila je ju?e da je tr\u017ei\u0161te dr\u017eavnim placevima na Bojani, uprkos akcijama policije i gra?evinskih inspekcija, i dalje vi\u0161e nego aktivno.<br \/>\n&#8211; MANS je imao prilike da se u to i li?no uvjeri, pozivaju?i jedan od brojeva mobilnih telefona koji su vidno postavljeni na obje obale rijeke Bojane. U razgovoru sa jednim od prodavaca dr\u017eavnih placeva, interesuju?i se oko uslova kupovine, MANS je saznao da \u201eslobodnih\u201c placeva na samoj obali Bojane vi\u0161e gotovo i nema, ali da se i dalje nude na prodaju placevi u neposrednom zale?u, svega tridesetak metara od obale. Na pitanje koliko bi ko\u0161tao plac od oko 200 kvadrata, dobili smo odgovor da bi nas ta \u201einvesticija\u201c ko\u0161tala 10.000 eura, odnosno 50 eura po kvadratnom metru &#8211; kazao je Dejan Milovac, koordinator MANS-a za prostorno planiranje i izgradnju objekata.<\/p>\n<div id=\"attachment_3433\" style=\"width: 203px\" class=\"wp-caption alignright\"><a href=\"http:\/\/www.visit-ulcinj.com\/blog\/wp-content\/uploads\/2008\/09\/dejan-milovac.jpg\"><img aria-describedby=\"caption-attachment-3433\" loading=\"lazy\" class=\"size-medium wp-image-3433\" title=\"dejan-milovac\" src=\"http:\/\/www.visit-ulcinj.com\/blog\/wp-content\/uploads\/2008\/09\/dejan-milovac-193x300.jpg\" alt=\"Dejan Milovac\" width=\"193\" height=\"300\" srcset=\"https:\/\/www.visit-ulcinj.com\/blog\/wp-content\/uploads\/2008\/09\/dejan-milovac-193x300.jpg 193w, https:\/\/www.visit-ulcinj.com\/blog\/wp-content\/uploads\/2008\/09\/dejan-milovac.jpg 222w\" sizes=\"(max-width: 193px) 100vw, 193px\" \/><\/a><p id=\"caption-attachment-3433\" class=\"wp-caption-text\">Dejan Milovac<\/p><\/div>\n<p>On je rekao da im je prodavac rekao da je do svakog od placeva obezbije?en pristupni put kako bi gradnja uop\u0161te bila mogu?a.<br \/>\n&#8211; Na pitanje da li je mogu?a uknji\u017eba zemlje na ime novog vlasnika, dobili smo odgovor da ne mo\u017ee ni\u0161ta da nam garantuje. Sli?an odgovor smo dobili i na pitanje da li je trenutno mogu?a gradnja, s obzirom na akciju suzbijanja nelegalne gradnje koja je trenutno u toku, kada nam je saop\u0161teno da nam on samo mo\u017ee prodati plac, ali da gradimo samo na sopstvenu odgovornost. Na osnovu opisa lokacije placa koji nam je ponu?en na prodaju, MANS je u katastru ulcinjske op\u0161tine provjerio vlasni\u0161tvo nad zemljom i utvrdio da se radi o dr\u017eavnoj svojini koja je uknji\u017eena pod teretom \u201ezona morskog dobra\u201c. Tabla sa brojem telefona koji je MANS danas pozvao i raspitao se za kupovinu placa na Bojani, nalazila se na mjestu na kojem se prethodne nedjelje odvijala akcija policije i nadle\u017enih dr\u017eavnih inspekcija &#8211; kazao je Milovac.<br \/>\nOn je ocijenio da je \u201c nevjerovatno da se niko u ulcinjskoj policiji do sada nije dosjetio da bi mo\u017eda mogao provjeriti ko prodaje dr\u017eavnu imovinu na Bojani i na taj na?in u korijenu sasje?e dalju devastaciju tog podru?ja\u201d.<br \/>\n&#8211; Nema sumnje da je pored apsolutne pasivnosti nadle\u017enih inspekcija, jedan od klju?nih razloga za ovakvo stanje, upravo postojanje lokalnih me\u0161etara koji o?ito neometani od policije, i dalje prodaju dr\u017eavno zemlji\u0161te na Bojani. Jo\u0161 nije poznato za koju sumu je o\u0161te?ena dr\u017eava prodajom zemlji\u0161ta na Bojani, ali nema sumnje da je sam posao veoma profitabilan za lokalne preduzetnike jer osim ulaganja u pripremu placa, drugih tro\u0161kova i nemaju. Sa druge strane, iako je od strane dr\u017eave najavljeno da ?e ve? ove nedjelje biti pokrenute i prve krivi?ne prijave protiv lica koja devastiraju podru?je rijeke Bojane, jo\u0161 nema informacija da se bilo \u0161ta desilo &#8211; kazao je Milovac.<br \/>\nOn je kazao da je tabla sa brojem telefona koju je MANS fotografisao samo jedna od desetina koje postoje na Bojani i da policija ne bi trebalo da ima ve?ih problema da utvrdi ko su klju?ni \u201eigra?i\u201c u prodaji dr\u017eavne imovine i pored ovog slu?aja, procesuira i ostale po?inioce ovog krivi?nog djela.<br \/>\n<strong>D.P.<br \/>\nIzvor \/ Vijesti<\/strong><\/p>\n<p style=\"text-align: center;\"><a href=\"http:\/\/www.visit-ulcinj.com\/blog\/wp-content\/uploads\/2008\/09\/klubi-i-basketbollit-ulqini.jpg\"><img loading=\"lazy\" class=\"aligncenter size-medium wp-image-3400\" title=\"klubi-i-basketbollit-ulqini\" src=\"http:\/\/www.visit-ulcinj.com\/blog\/wp-content\/uploads\/2008\/09\/klubi-i-basketbollit-ulqini.jpg\" alt=\"\" width=\"500\" height=\"300\" \/><\/a><\/p>\n","protected":false},"excerpt":{"rendered":"<p>http:\/\/www.visit-ulcinj.com\/blog\/wp-content\/uploads\/2008\/09\/ada-bojana2.jpg<\/p>\n","protected":false},"author":1,"featured_media":0,"comment_status":"open","ping_status":"closed","sticky":false,"template":"","format":"standard","meta":{"spay_email":"","jetpack_publicize_message":"","jetpack_is_tweetstorm":false,"jetpack_publicize_feature_enabled":true},"categories":[8,12],"tags":[138,19],"jetpack_publicize_connections":[],"yoast_head":"<!-- This site is optimized with the Yoast SEO plugin v19.1 - https:\/\/yoast.com\/wordpress\/plugins\/seo\/ -->\n<title>Cvjeta trgovina placevima na Adi Bojani - Lajme nga Ulqini<\/title>\n<meta name=\"description\" content=\"http:\/\/www.visit-ulcinj.com\/blog\/wp-content\/uploads\/2008\/09\/ada-bojana2.jpg\" \/>\n<meta name=\"robots\" content=\"index, follow, max-snippet:-1, max-image-preview:large, max-video-preview:-1\" \/>\n<link rel=\"canonical\" href=\"https:\/\/www.visit-ulcinj.com\/blog\/2008\/09\/18\/cvjeta-trgovina-placevima-na-adi-bojani\/\" \/>\n<meta property=\"og:locale\" content=\"en_US\" \/>\n<meta property=\"og:type\" content=\"article\" \/>\n<meta property=\"og:title\" content=\"Cvjeta trgovina placevima na Adi Bojani - Lajme nga Ulqini\" \/>\n<meta property=\"og:description\" content=\"http:\/\/www.visit-ulcinj.com\/blog\/wp-content\/uploads\/2008\/09\/ada-bojana2.jpg\" \/>\n<meta property=\"og:url\" content=\"https:\/\/www.visit-ulcinj.com\/blog\/2008\/09\/18\/cvjeta-trgovina-placevima-na-adi-bojani\/\" \/>\n<meta property=\"og:site_name\" content=\"Lajme nga Ulqini\" \/>\n<meta property=\"article:published_time\" content=\"2008-09-18T18:18:17+00:00\" \/>\n<meta property=\"article:modified_time\" content=\"2008-10-17T19:36:18+00:00\" \/>\n<meta property=\"og:image\" content=\"http:\/\/www.visit-ulcinj.com\/blog\/wp-content\/uploads\/2008\/09\/ada-bojana2.jpg\" \/>\n<meta name=\"twitter:label1\" content=\"Written by\" \/>\n\t<meta name=\"twitter:data1\" content=\"ulqini\" \/>\n\t<meta name=\"twitter:label2\" content=\"Est. reading time\" \/>\n\t<meta name=\"twitter:data2\" content=\"3 minutes\" \/>\n<script type=\"application\/ld+json\" class=\"yoast-schema-graph\">{\"@context\":\"https:\/\/schema.org\",\"@graph\":[{\"@type\":\"WebSite\",\"@id\":\"https:\/\/www.visit-ulcinj.com\/blog\/#website\",\"url\":\"https:\/\/www.visit-ulcinj.com\/blog\/\",\"name\":\"Lajme nga Ulqini\",\"description\":\"Lajme,Vijesti,Ulqini,Ulqin,Crna Gora,Mali i Zi\",\"potentialAction\":[{\"@type\":\"SearchAction\",\"target\":{\"@type\":\"EntryPoint\",\"urlTemplate\":\"https:\/\/www.visit-ulcinj.com\/blog\/?s={search_term_string}\"},\"query-input\":\"required name=search_term_string\"}],\"inLanguage\":\"en-US\"},{\"@type\":\"ImageObject\",\"inLanguage\":\"en-US\",\"@id\":\"https:\/\/www.visit-ulcinj.com\/blog\/2008\/09\/18\/cvjeta-trgovina-placevima-na-adi-bojani\/#primaryimage\",\"url\":\"http:\/\/www.visit-ulcinj.com\/blog\/wp-content\/uploads\/2008\/09\/ada-bojana2.jpg\",\"contentUrl\":\"http:\/\/www.visit-ulcinj.com\/blog\/wp-content\/uploads\/2008\/09\/ada-bojana2.jpg\"},{\"@type\":\"WebPage\",\"@id\":\"https:\/\/www.visit-ulcinj.com\/blog\/2008\/09\/18\/cvjeta-trgovina-placevima-na-adi-bojani\/#webpage\",\"url\":\"https:\/\/www.visit-ulcinj.com\/blog\/2008\/09\/18\/cvjeta-trgovina-placevima-na-adi-bojani\/\",\"name\":\"Cvjeta trgovina placevima na Adi Bojani - Lajme nga Ulqini\",\"isPartOf\":{\"@id\":\"https:\/\/www.visit-ulcinj.com\/blog\/#website\"},\"primaryImageOfPage\":{\"@id\":\"https:\/\/www.visit-ulcinj.com\/blog\/2008\/09\/18\/cvjeta-trgovina-placevima-na-adi-bojani\/#primaryimage\"},\"datePublished\":\"2008-09-18T18:18:17+00:00\",\"dateModified\":\"2008-10-17T19:36:18+00:00\",\"author\":{\"@id\":\"https:\/\/www.visit-ulcinj.com\/blog\/#\/schema\/person\/dcab619c614d3038751c63bc2aadc06d\"},\"description\":\"http:\/\/www.visit-ulcinj.com\/blog\/wp-content\/uploads\/2008\/09\/ada-bojana2.jpg\",\"breadcrumb\":{\"@id\":\"https:\/\/www.visit-ulcinj.com\/blog\/2008\/09\/18\/cvjeta-trgovina-placevima-na-adi-bojani\/#breadcrumb\"},\"inLanguage\":\"en-US\",\"potentialAction\":[{\"@type\":\"ReadAction\",\"target\":[\"https:\/\/www.visit-ulcinj.com\/blog\/2008\/09\/18\/cvjeta-trgovina-placevima-na-adi-bojani\/\"]}]},{\"@type\":\"BreadcrumbList\",\"@id\":\"https:\/\/www.visit-ulcinj.com\/blog\/2008\/09\/18\/cvjeta-trgovina-placevima-na-adi-bojani\/#breadcrumb\",\"itemListElement\":[{\"@type\":\"ListItem\",\"position\":1,\"name\":\"Cvjeta trgovina placevima na Adi Bojani\"}]},{\"@type\":\"Person\",\"@id\":\"https:\/\/www.visit-ulcinj.com\/blog\/#\/schema\/person\/dcab619c614d3038751c63bc2aadc06d\",\"name\":\"ulqini\",\"sameAs\":[\"http:\/\/www.visit-ulcinj.com\"],\"url\":\"https:\/\/www.visit-ulcinj.com\/blog\/author\/admin\/\"}]}<\/script>\n<!-- \/ Yoast SEO plugin. -->","yoast_head_json":{"title":"Cvjeta trgovina placevima na Adi Bojani - Lajme nga Ulqini","description":"http:\/\/www.visit-ulcinj.com\/blog\/wp-content\/uploads\/2008\/09\/ada-bojana2.jpg","robots":{"index":"index","follow":"follow","max-snippet":"max-snippet:-1","max-image-preview":"max-image-preview:large","max-video-preview":"max-video-preview:-1"},"canonical":"https:\/\/www.visit-ulcinj.com\/blog\/2008\/09\/18\/cvjeta-trgovina-placevima-na-adi-bojani\/","og_locale":"en_US","og_type":"article","og_title":"Cvjeta trgovina placevima na Adi Bojani - Lajme nga Ulqini","og_description":"http:\/\/www.visit-ulcinj.com\/blog\/wp-content\/uploads\/2008\/09\/ada-bojana2.jpg","og_url":"https:\/\/www.visit-ulcinj.com\/blog\/2008\/09\/18\/cvjeta-trgovina-placevima-na-adi-bojani\/","og_site_name":"Lajme nga Ulqini","article_published_time":"2008-09-18T18:18:17+00:00","article_modified_time":"2008-10-17T19:36:18+00:00","og_image":[{"url":"http:\/\/www.visit-ulcinj.com\/blog\/wp-content\/uploads\/2008\/09\/ada-bojana2.jpg"}],"twitter_misc":{"Written by":"ulqini","Est. reading time":"3 minutes"},"schema":{"@context":"https:\/\/schema.org","@graph":[{"@type":"WebSite","@id":"https:\/\/www.visit-ulcinj.com\/blog\/#website","url":"https:\/\/www.visit-ulcinj.com\/blog\/","name":"Lajme nga Ulqini","description":"Lajme,Vijesti,Ulqini,Ulqin,Crna Gora,Mali i Zi","potentialAction":[{"@type":"SearchAction","target":{"@type":"EntryPoint","urlTemplate":"https:\/\/www.visit-ulcinj.com\/blog\/?s={search_term_string}"},"query-input":"required name=search_term_string"}],"inLanguage":"en-US"},{"@type":"ImageObject","inLanguage":"en-US","@id":"https:\/\/www.visit-ulcinj.com\/blog\/2008\/09\/18\/cvjeta-trgovina-placevima-na-adi-bojani\/#primaryimage","url":"http:\/\/www.visit-ulcinj.com\/blog\/wp-content\/uploads\/2008\/09\/ada-bojana2.jpg","contentUrl":"http:\/\/www.visit-ulcinj.com\/blog\/wp-content\/uploads\/2008\/09\/ada-bojana2.jpg"},{"@type":"WebPage","@id":"https:\/\/www.visit-ulcinj.com\/blog\/2008\/09\/18\/cvjeta-trgovina-placevima-na-adi-bojani\/#webpage","url":"https:\/\/www.visit-ulcinj.com\/blog\/2008\/09\/18\/cvjeta-trgovina-placevima-na-adi-bojani\/","name":"Cvjeta trgovina placevima na Adi Bojani - Lajme nga Ulqini","isPartOf":{"@id":"https:\/\/www.visit-ulcinj.com\/blog\/#website"},"primaryImageOfPage":{"@id":"https:\/\/www.visit-ulcinj.com\/blog\/2008\/09\/18\/cvjeta-trgovina-placevima-na-adi-bojani\/#primaryimage"},"datePublished":"2008-09-18T18:18:17+00:00","dateModified":"2008-10-17T19:36:18+00:00","author":{"@id":"https:\/\/www.visit-ulcinj.com\/blog\/#\/schema\/person\/dcab619c614d3038751c63bc2aadc06d"},"description":"http:\/\/www.visit-ulcinj.com\/blog\/wp-content\/uploads\/2008\/09\/ada-bojana2.jpg","breadcrumb":{"@id":"https:\/\/www.visit-ulcinj.com\/blog\/2008\/09\/18\/cvjeta-trgovina-placevima-na-adi-bojani\/#breadcrumb"},"inLanguage":"en-US","potentialAction":[{"@type":"ReadAction","target":["https:\/\/www.visit-ulcinj.com\/blog\/2008\/09\/18\/cvjeta-trgovina-placevima-na-adi-bojani\/"]}]},{"@type":"BreadcrumbList","@id":"https:\/\/www.visit-ulcinj.com\/blog\/2008\/09\/18\/cvjeta-trgovina-placevima-na-adi-bojani\/#breadcrumb","itemListElement":[{"@type":"ListItem","position":1,"name":"Cvjeta trgovina placevima na Adi Bojani"}]},{"@type":"Person","@id":"https:\/\/www.visit-ulcinj.com\/blog\/#\/schema\/person\/dcab619c614d3038751c63bc2aadc06d","name":"ulqini","sameAs":["http:\/\/www.visit-ulcinj.com"],"url":"https:\/\/www.visit-ulcinj.com\/blog\/author\/admin\/"}]}},"jetpack_featured_media_url":"","jetpack_sharing_enabled":true,"jetpack_shortlink":"https:\/\/wp.me\/pe6lTn-Tl","_links":{"self":[{"href":"https:\/\/www.visit-ulcinj.com\/blog\/wp-json\/wp\/v2\/posts\/3431"}],"collection":[{"href":"https:\/\/www.visit-ulcinj.com\/blog\/wp-json\/wp\/v2\/posts"}],"about":[{"href":"https:\/\/www.visit-ulcinj.com\/blog\/wp-json\/wp\/v2\/types\/post"}],"author":[{"embeddable":true,"href":"https:\/\/www.visit-ulcinj.com\/blog\/wp-json\/wp\/v2\/users\/1"}],"replies":[{"embeddable":true,"href":"https:\/\/www.visit-ulcinj.com\/blog\/wp-json\/wp\/v2\/comments?post=3431"}],"version-history":[{"count":0,"href":"https:\/\/www.visit-ulcinj.com\/blog\/wp-json\/wp\/v2\/posts\/3431\/revisions"}],"wp:attachment":[{"href":"https:\/\/www.visit-ulcinj.com\/blog\/wp-json\/wp\/v2\/media?parent=3431"}],"wp:term":[{"taxonomy":"category","embeddable":true,"href":"https:\/\/www.visit-ulcinj.com\/blog\/wp-json\/wp\/v2\/categories?post=3431"},{"taxonomy":"post_tag","embeddable":true,"href":"https:\/\/www.visit-ulcinj.com\/blog\/wp-json\/wp\/v2\/tags?post=3431"}],"curies":[{"name":"wp","href":"https:\/\/api.w.org\/{rel}","templated":true}]}}