{"id":34313,"date":"2010-06-05T19:47:59","date_gmt":"2010-06-05T17:47:59","guid":{"rendered":"http:\/\/www.visit-ulcinj.com\/blog\/?p=34313"},"modified":"2010-06-05T19:49:28","modified_gmt":"2010-06-05T17:49:28","slug":"rovena-dilo-martesa-destinacioni-i-enderruar","status":"publish","type":"post","link":"https:\/\/www.visit-ulcinj.com\/blog\/2010\/06\/05\/rovena-dilo-martesa-destinacioni-i-enderruar\/","title":{"rendered":"Rovena Dilo: Martesa, destinacioni i enderruar"},"content":{"rendered":"<p><a href=\"http:\/\/www.visit-ulcinj.com\/blog\/wp-content\/uploads\/2010\/06\/Rovena-Dilo.jpg\"><img loading=\"lazy\" class=\"alignleft size-full wp-image-34314\" title=\"Rovena Dilo\" src=\"http:\/\/www.visit-ulcinj.com\/blog\/wp-content\/uploads\/2010\/06\/Rovena-Dilo.jpg\" alt=\"Rovena Dilo\" width=\"370\" height=\"468\" \/><\/a>\u00cbsht\u00eb dashuria q\u00eb e kalon koh\u00ebn dhe hap\u00ebsir\u00ebn. Ndaj \u201cfundi i bot\u00ebs\u201d n\u00eb nj\u00eb tekst k\u00ebnge p\u00ebr disa mund t\u00eb ting\u00eblloj\u00eb ekstreme, po p\u00ebr k\u00ebng\u00ebtaren Rovena Dilo \u00ebsht\u00eb p\u00ebrbetimi m\u00eb i ndjer\u00eb n\u00ebse n\u00eb k\u00ebt\u00eb jet\u00eb dashuron me shpirt. I ka shkruar vet\u00eb vargjet e k\u00ebng\u00ebs \u201cP\u00ebrtej koh\u00ebs\u201d q\u00eb i dedikohen asaj ndjenje q\u00eb sh\u00ebtit si frym\u00eb mes njer\u00ebzve. Edhe pse ka konkurruar n\u00eb Festivalin e K\u00ebng\u00ebs n\u00eb RTSH, Rovena tregon se destinacioni i k\u00ebng\u00ebs ishte p\u00ebr t\u00eb realizuar klip t\u00eb ve\u00e7ant\u00eb me muzik\u00ebn lirike t\u00eb Endri Sin\u00ebs. N\u00eb k\u00ebt\u00eb intervist\u00eb filozofike p\u00ebr \u201cPanorama Plus\u201d k\u00ebng\u00ebtarja flet p\u00ebr dashurin\u00eb, romantik\u00ebn dhe martes\u00ebn.<br \/>\n\u201cP\u00ebrtej koh\u00ebs\u201d \u00ebsht\u00eb klipi juaj i ri ku i k\u00ebndohet misterit t\u00eb dashuris\u00eb. Shohim q\u00eb dominon ngjyra e bardh\u00eb, nuk \u00ebsht\u00eb e kuqja ngjyra q\u00eb ju perceptoni k\u00ebt\u00eb ndjenj\u00eb?<br \/>\nKjo dashuri e klipit dhe vargjeve t\u00eb k\u00ebng\u00ebs \u201cP\u00ebrtej koh\u00ebs\u201d q\u00eb k\u00ebto dit\u00eb ka nisur t\u00eb transmetohet n\u00eb \u201cSupersonic Tv\u201d \u00ebsht\u00eb m\u00eb e bardh\u00eb se e bardha, ndoshta eterike, e pangjyr\u00eb, pra di\u00e7ka q\u00eb duhet ta perceptosh si frym\u00eb dhe jo ta shoh\u00ebsh. N\u00eb koh\u00ebt q\u00eb jetojm\u00eb jemi t\u00eb ngujuar n\u00eb bot\u00ebn materiale, por duhet t\u00eb kujtojm\u00eb se dashuria \u00ebsht\u00eb fryma jon\u00eb. Kur nj\u00eb njeri dashuron ai b\u00ebhet m\u00eb i mir\u00eb se kurr\u00eb, \u00ebsht\u00eb m\u00eb i gatshm\u00ebm, m\u00eb i plot\u00eb, m\u00eb i dashur se kurr\u00eb, sepse dashuria ka aft\u00ebsin\u00eb t\u2019i kaloj\u00eb ca gj\u00ebra t\u00eb r\u00ebndomta. Dashuria \u00ebsht\u00eb si shpirti, \u00ebsht\u00eb si fryma, \u00ebsht\u00eb ndjenja q\u00eb na lidh me at\u00eb bot\u00ebn q\u00eb nuk e dim\u00eb n\u00ebse ekziston. Dhe k\u00ebnga \u201cP\u00ebrtej koh\u00ebs\u201d \u00ebsht\u00eb e till\u00eb se kjo dashuri mund t\u00eb na marr\u00eb dhe t\u00eb m\u00eb \u00e7oj\u00eb diku n\u00eb realitete q\u00eb nuk i dim\u00eb n\u00ebse ekziston ose jo.<br \/>\nDuket sikur n\u00eb t\u00eb gjitha klipet ju p\u00eblqen t\u00eb luani me hap\u00ebsir\u00ebn. Edhe n\u00eb k\u00ebt\u00eb klip shfaqeni n\u00eb nj\u00eb ur\u00eb gjigande. Pse?<br \/>\nUn\u00eb nuk i k\u00ebrkova regjisorit t\u00eb dukem bukur. Kisha nj\u00eb ide t\u00eb qart\u00eb q\u00eb n\u00eb klip t\u00eb kishte nj\u00eb ur\u00eb gjigande, dhe regjisori Aleksand\u00ebr ishte shum\u00eb dakord. Klipi \u00ebsht\u00eb xhiruar n\u00eb Ur\u00ebn e Zogut mbi lumin Mat, q\u00eb Aleksand\u00ebr e gjeti pas nj\u00eb k\u00ebrkimi t\u00eb urave t\u00eb Shqip\u00ebris\u00eb. Na u duk si nj\u00eb dhurat\u00eb nga Zoti pasi k\u00ebrkoja ambient sa m\u00eb arkitekuror dhe gjeometrik. Doja ur\u00ebn si konceptin universal q\u00eb t\u00eb \u00e7on nga nj\u00eb realitet n\u00eb tjetrin, nga nj\u00eb bot\u00eb n\u00eb tjetr\u00ebn, dhe ecjen mbi t\u00eb q\u00eb nuk arrin askund\u2026<br \/>\nN\u00eb \u00e7far\u00eb moshe \u00ebsht\u00eb Rovena n\u00eb klip, dhe n\u00eb \u00e7far\u00eb koh\u00ebsh jetohet aty?<br \/>\nRovena \u00ebsht\u00eb n\u00eb mosh\u00ebn reale, nd\u00ebrsa p\u00ebr koh\u00ebn jam p\u00ebrpjekur t\u00eb sjell nj\u00eb film pa koh\u00eb. Filozofia brenda klipit \u00ebsht\u00eb se \u00e7far\u00eb ka p\u00ebrtej k\u00ebsaj kohe dhe hap\u00ebsire, a \u00ebsht\u00eb dashuria andej, dhe \u00e7\u2019do t\u00eb b\u00ebnim ne pa dashurin\u00eb?! Mendoj se kjo ndjenj\u00eb \u00ebsht\u00eb e p\u00ebrjetshme, dhe kur nuk e kemi e k\u00ebrkojm\u00eb.<br \/>\nJu duket se filozofoni si tep\u00ebr n\u00eb k\u00ebng\u00ebt tuaja, apo jo?<br \/>\nJo. K\u00ebnga \u00ab P\u00ebrtej koh\u00ebs \u00bb ka nj\u00eb tekst shum\u00eb t\u00eb thjesht\u00eb. \u201cMe ty n\u00eb fund t\u00eb bot\u00ebs do t\u00eb vija dhe sikur ta dija se nuk do t\u00eb kishte kthim\u2026\u201d. P\u00ebr dik\u00eb kjo fraz\u00eb mund t\u00eb ting\u00eblloj\u00eb ekstreme, por un\u00eb e p\u00ebrdora se jam e bindur q\u00eb nj\u00eb njeri kur do dik\u00eb e thot\u00eb gjithmon\u00eb k\u00ebt\u00eb brenda vetes.<br \/>\nN\u00eb koh\u00ebt q\u00eb jetojm\u00eb a ekziston kjo dashuri p\u00ebr t\u00eb cil\u00ebn po flisni?<br \/>\nMendoj jo. Sot dashuria \u00ebsht\u00eb b\u00ebr\u00eb konsum, di\u00e7ka ordinere, e zakonshme. Nuk \u00ebsht\u00eb se s\u2019ka njer\u00ebz q\u00eb i kap thell\u00eb dashuria dhe sot, p\u00ebrndryshe nuk do d\u00ebgjonim njer\u00ebz q\u00eb vet\u00ebvriten, vrasin, dashurojn\u00eb deri n\u00eb fund, ikin larg p\u00ebr njeriun q\u00eb duan\u2026 Por kam p\u00ebrshtypjen se njer\u00ebzit jan\u00eb b\u00ebr\u00eb m\u00eb cool, jan\u00eb robotizuar nga teknologjia the se dashuria e ka humbur romanc\u00ebn. Por njeriu prap\u00eb kur dashuron sado \u201ccool\u201d qoft\u00eb prap\u00eb b\u00ebhet romantik.<br \/>\nJu jeni natyr\u00eb romantike?<br \/>\nPo, shum\u00eb.<br \/>\nN\u00eb t\u00eb p\u00ebrditshmen tuaj si e shfaqni romanticitetin, dhe mendoni se romatik\u00ebt kan\u00eb gjithnj\u00eb sukses n\u00eb jet\u00eb?<br \/>\nNjer\u00ebzit q\u00eb jan\u00eb romantik\u00eb e gjejn\u00eb romanticitetin edhe n\u00eb jet\u00ebn e tyre t\u00eb p\u00ebrditshme. Patjet\u00ebr q\u00eb romantik\u00ebt n\u00eb fund kan\u00eb sukses n\u00eb jet\u00eb pasi jan\u00eb njer\u00ebzit m\u00eb t\u00eb dashur p\u00ebr t\u00eb tjer\u00ebt, m\u00eb t\u00eb bukurit n\u00eb mendje e shpirt. Mbase duken pak si t\u00eb dal\u00eb mode, por ata q\u00eb shfaqen jasht\u00eb mode jan\u00eb m\u00eb n\u00eb mod\u00eb, se k\u00ebshtu fillon tendenca.<br \/>\nFol\u00ebm shum\u00eb p\u00ebr dashurin\u00eb, por \u00e7far\u00eb martese \u00ebsht\u00eb ajo q\u00eb po jetoni me Florian Riz\u00ebn?<br \/>\nFlori \u00ebsht\u00eb im shoq, dhe kur jeton me dik\u00eb romantizmi jeton diku. Por dhe n\u00eb momentet e mia emocionale ndaj burrit tim jam romantike. Un\u00eb jam Rovena edhe n\u00eb martes\u00eb, sepse njeriu bart me vete at\u00eb q\u00eb ai \u00ebsht\u00eb, si vet\u00ebm, si i martuar. Por do thosha q\u00eb martesa \u00ebsht\u00eb nj\u00eb destinacion shum\u00eb i \u00ebnd\u00ebrruar. T\u00eb gjitha grat\u00eb n\u00eb fund fare duan t\u00eb martohen se jeta \u00ebsht\u00eb b\u00ebr\u00eb t\u00eb ndahet me dik\u00eb. Jeta kalohet mir\u00eb n\u00eb \u00e7ift ndaj them se po jetoj nj\u00eb gjendje t\u00eb mir\u00eb. Jam n\u00eb nj\u00eb mosh\u00eb t\u00eb pjekur q\u00eb i vler\u00ebsoj dhe i shijoj gj\u00ebrat.<\/p>\n<p><strong>Panorama Plus<br \/>\n<!--YouTube Error: bad URL entered--><\/strong><\/p>\n","protected":false},"excerpt":{"rendered":"<p>\u00cbsht\u00eb dashuria q\u00eb e kalon koh\u00ebn dhe hap\u00ebsir\u00ebn. Ndaj \u201cfundi i bot\u00ebs\u201d n\u00eb nj\u00eb tekst k\u00ebnge p\u00ebr disa mund t\u00eb ting\u00eblloj\u00eb ekstreme, po p\u00ebr k\u00ebng\u00ebtaren Rovena Dilo \u00ebsht\u00eb p\u00ebrbetimi m\u00eb i ndjer\u00eb n\u00ebse n\u00eb k\u00ebt\u00eb jet\u00eb dashuron me shpirt. I ka shkruar vet\u00eb vargjet e k\u00ebng\u00ebs \u201cP\u00ebrtej koh\u00ebs\u201d q\u00eb i dedikohen asaj ndjenje q\u00eb sh\u00ebtit [&hellip;]<\/p>\n","protected":false},"author":1,"featured_media":0,"comment_status":"open","ping_status":"closed","sticky":false,"template":"","format":"standard","meta":{"spay_email":"","jetpack_publicize_message":"","jetpack_is_tweetstorm":false,"jetpack_publicize_feature_enabled":true},"categories":[1],"tags":[7741],"jetpack_publicize_connections":[],"yoast_head":"<!-- This site is optimized with the Yoast SEO plugin v19.1 - https:\/\/yoast.com\/wordpress\/plugins\/seo\/ -->\n<title>Rovena Dilo: Martesa, destinacioni i enderruar - Lajme nga Ulqini<\/title>\n<meta name=\"description\" content=\"\u00cbsht\u00eb dashuria q\u00eb e kalon koh\u00ebn dhe hap\u00ebsir\u00ebn. Ndaj \u201cfundi i bot\u00ebs\u201d n\u00eb nj\u00eb tekst k\u00ebnge p\u00ebr disa mund t\u00eb ting\u00eblloj\u00eb ekstreme, po p\u00ebr k\u00ebng\u00ebtaren Rovena Dilo\" \/>\n<meta name=\"robots\" content=\"index, follow, max-snippet:-1, max-image-preview:large, max-video-preview:-1\" \/>\n<link rel=\"canonical\" href=\"https:\/\/www.visit-ulcinj.com\/blog\/2010\/06\/05\/rovena-dilo-martesa-destinacioni-i-enderruar\/\" \/>\n<meta property=\"og:locale\" content=\"en_US\" \/>\n<meta property=\"og:type\" content=\"article\" \/>\n<meta property=\"og:title\" content=\"Rovena Dilo: Martesa, destinacioni i enderruar - Lajme nga Ulqini\" \/>\n<meta property=\"og:description\" content=\"\u00cbsht\u00eb dashuria q\u00eb e kalon koh\u00ebn dhe hap\u00ebsir\u00ebn. Ndaj \u201cfundi i bot\u00ebs\u201d n\u00eb nj\u00eb tekst k\u00ebnge p\u00ebr disa mund t\u00eb ting\u00eblloj\u00eb ekstreme, po p\u00ebr k\u00ebng\u00ebtaren Rovena Dilo\" \/>\n<meta property=\"og:url\" content=\"https:\/\/www.visit-ulcinj.com\/blog\/2010\/06\/05\/rovena-dilo-martesa-destinacioni-i-enderruar\/\" \/>\n<meta property=\"og:site_name\" content=\"Lajme nga Ulqini\" \/>\n<meta property=\"article:published_time\" content=\"2010-06-05T17:47:59+00:00\" \/>\n<meta property=\"article:modified_time\" content=\"2010-06-05T17:49:28+00:00\" \/>\n<meta property=\"og:image\" content=\"http:\/\/www.visit-ulcinj.com\/blog\/wp-content\/uploads\/2010\/06\/Rovena-Dilo.jpg\" \/>\n<meta name=\"twitter:label1\" content=\"Written by\" \/>\n\t<meta name=\"twitter:data1\" content=\"ulqini\" \/>\n\t<meta name=\"twitter:label2\" content=\"Est. reading time\" \/>\n\t<meta name=\"twitter:data2\" content=\"5 minutes\" \/>\n<script type=\"application\/ld+json\" class=\"yoast-schema-graph\">{\"@context\":\"https:\/\/schema.org\",\"@graph\":[{\"@type\":\"WebSite\",\"@id\":\"https:\/\/www.visit-ulcinj.com\/blog\/#website\",\"url\":\"https:\/\/www.visit-ulcinj.com\/blog\/\",\"name\":\"Lajme nga Ulqini\",\"description\":\"Lajme,Vijesti,Ulqini,Ulqin,Crna Gora,Mali i Zi\",\"potentialAction\":[{\"@type\":\"SearchAction\",\"target\":{\"@type\":\"EntryPoint\",\"urlTemplate\":\"https:\/\/www.visit-ulcinj.com\/blog\/?s={search_term_string}\"},\"query-input\":\"required name=search_term_string\"}],\"inLanguage\":\"en-US\"},{\"@type\":\"ImageObject\",\"inLanguage\":\"en-US\",\"@id\":\"https:\/\/www.visit-ulcinj.com\/blog\/2010\/06\/05\/rovena-dilo-martesa-destinacioni-i-enderruar\/#primaryimage\",\"url\":\"http:\/\/www.visit-ulcinj.com\/blog\/wp-content\/uploads\/2010\/06\/Rovena-Dilo.jpg\",\"contentUrl\":\"http:\/\/www.visit-ulcinj.com\/blog\/wp-content\/uploads\/2010\/06\/Rovena-Dilo.jpg\"},{\"@type\":\"WebPage\",\"@id\":\"https:\/\/www.visit-ulcinj.com\/blog\/2010\/06\/05\/rovena-dilo-martesa-destinacioni-i-enderruar\/#webpage\",\"url\":\"https:\/\/www.visit-ulcinj.com\/blog\/2010\/06\/05\/rovena-dilo-martesa-destinacioni-i-enderruar\/\",\"name\":\"Rovena Dilo: Martesa, destinacioni i enderruar - Lajme nga Ulqini\",\"isPartOf\":{\"@id\":\"https:\/\/www.visit-ulcinj.com\/blog\/#website\"},\"primaryImageOfPage\":{\"@id\":\"https:\/\/www.visit-ulcinj.com\/blog\/2010\/06\/05\/rovena-dilo-martesa-destinacioni-i-enderruar\/#primaryimage\"},\"datePublished\":\"2010-06-05T17:47:59+00:00\",\"dateModified\":\"2010-06-05T17:49:28+00:00\",\"author\":{\"@id\":\"https:\/\/www.visit-ulcinj.com\/blog\/#\/schema\/person\/dcab619c614d3038751c63bc2aadc06d\"},\"description\":\"\u00cbsht\u00eb dashuria q\u00eb e kalon koh\u00ebn dhe hap\u00ebsir\u00ebn. Ndaj \u201cfundi i bot\u00ebs\u201d n\u00eb nj\u00eb tekst k\u00ebnge p\u00ebr disa mund t\u00eb ting\u00eblloj\u00eb ekstreme, po p\u00ebr k\u00ebng\u00ebtaren Rovena Dilo\",\"breadcrumb\":{\"@id\":\"https:\/\/www.visit-ulcinj.com\/blog\/2010\/06\/05\/rovena-dilo-martesa-destinacioni-i-enderruar\/#breadcrumb\"},\"inLanguage\":\"en-US\",\"potentialAction\":[{\"@type\":\"ReadAction\",\"target\":[\"https:\/\/www.visit-ulcinj.com\/blog\/2010\/06\/05\/rovena-dilo-martesa-destinacioni-i-enderruar\/\"]}]},{\"@type\":\"BreadcrumbList\",\"@id\":\"https:\/\/www.visit-ulcinj.com\/blog\/2010\/06\/05\/rovena-dilo-martesa-destinacioni-i-enderruar\/#breadcrumb\",\"itemListElement\":[{\"@type\":\"ListItem\",\"position\":1,\"name\":\"Rovena Dilo: Martesa, destinacioni i enderruar\"}]},{\"@type\":\"Person\",\"@id\":\"https:\/\/www.visit-ulcinj.com\/blog\/#\/schema\/person\/dcab619c614d3038751c63bc2aadc06d\",\"name\":\"ulqini\",\"sameAs\":[\"http:\/\/www.visit-ulcinj.com\"],\"url\":\"https:\/\/www.visit-ulcinj.com\/blog\/author\/admin\/\"}]}<\/script>\n<!-- \/ Yoast SEO plugin. -->","yoast_head_json":{"title":"Rovena Dilo: Martesa, destinacioni i enderruar - Lajme nga Ulqini","description":"\u00cbsht\u00eb dashuria q\u00eb e kalon koh\u00ebn dhe hap\u00ebsir\u00ebn. Ndaj \u201cfundi i bot\u00ebs\u201d n\u00eb nj\u00eb tekst k\u00ebnge p\u00ebr disa mund t\u00eb ting\u00eblloj\u00eb ekstreme, po p\u00ebr k\u00ebng\u00ebtaren Rovena Dilo","robots":{"index":"index","follow":"follow","max-snippet":"max-snippet:-1","max-image-preview":"max-image-preview:large","max-video-preview":"max-video-preview:-1"},"canonical":"https:\/\/www.visit-ulcinj.com\/blog\/2010\/06\/05\/rovena-dilo-martesa-destinacioni-i-enderruar\/","og_locale":"en_US","og_type":"article","og_title":"Rovena Dilo: Martesa, destinacioni i enderruar - Lajme nga Ulqini","og_description":"\u00cbsht\u00eb dashuria q\u00eb e kalon koh\u00ebn dhe hap\u00ebsir\u00ebn. Ndaj \u201cfundi i bot\u00ebs\u201d n\u00eb nj\u00eb tekst k\u00ebnge p\u00ebr disa mund t\u00eb ting\u00eblloj\u00eb ekstreme, po p\u00ebr k\u00ebng\u00ebtaren Rovena Dilo","og_url":"https:\/\/www.visit-ulcinj.com\/blog\/2010\/06\/05\/rovena-dilo-martesa-destinacioni-i-enderruar\/","og_site_name":"Lajme nga Ulqini","article_published_time":"2010-06-05T17:47:59+00:00","article_modified_time":"2010-06-05T17:49:28+00:00","og_image":[{"url":"http:\/\/www.visit-ulcinj.com\/blog\/wp-content\/uploads\/2010\/06\/Rovena-Dilo.jpg"}],"twitter_misc":{"Written by":"ulqini","Est. reading time":"5 minutes"},"schema":{"@context":"https:\/\/schema.org","@graph":[{"@type":"WebSite","@id":"https:\/\/www.visit-ulcinj.com\/blog\/#website","url":"https:\/\/www.visit-ulcinj.com\/blog\/","name":"Lajme nga Ulqini","description":"Lajme,Vijesti,Ulqini,Ulqin,Crna Gora,Mali i Zi","potentialAction":[{"@type":"SearchAction","target":{"@type":"EntryPoint","urlTemplate":"https:\/\/www.visit-ulcinj.com\/blog\/?s={search_term_string}"},"query-input":"required name=search_term_string"}],"inLanguage":"en-US"},{"@type":"ImageObject","inLanguage":"en-US","@id":"https:\/\/www.visit-ulcinj.com\/blog\/2010\/06\/05\/rovena-dilo-martesa-destinacioni-i-enderruar\/#primaryimage","url":"http:\/\/www.visit-ulcinj.com\/blog\/wp-content\/uploads\/2010\/06\/Rovena-Dilo.jpg","contentUrl":"http:\/\/www.visit-ulcinj.com\/blog\/wp-content\/uploads\/2010\/06\/Rovena-Dilo.jpg"},{"@type":"WebPage","@id":"https:\/\/www.visit-ulcinj.com\/blog\/2010\/06\/05\/rovena-dilo-martesa-destinacioni-i-enderruar\/#webpage","url":"https:\/\/www.visit-ulcinj.com\/blog\/2010\/06\/05\/rovena-dilo-martesa-destinacioni-i-enderruar\/","name":"Rovena Dilo: Martesa, destinacioni i enderruar - Lajme nga Ulqini","isPartOf":{"@id":"https:\/\/www.visit-ulcinj.com\/blog\/#website"},"primaryImageOfPage":{"@id":"https:\/\/www.visit-ulcinj.com\/blog\/2010\/06\/05\/rovena-dilo-martesa-destinacioni-i-enderruar\/#primaryimage"},"datePublished":"2010-06-05T17:47:59+00:00","dateModified":"2010-06-05T17:49:28+00:00","author":{"@id":"https:\/\/www.visit-ulcinj.com\/blog\/#\/schema\/person\/dcab619c614d3038751c63bc2aadc06d"},"description":"\u00cbsht\u00eb dashuria q\u00eb e kalon koh\u00ebn dhe hap\u00ebsir\u00ebn. Ndaj \u201cfundi i bot\u00ebs\u201d n\u00eb nj\u00eb tekst k\u00ebnge p\u00ebr disa mund t\u00eb ting\u00eblloj\u00eb ekstreme, po p\u00ebr k\u00ebng\u00ebtaren Rovena Dilo","breadcrumb":{"@id":"https:\/\/www.visit-ulcinj.com\/blog\/2010\/06\/05\/rovena-dilo-martesa-destinacioni-i-enderruar\/#breadcrumb"},"inLanguage":"en-US","potentialAction":[{"@type":"ReadAction","target":["https:\/\/www.visit-ulcinj.com\/blog\/2010\/06\/05\/rovena-dilo-martesa-destinacioni-i-enderruar\/"]}]},{"@type":"BreadcrumbList","@id":"https:\/\/www.visit-ulcinj.com\/blog\/2010\/06\/05\/rovena-dilo-martesa-destinacioni-i-enderruar\/#breadcrumb","itemListElement":[{"@type":"ListItem","position":1,"name":"Rovena Dilo: Martesa, destinacioni i enderruar"}]},{"@type":"Person","@id":"https:\/\/www.visit-ulcinj.com\/blog\/#\/schema\/person\/dcab619c614d3038751c63bc2aadc06d","name":"ulqini","sameAs":["http:\/\/www.visit-ulcinj.com"],"url":"https:\/\/www.visit-ulcinj.com\/blog\/author\/admin\/"}]}},"jetpack_featured_media_url":"","jetpack_sharing_enabled":true,"jetpack_shortlink":"https:\/\/wp.me\/pe6lTn-8Vr","_links":{"self":[{"href":"https:\/\/www.visit-ulcinj.com\/blog\/wp-json\/wp\/v2\/posts\/34313"}],"collection":[{"href":"https:\/\/www.visit-ulcinj.com\/blog\/wp-json\/wp\/v2\/posts"}],"about":[{"href":"https:\/\/www.visit-ulcinj.com\/blog\/wp-json\/wp\/v2\/types\/post"}],"author":[{"embeddable":true,"href":"https:\/\/www.visit-ulcinj.com\/blog\/wp-json\/wp\/v2\/users\/1"}],"replies":[{"embeddable":true,"href":"https:\/\/www.visit-ulcinj.com\/blog\/wp-json\/wp\/v2\/comments?post=34313"}],"version-history":[{"count":0,"href":"https:\/\/www.visit-ulcinj.com\/blog\/wp-json\/wp\/v2\/posts\/34313\/revisions"}],"wp:attachment":[{"href":"https:\/\/www.visit-ulcinj.com\/blog\/wp-json\/wp\/v2\/media?parent=34313"}],"wp:term":[{"taxonomy":"category","embeddable":true,"href":"https:\/\/www.visit-ulcinj.com\/blog\/wp-json\/wp\/v2\/categories?post=34313"},{"taxonomy":"post_tag","embeddable":true,"href":"https:\/\/www.visit-ulcinj.com\/blog\/wp-json\/wp\/v2\/tags?post=34313"}],"curies":[{"name":"wp","href":"https:\/\/api.w.org\/{rel}","templated":true}]}}