{"id":34324,"date":"2010-06-06T21:05:46","date_gmt":"2010-06-06T19:05:46","guid":{"rendered":"http:\/\/www.visit-ulcinj.com\/blog\/?p=34324"},"modified":"2010-06-06T22:51:07","modified_gmt":"2010-06-06T20:51:07","slug":"nenezic-%e2%80%9eotrant%e2%80%9d-mora-biti-otvoren","status":"publish","type":"post","link":"https:\/\/www.visit-ulcinj.com\/blog\/2010\/06\/06\/nenezic-%e2%80%9eotrant%e2%80%9d-mora-biti-otvoren\/","title":{"rendered":"Nenezi?: \u201eOtrant\u201d mora biti otvoren"},"content":{"rendered":"<p><strong><a href=\"http:\/\/www.ricardo.ch\/kaufen\/immobilien\/kauf\/ausland\/gewerbeobjekte\/hotel-iberostar-otrant-beach-in-ulcinj-montenegro\/v\/an500342495\/\" target=\"_blank\"><img loading=\"lazy\" class=\"alignleft size-full wp-image-34325\" title=\"Hotel Otrant Ulcinj _na prodaju 22.000.000.00 CHF\" src=\"http:\/\/www.visit-ulcinj.com\/blog\/wp-content\/uploads\/2010\/06\/Hotel-Otrant-Ulcinj-_na-prodaju-22.000.000.00-CHF.jpg\" alt=\"Hotel Otrant Ulcinj _na prodaju 22.000.000.00 CHF\" width=\"490\" height=\"380\" \/><\/a><a href=\"http:\/\/www.ricardo.ch\/kaufen\/immobilien\/kauf\/ausland\/gewerbeobjekte\/hotel-iberostar-otrant-beach-in-ulcinj-montenegro\/v\/an500342495\/\" target=\"_blank\">LINK\u00a0 RICARDO.CH<\/a><br \/>\nZatvaranje hotela vlasnik obrazlo\u017eio ?injenicom da je ostvario gubitak od pola miliona eura. Akt investitora Ministarstvo turizma ocijenilo neodgovornim<\/strong><br \/>\nUlcinj &#8211; Uspje\u0161no sanirane posljedice nedavnih poplava, posebno na Adi Bojani, i blagovremeno pripremljeni objekti potvrda su spremnosti Ulcinja i njegove turisti?ke privrede za uspje\u0161nu turisti?ku sezonu, ocijenjeno je u ju?era\u0161njim razgovorima rukovodstva op\u0161tine i predstavnika turisti?ke privrede u Ulcinju sa ministrom turizma Predragom Nenezi?em i njegovim saradnicima.<br \/>\n&#8211; Ovogodi\u0161nju turisti?ku sezonu Ulcinj do?ekuje spremnije nego prethodne, ali moramo jo\u0161 raditi na animiranju ve?eg broja turista. To ?emo u?initi narednih dana, takozvanom kasnijom kampanjom, koju ?emo realizovati na podru?ju Kosova, Makedonije, BiH i Albanije, odakle tradicionalno u Ulcinj sti\u017ee najve?i broj turista &#8211; kazao je ministar Nenezi?.<br \/>\nU razgovorima je nagla\u0161en problem investiranja u objekte turisti?ke privrede u toj op\u0161tini. Konstatovano je da su stvoreni svi preduslovi za normalan pristup realizaciji izgradnje hotela Galeb, kao i renoviranju i izgradnji hotela Lido i Mediteran. Po?etak radova na tim objektima najavljen je za septembar ove godine.<br \/>\nPoseban problem je ove godine stvoren sa hotelom Otrant, ?iji je vlasnik najavio zatvaranje ove sezone.<br \/>\n&#8211; Akt investitora ocijenili smo kao neodgovoran. Taj postupak je izazvao op\u0161te ogor?enje, jer se radi o odluci koja je neprimjerena &#8211; rekao je ministar turizma.<br \/>\nOn je napomenuo da je investitor zatvaranje hotela obrazlo\u017eio ?injenicom da je ostvario prevelik gubitak od pola miliona eura.<br \/>\n&#8211; To nije jedini hotel u Crnoj Gori koji je u pro\u0161loj i ovoj godini poslovao sa gubitkom. Ima takvih jo\u0161, ali nijedan vlasnik nije zatvorio vrata gostima. Preduze?emo sve zakonske mjere \u2013 prvo, da se hotel otvori i radi, a dr\u017eavne inspekcije da urade sve neophodne analize i kontrole. Podr\u017ea?emo i sve opravdane zahtjeve sindikalne organizacije Otranta &#8211; bio je kategori?an ministar Nenezi?.<br \/>\nOn je podsjetio da su Ulcinj i Crna Gora omogu?ili investitorima povoljne uslove za zapo\u0161ljavanje, a vlasniku Otranta ?ak idealne, \u0161to su potvrdili pro\u0161logodi\u0161nji rezultati poslovanja.<\/p>\n<p><strong>N.Perkovi?<br \/>\n<\/strong><strong> <a href=\"http:\/\/www.pobjeda.co.me\/citanje.php?datum=2010-06-05&amp;id=186326\" target=\"_blank\">Pobjeda<br \/>\n<\/a><!--YouTube Error: bad URL entered--><br \/>\n<\/strong><\/p>\n","protected":false},"excerpt":{"rendered":"<p>LINK\u00a0 RICARDO.CH Zatvaranje hotela vlasnik obrazlo\u017eio ?injenicom da je ostvario gubitak od pola miliona eura. Akt investitora Ministarstvo turizma ocijenilo neodgovornim Ulcinj &#8211; Uspje\u0161no sanirane posljedice nedavnih poplava, posebno na Adi Bojani, i blagovremeno pripremljeni objekti potvrda su spremnosti Ulcinja i njegove turisti?ke privrede za uspje\u0161nu turisti?ku sezonu, ocijenjeno je u ju?era\u0161njim razgovorima rukovodstva op\u0161tine [&hellip;]<\/p>\n","protected":false},"author":1,"featured_media":0,"comment_status":"open","ping_status":"closed","sticky":false,"template":"","format":"standard","meta":{"spay_email":"","jetpack_publicize_message":"","jetpack_is_tweetstorm":false,"jetpack_publicize_feature_enabled":true},"categories":[8337],"tags":[14641,855,19],"jetpack_publicize_connections":[],"yoast_head":"<!-- This site is optimized with the Yoast SEO plugin v19.1 - https:\/\/yoast.com\/wordpress\/plugins\/seo\/ -->\n<title>Nenezi?: \u201eOtrant\u201d mora biti otvoren - Lajme nga Ulqini<\/title>\n<meta name=\"description\" content=\"LINK\u00a0 RICARDO.CH Zatvaranje hotela vlasnik obrazlo\u017eio ?injenicom da je ostvario gubitak od pola miliona eura. Akt investitora Ministarstvo turizma\" \/>\n<meta name=\"robots\" content=\"index, follow, max-snippet:-1, max-image-preview:large, max-video-preview:-1\" \/>\n<link rel=\"canonical\" href=\"https:\/\/www.visit-ulcinj.com\/blog\/2010\/06\/06\/nenezic-\u201eotrant\u201d-mora-biti-otvoren\/\" \/>\n<meta property=\"og:locale\" content=\"en_US\" \/>\n<meta property=\"og:type\" content=\"article\" \/>\n<meta property=\"og:title\" content=\"Nenezi?: \u201eOtrant\u201d mora biti otvoren - Lajme nga Ulqini\" \/>\n<meta property=\"og:description\" content=\"LINK\u00a0 RICARDO.CH Zatvaranje hotela vlasnik obrazlo\u017eio ?injenicom da je ostvario gubitak od pola miliona eura. Akt investitora Ministarstvo turizma\" \/>\n<meta property=\"og:url\" content=\"https:\/\/www.visit-ulcinj.com\/blog\/2010\/06\/06\/nenezic-\u201eotrant\u201d-mora-biti-otvoren\/\" \/>\n<meta property=\"og:site_name\" content=\"Lajme nga Ulqini\" \/>\n<meta property=\"article:published_time\" content=\"2010-06-06T19:05:46+00:00\" \/>\n<meta property=\"article:modified_time\" content=\"2010-06-06T20:51:07+00:00\" \/>\n<meta property=\"og:image\" content=\"http:\/\/www.visit-ulcinj.com\/blog\/wp-content\/uploads\/2010\/06\/Hotel-Otrant-Ulcinj-_na-prodaju-22.000.000.00-CHF.jpg\" \/>\n<meta name=\"twitter:label1\" content=\"Written by\" \/>\n\t<meta name=\"twitter:data1\" content=\"ulqini\" \/>\n\t<meta name=\"twitter:label2\" content=\"Est. reading time\" \/>\n\t<meta name=\"twitter:data2\" content=\"2 minutes\" \/>\n<script type=\"application\/ld+json\" class=\"yoast-schema-graph\">{\"@context\":\"https:\/\/schema.org\",\"@graph\":[{\"@type\":\"WebSite\",\"@id\":\"https:\/\/www.visit-ulcinj.com\/blog\/#website\",\"url\":\"https:\/\/www.visit-ulcinj.com\/blog\/\",\"name\":\"Lajme nga Ulqini\",\"description\":\"Lajme,Vijesti,Ulqini,Ulqin,Crna Gora,Mali i Zi\",\"potentialAction\":[{\"@type\":\"SearchAction\",\"target\":{\"@type\":\"EntryPoint\",\"urlTemplate\":\"https:\/\/www.visit-ulcinj.com\/blog\/?s={search_term_string}\"},\"query-input\":\"required name=search_term_string\"}],\"inLanguage\":\"en-US\"},{\"@type\":\"ImageObject\",\"inLanguage\":\"en-US\",\"@id\":\"https:\/\/www.visit-ulcinj.com\/blog\/2010\/06\/06\/nenezic-%e2%80%9eotrant%e2%80%9d-mora-biti-otvoren\/#primaryimage\",\"url\":\"https:\/\/www.visit-ulcinj.com\/blog\/wp-content\/uploads\/2010\/06\/Hotel-Otrant-Ulcinj-_na-prodaju-22.000.000.00-CHF.jpg\",\"contentUrl\":\"https:\/\/www.visit-ulcinj.com\/blog\/wp-content\/uploads\/2010\/06\/Hotel-Otrant-Ulcinj-_na-prodaju-22.000.000.00-CHF.jpg\",\"width\":\"953\",\"height\":\"561\"},{\"@type\":\"WebPage\",\"@id\":\"https:\/\/www.visit-ulcinj.com\/blog\/2010\/06\/06\/nenezic-%e2%80%9eotrant%e2%80%9d-mora-biti-otvoren\/#webpage\",\"url\":\"https:\/\/www.visit-ulcinj.com\/blog\/2010\/06\/06\/nenezic-%e2%80%9eotrant%e2%80%9d-mora-biti-otvoren\/\",\"name\":\"Nenezi?: \u201eOtrant\u201d mora biti otvoren - Lajme nga Ulqini\",\"isPartOf\":{\"@id\":\"https:\/\/www.visit-ulcinj.com\/blog\/#website\"},\"primaryImageOfPage\":{\"@id\":\"https:\/\/www.visit-ulcinj.com\/blog\/2010\/06\/06\/nenezic-%e2%80%9eotrant%e2%80%9d-mora-biti-otvoren\/#primaryimage\"},\"datePublished\":\"2010-06-06T19:05:46+00:00\",\"dateModified\":\"2010-06-06T20:51:07+00:00\",\"author\":{\"@id\":\"https:\/\/www.visit-ulcinj.com\/blog\/#\/schema\/person\/dcab619c614d3038751c63bc2aadc06d\"},\"description\":\"LINK\u00a0 RICARDO.CH Zatvaranje hotela vlasnik obrazlo\u017eio ?injenicom da je ostvario gubitak od pola miliona eura. Akt investitora Ministarstvo turizma\",\"breadcrumb\":{\"@id\":\"https:\/\/www.visit-ulcinj.com\/blog\/2010\/06\/06\/nenezic-%e2%80%9eotrant%e2%80%9d-mora-biti-otvoren\/#breadcrumb\"},\"inLanguage\":\"en-US\",\"potentialAction\":[{\"@type\":\"ReadAction\",\"target\":[\"https:\/\/www.visit-ulcinj.com\/blog\/2010\/06\/06\/nenezic-%e2%80%9eotrant%e2%80%9d-mora-biti-otvoren\/\"]}]},{\"@type\":\"BreadcrumbList\",\"@id\":\"https:\/\/www.visit-ulcinj.com\/blog\/2010\/06\/06\/nenezic-%e2%80%9eotrant%e2%80%9d-mora-biti-otvoren\/#breadcrumb\",\"itemListElement\":[{\"@type\":\"ListItem\",\"position\":1,\"name\":\"Nenezi?: \u201eOtrant\u201d mora biti otvoren\"}]},{\"@type\":\"Person\",\"@id\":\"https:\/\/www.visit-ulcinj.com\/blog\/#\/schema\/person\/dcab619c614d3038751c63bc2aadc06d\",\"name\":\"ulqini\",\"sameAs\":[\"http:\/\/www.visit-ulcinj.com\"],\"url\":\"https:\/\/www.visit-ulcinj.com\/blog\/author\/admin\/\"}]}<\/script>\n<!-- \/ Yoast SEO plugin. -->","yoast_head_json":{"title":"Nenezi?: \u201eOtrant\u201d mora biti otvoren - Lajme nga Ulqini","description":"LINK\u00a0 RICARDO.CH Zatvaranje hotela vlasnik obrazlo\u017eio ?injenicom da je ostvario gubitak od pola miliona eura. Akt investitora Ministarstvo turizma","robots":{"index":"index","follow":"follow","max-snippet":"max-snippet:-1","max-image-preview":"max-image-preview:large","max-video-preview":"max-video-preview:-1"},"canonical":"https:\/\/www.visit-ulcinj.com\/blog\/2010\/06\/06\/nenezic-\u201eotrant\u201d-mora-biti-otvoren\/","og_locale":"en_US","og_type":"article","og_title":"Nenezi?: \u201eOtrant\u201d mora biti otvoren - Lajme nga Ulqini","og_description":"LINK\u00a0 RICARDO.CH Zatvaranje hotela vlasnik obrazlo\u017eio ?injenicom da je ostvario gubitak od pola miliona eura. Akt investitora Ministarstvo turizma","og_url":"https:\/\/www.visit-ulcinj.com\/blog\/2010\/06\/06\/nenezic-\u201eotrant\u201d-mora-biti-otvoren\/","og_site_name":"Lajme nga Ulqini","article_published_time":"2010-06-06T19:05:46+00:00","article_modified_time":"2010-06-06T20:51:07+00:00","og_image":[{"url":"http:\/\/www.visit-ulcinj.com\/blog\/wp-content\/uploads\/2010\/06\/Hotel-Otrant-Ulcinj-_na-prodaju-22.000.000.00-CHF.jpg"}],"twitter_misc":{"Written by":"ulqini","Est. reading time":"2 minutes"},"schema":{"@context":"https:\/\/schema.org","@graph":[{"@type":"WebSite","@id":"https:\/\/www.visit-ulcinj.com\/blog\/#website","url":"https:\/\/www.visit-ulcinj.com\/blog\/","name":"Lajme nga Ulqini","description":"Lajme,Vijesti,Ulqini,Ulqin,Crna Gora,Mali i Zi","potentialAction":[{"@type":"SearchAction","target":{"@type":"EntryPoint","urlTemplate":"https:\/\/www.visit-ulcinj.com\/blog\/?s={search_term_string}"},"query-input":"required name=search_term_string"}],"inLanguage":"en-US"},{"@type":"ImageObject","inLanguage":"en-US","@id":"https:\/\/www.visit-ulcinj.com\/blog\/2010\/06\/06\/nenezic-%e2%80%9eotrant%e2%80%9d-mora-biti-otvoren\/#primaryimage","url":"https:\/\/www.visit-ulcinj.com\/blog\/wp-content\/uploads\/2010\/06\/Hotel-Otrant-Ulcinj-_na-prodaju-22.000.000.00-CHF.jpg","contentUrl":"https:\/\/www.visit-ulcinj.com\/blog\/wp-content\/uploads\/2010\/06\/Hotel-Otrant-Ulcinj-_na-prodaju-22.000.000.00-CHF.jpg","width":"953","height":"561"},{"@type":"WebPage","@id":"https:\/\/www.visit-ulcinj.com\/blog\/2010\/06\/06\/nenezic-%e2%80%9eotrant%e2%80%9d-mora-biti-otvoren\/#webpage","url":"https:\/\/www.visit-ulcinj.com\/blog\/2010\/06\/06\/nenezic-%e2%80%9eotrant%e2%80%9d-mora-biti-otvoren\/","name":"Nenezi?: \u201eOtrant\u201d mora biti otvoren - Lajme nga Ulqini","isPartOf":{"@id":"https:\/\/www.visit-ulcinj.com\/blog\/#website"},"primaryImageOfPage":{"@id":"https:\/\/www.visit-ulcinj.com\/blog\/2010\/06\/06\/nenezic-%e2%80%9eotrant%e2%80%9d-mora-biti-otvoren\/#primaryimage"},"datePublished":"2010-06-06T19:05:46+00:00","dateModified":"2010-06-06T20:51:07+00:00","author":{"@id":"https:\/\/www.visit-ulcinj.com\/blog\/#\/schema\/person\/dcab619c614d3038751c63bc2aadc06d"},"description":"LINK\u00a0 RICARDO.CH Zatvaranje hotela vlasnik obrazlo\u017eio ?injenicom da je ostvario gubitak od pola miliona eura. Akt investitora Ministarstvo turizma","breadcrumb":{"@id":"https:\/\/www.visit-ulcinj.com\/blog\/2010\/06\/06\/nenezic-%e2%80%9eotrant%e2%80%9d-mora-biti-otvoren\/#breadcrumb"},"inLanguage":"en-US","potentialAction":[{"@type":"ReadAction","target":["https:\/\/www.visit-ulcinj.com\/blog\/2010\/06\/06\/nenezic-%e2%80%9eotrant%e2%80%9d-mora-biti-otvoren\/"]}]},{"@type":"BreadcrumbList","@id":"https:\/\/www.visit-ulcinj.com\/blog\/2010\/06\/06\/nenezic-%e2%80%9eotrant%e2%80%9d-mora-biti-otvoren\/#breadcrumb","itemListElement":[{"@type":"ListItem","position":1,"name":"Nenezi?: \u201eOtrant\u201d mora biti otvoren"}]},{"@type":"Person","@id":"https:\/\/www.visit-ulcinj.com\/blog\/#\/schema\/person\/dcab619c614d3038751c63bc2aadc06d","name":"ulqini","sameAs":["http:\/\/www.visit-ulcinj.com"],"url":"https:\/\/www.visit-ulcinj.com\/blog\/author\/admin\/"}]}},"jetpack_featured_media_url":"","jetpack_sharing_enabled":true,"jetpack_shortlink":"https:\/\/wp.me\/pe6lTn-8VC","_links":{"self":[{"href":"https:\/\/www.visit-ulcinj.com\/blog\/wp-json\/wp\/v2\/posts\/34324"}],"collection":[{"href":"https:\/\/www.visit-ulcinj.com\/blog\/wp-json\/wp\/v2\/posts"}],"about":[{"href":"https:\/\/www.visit-ulcinj.com\/blog\/wp-json\/wp\/v2\/types\/post"}],"author":[{"embeddable":true,"href":"https:\/\/www.visit-ulcinj.com\/blog\/wp-json\/wp\/v2\/users\/1"}],"replies":[{"embeddable":true,"href":"https:\/\/www.visit-ulcinj.com\/blog\/wp-json\/wp\/v2\/comments?post=34324"}],"version-history":[{"count":0,"href":"https:\/\/www.visit-ulcinj.com\/blog\/wp-json\/wp\/v2\/posts\/34324\/revisions"}],"wp:attachment":[{"href":"https:\/\/www.visit-ulcinj.com\/blog\/wp-json\/wp\/v2\/media?parent=34324"}],"wp:term":[{"taxonomy":"category","embeddable":true,"href":"https:\/\/www.visit-ulcinj.com\/blog\/wp-json\/wp\/v2\/categories?post=34324"},{"taxonomy":"post_tag","embeddable":true,"href":"https:\/\/www.visit-ulcinj.com\/blog\/wp-json\/wp\/v2\/tags?post=34324"}],"curies":[{"name":"wp","href":"https:\/\/api.w.org\/{rel}","templated":true}]}}