{"id":34358,"date":"2010-06-07T11:51:56","date_gmt":"2010-06-07T09:51:56","guid":{"rendered":"http:\/\/www.visit-ulcinj.com\/blog\/?p=34358"},"modified":"2010-06-07T11:55:32","modified_gmt":"2010-06-07T09:55:32","slug":"zajmina-vasjari-ju-rrefej-problemin-tim","status":"publish","type":"post","link":"https:\/\/www.visit-ulcinj.com\/blog\/2010\/06\/07\/zajmina-vasjari-ju-rrefej-problemin-tim\/","title":{"rendered":"Zajmina Vasjari:  Ju rr\u00ebfej problemin tim&#8230;"},"content":{"rendered":"<p><strong><a href=\"http:\/\/www.visit-ulcinj.com\/blog\/wp-content\/uploads\/2010\/06\/Zajmina-Vasjari.jpg\"><img loading=\"lazy\" class=\"alignleft size-full wp-image-34359\" title=\"Zajmina Vasjari\" src=\"http:\/\/www.visit-ulcinj.com\/blog\/wp-content\/uploads\/2010\/06\/Zajmina-Vasjari.jpg\" alt=\"Zajmina Vasjari\" width=\"369\" height=\"491\" \/><\/a>Deri tani jo.N\u00ebse ju kan\u00eb th\u00ebn\u00eb se bukuria dhe zgjuarsia nuk q\u00ebndrojn\u00eb dot t\u00eb shkrira tek nj\u00eb person i vet\u00ebm, ju kan\u00eb g\u00ebnjyer. Ajo ka p\u00ebrfunduar me mesatare 9.9 gjimnazin \u201cPetro Nini Luarasi\u201d, ka ndjekur nj\u00eb shkoll\u00eb p\u00ebr dizajn dhe tani i \u00ebsht\u00eb p\u00ebrkushtuar t\u00ebr\u00ebsisht pasionit t\u00eb saj t\u00eb hersh\u00ebm, arkitektur\u00ebs. Aktualisht \u00ebsht\u00eb n\u00eb nj\u00eb periudh\u00eb sezoni, por rezultatet paraardh\u00ebse kan\u00eb qen\u00eb shokuese, t\u00eb paimagjinueshme. Asnj\u00ebri nuk e mendon dot vajz\u00ebn e bukur, seksi dhe t\u00eb suksesshme n\u00eb muzik\u00eb, si nj\u00eb nx\u00ebn\u00ebse t\u00eb 10-\u00ebs&#8230;E till\u00eb \u00ebsht\u00eb k\u00ebng\u00ebtarja Zajmina Vasjari, e cila ka befasuar s\u00ebrish gjith\u00eb publikun shqiptar me klipin e ri, k\u00ebng\u00ebn dhe look-un tashm\u00eb t\u00eb ndryshuar.<\/strong><br \/>\nN\u00ebn tingujt e Elgit Dod\u00ebs dhe vargjet e Big Bast\u00ebs, Zaji solli k\u00ebt\u00eb her\u00eb k\u00ebng\u00ebn q\u00eb do t\u00eb p\u00ebrb\u00ebj\u00eb pa diskutim nj\u00eb nga hitet e k\u00ebsaj vere, \u201cProblemin\u201d&#8230; Pas nj\u00eb mungese t\u00eb gjat\u00eb n\u00eb mediat roz\u00eb, Zajmina rr\u00ebfen sot p\u00ebrmes k\u00ebsaj interviste problemin e saj t\u00eb v\u00ebrtet\u00eb&#8230; Ndon\u00ebse p\u00ebr disa mund t\u00eb ting\u00eblloj\u00eb \u00e7uditsh\u00ebm, problemin Zaji e ka pik\u00ebrisht me gazetar\u00ebt, me ata q\u00eb shpifin pa kriter historira dhe ngjarje n\u00eb lidhje me t\u00eb. Ndon\u00ebse jo n\u00eb dijenin\u00eb e saj, shum\u00eb gazetar\u00eb kan\u00eb p\u00ebrfituar nga sinqeriteti dhe \u00e7ilt\u00ebrsia e k\u00ebng\u00ebtares. \u201cNuk dua t\u00eb shpifin m\u00eb p\u00ebr mua, jam lodhur tani\u201d, &#8211; tregon bukuroshja Vasjari. Por \u00e7far\u00eb na rr\u00ebfen tjet\u00ebr ajo, zbulojeni n\u00eb vijim t\u00eb intervist\u00ebs&#8230;<br \/>\nS\u00eb pari komplimente p\u00ebr klipin, si lindi ideja p\u00ebr t\u00eb?<\/p>\n<p>\u00cbsht\u00eb nj\u00eb nd\u00ebrthurje e ideve t\u00eb mia dhe t\u00eb stafit t\u00eb \u2018Max Production\u2019. U desh\u00ebn 2 muaj p\u00ebr t\u2019u p\u00ebrgatitur p\u00ebr k\u00ebt\u00eb klip dhe sinqerisht q\u00eb nuk m\u00eb besohet ende q\u00eb \u00e7do gj\u00eb ka mbaruar tani.<br \/>\n<strong><br \/>\nMe k\u00eb bashk\u00ebpunove p\u00ebr realizimin e k\u00ebtij klipi?<\/strong><\/p>\n<p>Sigurisht q\u00eb me \u2018Max Production\u2019, q\u00eb \u00ebsht\u00eb edhe producenti im q\u00eb nga dhjetori. I falenderoj nga zemra sepse kan\u00eb qen\u00eb nj\u00eb mb\u00ebshtetje maksimale p\u00ebr mua.<br \/>\n<strong><br \/>\nPo autori i k\u00ebng\u00ebs?<\/strong><\/p>\n<p>K\u00ebnga \u00ebsht\u00eb nj\u00eb krijim i Elgit Dod\u00ebs, i cili po merret me t\u00eb gjitha materialet e albumit tim t\u00eb ri, me t\u00eb cilat jam dashuruar krejt\u00ebsisht dhe besoj q\u00eb edhe publiku do t\u2019i pres\u00eb nj\u00ebsoj si un\u00eb.<\/p>\n<p><strong>Cila \u00ebsht\u00eb fabula e k\u00ebng\u00ebs?<br \/>\n<\/strong><br \/>\nK\u00ebnga flet p\u00ebr nj\u00eb dashuri q\u00eb ka p\u00ebrfunduar tashm\u00eb p\u00ebr mua, nd\u00ebrkoh\u00eb djali vazhdon t\u00eb m\u00eb vij\u00eb nga pas, prandaj dhe kjo ndjekje e tij trajtohet si problem n\u00eb k\u00ebng\u00eb. Ai e ka problem q\u00eb un\u00eb nuk e dua m\u00eb&#8230;<\/p>\n<p><strong>Pse ky titull?<\/strong><\/p>\n<p>Mendoj q\u00eb \u00ebsht\u00eb nj\u00eb titull q\u00eb t\u00eb ngacmon, megjith\u00ebse nuk jam un\u00eb autorja e tekstit, por Big Basta.<\/p>\n<p><strong>A ka realisht Zajmina ndonj\u00eb problem?<\/strong><\/p>\n<p>Jo, nuk kam asnj\u00eb problem serioz, m\u00ebrzitem ndonj\u00ebher\u00eb nga gazetar\u00ebt q\u00eb shpifin pa kriter histori p\u00ebr mua.<\/p>\n<p><strong>Eraldo Rexho<br \/>\n<br \/>\n<!--YouTube Error: bad URL entered--><\/strong><\/p>\n","protected":false},"excerpt":{"rendered":"<p>Deri tani jo.N\u00ebse ju kan\u00eb th\u00ebn\u00eb se bukuria dhe zgjuarsia nuk q\u00ebndrojn\u00eb dot t\u00eb shkrira tek nj\u00eb person i vet\u00ebm, ju kan\u00eb g\u00ebnjyer. Ajo ka p\u00ebrfunduar me mesatare 9.9 gjimnazin \u201cPetro Nini Luarasi\u201d, ka ndjekur nj\u00eb shkoll\u00eb p\u00ebr dizajn dhe tani i \u00ebsht\u00eb p\u00ebrkushtuar t\u00ebr\u00ebsisht pasionit t\u00eb saj t\u00eb hersh\u00ebm, arkitektur\u00ebs. Aktualisht \u00ebsht\u00eb n\u00eb nj\u00eb [&hellip;]<\/p>\n","protected":false},"author":1,"featured_media":0,"comment_status":"open","ping_status":"closed","sticky":false,"template":"","format":"standard","meta":{"spay_email":"","jetpack_publicize_message":"","jetpack_is_tweetstorm":false,"jetpack_publicize_feature_enabled":true},"categories":[1],"tags":[4950],"jetpack_publicize_connections":[],"yoast_head":"<!-- This site is optimized with the Yoast SEO plugin v19.1 - https:\/\/yoast.com\/wordpress\/plugins\/seo\/ -->\n<title>Zajmina Vasjari: Ju rr\u00ebfej problemin tim... - Lajme nga Ulqini<\/title>\n<meta name=\"description\" content=\"Deri tani jo.N\u00ebse ju kan\u00eb th\u00ebn\u00eb se bukuria dhe zgjuarsia nuk q\u00ebndrojn\u00eb dot t\u00eb shkrira tek nj\u00eb person i vet\u00ebm, ju kan\u00eb g\u00ebnjyer. Ajo ka p\u00ebrfunduar me\" \/>\n<meta name=\"robots\" content=\"index, follow, max-snippet:-1, max-image-preview:large, max-video-preview:-1\" \/>\n<link rel=\"canonical\" href=\"https:\/\/www.visit-ulcinj.com\/blog\/2010\/06\/07\/zajmina-vasjari-ju-rrefej-problemin-tim\/\" \/>\n<meta property=\"og:locale\" content=\"en_US\" \/>\n<meta property=\"og:type\" content=\"article\" \/>\n<meta property=\"og:title\" content=\"Zajmina Vasjari: Ju rr\u00ebfej problemin tim... - Lajme nga Ulqini\" \/>\n<meta property=\"og:description\" content=\"Deri tani jo.N\u00ebse ju kan\u00eb th\u00ebn\u00eb se bukuria dhe zgjuarsia nuk q\u00ebndrojn\u00eb dot t\u00eb shkrira tek nj\u00eb person i vet\u00ebm, ju kan\u00eb g\u00ebnjyer. Ajo ka p\u00ebrfunduar me\" \/>\n<meta property=\"og:url\" content=\"https:\/\/www.visit-ulcinj.com\/blog\/2010\/06\/07\/zajmina-vasjari-ju-rrefej-problemin-tim\/\" \/>\n<meta property=\"og:site_name\" content=\"Lajme nga Ulqini\" \/>\n<meta property=\"article:published_time\" content=\"2010-06-07T09:51:56+00:00\" \/>\n<meta property=\"article:modified_time\" content=\"2010-06-07T09:55:32+00:00\" \/>\n<meta property=\"og:image\" content=\"https:\/\/www.visit-ulcinj.com\/blog\/wp-content\/uploads\/2010\/06\/Zajmina-Vasjari-150x150.jpg\" \/>\n<meta name=\"twitter:label1\" content=\"Written by\" \/>\n\t<meta name=\"twitter:data1\" content=\"ulqini\" \/>\n\t<meta name=\"twitter:label2\" content=\"Est. reading time\" \/>\n\t<meta name=\"twitter:data2\" content=\"3 minutes\" \/>\n<script type=\"application\/ld+json\" class=\"yoast-schema-graph\">{\"@context\":\"https:\/\/schema.org\",\"@graph\":[{\"@type\":\"WebSite\",\"@id\":\"https:\/\/www.visit-ulcinj.com\/blog\/#website\",\"url\":\"https:\/\/www.visit-ulcinj.com\/blog\/\",\"name\":\"Lajme nga Ulqini\",\"description\":\"Lajme,Vijesti,Ulqini,Ulqin,Crna Gora,Mali i Zi\",\"potentialAction\":[{\"@type\":\"SearchAction\",\"target\":{\"@type\":\"EntryPoint\",\"urlTemplate\":\"https:\/\/www.visit-ulcinj.com\/blog\/?s={search_term_string}\"},\"query-input\":\"required name=search_term_string\"}],\"inLanguage\":\"en-US\"},{\"@type\":\"ImageObject\",\"inLanguage\":\"en-US\",\"@id\":\"https:\/\/www.visit-ulcinj.com\/blog\/2010\/06\/07\/zajmina-vasjari-ju-rrefej-problemin-tim\/#primaryimage\",\"url\":\"http:\/\/www.visit-ulcinj.com\/blog\/wp-content\/uploads\/2010\/06\/Zajmina-Vasjari.jpg\",\"contentUrl\":\"http:\/\/www.visit-ulcinj.com\/blog\/wp-content\/uploads\/2010\/06\/Zajmina-Vasjari.jpg\"},{\"@type\":\"WebPage\",\"@id\":\"https:\/\/www.visit-ulcinj.com\/blog\/2010\/06\/07\/zajmina-vasjari-ju-rrefej-problemin-tim\/#webpage\",\"url\":\"https:\/\/www.visit-ulcinj.com\/blog\/2010\/06\/07\/zajmina-vasjari-ju-rrefej-problemin-tim\/\",\"name\":\"Zajmina Vasjari: Ju rr\u00ebfej problemin tim... - Lajme nga Ulqini\",\"isPartOf\":{\"@id\":\"https:\/\/www.visit-ulcinj.com\/blog\/#website\"},\"primaryImageOfPage\":{\"@id\":\"https:\/\/www.visit-ulcinj.com\/blog\/2010\/06\/07\/zajmina-vasjari-ju-rrefej-problemin-tim\/#primaryimage\"},\"datePublished\":\"2010-06-07T09:51:56+00:00\",\"dateModified\":\"2010-06-07T09:55:32+00:00\",\"author\":{\"@id\":\"https:\/\/www.visit-ulcinj.com\/blog\/#\/schema\/person\/dcab619c614d3038751c63bc2aadc06d\"},\"description\":\"Deri tani jo.N\u00ebse ju kan\u00eb th\u00ebn\u00eb se bukuria dhe zgjuarsia nuk q\u00ebndrojn\u00eb dot t\u00eb shkrira tek nj\u00eb person i vet\u00ebm, ju kan\u00eb g\u00ebnjyer. Ajo ka p\u00ebrfunduar me\",\"breadcrumb\":{\"@id\":\"https:\/\/www.visit-ulcinj.com\/blog\/2010\/06\/07\/zajmina-vasjari-ju-rrefej-problemin-tim\/#breadcrumb\"},\"inLanguage\":\"en-US\",\"potentialAction\":[{\"@type\":\"ReadAction\",\"target\":[\"https:\/\/www.visit-ulcinj.com\/blog\/2010\/06\/07\/zajmina-vasjari-ju-rrefej-problemin-tim\/\"]}]},{\"@type\":\"BreadcrumbList\",\"@id\":\"https:\/\/www.visit-ulcinj.com\/blog\/2010\/06\/07\/zajmina-vasjari-ju-rrefej-problemin-tim\/#breadcrumb\",\"itemListElement\":[{\"@type\":\"ListItem\",\"position\":1,\"name\":\"Zajmina Vasjari: Ju rr\u00ebfej problemin tim&#8230;\"}]},{\"@type\":\"Person\",\"@id\":\"https:\/\/www.visit-ulcinj.com\/blog\/#\/schema\/person\/dcab619c614d3038751c63bc2aadc06d\",\"name\":\"ulqini\",\"sameAs\":[\"http:\/\/www.visit-ulcinj.com\"],\"url\":\"https:\/\/www.visit-ulcinj.com\/blog\/author\/admin\/\"}]}<\/script>\n<!-- \/ Yoast SEO plugin. -->","yoast_head_json":{"title":"Zajmina Vasjari: Ju rr\u00ebfej problemin tim... - Lajme nga Ulqini","description":"Deri tani jo.N\u00ebse ju kan\u00eb th\u00ebn\u00eb se bukuria dhe zgjuarsia nuk q\u00ebndrojn\u00eb dot t\u00eb shkrira tek nj\u00eb person i vet\u00ebm, ju kan\u00eb g\u00ebnjyer. Ajo ka p\u00ebrfunduar me","robots":{"index":"index","follow":"follow","max-snippet":"max-snippet:-1","max-image-preview":"max-image-preview:large","max-video-preview":"max-video-preview:-1"},"canonical":"https:\/\/www.visit-ulcinj.com\/blog\/2010\/06\/07\/zajmina-vasjari-ju-rrefej-problemin-tim\/","og_locale":"en_US","og_type":"article","og_title":"Zajmina Vasjari: Ju rr\u00ebfej problemin tim... - Lajme nga Ulqini","og_description":"Deri tani jo.N\u00ebse ju kan\u00eb th\u00ebn\u00eb se bukuria dhe zgjuarsia nuk q\u00ebndrojn\u00eb dot t\u00eb shkrira tek nj\u00eb person i vet\u00ebm, ju kan\u00eb g\u00ebnjyer. Ajo ka p\u00ebrfunduar me","og_url":"https:\/\/www.visit-ulcinj.com\/blog\/2010\/06\/07\/zajmina-vasjari-ju-rrefej-problemin-tim\/","og_site_name":"Lajme nga Ulqini","article_published_time":"2010-06-07T09:51:56+00:00","article_modified_time":"2010-06-07T09:55:32+00:00","og_image":[{"url":"https:\/\/www.visit-ulcinj.com\/blog\/wp-content\/uploads\/2010\/06\/Zajmina-Vasjari-150x150.jpg"}],"twitter_misc":{"Written by":"ulqini","Est. reading time":"3 minutes"},"schema":{"@context":"https:\/\/schema.org","@graph":[{"@type":"WebSite","@id":"https:\/\/www.visit-ulcinj.com\/blog\/#website","url":"https:\/\/www.visit-ulcinj.com\/blog\/","name":"Lajme nga Ulqini","description":"Lajme,Vijesti,Ulqini,Ulqin,Crna Gora,Mali i Zi","potentialAction":[{"@type":"SearchAction","target":{"@type":"EntryPoint","urlTemplate":"https:\/\/www.visit-ulcinj.com\/blog\/?s={search_term_string}"},"query-input":"required name=search_term_string"}],"inLanguage":"en-US"},{"@type":"ImageObject","inLanguage":"en-US","@id":"https:\/\/www.visit-ulcinj.com\/blog\/2010\/06\/07\/zajmina-vasjari-ju-rrefej-problemin-tim\/#primaryimage","url":"http:\/\/www.visit-ulcinj.com\/blog\/wp-content\/uploads\/2010\/06\/Zajmina-Vasjari.jpg","contentUrl":"http:\/\/www.visit-ulcinj.com\/blog\/wp-content\/uploads\/2010\/06\/Zajmina-Vasjari.jpg"},{"@type":"WebPage","@id":"https:\/\/www.visit-ulcinj.com\/blog\/2010\/06\/07\/zajmina-vasjari-ju-rrefej-problemin-tim\/#webpage","url":"https:\/\/www.visit-ulcinj.com\/blog\/2010\/06\/07\/zajmina-vasjari-ju-rrefej-problemin-tim\/","name":"Zajmina Vasjari: Ju rr\u00ebfej problemin tim... - Lajme nga Ulqini","isPartOf":{"@id":"https:\/\/www.visit-ulcinj.com\/blog\/#website"},"primaryImageOfPage":{"@id":"https:\/\/www.visit-ulcinj.com\/blog\/2010\/06\/07\/zajmina-vasjari-ju-rrefej-problemin-tim\/#primaryimage"},"datePublished":"2010-06-07T09:51:56+00:00","dateModified":"2010-06-07T09:55:32+00:00","author":{"@id":"https:\/\/www.visit-ulcinj.com\/blog\/#\/schema\/person\/dcab619c614d3038751c63bc2aadc06d"},"description":"Deri tani jo.N\u00ebse ju kan\u00eb th\u00ebn\u00eb se bukuria dhe zgjuarsia nuk q\u00ebndrojn\u00eb dot t\u00eb shkrira tek nj\u00eb person i vet\u00ebm, ju kan\u00eb g\u00ebnjyer. Ajo ka p\u00ebrfunduar me","breadcrumb":{"@id":"https:\/\/www.visit-ulcinj.com\/blog\/2010\/06\/07\/zajmina-vasjari-ju-rrefej-problemin-tim\/#breadcrumb"},"inLanguage":"en-US","potentialAction":[{"@type":"ReadAction","target":["https:\/\/www.visit-ulcinj.com\/blog\/2010\/06\/07\/zajmina-vasjari-ju-rrefej-problemin-tim\/"]}]},{"@type":"BreadcrumbList","@id":"https:\/\/www.visit-ulcinj.com\/blog\/2010\/06\/07\/zajmina-vasjari-ju-rrefej-problemin-tim\/#breadcrumb","itemListElement":[{"@type":"ListItem","position":1,"name":"Zajmina Vasjari: Ju rr\u00ebfej problemin tim&#8230;"}]},{"@type":"Person","@id":"https:\/\/www.visit-ulcinj.com\/blog\/#\/schema\/person\/dcab619c614d3038751c63bc2aadc06d","name":"ulqini","sameAs":["http:\/\/www.visit-ulcinj.com"],"url":"https:\/\/www.visit-ulcinj.com\/blog\/author\/admin\/"}]}},"jetpack_featured_media_url":"","jetpack_sharing_enabled":true,"jetpack_shortlink":"https:\/\/wp.me\/pe6lTn-8Wa","_links":{"self":[{"href":"https:\/\/www.visit-ulcinj.com\/blog\/wp-json\/wp\/v2\/posts\/34358"}],"collection":[{"href":"https:\/\/www.visit-ulcinj.com\/blog\/wp-json\/wp\/v2\/posts"}],"about":[{"href":"https:\/\/www.visit-ulcinj.com\/blog\/wp-json\/wp\/v2\/types\/post"}],"author":[{"embeddable":true,"href":"https:\/\/www.visit-ulcinj.com\/blog\/wp-json\/wp\/v2\/users\/1"}],"replies":[{"embeddable":true,"href":"https:\/\/www.visit-ulcinj.com\/blog\/wp-json\/wp\/v2\/comments?post=34358"}],"version-history":[{"count":0,"href":"https:\/\/www.visit-ulcinj.com\/blog\/wp-json\/wp\/v2\/posts\/34358\/revisions"}],"wp:attachment":[{"href":"https:\/\/www.visit-ulcinj.com\/blog\/wp-json\/wp\/v2\/media?parent=34358"}],"wp:term":[{"taxonomy":"category","embeddable":true,"href":"https:\/\/www.visit-ulcinj.com\/blog\/wp-json\/wp\/v2\/categories?post=34358"},{"taxonomy":"post_tag","embeddable":true,"href":"https:\/\/www.visit-ulcinj.com\/blog\/wp-json\/wp\/v2\/tags?post=34358"}],"curies":[{"name":"wp","href":"https:\/\/api.w.org\/{rel}","templated":true}]}}