{"id":3437,"date":"2008-09-18T13:32:16","date_gmt":"2008-09-18T18:32:16","guid":{"rendered":"http:\/\/www.visit-ulcinj.com\/blog\/?p=3437"},"modified":"2008-10-17T14:36:24","modified_gmt":"2008-10-17T19:36:24","slug":"prelja-skrelja-novi-predsjednika-kluba-kk-ulcinj","status":"publish","type":"post","link":"https:\/\/www.visit-ulcinj.com\/blog\/2008\/09\/18\/prelja-skrelja-novi-predsjednika-kluba-kk-ulcinj\/","title":{"rendered":"Prelja \u0160krelja novi predsjednika kluba KK Ulcinj"},"content":{"rendered":"<p><a href=\"http:\/\/www.visit-ulcinj.com\/blog\/wp-content\/uploads\/2008\/08\/prelja-skrelja.jpg\"><img loading=\"lazy\" class=\"alignleft size-medium wp-image-2541\" title=\"prelja-skrelja\" src=\"http:\/\/www.visit-ulcinj.com\/blog\/wp-content\/uploads\/2008\/08\/prelja-skrelja-300x254.jpg\" alt=\"\" width=\"300\" height=\"254\" srcset=\"https:\/\/www.visit-ulcinj.com\/blog\/wp-content\/uploads\/2008\/08\/prelja-skrelja-300x254.jpg 300w, https:\/\/www.visit-ulcinj.com\/blog\/wp-content\/uploads\/2008\/08\/prelja-skrelja.jpg 416w\" sizes=\"(max-width: 300px) 100vw, 300px\" \/><\/a>Kao da nema kraja ostavkama u Ko\u0161arka\u0161kom klubu Ulcinj. Nakon tim-menad\u017eera Pavla Pep?onovi?a, sportskog direktora Mi\u0161a Cau\u0161evi?a i \u0161efa Stru?nog \u0161taba Ranka ?arapi?a ostavku na funkciju predsjednika kluba ju?e je na konferenciji za novinare podnio i Ljoro Nereki?. Me?utim, iako se nalazi u te\u0161koj, ne samo finansijskoj situaciji prvoliga\u0161 iz Ulcinja ?e se ipak i ove sezone takmi?iti u Oportjunity ligi.<br \/>\n&#8211; Ulje na vatru te\u0161ke situacije KK Ulcinj doliveno je podno\u0161enjem ostavke Ljora Nereki?a, poznatog ulcinjskog privrednika i ?elnog ?ovjeka na\u0161eg kluba. Podsjeti?emo javnost da smo za vrijeme njegovog anga\u017emana postigli najbolje rezultate, dobiv\u0161i kao plod dobrog rada i organizaciju prvog ko\u0161arka\u0161kog kupa Crne Gore. Svojim radom, i radom svojih saradnika u?inio je Nereki? da ovaj klub bude pravi reprezent ulcinjskih sportskih i svih drugih vrijednosti. I pored svih pote\u0161ko?a na\u0161 klub nastavi?e sa daljim aktivnostima i takmi?enjima i u tom cilju za vd predsjednika kluba postavljen je poznati turisti?ki i privredni radnik Prelja \u0160krelja, stoji izme?u ostalog u saop\u0161tenju KK Ulcinj.<br \/>\n<strong>Izvor \/ Dan<\/strong><\/p>\n<p style=\"text-align: center;\"><a href=\"http:\/\/i37.tinypic.com\/whlmo4.gif\"><img loading=\"lazy\" class=\"aligncenter\" src=\"http:\/\/i37.tinypic.com\/whlmo4.gif\" alt=\"MALI I ZI,CRNA GORA,??????????,???????,??????????, ?ern\u00e1 Hora,TO ULCINJ \/ ULQIN,MONTENEGRO,Apatin,  Aran?elovac,  ?uprija,  ?a?ak,  ?apljina,  ?itluk,  \u0160abac,  \u0160ipovo,  \u0160iroki Brijeg,  \u017dep?e,  \u017divinice,  Ba?ka Palanka,  Banja Luka,  Banovi?i,  Be?ej,  beograd,  Biha?,  Bijeljina,  Bor,  Bor?a,  Bosanska Gradi\u0161ka,  Bosanska Krupa,  Bosanski \u0160amac,  Bosanski Brod,  Bosanski Novi,  Br?ko,  Bu\u017eim,  Bugojno,  Cazin,  Crna Gora,  Derventa,  Doboj,  Donji Vakuf,  Drvar,  Dubrovnik,  Fo?a,  Fojnica,  Glamo?,  Gora\u017ede,  Gornji Milanovac,  Gornji Vakuf,  gostivar,  Gra?anica,  Grada?ac,  Gradiska,  Grahovo,  Had\u017ei?i,  Ilid\u017ea,  In?ija,  Jablanica,  Jagodina,  Jajce,  Kakanj,  Kalu?erica,  Kikinda,  Klju?,  Konjic,  Kotor Varo\u0161,  Kragujevac,  Kraljevo,  Kru\u0161evac,  Kula,  Kupres,  Lakta\u0161i,  Lazarevac,  Leskovac,  Livno,  Ljubinje,  ljublana,  Ljubu\u0161ki,  Loznica,  Lukavac,  Maglaj,  Mladenovac,  Modri?a,  montenegro erlajnz,  mostar,  Mrkonji? Grad,  Neum,  Ni\u0161,  Novi Pazar,  Novi Sad,  Novi Travnik,  Obrenovac,  Od\u017eak,  ohrid,  Ora\u0161je,  Pale,  Pan?evo,  Para?in,  Pirot,  Po\u017earevac,  Podgorica,  Priboj,  Prijedor,  Prokuplje,  Prozor,  pula,  rijeka,  Ruma,  Sanski Most,  Sarajevo,  Senta,  serbija,  sibenik,  skopje,  Smederevo,  Smederevska Palanka,  Sokolac,  Sombor,  split,  Srebrenica,  Srebrenik,  Sremska Mitrovica,  Stolac,  Struga,  Subotica,  Temerin,  Tesli?,  tetovo,  Travnik,  Trebinje,  tuzla,  U\u017eice,  ulcinj,  Valjevo,  Velika Kladu\u0161a,  Vi\u0161egrad,  Visoko,  Vitez,  Vogo\u0161?a,  vojvodina,  Vranje,  Vr\u0161ac,  Vrbas,  zadar,  Zagreb,  Zaje?ar,  Zavidovi?i,  Zenica,  Zrenjanin,  Zvornik,copacabana ulcinj,  h\u00f4tels,  hotel ulqin,  Kosova,  Mali i Zi,  Maqedonija,  Montenegro,  montenegro tourisme plage,  montenegro ulcinj,  Shpallje Falas,  Shpallje Falas per shitjen e shtepis se juaj,  Shpallje Falas per villat e juaj,  Shpallje Falas Real Estate,  Shpallje Falas turistike,  shqiperija,  tourisme,  Ulci?,  ulcinj,  ulqin,  ulqin hotel,  ulqini,  ulqini 2007,Ada Bojana,  Alba?czyk,  Cita di Dolcino,  Copacabana,  Czarnog\u00f3ra,  Czarnog\u00f3rzec,  Don Kichota,  Ma?a Pla?a,  Mandra,  MIGUEL DE SERVANTES,  p\u00f3?wyspy Marjan,  Pla?a Valdanos,  Rzeka Bojana,  Shas \/ \u0160as \/ Sva?,  Ulci?,  Ulcinjsk? Riwier?,  Wielka Pla?a,  Wyspa Bojana,GORA,??????????,???????,??????????, ?ern\u00e1 Hora,TO ULCINJ \/ ULQIN,MONTENEGRO, Czarnog\u00f3ra,novi pazar,tutin,Besplatni internet oglasi,Besplatni oglasi,besplatni mali oglasi,besplatni turisti?ki oglasi,oglasi, usluge, turizam,Turisti?ke usluge,Doma?i turizam,Besplatni Oglasnik,Brzi Oglasi Besplatno,Besplatno OglasavanjeTurizam,besplatni oglasi sa slikom,Turisticki informator besplatni,li?ni-oglasi,BESPLATNI Turisticki OGLASI SA SLIKAMA,BESPLATNI Turisticki Oglasi saVideom,turisticki smestaj oglasi,Turisti?ki vodi? balkana,BESPLATNA REZERVACIJA SMESTAJA,Postavite besplatno Vas oglas,FREE TOURIST GUIDES,Izdavanje-Turizam oglasi,Balkan Turisticki vodic,shpallje turistike falas,Shpallje Falas,Shpallje falas per Komplekse Turistike,Lajmerime,Njoftime,shpallje shqip per shqiptaret ne shqiperi kosova maqedoni,mal te zi, Muntenegru, ????? ????, Montenegr\u00f3, Czarnog\u00f3ra, Muntenegru, ????? ????, Montenegr\u00f3,Adelina \" width=\"400\" height=\"200\" \/><\/a><\/p>\n","protected":false},"excerpt":{"rendered":"<p>Kao da nema kraja ostavkama u Ko\u0161arka\u0161kom klubu Ulcinj. Nakon tim-menad\u017eera Pavla Pep?onovi?a, sportskog direktora Mi\u0161a Cau\u0161evi?a i \u0161efa Stru?nog \u0161taba Ranka ?arapi?a ostavku na funkciju predsjednika kluba ju?e je na konferenciji za novinare podnio i Ljoro Nereki?. Me?utim, iako se nalazi u te\u0161koj, ne samo finansijskoj situaciji prvoliga\u0161 iz Ulcinja ?e se ipak i [&hellip;]<\/p>\n","protected":false},"author":1,"featured_media":0,"comment_status":"open","ping_status":"closed","sticky":false,"template":"","format":"standard","meta":{"spay_email":"","jetpack_publicize_message":"","jetpack_is_tweetstorm":false,"jetpack_publicize_feature_enabled":true},"categories":[12,3],"tags":[4572],"jetpack_publicize_connections":[],"yoast_head":"<!-- This site is optimized with the Yoast SEO plugin v19.1 - https:\/\/yoast.com\/wordpress\/plugins\/seo\/ -->\n<title>Prelja \u0160krelja novi predsjednika kluba KK Ulcinj - Lajme nga Ulqini<\/title>\n<meta name=\"description\" content=\"Kao da nema kraja ostavkama u Ko\u0161arka\u0161kom klubu Ulcinj. Nakon tim-menad\u017eera Pavla Pep?onovi?a, sportskog direktora Mi\u0161a Cau\u0161evi?a i \u0161efa Stru?nog \u0161taba\" \/>\n<meta name=\"robots\" content=\"index, follow, max-snippet:-1, max-image-preview:large, max-video-preview:-1\" \/>\n<link rel=\"canonical\" href=\"https:\/\/www.visit-ulcinj.com\/blog\/2008\/09\/18\/prelja-skrelja-novi-predsjednika-kluba-kk-ulcinj\/\" \/>\n<meta property=\"og:locale\" content=\"en_US\" \/>\n<meta property=\"og:type\" content=\"article\" \/>\n<meta property=\"og:title\" content=\"Prelja \u0160krelja novi predsjednika kluba KK Ulcinj - Lajme nga Ulqini\" \/>\n<meta property=\"og:description\" content=\"Kao da nema kraja ostavkama u Ko\u0161arka\u0161kom klubu Ulcinj. Nakon tim-menad\u017eera Pavla Pep?onovi?a, sportskog direktora Mi\u0161a Cau\u0161evi?a i \u0161efa Stru?nog \u0161taba\" \/>\n<meta property=\"og:url\" content=\"https:\/\/www.visit-ulcinj.com\/blog\/2008\/09\/18\/prelja-skrelja-novi-predsjednika-kluba-kk-ulcinj\/\" \/>\n<meta property=\"og:site_name\" content=\"Lajme nga Ulqini\" \/>\n<meta property=\"article:published_time\" content=\"2008-09-18T18:32:16+00:00\" \/>\n<meta property=\"article:modified_time\" content=\"2008-10-17T19:36:24+00:00\" \/>\n<meta property=\"og:image\" content=\"http:\/\/www.visit-ulcinj.com\/blog\/wp-content\/uploads\/2008\/08\/prelja-skrelja-300x254.jpg\" \/>\n<meta name=\"twitter:label1\" content=\"Written by\" \/>\n\t<meta name=\"twitter:data1\" content=\"ulqini\" \/>\n\t<meta name=\"twitter:label2\" content=\"Est. reading time\" \/>\n\t<meta name=\"twitter:data2\" content=\"1 minute\" \/>\n<script type=\"application\/ld+json\" class=\"yoast-schema-graph\">{\"@context\":\"https:\/\/schema.org\",\"@graph\":[{\"@type\":\"WebSite\",\"@id\":\"https:\/\/www.visit-ulcinj.com\/blog\/#website\",\"url\":\"https:\/\/www.visit-ulcinj.com\/blog\/\",\"name\":\"Lajme nga Ulqini\",\"description\":\"Lajme,Vijesti,Ulqini,Ulqin,Crna Gora,Mali i Zi\",\"potentialAction\":[{\"@type\":\"SearchAction\",\"target\":{\"@type\":\"EntryPoint\",\"urlTemplate\":\"https:\/\/www.visit-ulcinj.com\/blog\/?s={search_term_string}\"},\"query-input\":\"required name=search_term_string\"}],\"inLanguage\":\"en-US\"},{\"@type\":\"ImageObject\",\"inLanguage\":\"en-US\",\"@id\":\"https:\/\/www.visit-ulcinj.com\/blog\/2008\/09\/18\/prelja-skrelja-novi-predsjednika-kluba-kk-ulcinj\/#primaryimage\",\"url\":\"http:\/\/www.visit-ulcinj.com\/blog\/wp-content\/uploads\/2008\/08\/prelja-skrelja-300x254.jpg\",\"contentUrl\":\"http:\/\/www.visit-ulcinj.com\/blog\/wp-content\/uploads\/2008\/08\/prelja-skrelja-300x254.jpg\"},{\"@type\":\"WebPage\",\"@id\":\"https:\/\/www.visit-ulcinj.com\/blog\/2008\/09\/18\/prelja-skrelja-novi-predsjednika-kluba-kk-ulcinj\/#webpage\",\"url\":\"https:\/\/www.visit-ulcinj.com\/blog\/2008\/09\/18\/prelja-skrelja-novi-predsjednika-kluba-kk-ulcinj\/\",\"name\":\"Prelja \u0160krelja novi predsjednika kluba KK Ulcinj - Lajme nga Ulqini\",\"isPartOf\":{\"@id\":\"https:\/\/www.visit-ulcinj.com\/blog\/#website\"},\"primaryImageOfPage\":{\"@id\":\"https:\/\/www.visit-ulcinj.com\/blog\/2008\/09\/18\/prelja-skrelja-novi-predsjednika-kluba-kk-ulcinj\/#primaryimage\"},\"datePublished\":\"2008-09-18T18:32:16+00:00\",\"dateModified\":\"2008-10-17T19:36:24+00:00\",\"author\":{\"@id\":\"https:\/\/www.visit-ulcinj.com\/blog\/#\/schema\/person\/dcab619c614d3038751c63bc2aadc06d\"},\"description\":\"Kao da nema kraja ostavkama u Ko\u0161arka\u0161kom klubu Ulcinj. Nakon tim-menad\u017eera Pavla Pep?onovi?a, sportskog direktora Mi\u0161a Cau\u0161evi?a i \u0161efa Stru?nog \u0161taba\",\"breadcrumb\":{\"@id\":\"https:\/\/www.visit-ulcinj.com\/blog\/2008\/09\/18\/prelja-skrelja-novi-predsjednika-kluba-kk-ulcinj\/#breadcrumb\"},\"inLanguage\":\"en-US\",\"potentialAction\":[{\"@type\":\"ReadAction\",\"target\":[\"https:\/\/www.visit-ulcinj.com\/blog\/2008\/09\/18\/prelja-skrelja-novi-predsjednika-kluba-kk-ulcinj\/\"]}]},{\"@type\":\"BreadcrumbList\",\"@id\":\"https:\/\/www.visit-ulcinj.com\/blog\/2008\/09\/18\/prelja-skrelja-novi-predsjednika-kluba-kk-ulcinj\/#breadcrumb\",\"itemListElement\":[{\"@type\":\"ListItem\",\"position\":1,\"name\":\"Prelja \u0160krelja novi predsjednika kluba KK Ulcinj\"}]},{\"@type\":\"Person\",\"@id\":\"https:\/\/www.visit-ulcinj.com\/blog\/#\/schema\/person\/dcab619c614d3038751c63bc2aadc06d\",\"name\":\"ulqini\",\"sameAs\":[\"http:\/\/www.visit-ulcinj.com\"],\"url\":\"https:\/\/www.visit-ulcinj.com\/blog\/author\/admin\/\"}]}<\/script>\n<!-- \/ Yoast SEO plugin. -->","yoast_head_json":{"title":"Prelja \u0160krelja novi predsjednika kluba KK Ulcinj - Lajme nga Ulqini","description":"Kao da nema kraja ostavkama u Ko\u0161arka\u0161kom klubu Ulcinj. Nakon tim-menad\u017eera Pavla Pep?onovi?a, sportskog direktora Mi\u0161a Cau\u0161evi?a i \u0161efa Stru?nog \u0161taba","robots":{"index":"index","follow":"follow","max-snippet":"max-snippet:-1","max-image-preview":"max-image-preview:large","max-video-preview":"max-video-preview:-1"},"canonical":"https:\/\/www.visit-ulcinj.com\/blog\/2008\/09\/18\/prelja-skrelja-novi-predsjednika-kluba-kk-ulcinj\/","og_locale":"en_US","og_type":"article","og_title":"Prelja \u0160krelja novi predsjednika kluba KK Ulcinj - Lajme nga Ulqini","og_description":"Kao da nema kraja ostavkama u Ko\u0161arka\u0161kom klubu Ulcinj. Nakon tim-menad\u017eera Pavla Pep?onovi?a, sportskog direktora Mi\u0161a Cau\u0161evi?a i \u0161efa Stru?nog \u0161taba","og_url":"https:\/\/www.visit-ulcinj.com\/blog\/2008\/09\/18\/prelja-skrelja-novi-predsjednika-kluba-kk-ulcinj\/","og_site_name":"Lajme nga Ulqini","article_published_time":"2008-09-18T18:32:16+00:00","article_modified_time":"2008-10-17T19:36:24+00:00","og_image":[{"url":"http:\/\/www.visit-ulcinj.com\/blog\/wp-content\/uploads\/2008\/08\/prelja-skrelja-300x254.jpg"}],"twitter_misc":{"Written by":"ulqini","Est. reading time":"1 minute"},"schema":{"@context":"https:\/\/schema.org","@graph":[{"@type":"WebSite","@id":"https:\/\/www.visit-ulcinj.com\/blog\/#website","url":"https:\/\/www.visit-ulcinj.com\/blog\/","name":"Lajme nga Ulqini","description":"Lajme,Vijesti,Ulqini,Ulqin,Crna Gora,Mali i Zi","potentialAction":[{"@type":"SearchAction","target":{"@type":"EntryPoint","urlTemplate":"https:\/\/www.visit-ulcinj.com\/blog\/?s={search_term_string}"},"query-input":"required name=search_term_string"}],"inLanguage":"en-US"},{"@type":"ImageObject","inLanguage":"en-US","@id":"https:\/\/www.visit-ulcinj.com\/blog\/2008\/09\/18\/prelja-skrelja-novi-predsjednika-kluba-kk-ulcinj\/#primaryimage","url":"http:\/\/www.visit-ulcinj.com\/blog\/wp-content\/uploads\/2008\/08\/prelja-skrelja-300x254.jpg","contentUrl":"http:\/\/www.visit-ulcinj.com\/blog\/wp-content\/uploads\/2008\/08\/prelja-skrelja-300x254.jpg"},{"@type":"WebPage","@id":"https:\/\/www.visit-ulcinj.com\/blog\/2008\/09\/18\/prelja-skrelja-novi-predsjednika-kluba-kk-ulcinj\/#webpage","url":"https:\/\/www.visit-ulcinj.com\/blog\/2008\/09\/18\/prelja-skrelja-novi-predsjednika-kluba-kk-ulcinj\/","name":"Prelja \u0160krelja novi predsjednika kluba KK Ulcinj - Lajme nga Ulqini","isPartOf":{"@id":"https:\/\/www.visit-ulcinj.com\/blog\/#website"},"primaryImageOfPage":{"@id":"https:\/\/www.visit-ulcinj.com\/blog\/2008\/09\/18\/prelja-skrelja-novi-predsjednika-kluba-kk-ulcinj\/#primaryimage"},"datePublished":"2008-09-18T18:32:16+00:00","dateModified":"2008-10-17T19:36:24+00:00","author":{"@id":"https:\/\/www.visit-ulcinj.com\/blog\/#\/schema\/person\/dcab619c614d3038751c63bc2aadc06d"},"description":"Kao da nema kraja ostavkama u Ko\u0161arka\u0161kom klubu Ulcinj. Nakon tim-menad\u017eera Pavla Pep?onovi?a, sportskog direktora Mi\u0161a Cau\u0161evi?a i \u0161efa Stru?nog \u0161taba","breadcrumb":{"@id":"https:\/\/www.visit-ulcinj.com\/blog\/2008\/09\/18\/prelja-skrelja-novi-predsjednika-kluba-kk-ulcinj\/#breadcrumb"},"inLanguage":"en-US","potentialAction":[{"@type":"ReadAction","target":["https:\/\/www.visit-ulcinj.com\/blog\/2008\/09\/18\/prelja-skrelja-novi-predsjednika-kluba-kk-ulcinj\/"]}]},{"@type":"BreadcrumbList","@id":"https:\/\/www.visit-ulcinj.com\/blog\/2008\/09\/18\/prelja-skrelja-novi-predsjednika-kluba-kk-ulcinj\/#breadcrumb","itemListElement":[{"@type":"ListItem","position":1,"name":"Prelja \u0160krelja novi predsjednika kluba KK Ulcinj"}]},{"@type":"Person","@id":"https:\/\/www.visit-ulcinj.com\/blog\/#\/schema\/person\/dcab619c614d3038751c63bc2aadc06d","name":"ulqini","sameAs":["http:\/\/www.visit-ulcinj.com"],"url":"https:\/\/www.visit-ulcinj.com\/blog\/author\/admin\/"}]}},"jetpack_featured_media_url":"","jetpack_sharing_enabled":true,"jetpack_shortlink":"https:\/\/wp.me\/pe6lTn-Tr","_links":{"self":[{"href":"https:\/\/www.visit-ulcinj.com\/blog\/wp-json\/wp\/v2\/posts\/3437"}],"collection":[{"href":"https:\/\/www.visit-ulcinj.com\/blog\/wp-json\/wp\/v2\/posts"}],"about":[{"href":"https:\/\/www.visit-ulcinj.com\/blog\/wp-json\/wp\/v2\/types\/post"}],"author":[{"embeddable":true,"href":"https:\/\/www.visit-ulcinj.com\/blog\/wp-json\/wp\/v2\/users\/1"}],"replies":[{"embeddable":true,"href":"https:\/\/www.visit-ulcinj.com\/blog\/wp-json\/wp\/v2\/comments?post=3437"}],"version-history":[{"count":0,"href":"https:\/\/www.visit-ulcinj.com\/blog\/wp-json\/wp\/v2\/posts\/3437\/revisions"}],"wp:attachment":[{"href":"https:\/\/www.visit-ulcinj.com\/blog\/wp-json\/wp\/v2\/media?parent=3437"}],"wp:term":[{"taxonomy":"category","embeddable":true,"href":"https:\/\/www.visit-ulcinj.com\/blog\/wp-json\/wp\/v2\/categories?post=3437"},{"taxonomy":"post_tag","embeddable":true,"href":"https:\/\/www.visit-ulcinj.com\/blog\/wp-json\/wp\/v2\/tags?post=3437"}],"curies":[{"name":"wp","href":"https:\/\/api.w.org\/{rel}","templated":true}]}}