{"id":34394,"date":"2010-06-08T13:07:11","date_gmt":"2010-06-08T11:07:11","guid":{"rendered":"http:\/\/www.visit-ulcinj.com\/blog\/?p=34394"},"modified":"2010-06-08T13:07:11","modified_gmt":"2010-06-08T11:07:11","slug":"perfaqesim-i-mire-i-kk-ulqini-ne-kosove","status":"publish","type":"post","link":"https:\/\/www.visit-ulcinj.com\/blog\/2010\/06\/08\/perfaqesim-i-mire-i-kk-ulqini-ne-kosove\/","title":{"rendered":"P\u00ebrfaq\u00ebsim i mir\u00eb i KK &#8220;Ulqini&#8221; n\u00eb Kosov\u00eb"},"content":{"rendered":"<p><a href=\"http:\/\/www.visit-ulcinj.com\/blog\/wp-content\/uploads\/2010\/06\/Karate-Klub-Ulqini-ne-Kosove.2_picnik.jpg\"><img loading=\"lazy\" class=\"alignleft size-full wp-image-34395\" title=\"Karate Klub Ulqini ne Kosove.2_picnik\" src=\"http:\/\/www.visit-ulcinj.com\/blog\/wp-content\/uploads\/2010\/06\/Karate-Klub-Ulqini-ne-Kosove.2_picnik.jpg\" alt=\"Karate Klub Ulqini ne Kosove.2_picnik\" width=\"490\" height=\"380\" \/><\/a>Klubi i karates\u00eb \u201cUlqini\u201d me ekipin e senior\u00ebve dy uikendet e kaluara mori pjes\u00eb n\u00eb dy turne p\u00ebrkujtimor\u00eb t\u00eb karates\u00eb me r\u00ebnd\u00ebsi shum\u00eb t\u00eb madhe n\u00eb Kosov\u00eb. Turneu i V p\u00ebrkujtimor i karates\u00eb \u201cZahir Pajaziti\u201d u mbajt m\u00eb 29 maj 2010 n\u00eb Orllan t\u00eb Kosov\u00ebs, nd\u00ebrsa Turneu i X p\u00ebrkujtimor \u201cXhevat Makolli\u201d u mbajt m\u00eb 6 qershor n\u00eb Prishtin\u00eb. N\u00eb k\u00ebto dy gara mor\u00ebn pjes\u00eb karateist t\u00eb njohur nga Shqip\u00ebria, Maqedonia, Lugina e Preshev\u00ebs, Tutini, Kosova dhe ne nga Ulqini.<br \/>\nN\u00eb Turneun V p\u00ebrkujtimor t\u00eb karates\u00eb &#8220;Zahir Pajaziti&#8221; n\u00eb Orllan t\u00eb Kosov\u00ebs, Klubi i karates\u00eb \u201cUlqini\u201d u paraqit me nj\u00eb garues, Kreshnik Tahirin, nd\u00ebrsa n\u00eb Turneun e X p\u00ebrkujtimor t\u00eb karates\u00eb \u201cXhevat Makolli\u201d, Klubi i karates\u00eb \u201cUlqini\u201d mori pjes\u00eb me tet\u00eb garues: Kreshnik Tahiri, Viktor Curoviq, Liridon Elezi, Dardan Ceka, Petar Barlloviq, Xhenis Rexhepi, Allmir Hajdari dhe Sandro Pecoviq<br \/>\nGaruesit e KK \u201cUlqini\u201d p\u00ebr k\u00ebto dy gara arrit\u00ebn t\u00eb kuror\u00ebzohen me 9 medalje dhe nj\u00eb kup\u00eb, prej tyre 1 e art\u00eb, 2 t\u00eb argjendta dhe 6 t\u00eb bronzta n\u00eb luft\u00ebra individuale p\u00ebr senior\u00eb. Medaljen e art\u00eb e fitoi Kreshnik Tahiri n\u00eb turneun &#8220;Zahir Pajaziti&#8221;, nd\u00ebrsa n\u00eb turneun \u201cXhevat Makolli\u201d Dardan Ceka dhe Petar Barlloviqi fituan medaljen e argjendt\u00eb kurse medaljet e bronzta Kreshnik Tahiri, Viktor Curoviq, Liridon Elezi, Xhenis Rexhepi Allmir Hajdari dhe Sandro Pecoviq.<br \/>\nFederata e karates\u00eb t\u00eb Kos\u00ebv\u00ebs p\u00ebrgatiti nj\u00eb flet\u00ebfalenderim t\u00eb ve\u00e7ant\u00eb p\u00ebr Klubin e karates\u00eb \u201cUlqini\u201d n\u00eb shenj\u00eb fal\u00ebnderimi p\u00ebr bashk\u00ebpunimin e frytsh\u00ebm shum\u00ebvje\u00e7ar.<br \/>\nKryesia e KK \u201cUlqini\u201d fal\u00ebnderon organizator\u00ebt e gar\u00ebs, Kryetarin e Federat\u00ebs s\u00eb Karates\u00eb s\u00eb Kosov\u00ebs Nezir Ramen dhe n\u00eb ve\u00e7anti falenderojn\u00eb sekretarin e k\u00ebsaj Federat\u00eb Safet Ramadanin p\u00ebr angazhimin, organizimin dhe mikpritjen q\u00eb na e b\u00ebri n\u00eb t\u00eb dy garat.<br \/>\nUdh\u00ebheq\u00ebsia e KK \u201cUlqini\u201d po ashtu fal\u00ebnderon sponsor\u00ebt q\u00eb mund\u00ebsuan pjes\u00ebmarrjen e klubit n\u00eb k\u00ebto dy turne: L\u00ebvizjen Qytetare \u201dPerspektiva\u201d dhe zot\u00ebri Amir Hollaj, restorantin \u201cRozafa\u201d si dhe burektoren \u201cPelivan\u201d.<br \/>\n<strong>Karate Klub Ulqini<br \/>\n\n\t\t<style type=\"text\/css\">\n\t\t\t#gallery-1 {\n\t\t\t\tmargin: auto;\n\t\t\t}\n\t\t\t#gallery-1 .gallery-item {\n\t\t\t\tfloat: left;\n\t\t\t\tmargin-top: 10px;\n\t\t\t\ttext-align: center;\n\t\t\t\twidth: 50%;\n\t\t\t}\n\t\t\t#gallery-1 img {\n\t\t\t\tborder: 2px solid #cfcfcf;\n\t\t\t}\n\t\t\t#gallery-1 .gallery-caption {\n\t\t\t\tmargin-left: 0;\n\t\t\t}\n\t\t\t\/* see gallery_shortcode() in wp-includes\/media.php *\/\n\t\t<\/style>\n\t\t<div id='gallery-1' class='gallery galleryid-34394 gallery-columns-2 gallery-size-thumbnail'><dl class='gallery-item'>\n\t\t\t<dt class='gallery-icon landscape'>\n\t\t\t\t<a href='https:\/\/www.visit-ulcinj.com\/blog\/wp-content\/uploads\/2010\/06\/Karate-Klub-Ulqini-ne-Kosove.2_picnik.jpg'><img width=\"150\" height=\"150\" src=\"https:\/\/www.visit-ulcinj.com\/blog\/wp-content\/uploads\/2010\/06\/Karate-Klub-Ulqini-ne-Kosove.2_picnik-150x150.jpg\" class=\"attachment-thumbnail size-thumbnail\" alt=\"\" loading=\"lazy\" \/><\/a>\n\t\t\t<\/dt><\/dl><dl class='gallery-item'>\n\t\t\t<dt class='gallery-icon landscape'>\n\t\t\t\t<a href='https:\/\/www.visit-ulcinj.com\/blog\/wp-content\/uploads\/2010\/06\/Karate-Klub-Ulqini-ne-Kosove.1_picnik.jpg'><img width=\"150\" height=\"150\" src=\"https:\/\/www.visit-ulcinj.com\/blog\/wp-content\/uploads\/2010\/06\/Karate-Klub-Ulqini-ne-Kosove.1_picnik-150x150.jpg\" class=\"attachment-thumbnail size-thumbnail\" alt=\"\" loading=\"lazy\" \/><\/a>\n\t\t\t<\/dt><\/dl><br style=\"clear: both\" \/><dl class='gallery-item'>\n\t\t\t<dt class='gallery-icon landscape'>\n\t\t\t\t<a href='https:\/\/www.visit-ulcinj.com\/blog\/wp-content\/uploads\/2010\/06\/Karate-Klub-Ulqini-ne-Kosove.3_picnik.jpg'><img width=\"150\" height=\"150\" src=\"https:\/\/www.visit-ulcinj.com\/blog\/wp-content\/uploads\/2010\/06\/Karate-Klub-Ulqini-ne-Kosove.3_picnik-150x150.jpg\" class=\"attachment-thumbnail size-thumbnail\" alt=\"\" loading=\"lazy\" \/><\/a>\n\t\t\t<\/dt><\/dl><dl class='gallery-item'>\n\t\t\t<dt class='gallery-icon landscape'>\n\t\t\t\t<a href='https:\/\/www.visit-ulcinj.com\/blog\/wp-content\/uploads\/2010\/06\/Karate-Klub-Ulqini-ne-Kosove_picnik.jpg'><img width=\"150\" height=\"150\" src=\"https:\/\/www.visit-ulcinj.com\/blog\/wp-content\/uploads\/2010\/06\/Karate-Klub-Ulqini-ne-Kosove_picnik-150x150.jpg\" class=\"attachment-thumbnail size-thumbnail\" alt=\"\" loading=\"lazy\" \/><\/a>\n\t\t\t<\/dt><\/dl><br style=\"clear: both\" \/>\n\t\t<\/div>\n<\/p>\n<p><\/strong><\/p>\n","protected":false},"excerpt":{"rendered":"<p>Klubi i karates\u00eb \u201cUlqini\u201d me ekipin e senior\u00ebve dy uikendet e kaluara mori pjes\u00eb n\u00eb dy turne p\u00ebrkujtimor\u00eb t\u00eb karates\u00eb me r\u00ebnd\u00ebsi shum\u00eb t\u00eb madhe n\u00eb Kosov\u00eb. Turneu i V p\u00ebrkujtimor i karates\u00eb \u201cZahir Pajaziti\u201d u mbajt m\u00eb 29 maj 2010 n\u00eb Orllan t\u00eb Kosov\u00ebs, nd\u00ebrsa Turneu i X p\u00ebrkujtimor \u201cXhevat Makolli\u201d u mbajt m\u00eb [&hellip;]<\/p>\n","protected":false},"author":1,"featured_media":0,"comment_status":"open","ping_status":"closed","sticky":false,"template":"","format":"standard","meta":{"spay_email":"","jetpack_publicize_message":"","jetpack_is_tweetstorm":false,"jetpack_publicize_feature_enabled":true},"categories":[3],"tags":[5025],"jetpack_publicize_connections":[],"yoast_head":"<!-- This site is optimized with the Yoast SEO plugin v19.1 - https:\/\/yoast.com\/wordpress\/plugins\/seo\/ -->\n<title>P\u00ebrfaq\u00ebsim i mir\u00eb i KK &quot;Ulqini&quot; n\u00eb Kosov\u00eb - Lajme nga Ulqini<\/title>\n<meta name=\"description\" content=\"Klubi i karates\u00eb \u201cUlqini\u201d me ekipin e senior\u00ebve dy uikendet e kaluara mori pjes\u00eb n\u00eb dy turne p\u00ebrkujtimor\u00eb t\u00eb karates\u00eb me r\u00ebnd\u00ebsi shum\u00eb t\u00eb madhe n\u00eb Kosov\u00eb.\" \/>\n<meta name=\"robots\" content=\"index, follow, max-snippet:-1, max-image-preview:large, max-video-preview:-1\" \/>\n<link rel=\"canonical\" href=\"https:\/\/www.visit-ulcinj.com\/blog\/2010\/06\/08\/perfaqesim-i-mire-i-kk-ulqini-ne-kosove\/\" \/>\n<meta property=\"og:locale\" content=\"en_US\" \/>\n<meta property=\"og:type\" content=\"article\" \/>\n<meta property=\"og:title\" content=\"P\u00ebrfaq\u00ebsim i mir\u00eb i KK &quot;Ulqini&quot; n\u00eb Kosov\u00eb - Lajme nga Ulqini\" \/>\n<meta property=\"og:description\" content=\"Klubi i karates\u00eb \u201cUlqini\u201d me ekipin e senior\u00ebve dy uikendet e kaluara mori pjes\u00eb n\u00eb dy turne p\u00ebrkujtimor\u00eb t\u00eb karates\u00eb me r\u00ebnd\u00ebsi shum\u00eb t\u00eb madhe n\u00eb Kosov\u00eb.\" \/>\n<meta property=\"og:url\" content=\"https:\/\/www.visit-ulcinj.com\/blog\/2010\/06\/08\/perfaqesim-i-mire-i-kk-ulqini-ne-kosove\/\" \/>\n<meta property=\"og:site_name\" content=\"Lajme nga Ulqini\" \/>\n<meta property=\"article:published_time\" content=\"2010-06-08T11:07:11+00:00\" \/>\n<meta property=\"og:image\" content=\"https:\/\/www.visit-ulcinj.com\/blog\/wp-content\/uploads\/2010\/06\/Karate-Klub-Ulqini-ne-Kosove.2_picnik-150x150.jpg\" \/>\n<meta name=\"twitter:label1\" content=\"Written by\" \/>\n\t<meta name=\"twitter:data1\" content=\"ulqini\" \/>\n\t<meta name=\"twitter:label2\" content=\"Est. reading time\" \/>\n\t<meta name=\"twitter:data2\" content=\"2 minutes\" \/>\n<script type=\"application\/ld+json\" class=\"yoast-schema-graph\">{\"@context\":\"https:\/\/schema.org\",\"@graph\":[{\"@type\":\"WebSite\",\"@id\":\"https:\/\/www.visit-ulcinj.com\/blog\/#website\",\"url\":\"https:\/\/www.visit-ulcinj.com\/blog\/\",\"name\":\"Lajme nga Ulqini\",\"description\":\"Lajme,Vijesti,Ulqini,Ulqin,Crna Gora,Mali i Zi\",\"potentialAction\":[{\"@type\":\"SearchAction\",\"target\":{\"@type\":\"EntryPoint\",\"urlTemplate\":\"https:\/\/www.visit-ulcinj.com\/blog\/?s={search_term_string}\"},\"query-input\":\"required name=search_term_string\"}],\"inLanguage\":\"en-US\"},{\"@type\":\"ImageObject\",\"inLanguage\":\"en-US\",\"@id\":\"https:\/\/www.visit-ulcinj.com\/blog\/2010\/06\/08\/perfaqesim-i-mire-i-kk-ulqini-ne-kosove\/#primaryimage\",\"url\":\"https:\/\/www.visit-ulcinj.com\/blog\/wp-content\/uploads\/2010\/06\/Karate-Klub-Ulqini-ne-Kosove.2_picnik.jpg\",\"contentUrl\":\"https:\/\/www.visit-ulcinj.com\/blog\/wp-content\/uploads\/2010\/06\/Karate-Klub-Ulqini-ne-Kosove.2_picnik.jpg\",\"width\":\"1022\",\"height\":\"766\"},{\"@type\":\"WebPage\",\"@id\":\"https:\/\/www.visit-ulcinj.com\/blog\/2010\/06\/08\/perfaqesim-i-mire-i-kk-ulqini-ne-kosove\/#webpage\",\"url\":\"https:\/\/www.visit-ulcinj.com\/blog\/2010\/06\/08\/perfaqesim-i-mire-i-kk-ulqini-ne-kosove\/\",\"name\":\"P\u00ebrfaq\u00ebsim i mir\u00eb i KK \\\"Ulqini\\\" n\u00eb Kosov\u00eb - Lajme nga Ulqini\",\"isPartOf\":{\"@id\":\"https:\/\/www.visit-ulcinj.com\/blog\/#website\"},\"primaryImageOfPage\":{\"@id\":\"https:\/\/www.visit-ulcinj.com\/blog\/2010\/06\/08\/perfaqesim-i-mire-i-kk-ulqini-ne-kosove\/#primaryimage\"},\"datePublished\":\"2010-06-08T11:07:11+00:00\",\"dateModified\":\"2010-06-08T11:07:11+00:00\",\"author\":{\"@id\":\"https:\/\/www.visit-ulcinj.com\/blog\/#\/schema\/person\/dcab619c614d3038751c63bc2aadc06d\"},\"description\":\"Klubi i karates\u00eb \u201cUlqini\u201d me ekipin e senior\u00ebve dy uikendet e kaluara mori pjes\u00eb n\u00eb dy turne p\u00ebrkujtimor\u00eb t\u00eb karates\u00eb me r\u00ebnd\u00ebsi shum\u00eb t\u00eb madhe n\u00eb Kosov\u00eb.\",\"breadcrumb\":{\"@id\":\"https:\/\/www.visit-ulcinj.com\/blog\/2010\/06\/08\/perfaqesim-i-mire-i-kk-ulqini-ne-kosove\/#breadcrumb\"},\"inLanguage\":\"en-US\",\"potentialAction\":[{\"@type\":\"ReadAction\",\"target\":[\"https:\/\/www.visit-ulcinj.com\/blog\/2010\/06\/08\/perfaqesim-i-mire-i-kk-ulqini-ne-kosove\/\"]}]},{\"@type\":\"BreadcrumbList\",\"@id\":\"https:\/\/www.visit-ulcinj.com\/blog\/2010\/06\/08\/perfaqesim-i-mire-i-kk-ulqini-ne-kosove\/#breadcrumb\",\"itemListElement\":[{\"@type\":\"ListItem\",\"position\":1,\"name\":\"P\u00ebrfaq\u00ebsim i mir\u00eb i KK &#8220;Ulqini&#8221; n\u00eb Kosov\u00eb\"}]},{\"@type\":\"Person\",\"@id\":\"https:\/\/www.visit-ulcinj.com\/blog\/#\/schema\/person\/dcab619c614d3038751c63bc2aadc06d\",\"name\":\"ulqini\",\"sameAs\":[\"http:\/\/www.visit-ulcinj.com\"],\"url\":\"https:\/\/www.visit-ulcinj.com\/blog\/author\/admin\/\"}]}<\/script>\n<!-- \/ Yoast SEO plugin. -->","yoast_head_json":{"title":"P\u00ebrfaq\u00ebsim i mir\u00eb i KK \"Ulqini\" n\u00eb Kosov\u00eb - Lajme nga Ulqini","description":"Klubi i karates\u00eb \u201cUlqini\u201d me ekipin e senior\u00ebve dy uikendet e kaluara mori pjes\u00eb n\u00eb dy turne p\u00ebrkujtimor\u00eb t\u00eb karates\u00eb me r\u00ebnd\u00ebsi shum\u00eb t\u00eb madhe n\u00eb Kosov\u00eb.","robots":{"index":"index","follow":"follow","max-snippet":"max-snippet:-1","max-image-preview":"max-image-preview:large","max-video-preview":"max-video-preview:-1"},"canonical":"https:\/\/www.visit-ulcinj.com\/blog\/2010\/06\/08\/perfaqesim-i-mire-i-kk-ulqini-ne-kosove\/","og_locale":"en_US","og_type":"article","og_title":"P\u00ebrfaq\u00ebsim i mir\u00eb i KK \"Ulqini\" n\u00eb Kosov\u00eb - Lajme nga Ulqini","og_description":"Klubi i karates\u00eb \u201cUlqini\u201d me ekipin e senior\u00ebve dy uikendet e kaluara mori pjes\u00eb n\u00eb dy turne p\u00ebrkujtimor\u00eb t\u00eb karates\u00eb me r\u00ebnd\u00ebsi shum\u00eb t\u00eb madhe n\u00eb Kosov\u00eb.","og_url":"https:\/\/www.visit-ulcinj.com\/blog\/2010\/06\/08\/perfaqesim-i-mire-i-kk-ulqini-ne-kosove\/","og_site_name":"Lajme nga Ulqini","article_published_time":"2010-06-08T11:07:11+00:00","og_image":[{"url":"https:\/\/www.visit-ulcinj.com\/blog\/wp-content\/uploads\/2010\/06\/Karate-Klub-Ulqini-ne-Kosove.2_picnik-150x150.jpg"}],"twitter_misc":{"Written by":"ulqini","Est. reading time":"2 minutes"},"schema":{"@context":"https:\/\/schema.org","@graph":[{"@type":"WebSite","@id":"https:\/\/www.visit-ulcinj.com\/blog\/#website","url":"https:\/\/www.visit-ulcinj.com\/blog\/","name":"Lajme nga Ulqini","description":"Lajme,Vijesti,Ulqini,Ulqin,Crna Gora,Mali i Zi","potentialAction":[{"@type":"SearchAction","target":{"@type":"EntryPoint","urlTemplate":"https:\/\/www.visit-ulcinj.com\/blog\/?s={search_term_string}"},"query-input":"required name=search_term_string"}],"inLanguage":"en-US"},{"@type":"ImageObject","inLanguage":"en-US","@id":"https:\/\/www.visit-ulcinj.com\/blog\/2010\/06\/08\/perfaqesim-i-mire-i-kk-ulqini-ne-kosove\/#primaryimage","url":"https:\/\/www.visit-ulcinj.com\/blog\/wp-content\/uploads\/2010\/06\/Karate-Klub-Ulqini-ne-Kosove.2_picnik.jpg","contentUrl":"https:\/\/www.visit-ulcinj.com\/blog\/wp-content\/uploads\/2010\/06\/Karate-Klub-Ulqini-ne-Kosove.2_picnik.jpg","width":"1022","height":"766"},{"@type":"WebPage","@id":"https:\/\/www.visit-ulcinj.com\/blog\/2010\/06\/08\/perfaqesim-i-mire-i-kk-ulqini-ne-kosove\/#webpage","url":"https:\/\/www.visit-ulcinj.com\/blog\/2010\/06\/08\/perfaqesim-i-mire-i-kk-ulqini-ne-kosove\/","name":"P\u00ebrfaq\u00ebsim i mir\u00eb i KK \"Ulqini\" n\u00eb Kosov\u00eb - Lajme nga Ulqini","isPartOf":{"@id":"https:\/\/www.visit-ulcinj.com\/blog\/#website"},"primaryImageOfPage":{"@id":"https:\/\/www.visit-ulcinj.com\/blog\/2010\/06\/08\/perfaqesim-i-mire-i-kk-ulqini-ne-kosove\/#primaryimage"},"datePublished":"2010-06-08T11:07:11+00:00","dateModified":"2010-06-08T11:07:11+00:00","author":{"@id":"https:\/\/www.visit-ulcinj.com\/blog\/#\/schema\/person\/dcab619c614d3038751c63bc2aadc06d"},"description":"Klubi i karates\u00eb \u201cUlqini\u201d me ekipin e senior\u00ebve dy uikendet e kaluara mori pjes\u00eb n\u00eb dy turne p\u00ebrkujtimor\u00eb t\u00eb karates\u00eb me r\u00ebnd\u00ebsi shum\u00eb t\u00eb madhe n\u00eb Kosov\u00eb.","breadcrumb":{"@id":"https:\/\/www.visit-ulcinj.com\/blog\/2010\/06\/08\/perfaqesim-i-mire-i-kk-ulqini-ne-kosove\/#breadcrumb"},"inLanguage":"en-US","potentialAction":[{"@type":"ReadAction","target":["https:\/\/www.visit-ulcinj.com\/blog\/2010\/06\/08\/perfaqesim-i-mire-i-kk-ulqini-ne-kosove\/"]}]},{"@type":"BreadcrumbList","@id":"https:\/\/www.visit-ulcinj.com\/blog\/2010\/06\/08\/perfaqesim-i-mire-i-kk-ulqini-ne-kosove\/#breadcrumb","itemListElement":[{"@type":"ListItem","position":1,"name":"P\u00ebrfaq\u00ebsim i mir\u00eb i KK &#8220;Ulqini&#8221; n\u00eb Kosov\u00eb"}]},{"@type":"Person","@id":"https:\/\/www.visit-ulcinj.com\/blog\/#\/schema\/person\/dcab619c614d3038751c63bc2aadc06d","name":"ulqini","sameAs":["http:\/\/www.visit-ulcinj.com"],"url":"https:\/\/www.visit-ulcinj.com\/blog\/author\/admin\/"}]}},"jetpack_featured_media_url":"","jetpack_sharing_enabled":true,"jetpack_shortlink":"https:\/\/wp.me\/pe6lTn-8WK","_links":{"self":[{"href":"https:\/\/www.visit-ulcinj.com\/blog\/wp-json\/wp\/v2\/posts\/34394"}],"collection":[{"href":"https:\/\/www.visit-ulcinj.com\/blog\/wp-json\/wp\/v2\/posts"}],"about":[{"href":"https:\/\/www.visit-ulcinj.com\/blog\/wp-json\/wp\/v2\/types\/post"}],"author":[{"embeddable":true,"href":"https:\/\/www.visit-ulcinj.com\/blog\/wp-json\/wp\/v2\/users\/1"}],"replies":[{"embeddable":true,"href":"https:\/\/www.visit-ulcinj.com\/blog\/wp-json\/wp\/v2\/comments?post=34394"}],"version-history":[{"count":0,"href":"https:\/\/www.visit-ulcinj.com\/blog\/wp-json\/wp\/v2\/posts\/34394\/revisions"}],"wp:attachment":[{"href":"https:\/\/www.visit-ulcinj.com\/blog\/wp-json\/wp\/v2\/media?parent=34394"}],"wp:term":[{"taxonomy":"category","embeddable":true,"href":"https:\/\/www.visit-ulcinj.com\/blog\/wp-json\/wp\/v2\/categories?post=34394"},{"taxonomy":"post_tag","embeddable":true,"href":"https:\/\/www.visit-ulcinj.com\/blog\/wp-json\/wp\/v2\/tags?post=34394"}],"curies":[{"name":"wp","href":"https:\/\/api.w.org\/{rel}","templated":true}]}}