{"id":34446,"date":"2010-06-09T17:58:54","date_gmt":"2010-06-09T15:58:54","guid":{"rendered":"http:\/\/www.visit-ulcinj.com\/blog\/?p=34446"},"modified":"2011-07-18T15:18:55","modified_gmt":"2011-07-18T14:18:55","slug":"dobro-dosli-u-websajt-opstine-ulcinj","status":"publish","type":"post","link":"https:\/\/www.visit-ulcinj.com\/blog\/2010\/06\/09\/dobro-dosli-u-websajt-opstine-ulcinj\/","title":{"rendered":"Dobro do\u0161li u websajt Op\u0161tine Ulcinj"},"content":{"rendered":"<p><a href=\"http:\/\/www.visit-ulcinj.com\/blog\/wp-content\/uploads\/2010\/06\/gzim-hajdinaga.jpg\"><img loading=\"lazy\" class=\"alignleft size-full wp-image-34447\" title=\"gzim hajdinaga\" src=\"http:\/\/www.visit-ulcinj.com\/blog\/wp-content\/uploads\/2010\/06\/gzim-hajdinaga.jpg\" alt=\"gzim hajdinaga\" width=\"490\" height=\"380\" \/><\/a>Po\u0161tovani posjetitelju! Dobro do\u0161ao i hvala \u0161to posje?uje\u0161 zvani?ni sajt grada Ulcinj na internetu.<br \/>\nOva stranica je jedna ve?a mogu?nost koju vam nudimo da upoznate na\u0161 drevni grad i sa tradicijom.<br \/>\nNa\u0161e namjere su da zajedno sa na\u0161im sugra?anima sagradimo jedan moderan evropski grad.<br \/>\nPozivamo sve vas da na\u0161em gradu damo najbolje.<br \/>\nOvaj pravac sa Vama i za Vas na temele ima transparentnost.<br \/>\nMislimo da ?emo na ovaj na?in biti bli\u017ee vama i zahvaljuju?i da ste posjetilac na ovoj stranici, moli?u vas da nam po\u0161aljete va\u0161e primjedbe za na\u0161 rad.<\/p>\n<p><strong>Gezim Hajdinaga<br \/>\nPredsjednik Op\u0161tine Ulcinj<br \/>\n<a href=\"http:\/\/www.opstinaulcinj.com\/\" target=\"_blank\">http:\/\/www.opstinaulcinj.com\/<\/a><\/strong><br \/>\n<strong> <!--YouTube Error: bad URL entered--><\/strong><\/p>\n<p><strong><br \/>\n<\/strong><\/p>\n","protected":false},"excerpt":{"rendered":"<p>Po\u0161tovani posjetitelju! Dobro do\u0161ao i hvala \u0161to posje?uje\u0161 zvani?ni sajt grada Ulcinj na internetu. Ova stranica je jedna ve?a mogu?nost koju vam nudimo da upoznate na\u0161 drevni grad i sa tradicijom. Na\u0161e namjere su da zajedno sa na\u0161im sugra?anima sagradimo jedan moderan evropski grad. Pozivamo sve vas da na\u0161em gradu damo najbolje. Ovaj pravac sa [&hellip;]<\/p>\n","protected":false},"author":1,"featured_media":0,"comment_status":"open","ping_status":"closed","sticky":false,"template":"","format":"standard","meta":{"spay_email":"","jetpack_publicize_message":"","jetpack_is_tweetstorm":false,"jetpack_publicize_feature_enabled":true},"categories":[8],"tags":[222,264,3168],"jetpack_publicize_connections":[],"yoast_head":"<!-- This site is optimized with the Yoast SEO plugin v19.1 - https:\/\/yoast.com\/wordpress\/plugins\/seo\/ -->\n<title>Dobro do\u0161li u websajt Op\u0161tine Ulcinj - Lajme nga Ulqini<\/title>\n<meta name=\"description\" content=\"Po\u0161tovani posjetitelju! Dobro do\u0161ao i hvala \u0161to posje?uje\u0161 zvani?ni sajt grada Ulcinj na internetu. Ova stranica je jedna ve?a mogu?nost koju vam nudimo\" \/>\n<meta name=\"robots\" content=\"index, follow, max-snippet:-1, max-image-preview:large, max-video-preview:-1\" \/>\n<link rel=\"canonical\" href=\"https:\/\/www.visit-ulcinj.com\/blog\/2010\/06\/09\/dobro-dosli-u-websajt-opstine-ulcinj\/\" \/>\n<meta property=\"og:locale\" content=\"en_US\" \/>\n<meta property=\"og:type\" content=\"article\" \/>\n<meta property=\"og:title\" content=\"Dobro do\u0161li u websajt Op\u0161tine Ulcinj - Lajme nga Ulqini\" \/>\n<meta property=\"og:description\" content=\"Po\u0161tovani posjetitelju! Dobro do\u0161ao i hvala \u0161to posje?uje\u0161 zvani?ni sajt grada Ulcinj na internetu. Ova stranica je jedna ve?a mogu?nost koju vam nudimo\" \/>\n<meta property=\"og:url\" content=\"https:\/\/www.visit-ulcinj.com\/blog\/2010\/06\/09\/dobro-dosli-u-websajt-opstine-ulcinj\/\" \/>\n<meta property=\"og:site_name\" content=\"Lajme nga Ulqini\" \/>\n<meta property=\"article:published_time\" content=\"2010-06-09T15:58:54+00:00\" \/>\n<meta property=\"article:modified_time\" content=\"2011-07-18T14:18:55+00:00\" \/>\n<meta property=\"og:image\" content=\"http:\/\/www.visit-ulcinj.com\/blog\/wp-content\/uploads\/2010\/06\/gzim-hajdinaga.jpg\" \/>\n<meta name=\"twitter:label1\" content=\"Written by\" \/>\n\t<meta name=\"twitter:data1\" content=\"ulqini\" \/>\n\t<meta name=\"twitter:label2\" content=\"Est. reading time\" \/>\n\t<meta name=\"twitter:data2\" content=\"1 minute\" \/>\n<script type=\"application\/ld+json\" class=\"yoast-schema-graph\">{\"@context\":\"https:\/\/schema.org\",\"@graph\":[{\"@type\":\"WebSite\",\"@id\":\"https:\/\/www.visit-ulcinj.com\/blog\/#website\",\"url\":\"https:\/\/www.visit-ulcinj.com\/blog\/\",\"name\":\"Lajme nga Ulqini\",\"description\":\"Lajme,Vijesti,Ulqini,Ulqin,Crna Gora,Mali i Zi\",\"potentialAction\":[{\"@type\":\"SearchAction\",\"target\":{\"@type\":\"EntryPoint\",\"urlTemplate\":\"https:\/\/www.visit-ulcinj.com\/blog\/?s={search_term_string}\"},\"query-input\":\"required name=search_term_string\"}],\"inLanguage\":\"en-US\"},{\"@type\":\"ImageObject\",\"inLanguage\":\"en-US\",\"@id\":\"https:\/\/www.visit-ulcinj.com\/blog\/2010\/06\/09\/dobro-dosli-u-websajt-opstine-ulcinj\/#primaryimage\",\"url\":\"https:\/\/www.visit-ulcinj.com\/blog\/wp-content\/uploads\/2010\/06\/gzim-hajdinaga.jpg\",\"contentUrl\":\"https:\/\/www.visit-ulcinj.com\/blog\/wp-content\/uploads\/2010\/06\/gzim-hajdinaga.jpg\",\"width\":\"800\",\"height\":\"533\"},{\"@type\":\"WebPage\",\"@id\":\"https:\/\/www.visit-ulcinj.com\/blog\/2010\/06\/09\/dobro-dosli-u-websajt-opstine-ulcinj\/#webpage\",\"url\":\"https:\/\/www.visit-ulcinj.com\/blog\/2010\/06\/09\/dobro-dosli-u-websajt-opstine-ulcinj\/\",\"name\":\"Dobro do\u0161li u websajt Op\u0161tine Ulcinj - Lajme nga Ulqini\",\"isPartOf\":{\"@id\":\"https:\/\/www.visit-ulcinj.com\/blog\/#website\"},\"primaryImageOfPage\":{\"@id\":\"https:\/\/www.visit-ulcinj.com\/blog\/2010\/06\/09\/dobro-dosli-u-websajt-opstine-ulcinj\/#primaryimage\"},\"datePublished\":\"2010-06-09T15:58:54+00:00\",\"dateModified\":\"2011-07-18T14:18:55+00:00\",\"author\":{\"@id\":\"https:\/\/www.visit-ulcinj.com\/blog\/#\/schema\/person\/dcab619c614d3038751c63bc2aadc06d\"},\"description\":\"Po\u0161tovani posjetitelju! Dobro do\u0161ao i hvala \u0161to posje?uje\u0161 zvani?ni sajt grada Ulcinj na internetu. Ova stranica je jedna ve?a mogu?nost koju vam nudimo\",\"breadcrumb\":{\"@id\":\"https:\/\/www.visit-ulcinj.com\/blog\/2010\/06\/09\/dobro-dosli-u-websajt-opstine-ulcinj\/#breadcrumb\"},\"inLanguage\":\"en-US\",\"potentialAction\":[{\"@type\":\"ReadAction\",\"target\":[\"https:\/\/www.visit-ulcinj.com\/blog\/2010\/06\/09\/dobro-dosli-u-websajt-opstine-ulcinj\/\"]}]},{\"@type\":\"BreadcrumbList\",\"@id\":\"https:\/\/www.visit-ulcinj.com\/blog\/2010\/06\/09\/dobro-dosli-u-websajt-opstine-ulcinj\/#breadcrumb\",\"itemListElement\":[{\"@type\":\"ListItem\",\"position\":1,\"name\":\"Dobro do\u0161li u websajt Op\u0161tine Ulcinj\"}]},{\"@type\":\"Person\",\"@id\":\"https:\/\/www.visit-ulcinj.com\/blog\/#\/schema\/person\/dcab619c614d3038751c63bc2aadc06d\",\"name\":\"ulqini\",\"sameAs\":[\"http:\/\/www.visit-ulcinj.com\"],\"url\":\"https:\/\/www.visit-ulcinj.com\/blog\/author\/admin\/\"}]}<\/script>\n<!-- \/ Yoast SEO plugin. -->","yoast_head_json":{"title":"Dobro do\u0161li u websajt Op\u0161tine Ulcinj - Lajme nga Ulqini","description":"Po\u0161tovani posjetitelju! Dobro do\u0161ao i hvala \u0161to posje?uje\u0161 zvani?ni sajt grada Ulcinj na internetu. Ova stranica je jedna ve?a mogu?nost koju vam nudimo","robots":{"index":"index","follow":"follow","max-snippet":"max-snippet:-1","max-image-preview":"max-image-preview:large","max-video-preview":"max-video-preview:-1"},"canonical":"https:\/\/www.visit-ulcinj.com\/blog\/2010\/06\/09\/dobro-dosli-u-websajt-opstine-ulcinj\/","og_locale":"en_US","og_type":"article","og_title":"Dobro do\u0161li u websajt Op\u0161tine Ulcinj - Lajme nga Ulqini","og_description":"Po\u0161tovani posjetitelju! Dobro do\u0161ao i hvala \u0161to posje?uje\u0161 zvani?ni sajt grada Ulcinj na internetu. Ova stranica je jedna ve?a mogu?nost koju vam nudimo","og_url":"https:\/\/www.visit-ulcinj.com\/blog\/2010\/06\/09\/dobro-dosli-u-websajt-opstine-ulcinj\/","og_site_name":"Lajme nga Ulqini","article_published_time":"2010-06-09T15:58:54+00:00","article_modified_time":"2011-07-18T14:18:55+00:00","og_image":[{"url":"http:\/\/www.visit-ulcinj.com\/blog\/wp-content\/uploads\/2010\/06\/gzim-hajdinaga.jpg"}],"twitter_misc":{"Written by":"ulqini","Est. reading time":"1 minute"},"schema":{"@context":"https:\/\/schema.org","@graph":[{"@type":"WebSite","@id":"https:\/\/www.visit-ulcinj.com\/blog\/#website","url":"https:\/\/www.visit-ulcinj.com\/blog\/","name":"Lajme nga Ulqini","description":"Lajme,Vijesti,Ulqini,Ulqin,Crna Gora,Mali i Zi","potentialAction":[{"@type":"SearchAction","target":{"@type":"EntryPoint","urlTemplate":"https:\/\/www.visit-ulcinj.com\/blog\/?s={search_term_string}"},"query-input":"required name=search_term_string"}],"inLanguage":"en-US"},{"@type":"ImageObject","inLanguage":"en-US","@id":"https:\/\/www.visit-ulcinj.com\/blog\/2010\/06\/09\/dobro-dosli-u-websajt-opstine-ulcinj\/#primaryimage","url":"https:\/\/www.visit-ulcinj.com\/blog\/wp-content\/uploads\/2010\/06\/gzim-hajdinaga.jpg","contentUrl":"https:\/\/www.visit-ulcinj.com\/blog\/wp-content\/uploads\/2010\/06\/gzim-hajdinaga.jpg","width":"800","height":"533"},{"@type":"WebPage","@id":"https:\/\/www.visit-ulcinj.com\/blog\/2010\/06\/09\/dobro-dosli-u-websajt-opstine-ulcinj\/#webpage","url":"https:\/\/www.visit-ulcinj.com\/blog\/2010\/06\/09\/dobro-dosli-u-websajt-opstine-ulcinj\/","name":"Dobro do\u0161li u websajt Op\u0161tine Ulcinj - Lajme nga Ulqini","isPartOf":{"@id":"https:\/\/www.visit-ulcinj.com\/blog\/#website"},"primaryImageOfPage":{"@id":"https:\/\/www.visit-ulcinj.com\/blog\/2010\/06\/09\/dobro-dosli-u-websajt-opstine-ulcinj\/#primaryimage"},"datePublished":"2010-06-09T15:58:54+00:00","dateModified":"2011-07-18T14:18:55+00:00","author":{"@id":"https:\/\/www.visit-ulcinj.com\/blog\/#\/schema\/person\/dcab619c614d3038751c63bc2aadc06d"},"description":"Po\u0161tovani posjetitelju! Dobro do\u0161ao i hvala \u0161to posje?uje\u0161 zvani?ni sajt grada Ulcinj na internetu. Ova stranica je jedna ve?a mogu?nost koju vam nudimo","breadcrumb":{"@id":"https:\/\/www.visit-ulcinj.com\/blog\/2010\/06\/09\/dobro-dosli-u-websajt-opstine-ulcinj\/#breadcrumb"},"inLanguage":"en-US","potentialAction":[{"@type":"ReadAction","target":["https:\/\/www.visit-ulcinj.com\/blog\/2010\/06\/09\/dobro-dosli-u-websajt-opstine-ulcinj\/"]}]},{"@type":"BreadcrumbList","@id":"https:\/\/www.visit-ulcinj.com\/blog\/2010\/06\/09\/dobro-dosli-u-websajt-opstine-ulcinj\/#breadcrumb","itemListElement":[{"@type":"ListItem","position":1,"name":"Dobro do\u0161li u websajt Op\u0161tine Ulcinj"}]},{"@type":"Person","@id":"https:\/\/www.visit-ulcinj.com\/blog\/#\/schema\/person\/dcab619c614d3038751c63bc2aadc06d","name":"ulqini","sameAs":["http:\/\/www.visit-ulcinj.com"],"url":"https:\/\/www.visit-ulcinj.com\/blog\/author\/admin\/"}]}},"jetpack_featured_media_url":"","jetpack_sharing_enabled":true,"jetpack_shortlink":"https:\/\/wp.me\/pe6lTn-8XA","_links":{"self":[{"href":"https:\/\/www.visit-ulcinj.com\/blog\/wp-json\/wp\/v2\/posts\/34446"}],"collection":[{"href":"https:\/\/www.visit-ulcinj.com\/blog\/wp-json\/wp\/v2\/posts"}],"about":[{"href":"https:\/\/www.visit-ulcinj.com\/blog\/wp-json\/wp\/v2\/types\/post"}],"author":[{"embeddable":true,"href":"https:\/\/www.visit-ulcinj.com\/blog\/wp-json\/wp\/v2\/users\/1"}],"replies":[{"embeddable":true,"href":"https:\/\/www.visit-ulcinj.com\/blog\/wp-json\/wp\/v2\/comments?post=34446"}],"version-history":[{"count":1,"href":"https:\/\/www.visit-ulcinj.com\/blog\/wp-json\/wp\/v2\/posts\/34446\/revisions"}],"predecessor-version":[{"id":49207,"href":"https:\/\/www.visit-ulcinj.com\/blog\/wp-json\/wp\/v2\/posts\/34446\/revisions\/49207"}],"wp:attachment":[{"href":"https:\/\/www.visit-ulcinj.com\/blog\/wp-json\/wp\/v2\/media?parent=34446"}],"wp:term":[{"taxonomy":"category","embeddable":true,"href":"https:\/\/www.visit-ulcinj.com\/blog\/wp-json\/wp\/v2\/categories?post=34446"},{"taxonomy":"post_tag","embeddable":true,"href":"https:\/\/www.visit-ulcinj.com\/blog\/wp-json\/wp\/v2\/tags?post=34446"}],"curies":[{"name":"wp","href":"https:\/\/api.w.org\/{rel}","templated":true}]}}