{"id":34451,"date":"2010-06-09T19:04:27","date_gmt":"2010-06-09T17:04:27","guid":{"rendered":"http:\/\/www.visit-ulcinj.com\/blog\/?p=34451"},"modified":"2010-06-09T19:08:15","modified_gmt":"2010-06-09T17:08:15","slug":"manjine-uglavnom-zadovoljne","status":"publish","type":"post","link":"https:\/\/www.visit-ulcinj.com\/blog\/2010\/06\/09\/manjine-uglavnom-zadovoljne\/","title":{"rendered":"Manjine uglavnom zadovoljne"},"content":{"rendered":"<p><a href=\"http:\/\/www.visit-ulcinj.com\/blog\/wp-content\/uploads\/2010\/06\/Vaselj-Sinistaj.jpg\"><img loading=\"lazy\" class=\"alignleft size-full wp-image-34452\" title=\"MONTENEGRO ETHNIC ALBANIANS\" src=\"http:\/\/www.visit-ulcinj.com\/blog\/wp-content\/uploads\/2010\/06\/Vaselj-Sinistaj.jpg\" alt=\"MONTENEGRO ETHNIC ALBANIANS\" width=\"490\" height=\"382\" \/><\/a>Predlog izbornog zakona, upu?en Venecijanskoj komisiji, dobio je pozitivnu ocjenu, uklju?uju?i i segment o zastupljenosti manjinskih naroda. Pozitivna diskriminacija zastupljena je u radnoj verziji novog zakona o izboru poslanika i odbornika. Lista manjinskih naroda, istina, ne?e imati zagarantovane mandate, ali ?e poslanike i odbornike dobiti najja?i sa zbirne liste, koju ?e ?initi svi oni koji ?e pre?i cenzus od 0,7 odsto.<br \/>\nVe?ina manjina je zadovoljna predlogom, ka\u017ee ?lan vladaju?e koalicije, iz Bo\u0161nja?ke stranke i ?lan radne grupe Kemal Puri\u0161i?, prenosi Radio Slobodna Evropa.<br \/>\n&#8221;Bo\u0161nja?ka stranka u svakom slu?aju je zadovoljna, jer ovo rje\u0161enje ima dosta dobrih osobina. Ima i mane. Mi smo zadovoljni i voljeli bi da se jedno takvo rje\u0161enje usvoji&#8221;, ka\u017ee on.<\/p>\n<p><strong>Albanski narod u Crnoj Gori tako ?e izgubiti ste?ena prava koja je imao posebnom izbornom jedinicom, ka\u017ee lider Albanske alternative Vaselj Sini\u0161taj.<\/strong><br \/>\n&#8221;Albanci govore s aspekta ste?enog prava. Ustav Crne Gore, zaista nigdje ne pominje da su zagarantovana ste?ena prava, ali kada je tuma?enje manjinskih prava, ona se vazda tuma?e tako da se ne mogu ograni?iti, ne mogu se smanjiti&#8221;, smatra on.<br \/>\nIsti?e da se vazda ide naprijed, a nikako nazad, dodaju?i da je te\u017enja da se u Crnoj Gori shvati da su manjine ve?ina.<br \/>\n&#8221;Zna?i, preko 50 odsto je manjinskog stanovni\u0161tva, a oko 45 odsto se izja\u0161njavaju kao Crnogorci, barem sad za sad. Nije dobro donijeti neki Zakon u kojem ne bi glas barem bio jedinstven te manjine. Konkretno govorim za albansku manjinu. O?ito, nakon sticanja samostalnosti i progla\u0161enja, hajde da ka\u017eem, gra?anske dr\u017eave, o?ito da se ne snalazimo ili da ne dobijamo prava svi kao jednaki gra?ani&#8221;, uvjeren je Sini\u0161taj.<\/p>\n<p><strong>Puri\u0161i?, me?utim, ovakav stav ocjenjuje megalomanskim.<\/strong><\/p>\n<p>&#8221;Nemaju razloga da budu nezadovoljni, jer i Bo\u0161njaci i Albanci i Muslimani imaju dovoljan bira?ki potencijal da u okviru ovog prijedloga postignu dobre izborne rezultate,&#8221; smatra on.<br \/>\nZa narode kojih je u Crnoj Gori ispod dva odsto, poput Roma ili Hrvata, sprema se poseban prag koji tek treba da se defini\u0161e i koji ?e biti najvjerovatnije 0,4 odsto onih koji su glasali, da bi se dobio jedan mandat.<\/p>\n<p>Radojica \u017divkovi?, iz Nove srpske demokratije, smatra da problem u Crnoj Gori nije samo donji prag nekog manjinskog naroda, ve? je u dr\u017eavi u kojoj ni crnogorski nijesu narod sa nadpolovi?nom ve?inom, potrebno definisati gornju granicu procenta naroda da bi se on smatrao manjinskim.<br \/>\n&#8221;Ne vjerujem da ?emo mi Srbi sami sebe proglasiti manjinom. Bar je takav stav Nove. Na\u0161 je stav bio da gornja granica bude devet odsto. Nije slu?ajno izabran broj devet&#8221;, navodi on.<br \/>\nIsti?e kako je to zastupljeno u mnogim zakonodavstvima \u0161irom EU, a drugi stav je \u0161to je, prema njegovim rije?ima, kod nas cenzus tri odsto, pa su smatrali da neko koga ima preko devet odsto, \u0161to je tri puta vi\u0161e od cenzusa, mo\u017ee na regularnim izborima sebi da izbori mjesto u parlamentu bez posebnog dodatnog olak\u0161avaju?eg faktora, odnosno principa afirmativne akcije<\/p>\n<p><a href=\"http:\/\/www.rtcg.me\/vijesti\/politika\/aktuelno\/25152-manjine-uglavnom-zadovoljne.html\" target=\"_blank\">RTCG<\/a><\/p>\n","protected":false},"excerpt":{"rendered":"<p>Predlog izbornog zakona, upu?en Venecijanskoj komisiji, dobio je pozitivnu ocjenu, uklju?uju?i i segment o zastupljenosti manjinskih naroda. Pozitivna diskriminacija zastupljena je u radnoj verziji novog zakona o izboru poslanika i odbornika. Lista manjinskih naroda, istina, ne?e imati zagarantovane mandate, ali ?e poslanike i odbornike dobiti najja?i sa zbirne liste, koju ?e ?initi svi oni koji [&hellip;]<\/p>\n","protected":false},"author":1,"featured_media":0,"comment_status":"open","ping_status":"closed","sticky":false,"template":"","format":"standard","meta":{"spay_email":"","jetpack_publicize_message":"","jetpack_is_tweetstorm":false,"jetpack_publicize_feature_enabled":true},"categories":[8337],"tags":[14675,3104,2474],"jetpack_publicize_connections":[],"yoast_head":"<!-- This site is optimized with the Yoast SEO plugin v19.1 - https:\/\/yoast.com\/wordpress\/plugins\/seo\/ -->\n<title>Manjine uglavnom zadovoljne - Lajme nga Ulqini<\/title>\n<meta name=\"description\" content=\"Predlog izbornog zakona, upu?en Venecijanskoj komisiji, dobio je pozitivnu ocjenu, uklju?uju?i i segment o zastupljenosti manjinskih naroda. Pozitivna\" \/>\n<meta name=\"robots\" content=\"index, follow, max-snippet:-1, max-image-preview:large, max-video-preview:-1\" \/>\n<link rel=\"canonical\" href=\"https:\/\/www.visit-ulcinj.com\/blog\/2010\/06\/09\/manjine-uglavnom-zadovoljne\/\" \/>\n<meta property=\"og:locale\" content=\"en_US\" \/>\n<meta property=\"og:type\" content=\"article\" \/>\n<meta property=\"og:title\" content=\"Manjine uglavnom zadovoljne - Lajme nga Ulqini\" \/>\n<meta property=\"og:description\" content=\"Predlog izbornog zakona, upu?en Venecijanskoj komisiji, dobio je pozitivnu ocjenu, uklju?uju?i i segment o zastupljenosti manjinskih naroda. Pozitivna\" \/>\n<meta property=\"og:url\" content=\"https:\/\/www.visit-ulcinj.com\/blog\/2010\/06\/09\/manjine-uglavnom-zadovoljne\/\" \/>\n<meta property=\"og:site_name\" content=\"Lajme nga Ulqini\" \/>\n<meta property=\"article:published_time\" content=\"2010-06-09T17:04:27+00:00\" \/>\n<meta property=\"article:modified_time\" content=\"2010-06-09T17:08:15+00:00\" \/>\n<meta property=\"og:image\" content=\"http:\/\/www.visit-ulcinj.com\/blog\/wp-content\/uploads\/2010\/06\/Vaselj-Sinistaj.jpg\" \/>\n<meta name=\"twitter:label1\" content=\"Written by\" \/>\n\t<meta name=\"twitter:data1\" content=\"ulqini\" \/>\n\t<meta name=\"twitter:label2\" content=\"Est. reading time\" \/>\n\t<meta name=\"twitter:data2\" content=\"3 minutes\" \/>\n<script type=\"application\/ld+json\" class=\"yoast-schema-graph\">{\"@context\":\"https:\/\/schema.org\",\"@graph\":[{\"@type\":\"WebSite\",\"@id\":\"https:\/\/www.visit-ulcinj.com\/blog\/#website\",\"url\":\"https:\/\/www.visit-ulcinj.com\/blog\/\",\"name\":\"Lajme nga Ulqini\",\"description\":\"Lajme,Vijesti,Ulqini,Ulqin,Crna Gora,Mali i Zi\",\"potentialAction\":[{\"@type\":\"SearchAction\",\"target\":{\"@type\":\"EntryPoint\",\"urlTemplate\":\"https:\/\/www.visit-ulcinj.com\/blog\/?s={search_term_string}\"},\"query-input\":\"required name=search_term_string\"}],\"inLanguage\":\"en-US\"},{\"@type\":\"ImageObject\",\"inLanguage\":\"en-US\",\"@id\":\"https:\/\/www.visit-ulcinj.com\/blog\/2010\/06\/09\/manjine-uglavnom-zadovoljne\/#primaryimage\",\"url\":\"https:\/\/www.visit-ulcinj.com\/blog\/wp-content\/uploads\/2010\/06\/Vaselj-Sinistaj.jpg\",\"contentUrl\":\"https:\/\/www.visit-ulcinj.com\/blog\/wp-content\/uploads\/2010\/06\/Vaselj-Sinistaj.jpg\",\"width\":\"610\",\"height\":\"482\"},{\"@type\":\"WebPage\",\"@id\":\"https:\/\/www.visit-ulcinj.com\/blog\/2010\/06\/09\/manjine-uglavnom-zadovoljne\/#webpage\",\"url\":\"https:\/\/www.visit-ulcinj.com\/blog\/2010\/06\/09\/manjine-uglavnom-zadovoljne\/\",\"name\":\"Manjine uglavnom zadovoljne - Lajme nga Ulqini\",\"isPartOf\":{\"@id\":\"https:\/\/www.visit-ulcinj.com\/blog\/#website\"},\"primaryImageOfPage\":{\"@id\":\"https:\/\/www.visit-ulcinj.com\/blog\/2010\/06\/09\/manjine-uglavnom-zadovoljne\/#primaryimage\"},\"datePublished\":\"2010-06-09T17:04:27+00:00\",\"dateModified\":\"2010-06-09T17:08:15+00:00\",\"author\":{\"@id\":\"https:\/\/www.visit-ulcinj.com\/blog\/#\/schema\/person\/dcab619c614d3038751c63bc2aadc06d\"},\"description\":\"Predlog izbornog zakona, upu?en Venecijanskoj komisiji, dobio je pozitivnu ocjenu, uklju?uju?i i segment o zastupljenosti manjinskih naroda. Pozitivna\",\"breadcrumb\":{\"@id\":\"https:\/\/www.visit-ulcinj.com\/blog\/2010\/06\/09\/manjine-uglavnom-zadovoljne\/#breadcrumb\"},\"inLanguage\":\"en-US\",\"potentialAction\":[{\"@type\":\"ReadAction\",\"target\":[\"https:\/\/www.visit-ulcinj.com\/blog\/2010\/06\/09\/manjine-uglavnom-zadovoljne\/\"]}]},{\"@type\":\"BreadcrumbList\",\"@id\":\"https:\/\/www.visit-ulcinj.com\/blog\/2010\/06\/09\/manjine-uglavnom-zadovoljne\/#breadcrumb\",\"itemListElement\":[{\"@type\":\"ListItem\",\"position\":1,\"name\":\"Manjine uglavnom zadovoljne\"}]},{\"@type\":\"Person\",\"@id\":\"https:\/\/www.visit-ulcinj.com\/blog\/#\/schema\/person\/dcab619c614d3038751c63bc2aadc06d\",\"name\":\"ulqini\",\"sameAs\":[\"http:\/\/www.visit-ulcinj.com\"],\"url\":\"https:\/\/www.visit-ulcinj.com\/blog\/author\/admin\/\"}]}<\/script>\n<!-- \/ Yoast SEO plugin. -->","yoast_head_json":{"title":"Manjine uglavnom zadovoljne - Lajme nga Ulqini","description":"Predlog izbornog zakona, upu?en Venecijanskoj komisiji, dobio je pozitivnu ocjenu, uklju?uju?i i segment o zastupljenosti manjinskih naroda. Pozitivna","robots":{"index":"index","follow":"follow","max-snippet":"max-snippet:-1","max-image-preview":"max-image-preview:large","max-video-preview":"max-video-preview:-1"},"canonical":"https:\/\/www.visit-ulcinj.com\/blog\/2010\/06\/09\/manjine-uglavnom-zadovoljne\/","og_locale":"en_US","og_type":"article","og_title":"Manjine uglavnom zadovoljne - Lajme nga Ulqini","og_description":"Predlog izbornog zakona, upu?en Venecijanskoj komisiji, dobio je pozitivnu ocjenu, uklju?uju?i i segment o zastupljenosti manjinskih naroda. Pozitivna","og_url":"https:\/\/www.visit-ulcinj.com\/blog\/2010\/06\/09\/manjine-uglavnom-zadovoljne\/","og_site_name":"Lajme nga Ulqini","article_published_time":"2010-06-09T17:04:27+00:00","article_modified_time":"2010-06-09T17:08:15+00:00","og_image":[{"url":"http:\/\/www.visit-ulcinj.com\/blog\/wp-content\/uploads\/2010\/06\/Vaselj-Sinistaj.jpg"}],"twitter_misc":{"Written by":"ulqini","Est. reading time":"3 minutes"},"schema":{"@context":"https:\/\/schema.org","@graph":[{"@type":"WebSite","@id":"https:\/\/www.visit-ulcinj.com\/blog\/#website","url":"https:\/\/www.visit-ulcinj.com\/blog\/","name":"Lajme nga Ulqini","description":"Lajme,Vijesti,Ulqini,Ulqin,Crna Gora,Mali i Zi","potentialAction":[{"@type":"SearchAction","target":{"@type":"EntryPoint","urlTemplate":"https:\/\/www.visit-ulcinj.com\/blog\/?s={search_term_string}"},"query-input":"required name=search_term_string"}],"inLanguage":"en-US"},{"@type":"ImageObject","inLanguage":"en-US","@id":"https:\/\/www.visit-ulcinj.com\/blog\/2010\/06\/09\/manjine-uglavnom-zadovoljne\/#primaryimage","url":"https:\/\/www.visit-ulcinj.com\/blog\/wp-content\/uploads\/2010\/06\/Vaselj-Sinistaj.jpg","contentUrl":"https:\/\/www.visit-ulcinj.com\/blog\/wp-content\/uploads\/2010\/06\/Vaselj-Sinistaj.jpg","width":"610","height":"482"},{"@type":"WebPage","@id":"https:\/\/www.visit-ulcinj.com\/blog\/2010\/06\/09\/manjine-uglavnom-zadovoljne\/#webpage","url":"https:\/\/www.visit-ulcinj.com\/blog\/2010\/06\/09\/manjine-uglavnom-zadovoljne\/","name":"Manjine uglavnom zadovoljne - Lajme nga Ulqini","isPartOf":{"@id":"https:\/\/www.visit-ulcinj.com\/blog\/#website"},"primaryImageOfPage":{"@id":"https:\/\/www.visit-ulcinj.com\/blog\/2010\/06\/09\/manjine-uglavnom-zadovoljne\/#primaryimage"},"datePublished":"2010-06-09T17:04:27+00:00","dateModified":"2010-06-09T17:08:15+00:00","author":{"@id":"https:\/\/www.visit-ulcinj.com\/blog\/#\/schema\/person\/dcab619c614d3038751c63bc2aadc06d"},"description":"Predlog izbornog zakona, upu?en Venecijanskoj komisiji, dobio je pozitivnu ocjenu, uklju?uju?i i segment o zastupljenosti manjinskih naroda. Pozitivna","breadcrumb":{"@id":"https:\/\/www.visit-ulcinj.com\/blog\/2010\/06\/09\/manjine-uglavnom-zadovoljne\/#breadcrumb"},"inLanguage":"en-US","potentialAction":[{"@type":"ReadAction","target":["https:\/\/www.visit-ulcinj.com\/blog\/2010\/06\/09\/manjine-uglavnom-zadovoljne\/"]}]},{"@type":"BreadcrumbList","@id":"https:\/\/www.visit-ulcinj.com\/blog\/2010\/06\/09\/manjine-uglavnom-zadovoljne\/#breadcrumb","itemListElement":[{"@type":"ListItem","position":1,"name":"Manjine uglavnom zadovoljne"}]},{"@type":"Person","@id":"https:\/\/www.visit-ulcinj.com\/blog\/#\/schema\/person\/dcab619c614d3038751c63bc2aadc06d","name":"ulqini","sameAs":["http:\/\/www.visit-ulcinj.com"],"url":"https:\/\/www.visit-ulcinj.com\/blog\/author\/admin\/"}]}},"jetpack_featured_media_url":"","jetpack_sharing_enabled":true,"jetpack_shortlink":"https:\/\/wp.me\/pe6lTn-8XF","_links":{"self":[{"href":"https:\/\/www.visit-ulcinj.com\/blog\/wp-json\/wp\/v2\/posts\/34451"}],"collection":[{"href":"https:\/\/www.visit-ulcinj.com\/blog\/wp-json\/wp\/v2\/posts"}],"about":[{"href":"https:\/\/www.visit-ulcinj.com\/blog\/wp-json\/wp\/v2\/types\/post"}],"author":[{"embeddable":true,"href":"https:\/\/www.visit-ulcinj.com\/blog\/wp-json\/wp\/v2\/users\/1"}],"replies":[{"embeddable":true,"href":"https:\/\/www.visit-ulcinj.com\/blog\/wp-json\/wp\/v2\/comments?post=34451"}],"version-history":[{"count":0,"href":"https:\/\/www.visit-ulcinj.com\/blog\/wp-json\/wp\/v2\/posts\/34451\/revisions"}],"wp:attachment":[{"href":"https:\/\/www.visit-ulcinj.com\/blog\/wp-json\/wp\/v2\/media?parent=34451"}],"wp:term":[{"taxonomy":"category","embeddable":true,"href":"https:\/\/www.visit-ulcinj.com\/blog\/wp-json\/wp\/v2\/categories?post=34451"},{"taxonomy":"post_tag","embeddable":true,"href":"https:\/\/www.visit-ulcinj.com\/blog\/wp-json\/wp\/v2\/tags?post=34451"}],"curies":[{"name":"wp","href":"https:\/\/api.w.org\/{rel}","templated":true}]}}