{"id":34458,"date":"2010-06-09T22:44:37","date_gmt":"2010-06-09T20:44:37","guid":{"rendered":"http:\/\/www.visit-ulcinj.com\/blog\/?p=34458"},"modified":"2022-06-13T13:31:09","modified_gmt":"2022-06-13T12:31:09","slug":"privatni-smestaj-velika-plaza-ulcinj-crna-gora","status":"publish","type":"post","link":"https:\/\/www.visit-ulcinj.com\/blog\/2010\/06\/09\/privatni-smestaj-velika-plaza-ulcinj-crna-gora\/","title":{"rendered":"Privatni smestaj Velika Plaza &#8211; Ulcinj &#8211; Crna Gora"},"content":{"rendered":"<p><a href=\"http:\/\/www.visit-ulcinj.com\/\"><img loading=\"lazy\" class=\"alignleft size-full wp-image-34459\" title=\"Privatni smestaj Velika Plaza - Ulcinj - Crna Gora\" src=\"http:\/\/www.visit-ulcinj.com\/blog\/wp-content\/uploads\/2010\/06\/Privatni-smestaj-Velika-Plaza-Ulcinj-Crna-Gora.jpg\" alt=\"Privatni smestaj Velika Plaza - Ulcinj - Crna Gora\" width=\"490\" height=\"380\" \/><\/a><a href=\"skype:ulqinaku1?call\"><img loading=\"lazy\" class=\"alignleft size-full wp-image-3933\" src=\"http:\/\/www.visit-ulcinj.com\/blog\/wp-content\/uploads\/2013\/07\/c70e_skype.jpg\" alt=\"skype\" width=\"121\" height=\"91\" \/><\/a><\/p>\n<p><strong>Email: Holiday House@gmail.com<\/strong><\/p>\n<p>Privatni sme\u0161taj\u00a0 se nalazi\u00a0 na prelepom ambijentu Velike Pla\u017ee.Posjedujemo kapacitet sa nekoliko kreveta. Svaka soba ima kupatilo neke imaju mini kuhinje.<br \/>\n<a href=\"http:\/\/www.visit-ulcinj.com\/sr\/apartmani-ulcinj-crna-gora\/privatni-smestaj-holiday-house-ulcinj-crna-gora\/\" target=\"_blank\" rel=\"noopener\"> Sobe nisu klimatizovane,svaka soba ima terasu i parking prostor.<\/a><br \/>\n<a href=\"http:\/\/www.visit-ulcinj.com\/sr\/apartmani-ulcinj-crna-gora\/privatni-smestaj-holiday-house-ulcinj-crna-gora\/\" target=\"_blank\" rel=\"noopener\"> EKSKLUZIVNO za mjesec juni i septembar poseban popust&#8230;<\/a><br \/>\n<a href=\"http:\/\/www.visit-ulcinj.com\/sr\/apartmani-ulcinj-crna-gora\/privatni-smestaj-holiday-house-ulcinj-crna-gora\/\" target=\"_blank\" rel=\"noopener\"> Provedite nezaboravne trenutke Va\u0161eg odmora u Privatni sme\u0161taj na predivnim pla\u017eama svjetskoga ranga kao \u0161to su Copacabana,Safari,Tropikana ,Miami Bukuria e Ulqinit, gdje se mi u neposrednoj blizini nalazimo.<\/a><\/p>\n<p><a href=\"http:\/\/www.visit-ulcinj.com\/sr\/apartmani-ulcinj-crna-gora\/privatni-smestaj-holiday-house-ulcinj-crna-gora\/\" target=\"_blank\" rel=\"noopener\"><strong>Za sve informacije molimo vas kontaktirajte nas<\/strong>:<\/a><\/p>\n<p><a href=\"http:\/\/www.visit-ulcinj.com\/sr\/apartmani-ulcinj-crna-gora\/privatni-smestaj-holiday-house-ulcinj-crna-gora\/\" target=\"_blank\" rel=\"noopener\"><strong>Link:<\/strong> <strong>www.visit-ulcinj.com<\/strong><\/a><\/p>\n\n\t\t<style type=\"text\/css\">\n\t\t\t#gallery-1 {\n\t\t\t\tmargin: auto;\n\t\t\t}\n\t\t\t#gallery-1 .gallery-item {\n\t\t\t\tfloat: left;\n\t\t\t\tmargin-top: 10px;\n\t\t\t\ttext-align: center;\n\t\t\t\twidth: 33%;\n\t\t\t}\n\t\t\t#gallery-1 img {\n\t\t\t\tborder: 2px solid #cfcfcf;\n\t\t\t}\n\t\t\t#gallery-1 .gallery-caption {\n\t\t\t\tmargin-left: 0;\n\t\t\t}\n\t\t\t\/* see gallery_shortcode() in wp-includes\/media.php *\/\n\t\t<\/style>\n\t\t<div id='gallery-1' class='gallery galleryid-34458 gallery-columns-3 gallery-size-thumbnail'><dl class='gallery-item'>\n\t\t\t<dt class='gallery-icon landscape'>\n\t\t\t\t<a href='https:\/\/www.visit-ulcinj.com\/blog\/wp-content\/uploads\/2010\/06\/Privatni-smestaj-Velika-Plaza-Ulcinj-Crna-Gora.jpg'><img width=\"150\" height=\"150\" src=\"https:\/\/www.visit-ulcinj.com\/blog\/wp-content\/uploads\/2010\/06\/Privatni-smestaj-Velika-Plaza-Ulcinj-Crna-Gora-150x150.jpg\" class=\"attachment-thumbnail size-thumbnail\" alt=\"\" loading=\"lazy\" \/><\/a>\n\t\t\t<\/dt><\/dl><dl class='gallery-item'>\n\t\t\t<dt class='gallery-icon '>\n\t\t\t\t<a href='https:\/\/www.visit-ulcinj.com\/blog\/wp-content\/uploads\/2010\/06\/A-Ulcinj-Mont\u00c3\u00a9n\u00c3\u00a9gro-vacances-\u00c3\u00a0-9CHF.4.jpg'><img width=\"1\" height=\"1\" src=\"https:\/\/www.visit-ulcinj.com\/blog\/wp-content\/uploads\/2010\/06\/A-Ulcinj-Mont\u00c3\u00a9n\u00c3\u00a9gro-vacances-\u00c3\u00a0-9CHF.4.jpg\" class=\"attachment-thumbnail size-thumbnail\" alt=\"\" loading=\"lazy\" \/><\/a>\n\t\t\t<\/dt><\/dl><dl class='gallery-item'>\n\t\t\t<dt class='gallery-icon landscape'>\n\t\t\t\t<a href='https:\/\/www.visit-ulcinj.com\/blog\/wp-content\/uploads\/2010\/06\/Privatni-smestaj-Velika-Plaza1.jpg'><img width=\"150\" height=\"150\" src=\"https:\/\/www.visit-ulcinj.com\/blog\/wp-content\/uploads\/2010\/06\/Privatni-smestaj-Velika-Plaza1-150x150.jpg\" class=\"attachment-thumbnail size-thumbnail\" alt=\"\" loading=\"lazy\" \/><\/a>\n\t\t\t<\/dt><\/dl><br style=\"clear: both\" \/>\n\t\t<\/div>\n\n<p>[flv width=&#8221;490&#8243; height=&#8221;400&#8243;]http:\/\/cdn9.fliqz.com\/bca2a1bd98324f429cf68c31ef3b2269.flv[\/flv]<\/p>\n","protected":false},"excerpt":{"rendered":"<p>Email: Holiday House@gmail.com Privatni sme\u0161taj\u00a0 se nalazi\u00a0 na prelepom ambijentu Velike Pla\u017ee.Posjedujemo kapacitet sa nekoliko kreveta. Svaka soba ima kupatilo neke imaju mini kuhinje. Sobe nisu klimatizovane,svaka soba ima terasu i parking prostor. EKSKLUZIVNO za mjesec juni i septembar poseban popust&#8230; Provedite nezaboravne trenutke Va\u0161eg odmora u Privatni sme\u0161taj na predivnim pla\u017eama svjetskoga ranga kao [&hellip;]<\/p>\n","protected":false},"author":1,"featured_media":0,"comment_status":"open","ping_status":"closed","sticky":false,"template":"","format":"standard","meta":{"spay_email":"","jetpack_publicize_message":"","jetpack_is_tweetstorm":false,"jetpack_publicize_feature_enabled":true},"categories":[7679],"tags":[4032,14265,1860,11251,2105,20,15500,14061,15497,15496,13834,14677,10345,14263,15043,14264,15499,15498,15501,14676,11032,15602,1642,11260,11833,11261,15495,2110,3936,11034,2185,14066,7673,3696,19,4620],"jetpack_publicize_connections":[],"yoast_head":"<!-- This site is optimized with the Yoast SEO plugin v19.1 - https:\/\/yoast.com\/wordpress\/plugins\/seo\/ -->\n<title>Privatni smestaj Velika Plaza - Ulcinj - Crna Gora - Lajme nga Ulqini<\/title>\n<meta name=\"description\" content=\"Email: Holiday House@gmail.com Privatni sme\u0161taj\u00a0 se nalazi\u00a0 na prelepom ambijentu Velike Pla\u017ee.Posjedujemo kapacitet sa nekoliko kreveta. Svaka soba ima\" \/>\n<meta name=\"robots\" content=\"index, follow, max-snippet:-1, max-image-preview:large, max-video-preview:-1\" \/>\n<link rel=\"canonical\" href=\"https:\/\/www.visit-ulcinj.com\/blog\/2010\/06\/09\/privatni-smestaj-velika-plaza-ulcinj-crna-gora\/\" \/>\n<meta property=\"og:locale\" content=\"en_US\" \/>\n<meta property=\"og:type\" content=\"article\" \/>\n<meta property=\"og:title\" content=\"Privatni smestaj Velika Plaza - Ulcinj - Crna Gora - Lajme nga Ulqini\" \/>\n<meta property=\"og:description\" content=\"Email: Holiday House@gmail.com Privatni sme\u0161taj\u00a0 se nalazi\u00a0 na prelepom ambijentu Velike Pla\u017ee.Posjedujemo kapacitet sa nekoliko kreveta. Svaka soba ima\" \/>\n<meta property=\"og:url\" content=\"https:\/\/www.visit-ulcinj.com\/blog\/2010\/06\/09\/privatni-smestaj-velika-plaza-ulcinj-crna-gora\/\" \/>\n<meta property=\"og:site_name\" content=\"Lajme nga Ulqini\" \/>\n<meta property=\"article:published_time\" content=\"2010-06-09T20:44:37+00:00\" \/>\n<meta property=\"article:modified_time\" content=\"2022-06-13T12:31:09+00:00\" \/>\n<meta property=\"og:image\" content=\"https:\/\/www.visit-ulcinj.com\/blog\/wp-content\/uploads\/2010\/06\/Privatni-smestaj-Velika-Plaza-Ulcinj-Crna-Gora-150x150.jpg\" \/>\n<meta name=\"twitter:label1\" content=\"Written by\" \/>\n\t<meta name=\"twitter:data1\" content=\"ulqini\" \/>\n\t<meta name=\"twitter:label2\" content=\"Est. reading time\" \/>\n\t<meta name=\"twitter:data2\" content=\"1 minute\" \/>\n<script type=\"application\/ld+json\" class=\"yoast-schema-graph\">{\"@context\":\"https:\/\/schema.org\",\"@graph\":[{\"@type\":\"WebSite\",\"@id\":\"https:\/\/www.visit-ulcinj.com\/blog\/#website\",\"url\":\"https:\/\/www.visit-ulcinj.com\/blog\/\",\"name\":\"Lajme nga Ulqini\",\"description\":\"Lajme,Vijesti,Ulqini,Ulqin,Crna Gora,Mali i Zi\",\"potentialAction\":[{\"@type\":\"SearchAction\",\"target\":{\"@type\":\"EntryPoint\",\"urlTemplate\":\"https:\/\/www.visit-ulcinj.com\/blog\/?s={search_term_string}\"},\"query-input\":\"required name=search_term_string\"}],\"inLanguage\":\"en-US\"},{\"@type\":\"ImageObject\",\"inLanguage\":\"en-US\",\"@id\":\"https:\/\/www.visit-ulcinj.com\/blog\/2010\/06\/09\/privatni-smestaj-velika-plaza-ulcinj-crna-gora\/#primaryimage\",\"url\":\"https:\/\/www.visit-ulcinj.com\/blog\/wp-content\/uploads\/2010\/06\/Privatni-smestaj-Velika-Plaza-Ulcinj-Crna-Gora.jpg\",\"contentUrl\":\"https:\/\/www.visit-ulcinj.com\/blog\/wp-content\/uploads\/2010\/06\/Privatni-smestaj-Velika-Plaza-Ulcinj-Crna-Gora.jpg\",\"width\":\"640\",\"height\":\"400\"},{\"@type\":\"WebPage\",\"@id\":\"https:\/\/www.visit-ulcinj.com\/blog\/2010\/06\/09\/privatni-smestaj-velika-plaza-ulcinj-crna-gora\/#webpage\",\"url\":\"https:\/\/www.visit-ulcinj.com\/blog\/2010\/06\/09\/privatni-smestaj-velika-plaza-ulcinj-crna-gora\/\",\"name\":\"Privatni smestaj Velika Plaza - Ulcinj - Crna Gora - Lajme nga Ulqini\",\"isPartOf\":{\"@id\":\"https:\/\/www.visit-ulcinj.com\/blog\/#website\"},\"primaryImageOfPage\":{\"@id\":\"https:\/\/www.visit-ulcinj.com\/blog\/2010\/06\/09\/privatni-smestaj-velika-plaza-ulcinj-crna-gora\/#primaryimage\"},\"datePublished\":\"2010-06-09T20:44:37+00:00\",\"dateModified\":\"2022-06-13T12:31:09+00:00\",\"author\":{\"@id\":\"https:\/\/www.visit-ulcinj.com\/blog\/#\/schema\/person\/dcab619c614d3038751c63bc2aadc06d\"},\"description\":\"Email: Holiday House@gmail.com Privatni sme\u0161taj\u00a0 se nalazi\u00a0 na prelepom ambijentu Velike Pla\u017ee.Posjedujemo kapacitet sa nekoliko kreveta. Svaka soba ima\",\"breadcrumb\":{\"@id\":\"https:\/\/www.visit-ulcinj.com\/blog\/2010\/06\/09\/privatni-smestaj-velika-plaza-ulcinj-crna-gora\/#breadcrumb\"},\"inLanguage\":\"en-US\",\"potentialAction\":[{\"@type\":\"ReadAction\",\"target\":[\"https:\/\/www.visit-ulcinj.com\/blog\/2010\/06\/09\/privatni-smestaj-velika-plaza-ulcinj-crna-gora\/\"]}]},{\"@type\":\"BreadcrumbList\",\"@id\":\"https:\/\/www.visit-ulcinj.com\/blog\/2010\/06\/09\/privatni-smestaj-velika-plaza-ulcinj-crna-gora\/#breadcrumb\",\"itemListElement\":[{\"@type\":\"ListItem\",\"position\":1,\"name\":\"Privatni smestaj Velika Plaza &#8211; Ulcinj &#8211; Crna Gora\"}]},{\"@type\":\"Person\",\"@id\":\"https:\/\/www.visit-ulcinj.com\/blog\/#\/schema\/person\/dcab619c614d3038751c63bc2aadc06d\",\"name\":\"ulqini\",\"sameAs\":[\"http:\/\/www.visit-ulcinj.com\"],\"url\":\"https:\/\/www.visit-ulcinj.com\/blog\/author\/admin\/\"}]}<\/script>\n<!-- \/ Yoast SEO plugin. -->","yoast_head_json":{"title":"Privatni smestaj Velika Plaza - Ulcinj - Crna Gora - Lajme nga Ulqini","description":"Email: Holiday House@gmail.com Privatni sme\u0161taj\u00a0 se nalazi\u00a0 na prelepom ambijentu Velike Pla\u017ee.Posjedujemo kapacitet sa nekoliko kreveta. Svaka soba ima","robots":{"index":"index","follow":"follow","max-snippet":"max-snippet:-1","max-image-preview":"max-image-preview:large","max-video-preview":"max-video-preview:-1"},"canonical":"https:\/\/www.visit-ulcinj.com\/blog\/2010\/06\/09\/privatni-smestaj-velika-plaza-ulcinj-crna-gora\/","og_locale":"en_US","og_type":"article","og_title":"Privatni smestaj Velika Plaza - Ulcinj - Crna Gora - Lajme nga Ulqini","og_description":"Email: Holiday House@gmail.com Privatni sme\u0161taj\u00a0 se nalazi\u00a0 na prelepom ambijentu Velike Pla\u017ee.Posjedujemo kapacitet sa nekoliko kreveta. Svaka soba ima","og_url":"https:\/\/www.visit-ulcinj.com\/blog\/2010\/06\/09\/privatni-smestaj-velika-plaza-ulcinj-crna-gora\/","og_site_name":"Lajme nga Ulqini","article_published_time":"2010-06-09T20:44:37+00:00","article_modified_time":"2022-06-13T12:31:09+00:00","og_image":[{"url":"https:\/\/www.visit-ulcinj.com\/blog\/wp-content\/uploads\/2010\/06\/Privatni-smestaj-Velika-Plaza-Ulcinj-Crna-Gora-150x150.jpg"}],"twitter_misc":{"Written by":"ulqini","Est. reading time":"1 minute"},"schema":{"@context":"https:\/\/schema.org","@graph":[{"@type":"WebSite","@id":"https:\/\/www.visit-ulcinj.com\/blog\/#website","url":"https:\/\/www.visit-ulcinj.com\/blog\/","name":"Lajme nga Ulqini","description":"Lajme,Vijesti,Ulqini,Ulqin,Crna Gora,Mali i Zi","potentialAction":[{"@type":"SearchAction","target":{"@type":"EntryPoint","urlTemplate":"https:\/\/www.visit-ulcinj.com\/blog\/?s={search_term_string}"},"query-input":"required name=search_term_string"}],"inLanguage":"en-US"},{"@type":"ImageObject","inLanguage":"en-US","@id":"https:\/\/www.visit-ulcinj.com\/blog\/2010\/06\/09\/privatni-smestaj-velika-plaza-ulcinj-crna-gora\/#primaryimage","url":"https:\/\/www.visit-ulcinj.com\/blog\/wp-content\/uploads\/2010\/06\/Privatni-smestaj-Velika-Plaza-Ulcinj-Crna-Gora.jpg","contentUrl":"https:\/\/www.visit-ulcinj.com\/blog\/wp-content\/uploads\/2010\/06\/Privatni-smestaj-Velika-Plaza-Ulcinj-Crna-Gora.jpg","width":"640","height":"400"},{"@type":"WebPage","@id":"https:\/\/www.visit-ulcinj.com\/blog\/2010\/06\/09\/privatni-smestaj-velika-plaza-ulcinj-crna-gora\/#webpage","url":"https:\/\/www.visit-ulcinj.com\/blog\/2010\/06\/09\/privatni-smestaj-velika-plaza-ulcinj-crna-gora\/","name":"Privatni smestaj Velika Plaza - Ulcinj - Crna Gora - Lajme nga Ulqini","isPartOf":{"@id":"https:\/\/www.visit-ulcinj.com\/blog\/#website"},"primaryImageOfPage":{"@id":"https:\/\/www.visit-ulcinj.com\/blog\/2010\/06\/09\/privatni-smestaj-velika-plaza-ulcinj-crna-gora\/#primaryimage"},"datePublished":"2010-06-09T20:44:37+00:00","dateModified":"2022-06-13T12:31:09+00:00","author":{"@id":"https:\/\/www.visit-ulcinj.com\/blog\/#\/schema\/person\/dcab619c614d3038751c63bc2aadc06d"},"description":"Email: Holiday House@gmail.com Privatni sme\u0161taj\u00a0 se nalazi\u00a0 na prelepom ambijentu Velike Pla\u017ee.Posjedujemo kapacitet sa nekoliko kreveta. Svaka soba ima","breadcrumb":{"@id":"https:\/\/www.visit-ulcinj.com\/blog\/2010\/06\/09\/privatni-smestaj-velika-plaza-ulcinj-crna-gora\/#breadcrumb"},"inLanguage":"en-US","potentialAction":[{"@type":"ReadAction","target":["https:\/\/www.visit-ulcinj.com\/blog\/2010\/06\/09\/privatni-smestaj-velika-plaza-ulcinj-crna-gora\/"]}]},{"@type":"BreadcrumbList","@id":"https:\/\/www.visit-ulcinj.com\/blog\/2010\/06\/09\/privatni-smestaj-velika-plaza-ulcinj-crna-gora\/#breadcrumb","itemListElement":[{"@type":"ListItem","position":1,"name":"Privatni smestaj Velika Plaza &#8211; Ulcinj &#8211; Crna Gora"}]},{"@type":"Person","@id":"https:\/\/www.visit-ulcinj.com\/blog\/#\/schema\/person\/dcab619c614d3038751c63bc2aadc06d","name":"ulqini","sameAs":["http:\/\/www.visit-ulcinj.com"],"url":"https:\/\/www.visit-ulcinj.com\/blog\/author\/admin\/"}]}},"jetpack_featured_media_url":"","jetpack_sharing_enabled":true,"jetpack_shortlink":"https:\/\/wp.me\/pe6lTn-8XM","_links":{"self":[{"href":"https:\/\/www.visit-ulcinj.com\/blog\/wp-json\/wp\/v2\/posts\/34458"}],"collection":[{"href":"https:\/\/www.visit-ulcinj.com\/blog\/wp-json\/wp\/v2\/posts"}],"about":[{"href":"https:\/\/www.visit-ulcinj.com\/blog\/wp-json\/wp\/v2\/types\/post"}],"author":[{"embeddable":true,"href":"https:\/\/www.visit-ulcinj.com\/blog\/wp-json\/wp\/v2\/users\/1"}],"replies":[{"embeddable":true,"href":"https:\/\/www.visit-ulcinj.com\/blog\/wp-json\/wp\/v2\/comments?post=34458"}],"version-history":[{"count":16,"href":"https:\/\/www.visit-ulcinj.com\/blog\/wp-json\/wp\/v2\/posts\/34458\/revisions"}],"predecessor-version":[{"id":106699,"href":"https:\/\/www.visit-ulcinj.com\/blog\/wp-json\/wp\/v2\/posts\/34458\/revisions\/106699"}],"wp:attachment":[{"href":"https:\/\/www.visit-ulcinj.com\/blog\/wp-json\/wp\/v2\/media?parent=34458"}],"wp:term":[{"taxonomy":"category","embeddable":true,"href":"https:\/\/www.visit-ulcinj.com\/blog\/wp-json\/wp\/v2\/categories?post=34458"},{"taxonomy":"post_tag","embeddable":true,"href":"https:\/\/www.visit-ulcinj.com\/blog\/wp-json\/wp\/v2\/tags?post=34458"}],"curies":[{"name":"wp","href":"https:\/\/api.w.org\/{rel}","templated":true}]}}