{"id":3446,"date":"2008-09-19T11:29:40","date_gmt":"2008-09-19T16:29:40","guid":{"rendered":"http:\/\/www.visit-ulcinj.com\/blog\/?p=3446"},"modified":"2011-05-15T14:01:40","modified_gmt":"2011-05-15T13:01:40","slug":"taksa-u-ulcinju-11-puta-veca-nego-u-hnovom","status":"publish","type":"post","link":"https:\/\/www.visit-ulcinj.com\/blog\/2008\/09\/19\/taksa-u-ulcinju-11-puta-veca-nego-u-hnovom\/","title":{"rendered":"Taksa u Ulcinju 11 puta veca nego u H.Novom"},"content":{"rendered":"<p><a href=\"http:\/\/www.visit-ulcinj.com\/blog\/wp-content\/uploads\/2008\/09\/uba_ulcinj.jpg\"><img loading=\"lazy\" class=\"alignleft size-medium wp-image-3447\" title=\"uba_ulcinj\" src=\"http:\/\/www.visit-ulcinj.com\/blog\/wp-content\/uploads\/2008\/09\/uba_ulcinj-205x300.jpg\" alt=\"\" width=\"205\" height=\"300\" srcset=\"https:\/\/www.visit-ulcinj.com\/blog\/wp-content\/uploads\/2008\/09\/uba_ulcinj-205x300.jpg 205w, https:\/\/www.visit-ulcinj.com\/blog\/wp-content\/uploads\/2008\/09\/uba_ulcinj.jpg 280w\" sizes=\"(max-width: 205px) 100vw, 205px\" \/><\/a>U\u201eUlcinj Biznis Asocijaciji\u201c tvrde da najju\u017enija op\u0161tina ima najve?e op\u0161tinske namete<br \/>\nUlcinj \u2013 Takse za kori\u0161?enje javne povr\u0161ine, odnosno terase ispred ugostiteljskih objekata sezonskog karaktera, u op\u0161tini Ulcinj ve?e su 9,1 put nego u Baru, 11 puta u odnosu na Herceg Novi i 3,66 puta u odnosu na Budvu \u2013 tvrde u UBA ?iji su aktivisti radili uporednu analizu komunalne takse u svim primorskim op\u0161tinama i utrdili da je ona u Ulcinju na enormno visokom nivou i po nekoliko puta ve?a nego u ostalim gradovima. U saop\u0161tenju povodom teksta \u201eMorsko dobro je i obala rijeke\u201c objavljenom u \u201cVijestima\u201d, konstatuje se da i pored tako visokih nameta, dolazi do podudaranja i naplate iste takse privrednicima \u2013 jedne za Morsko dobro druge za Op\u0161tinu Ulcinj.<br \/>\n&#8211; S obzirom na to da je slu?aj dvostruke naplate i Morskom dobru i Op\u0161tini evidentiran samo u Ulcinju, pitamo se da li s obzirom na visinu cijena, lokalne komunalne takse predstavljaju jedini izvor finansiranja op\u0161tine Ulcinj. UBA je na zahtjev op\u0161tinskih slu\u017ebi, uputila svoju analizu Sekretarijatu za finansije. Me?utim, dok u tom sekretarijatu jo\u0161 analiziraju dokument UBA i dalje ?eka odgovor a privrednici i gra?ani pla?aju \u2013 ka\u017ee se u saop\u0161tenju i dodaje da se na taj na?in direktno uti?e na usporavanje ekonomskog razvoja, stvaranja novih barijera za biznis i dovodi u pitanju opstanak velikog broja preduze?a.<br \/>\n<strong>S. A.<br \/>\nIzvor \/ Vijesti<\/strong><\/p>\n\n\t\t<style type=\"text\/css\">\n\t\t\t#gallery-1 {\n\t\t\t\tmargin: auto;\n\t\t\t}\n\t\t\t#gallery-1 .gallery-item {\n\t\t\t\tfloat: left;\n\t\t\t\tmargin-top: 10px;\n\t\t\t\ttext-align: center;\n\t\t\t\twidth: 33%;\n\t\t\t}\n\t\t\t#gallery-1 img {\n\t\t\t\tborder: 2px solid #cfcfcf;\n\t\t\t}\n\t\t\t#gallery-1 .gallery-caption {\n\t\t\t\tmargin-left: 0;\n\t\t\t}\n\t\t\t\/* see gallery_shortcode() in wp-includes\/media.php *\/\n\t\t<\/style>\n\t\t<div id='gallery-1' class='gallery galleryid-3446 gallery-columns-3 gallery-size-thumbnail'><dl class='gallery-item'>\n\t\t\t<dt class='gallery-icon portrait'>\n\t\t\t\t<a href='https:\/\/www.visit-ulcinj.com\/blog\/2008\/09\/19\/taksa-u-ulcinju-11-puta-veca-nego-u-hnovom\/uba_ulcinj-2-3\/'><img width=\"150\" height=\"150\" src=\"https:\/\/www.visit-ulcinj.com\/blog\/wp-content\/uploads\/2008\/09\/uba_ulcinj-150x150.jpg\" class=\"attachment-thumbnail size-thumbnail\" alt=\"\" loading=\"lazy\" \/><\/a>\n\t\t\t<\/dt><\/dl><dl class='gallery-item'>\n\t\t\t<dt class='gallery-icon landscape'>\n\t\t\t\t<a href='https:\/\/www.visit-ulcinj.com\/blog\/2008\/09\/19\/taksa-u-ulcinju-11-puta-veca-nego-u-hnovom\/uba_ulcinj-6\/'><img width=\"150\" height=\"150\" src=\"https:\/\/www.visit-ulcinj.com\/blog\/wp-content\/uploads\/2008\/09\/uba_ulcinj-6-150x150.jpg\" class=\"attachment-thumbnail size-thumbnail\" alt=\"\" loading=\"lazy\" \/><\/a>\n\t\t\t<\/dt><\/dl><dl class='gallery-item'>\n\t\t\t<dt class='gallery-icon landscape'>\n\t\t\t\t<a href='https:\/\/www.visit-ulcinj.com\/blog\/2008\/09\/19\/taksa-u-ulcinju-11-puta-veca-nego-u-hnovom\/uba_ulcinj-5\/'><img width=\"150\" height=\"150\" src=\"https:\/\/www.visit-ulcinj.com\/blog\/wp-content\/uploads\/2008\/09\/uba_ulcinj-5-150x150.jpg\" class=\"attachment-thumbnail size-thumbnail\" alt=\"\" loading=\"lazy\" \/><\/a>\n\t\t\t<\/dt><\/dl><br style=\"clear: both\" \/><dl class='gallery-item'>\n\t\t\t<dt class='gallery-icon landscape'>\n\t\t\t\t<a href='https:\/\/www.visit-ulcinj.com\/blog\/2008\/09\/19\/taksa-u-ulcinju-11-puta-veca-nego-u-hnovom\/uba_ulcinj-4\/'><img width=\"150\" height=\"150\" src=\"https:\/\/www.visit-ulcinj.com\/blog\/wp-content\/uploads\/2008\/09\/uba_ulcinj-4-150x150.jpg\" class=\"attachment-thumbnail size-thumbnail\" alt=\"\" loading=\"lazy\" \/><\/a>\n\t\t\t<\/dt><\/dl><dl class='gallery-item'>\n\t\t\t<dt class='gallery-icon landscape'>\n\t\t\t\t<a href='https:\/\/www.visit-ulcinj.com\/blog\/2008\/09\/19\/taksa-u-ulcinju-11-puta-veca-nego-u-hnovom\/uba_ulcinj-3\/'><img width=\"150\" height=\"150\" src=\"https:\/\/www.visit-ulcinj.com\/blog\/wp-content\/uploads\/2008\/09\/uba_ulcinj-3-150x150.jpg\" class=\"attachment-thumbnail size-thumbnail\" alt=\"\" loading=\"lazy\" \/><\/a>\n\t\t\t<\/dt><\/dl><dl class='gallery-item'>\n\t\t\t<dt class='gallery-icon landscape'>\n\t\t\t\t<a href='https:\/\/www.visit-ulcinj.com\/blog\/2008\/09\/19\/taksa-u-ulcinju-11-puta-veca-nego-u-hnovom\/uba_ulcinj-2-2\/'><img width=\"150\" height=\"150\" src=\"https:\/\/www.visit-ulcinj.com\/blog\/wp-content\/uploads\/2008\/09\/uba_ulcinj-2-150x150.jpg\" class=\"attachment-thumbnail size-thumbnail\" alt=\"\" loading=\"lazy\" \/><\/a>\n\t\t\t<\/dt><\/dl><br style=\"clear: both\" \/><dl class='gallery-item'>\n\t\t\t<dt class='gallery-icon landscape'>\n\t\t\t\t<a href='https:\/\/www.visit-ulcinj.com\/blog\/2008\/09\/19\/taksa-u-ulcinju-11-puta-veca-nego-u-hnovom\/uba_ulcinj-1\/'><img width=\"150\" height=\"150\" src=\"https:\/\/www.visit-ulcinj.com\/blog\/wp-content\/uploads\/2008\/09\/uba_ulcinj-1-150x150.jpg\" class=\"attachment-thumbnail size-thumbnail\" alt=\"\" loading=\"lazy\" \/><\/a>\n\t\t\t<\/dt><\/dl>\n\t\t\t<br style='clear: both' \/>\n\t\t<\/div>\n\n<p style=\"text-align: center;\"><a href=\"http:\/\/www.visit-ulcinj.com\/?rub=taxicobi\"><img loading=\"lazy\" class=\"aligncenter size-full wp-image-2798\" title=\"taxi-cobi-ulqintaxi-cobi-ulcinjcrna-goramontenegromali-i-ziulqini\" src=\"http:\/\/www.visit-ulcinj.com\/blog\/wp-content\/uploads\/2008\/08\/taxi-cobi-ulqintaxi-cobi-ulcinjcrna-goramontenegromali-i-ziulqini.jpg\" alt=\"\" width=\"320\" height=\"150\" srcset=\"https:\/\/www.visit-ulcinj.com\/blog\/wp-content\/uploads\/2008\/08\/taxi-cobi-ulqintaxi-cobi-ulcinjcrna-goramontenegromali-i-ziulqini.jpg 320w, https:\/\/www.visit-ulcinj.com\/blog\/wp-content\/uploads\/2008\/08\/taxi-cobi-ulqintaxi-cobi-ulcinjcrna-goramontenegromali-i-ziulqini-300x140.jpg 300w\" sizes=\"(max-width: 320px) 100vw, 320px\" \/><\/a><\/p>\n","protected":false},"excerpt":{"rendered":"<p>U\u201eUlcinj Biznis Asocijaciji\u201c tvrde da najju\u017enija op\u0161tina ima najve?e op\u0161tinske namete Ulcinj \u2013 Takse za kori\u0161?enje javne povr\u0161ine, odnosno terase ispred ugostiteljskih objekata sezonskog karaktera, u op\u0161tini Ulcinj ve?e su 9,1 put nego u Baru, 11 puta u odnosu na Herceg Novi i 3,66 puta u odnosu na Budvu \u2013 tvrde u UBA ?iji su [&hellip;]<\/p>\n","protected":false},"author":1,"featured_media":0,"comment_status":"open","ping_status":"closed","sticky":false,"template":"","format":"standard","meta":{"spay_email":"","jetpack_publicize_message":"","jetpack_is_tweetstorm":false,"jetpack_publicize_feature_enabled":true},"categories":[10,12],"tags":[20,4573],"jetpack_publicize_connections":[],"yoast_head":"<!-- This site is optimized with the Yoast SEO plugin v19.1 - https:\/\/yoast.com\/wordpress\/plugins\/seo\/ -->\n<title>Taksa u Ulcinju 11 puta veca nego u H.Novom - Lajme nga Ulqini<\/title>\n<meta name=\"description\" content=\"U\u201eUlcinj Biznis Asocijaciji\u201c tvrde da najju\u017enija op\u0161tina ima najve?e op\u0161tinske namete Ulcinj \u2013 Takse za kori\u0161?enje javne povr\u0161ine, odnosno terase ispred\" \/>\n<meta name=\"robots\" content=\"index, follow, max-snippet:-1, max-image-preview:large, max-video-preview:-1\" \/>\n<link rel=\"canonical\" href=\"https:\/\/www.visit-ulcinj.com\/blog\/2008\/09\/19\/taksa-u-ulcinju-11-puta-veca-nego-u-hnovom\/\" \/>\n<meta property=\"og:locale\" content=\"en_US\" \/>\n<meta property=\"og:type\" content=\"article\" \/>\n<meta property=\"og:title\" content=\"Taksa u Ulcinju 11 puta veca nego u H.Novom - Lajme nga Ulqini\" \/>\n<meta property=\"og:description\" content=\"U\u201eUlcinj Biznis Asocijaciji\u201c tvrde da najju\u017enija op\u0161tina ima najve?e op\u0161tinske namete Ulcinj \u2013 Takse za kori\u0161?enje javne povr\u0161ine, odnosno terase ispred\" \/>\n<meta property=\"og:url\" content=\"https:\/\/www.visit-ulcinj.com\/blog\/2008\/09\/19\/taksa-u-ulcinju-11-puta-veca-nego-u-hnovom\/\" \/>\n<meta property=\"og:site_name\" content=\"Lajme nga Ulqini\" \/>\n<meta property=\"article:published_time\" content=\"2008-09-19T16:29:40+00:00\" \/>\n<meta property=\"article:modified_time\" content=\"2011-05-15T13:01:40+00:00\" \/>\n<meta property=\"og:image\" content=\"https:\/\/www.visit-ulcinj.com\/blog\/wp-content\/uploads\/2008\/09\/uba_ulcinj-150x150.jpg\" \/>\n<meta name=\"twitter:label1\" content=\"Written by\" \/>\n\t<meta name=\"twitter:data1\" content=\"ulqini\" \/>\n\t<meta name=\"twitter:label2\" content=\"Est. reading time\" \/>\n\t<meta name=\"twitter:data2\" content=\"1 minute\" \/>\n<script type=\"application\/ld+json\" class=\"yoast-schema-graph\">{\"@context\":\"https:\/\/schema.org\",\"@graph\":[{\"@type\":\"WebSite\",\"@id\":\"https:\/\/www.visit-ulcinj.com\/blog\/#website\",\"url\":\"https:\/\/www.visit-ulcinj.com\/blog\/\",\"name\":\"Lajme nga Ulqini\",\"description\":\"Lajme,Vijesti,Ulqini,Ulqin,Crna Gora,Mali i Zi\",\"potentialAction\":[{\"@type\":\"SearchAction\",\"target\":{\"@type\":\"EntryPoint\",\"urlTemplate\":\"https:\/\/www.visit-ulcinj.com\/blog\/?s={search_term_string}\"},\"query-input\":\"required name=search_term_string\"}],\"inLanguage\":\"en-US\"},{\"@type\":\"ImageObject\",\"inLanguage\":\"en-US\",\"@id\":\"https:\/\/www.visit-ulcinj.com\/blog\/2008\/09\/19\/taksa-u-ulcinju-11-puta-veca-nego-u-hnovom\/#primaryimage\",\"url\":\"http:\/\/www.visit-ulcinj.com\/blog\/wp-content\/uploads\/2008\/09\/uba_ulcinj-205x300.jpg\",\"contentUrl\":\"http:\/\/www.visit-ulcinj.com\/blog\/wp-content\/uploads\/2008\/09\/uba_ulcinj-205x300.jpg\"},{\"@type\":\"WebPage\",\"@id\":\"https:\/\/www.visit-ulcinj.com\/blog\/2008\/09\/19\/taksa-u-ulcinju-11-puta-veca-nego-u-hnovom\/#webpage\",\"url\":\"https:\/\/www.visit-ulcinj.com\/blog\/2008\/09\/19\/taksa-u-ulcinju-11-puta-veca-nego-u-hnovom\/\",\"name\":\"Taksa u Ulcinju 11 puta veca nego u H.Novom - Lajme nga Ulqini\",\"isPartOf\":{\"@id\":\"https:\/\/www.visit-ulcinj.com\/blog\/#website\"},\"primaryImageOfPage\":{\"@id\":\"https:\/\/www.visit-ulcinj.com\/blog\/2008\/09\/19\/taksa-u-ulcinju-11-puta-veca-nego-u-hnovom\/#primaryimage\"},\"datePublished\":\"2008-09-19T16:29:40+00:00\",\"dateModified\":\"2011-05-15T13:01:40+00:00\",\"author\":{\"@id\":\"https:\/\/www.visit-ulcinj.com\/blog\/#\/schema\/person\/dcab619c614d3038751c63bc2aadc06d\"},\"description\":\"U\u201eUlcinj Biznis Asocijaciji\u201c tvrde da najju\u017enija op\u0161tina ima najve?e op\u0161tinske namete Ulcinj \u2013 Takse za kori\u0161?enje javne povr\u0161ine, odnosno terase ispred\",\"breadcrumb\":{\"@id\":\"https:\/\/www.visit-ulcinj.com\/blog\/2008\/09\/19\/taksa-u-ulcinju-11-puta-veca-nego-u-hnovom\/#breadcrumb\"},\"inLanguage\":\"en-US\",\"potentialAction\":[{\"@type\":\"ReadAction\",\"target\":[\"https:\/\/www.visit-ulcinj.com\/blog\/2008\/09\/19\/taksa-u-ulcinju-11-puta-veca-nego-u-hnovom\/\"]}]},{\"@type\":\"BreadcrumbList\",\"@id\":\"https:\/\/www.visit-ulcinj.com\/blog\/2008\/09\/19\/taksa-u-ulcinju-11-puta-veca-nego-u-hnovom\/#breadcrumb\",\"itemListElement\":[{\"@type\":\"ListItem\",\"position\":1,\"name\":\"Taksa u Ulcinju 11 puta veca nego u H.Novom\"}]},{\"@type\":\"Person\",\"@id\":\"https:\/\/www.visit-ulcinj.com\/blog\/#\/schema\/person\/dcab619c614d3038751c63bc2aadc06d\",\"name\":\"ulqini\",\"sameAs\":[\"http:\/\/www.visit-ulcinj.com\"],\"url\":\"https:\/\/www.visit-ulcinj.com\/blog\/author\/admin\/\"}]}<\/script>\n<!-- \/ Yoast SEO plugin. -->","yoast_head_json":{"title":"Taksa u Ulcinju 11 puta veca nego u H.Novom - Lajme nga Ulqini","description":"U\u201eUlcinj Biznis Asocijaciji\u201c tvrde da najju\u017enija op\u0161tina ima najve?e op\u0161tinske namete Ulcinj \u2013 Takse za kori\u0161?enje javne povr\u0161ine, odnosno terase ispred","robots":{"index":"index","follow":"follow","max-snippet":"max-snippet:-1","max-image-preview":"max-image-preview:large","max-video-preview":"max-video-preview:-1"},"canonical":"https:\/\/www.visit-ulcinj.com\/blog\/2008\/09\/19\/taksa-u-ulcinju-11-puta-veca-nego-u-hnovom\/","og_locale":"en_US","og_type":"article","og_title":"Taksa u Ulcinju 11 puta veca nego u H.Novom - Lajme nga Ulqini","og_description":"U\u201eUlcinj Biznis Asocijaciji\u201c tvrde da najju\u017enija op\u0161tina ima najve?e op\u0161tinske namete Ulcinj \u2013 Takse za kori\u0161?enje javne povr\u0161ine, odnosno terase ispred","og_url":"https:\/\/www.visit-ulcinj.com\/blog\/2008\/09\/19\/taksa-u-ulcinju-11-puta-veca-nego-u-hnovom\/","og_site_name":"Lajme nga Ulqini","article_published_time":"2008-09-19T16:29:40+00:00","article_modified_time":"2011-05-15T13:01:40+00:00","og_image":[{"url":"https:\/\/www.visit-ulcinj.com\/blog\/wp-content\/uploads\/2008\/09\/uba_ulcinj-150x150.jpg"}],"twitter_misc":{"Written by":"ulqini","Est. reading time":"1 minute"},"schema":{"@context":"https:\/\/schema.org","@graph":[{"@type":"WebSite","@id":"https:\/\/www.visit-ulcinj.com\/blog\/#website","url":"https:\/\/www.visit-ulcinj.com\/blog\/","name":"Lajme nga Ulqini","description":"Lajme,Vijesti,Ulqini,Ulqin,Crna Gora,Mali i Zi","potentialAction":[{"@type":"SearchAction","target":{"@type":"EntryPoint","urlTemplate":"https:\/\/www.visit-ulcinj.com\/blog\/?s={search_term_string}"},"query-input":"required name=search_term_string"}],"inLanguage":"en-US"},{"@type":"ImageObject","inLanguage":"en-US","@id":"https:\/\/www.visit-ulcinj.com\/blog\/2008\/09\/19\/taksa-u-ulcinju-11-puta-veca-nego-u-hnovom\/#primaryimage","url":"http:\/\/www.visit-ulcinj.com\/blog\/wp-content\/uploads\/2008\/09\/uba_ulcinj-205x300.jpg","contentUrl":"http:\/\/www.visit-ulcinj.com\/blog\/wp-content\/uploads\/2008\/09\/uba_ulcinj-205x300.jpg"},{"@type":"WebPage","@id":"https:\/\/www.visit-ulcinj.com\/blog\/2008\/09\/19\/taksa-u-ulcinju-11-puta-veca-nego-u-hnovom\/#webpage","url":"https:\/\/www.visit-ulcinj.com\/blog\/2008\/09\/19\/taksa-u-ulcinju-11-puta-veca-nego-u-hnovom\/","name":"Taksa u Ulcinju 11 puta veca nego u H.Novom - Lajme nga Ulqini","isPartOf":{"@id":"https:\/\/www.visit-ulcinj.com\/blog\/#website"},"primaryImageOfPage":{"@id":"https:\/\/www.visit-ulcinj.com\/blog\/2008\/09\/19\/taksa-u-ulcinju-11-puta-veca-nego-u-hnovom\/#primaryimage"},"datePublished":"2008-09-19T16:29:40+00:00","dateModified":"2011-05-15T13:01:40+00:00","author":{"@id":"https:\/\/www.visit-ulcinj.com\/blog\/#\/schema\/person\/dcab619c614d3038751c63bc2aadc06d"},"description":"U\u201eUlcinj Biznis Asocijaciji\u201c tvrde da najju\u017enija op\u0161tina ima najve?e op\u0161tinske namete Ulcinj \u2013 Takse za kori\u0161?enje javne povr\u0161ine, odnosno terase ispred","breadcrumb":{"@id":"https:\/\/www.visit-ulcinj.com\/blog\/2008\/09\/19\/taksa-u-ulcinju-11-puta-veca-nego-u-hnovom\/#breadcrumb"},"inLanguage":"en-US","potentialAction":[{"@type":"ReadAction","target":["https:\/\/www.visit-ulcinj.com\/blog\/2008\/09\/19\/taksa-u-ulcinju-11-puta-veca-nego-u-hnovom\/"]}]},{"@type":"BreadcrumbList","@id":"https:\/\/www.visit-ulcinj.com\/blog\/2008\/09\/19\/taksa-u-ulcinju-11-puta-veca-nego-u-hnovom\/#breadcrumb","itemListElement":[{"@type":"ListItem","position":1,"name":"Taksa u Ulcinju 11 puta veca nego u H.Novom"}]},{"@type":"Person","@id":"https:\/\/www.visit-ulcinj.com\/blog\/#\/schema\/person\/dcab619c614d3038751c63bc2aadc06d","name":"ulqini","sameAs":["http:\/\/www.visit-ulcinj.com"],"url":"https:\/\/www.visit-ulcinj.com\/blog\/author\/admin\/"}]}},"jetpack_featured_media_url":"","jetpack_sharing_enabled":true,"jetpack_shortlink":"https:\/\/wp.me\/pe6lTn-TA","_links":{"self":[{"href":"https:\/\/www.visit-ulcinj.com\/blog\/wp-json\/wp\/v2\/posts\/3446"}],"collection":[{"href":"https:\/\/www.visit-ulcinj.com\/blog\/wp-json\/wp\/v2\/posts"}],"about":[{"href":"https:\/\/www.visit-ulcinj.com\/blog\/wp-json\/wp\/v2\/types\/post"}],"author":[{"embeddable":true,"href":"https:\/\/www.visit-ulcinj.com\/blog\/wp-json\/wp\/v2\/users\/1"}],"replies":[{"embeddable":true,"href":"https:\/\/www.visit-ulcinj.com\/blog\/wp-json\/wp\/v2\/comments?post=3446"}],"version-history":[{"count":0,"href":"https:\/\/www.visit-ulcinj.com\/blog\/wp-json\/wp\/v2\/posts\/3446\/revisions"}],"wp:attachment":[{"href":"https:\/\/www.visit-ulcinj.com\/blog\/wp-json\/wp\/v2\/media?parent=3446"}],"wp:term":[{"taxonomy":"category","embeddable":true,"href":"https:\/\/www.visit-ulcinj.com\/blog\/wp-json\/wp\/v2\/categories?post=3446"},{"taxonomy":"post_tag","embeddable":true,"href":"https:\/\/www.visit-ulcinj.com\/blog\/wp-json\/wp\/v2\/tags?post=3446"}],"curies":[{"name":"wp","href":"https:\/\/api.w.org\/{rel}","templated":true}]}}