{"id":34511,"date":"2010-06-10T18:29:42","date_gmt":"2010-06-10T16:29:42","guid":{"rendered":"http:\/\/www.visit-ulcinj.com\/blog\/?p=34511"},"modified":"2010-06-10T18:39:50","modified_gmt":"2010-06-10T16:39:50","slug":"sezona-kao-elementarna-katastrofa","status":"publish","type":"post","link":"https:\/\/www.visit-ulcinj.com\/blog\/2010\/06\/10\/sezona-kao-elementarna-katastrofa\/","title":{"rendered":"Sezona kao elementarna katastrofa"},"content":{"rendered":"<p><a href=\"http:\/\/www.visit-ulcinj.com\/blog\/wp-content\/uploads\/2010\/06\/Sezona-kao-elementarna-katastrofa-Ulcinja.jpg\"><img loading=\"lazy\" class=\"alignleft size-full wp-image-34512\" title=\"Sezona kao elementarna katastrofa Ulcinja\" src=\"http:\/\/www.visit-ulcinj.com\/blog\/wp-content\/uploads\/2010\/06\/Sezona-kao-elementarna-katastrofa-Ulcinja.jpg\" alt=\"Sezona kao elementarna katastrofa Ulcinja\" width=\"490\" height=\"380\" \/><\/a>Bi?e ovo najte\u017ea sezona za ulcinjski turizam u posljednjih 20 godina. Svi pokazatelji i analize govore da ?e ona biti znatno lo\u0161ija od pro\u0161logodi\u0161nje. Bojim se da smo izgubili i idu?u sezonu, da o ovoj i ne govorimo. Jer, ugovora prakti?no nema, kontakte sa starim partnerima smo izgubili, gostiju je manje nego lani. Sve se svodi na simuliranje. Turizam je za Ulcinj jo\u0161 samo u uspomenama, na fotografijama i u knjigama&#8221;, ka\u017ee za Monitor stari turisti?ki radnik D\u017eaudet-D\u017eo Abazovi?.<\/p>\n<p><img loading=\"lazy\" class=\"alignleft\" src=\"http:\/\/www.visit-ulcinj.com\/blog\/wp-content\/uploads\/2009\/07\/D%C5%BEaudet-D%C5%BEo-Abazovi%C4%87_Ulcinj.jpg\" alt=\"\" width=\"150\" height=\"254\" \/>DEBAKL: Situacija na terenu i signali s emitivnih tr\u017ei\u0161ta zaista pokazuju da ?e turisti?ka 2010. biti za Ulcinj jo\u0161 jedna izgubljena godina.<br \/>\nU ostacima ostataka nekada\u0161njih hotelskih objekata krajem ove ne?elje boravi za ?etvrtinu manje gostiju nego lani. Rezervacija za sami \u0161pic sezone je malo, posebno iz zemalja Zapadne i Centralne Evrope. Zbog sni\u017eavanja cijena finansijski rezultati bi?e za tre?inu slabiji od pro\u0161logodi\u0161njih. Jo\u0161 ako i vrijeme ne poslu\u017ei one koji o?ekuju nekakvu crkavicu, sezona bi mogla biti ozna?ena elementarnom katastrofom.<br \/>\nPokazalo se da je bitku za goste Ulcinj prije svega izgubio na svom terenu. Sve dr\u017eavne i lokalne institucije su zakazale. Turizam se ve? pune dvije decenije ov?e ne shvata kao najva\u017enija privredna djelatnost, ve? kao dvomjese?na prilika da se ne\u0161to ugrabi. I kao mjesto za uhljebljenje podobnih i pogodnih kadrova. Politika, ta?nije isprazno politikanstvo, pojela je ulcinjska preduze?a, resurse i turizam.<br \/>\nU skladu s la\u017enim obe?anjima, ide i retorika. Projekti i kompjuterske simulacije za Veliku pla\u017eu, Adu, Valdanos i \u0160as su vrhunac. Samo jo\u0161 malo pa ?e ovaj grad, kako njegove \u017eitelje poku\u0161avaju ubijediti dr\u017eavni i lokalni ?elnici, postati Dubai, Nica, Kan, Monte Karlo. Sve, samo ne Ulcinj. Trenutna iluzija je va\u017enija od dugoro?ne vizije.<\/p>\n<p>PRIVATIZACIJA: Praksa je, me?utim, tu\u017ena. Ulcinj je prije 75 godina imao vi\u0161e kvalitetnih hotela nego danas. Ono \u0161to je \u201esrce grada&#8221; krasilo ?ak i u Kraljevini Jugoslaviji vi\u0161e ne postoji. Hoteli Jadran, Galeb i Republika mogu se vidjeti samo na starim slikama.<br \/>\nNema vi\u0161e ni hotela Grand Lido ni Lido, Belvi i Olimpik su izgra?eni prije 45, odnosno 40 godina i ne mogu podmiriti potrebe visoke klijentele, Mediteran i pored urgencija ameri?ke ambasade ne mo\u017ee dobiti odobrenje za izgradnju novog objekta, a novi \u201ehladan tu\u0161&#8221; stigao je prije nekoliko dana. Jedini ve?i objekat sa ?etiri zvjezdice, hotel Otrant, kojim zvani?no rukovodi moskovska kompanija Barkli Montenegro, ne?e raditi ove sezone. Kako se navodi u zvani?nom saop\u0161tenju, na taj potez rukovodstvo firme odlu?ilo se zbog \u201eglobalne krize, lo\u0161e infrastrukture i kriti?ne ekolo\u0161ke situacije kanala Port Milena&#8221;.<br \/>\nSvi navedeni razlozi stoje, ali treba dodati da je taj hotel lo\u0161e renoviran, radnicima se ve? tri mjeseca ne ispla?uju zarade, banke tra\u017ee otplatu kredita.<br \/>\n\u201eNedostatak hotelskih kapaciteta najve?a je ko?nica razvoja ulcinjskog turizma&#8221;, ka\u017ee direktor hotela Albatros D\u017eemal Bu\u0161atli?.<br \/>\nPodaci pokazuju da hoteli danas u?estvuju u ukupnim smje\u0161tajnim kapacitetima op\u0161tine s ne\u0161to vi\u0161e od jedan odsto! To je svakako jedinstven slu?aj na Mediteranu. Prije samo dvadeset godina u?e\u0161?e hotelskog smje\u0161taja u ukupnim kapacitetima iznosilo je oko 20 odsto.<br \/>\nMRTVAJA: Bu\u0161atli? isti?e da se to vrlo nepovoljno odra\u017eava na turisti?ku ponudu grada, du\u017einu trajanja sezone, promet, konkurentnost destinacije. \u201eTreba li se onda ?uditi \u0161to na\u0161i vjerni partneri iz njema?ke agencije Nekerman &#8211; Tomas Kuk ka\u017eu da ulcinjski hoteli ne odgovaraju zahtjevima njihove klijentele&#8221;, pita se on i zaklju?uje da je ovo stanje prvenstveno produkt \u0161tetnog procesa privatizacije.<br \/>\nDok se ona sprovodila paralelno je tekao proces \u201ekaubojske apartmanizacije&#8221;, a promijenjena je i slika monumentalnog Starog grada. Naime, na ju\u017enoj strani, na samoj pjeni od mora, po?ela je prije tri godine, a lani stala, gradnja nekakvog kazino-hotela. Za sada se nazire tek betonsko utvr?enje. Niko pouzdano ne zna kome ono pripada. Nezvani?no se govori da je investitor kontroverzni crnogorski biznismen. Pokazatelj njegove mo?i je ogromna dizalica koja i dalje stoji na velikoj skeli, ispred drevnih zidina, kvare?i izgled te jedinstvene tvr?ave iz petog vijeka prije nove ere.<br \/>\nU i\u0161?ekivanju lo\u0161e sezone i kreditnih obaveza koje sna\u017eno pritiskaju gra?ane i preduze?a, \u0161to za posljedicu ima porast nervoze, u Ulcinju se vode te\u0161ki pregovori o formiranju lokalne vlasti. Kao da politi?ari ne vide realan \u017eivot, ne slute jo\u0161 jednu lo\u0161u sezonu i sve obaveze i dugove koje ?e op\u0161tinskom bud\u017eetu do?i na naplatu u septembru.<br \/>\nUlcinjani danas, ipak, priznaju: njihov grad prakti?no ne postoji na turisti?koj karti Evrope. Sve vi\u0161e postaje mrtvaja. Kome on takav treba? Vidi li se to iz Podgorice?<\/p>\n<p><strong><br \/>\n<a href=\"http:\/\/www.monitorcg.me\/index.php?option=com_content&amp;view=article&amp;id=1334:sezona-kao-elementarna-katastrofa&amp;catid=133:novi-broj-tekstovi&amp;Itemid=1267\" target=\"_blank\">Mustafa CANKA<br \/>\nMONITOR<br \/>\n\n\t\t<style type=\"text\/css\">\n\t\t\t#gallery-1 {\n\t\t\t\tmargin: auto;\n\t\t\t}\n\t\t\t#gallery-1 .gallery-item {\n\t\t\t\tfloat: left;\n\t\t\t\tmargin-top: 10px;\n\t\t\t\ttext-align: center;\n\t\t\t\twidth: 33%;\n\t\t\t}\n\t\t\t#gallery-1 img {\n\t\t\t\tborder: 2px solid #cfcfcf;\n\t\t\t}\n\t\t\t#gallery-1 .gallery-caption {\n\t\t\t\tmargin-left: 0;\n\t\t\t}\n\t\t\t\/* see gallery_shortcode() in wp-includes\/media.php *\/\n\t\t<\/style>\n\t\t<div id='gallery-1' class='gallery galleryid-34511 gallery-columns-3 gallery-size-thumbnail'><dl class='gallery-item'>\n\t\t\t<dt class='gallery-icon landscape'>\n\t\t\t\t<a href='https:\/\/www.visit-ulcinj.com\/blog\/wp-content\/uploads\/2010\/06\/Sezona-kao-elementarna-katastrofa-Ulcinja.jpg'><img width=\"150\" height=\"150\" src=\"https:\/\/www.visit-ulcinj.com\/blog\/wp-content\/uploads\/2010\/06\/Sezona-kao-elementarna-katastrofa-Ulcinja-150x150.jpg\" class=\"attachment-thumbnail size-thumbnail\" alt=\"\" loading=\"lazy\" \/><\/a>\n\t\t\t<\/dt><\/dl><dl class='gallery-item'>\n\t\t\t<dt class='gallery-icon landscape'>\n\t\t\t\t<a href='https:\/\/www.visit-ulcinj.com\/blog\/wp-content\/uploads\/2010\/06\/te-kalaja-e-ulqint.jpg'><img width=\"150\" height=\"150\" src=\"https:\/\/www.visit-ulcinj.com\/blog\/wp-content\/uploads\/2010\/06\/te-kalaja-e-ulqint-150x150.jpg\" class=\"attachment-thumbnail size-thumbnail\" alt=\"\" loading=\"lazy\" \/><\/a>\n\t\t\t<\/dt><\/dl><dl class='gallery-item'>\n\t\t\t<dt class='gallery-icon landscape'>\n\t\t\t\t<a href='https:\/\/www.visit-ulcinj.com\/blog\/wp-content\/uploads\/2010\/06\/Sezona-kao-elementarna-katastrofa-Ulcinja.2.jpg'><img width=\"150\" height=\"150\" src=\"https:\/\/www.visit-ulcinj.com\/blog\/wp-content\/uploads\/2010\/06\/Sezona-kao-elementarna-katastrofa-Ulcinja.2-150x150.jpg\" class=\"attachment-thumbnail size-thumbnail\" alt=\"\" loading=\"lazy\" \/><\/a>\n\t\t\t<\/dt><\/dl><br style=\"clear: both\" \/>\n\t\t<\/div>\n<\/p>\n<p><\/a><\/strong><\/p>\n<p><strong><a href=\"http:\/\/www.monitorcg.me\/index.php?option=com_content&amp;view=article&amp;id=1334:sezona-kao-elementarna-katastrofa&amp;catid=133:novi-broj-tekstovi&amp;Itemid=1267\" target=\"_blank\"><br \/>\n<\/a><!--YouTube Error: bad URL entered--><\/strong><\/p>\n<p><strong><br \/>\n<\/strong><\/p>\n","protected":false},"excerpt":{"rendered":"<p>Bi?e ovo najte\u017ea sezona za ulcinjski turizam u posljednjih 20 godina. Svi pokazatelji i analize govore da ?e ona biti znatno lo\u0161ija od pro\u0161logodi\u0161nje. Bojim se da smo izgubili i idu?u sezonu, da o ovoj i ne govorimo. Jer, ugovora prakti?no nema, kontakte sa starim partnerima smo izgubili, gostiju je manje nego lani. Sve se [&hellip;]<\/p>\n","protected":false},"author":1,"featured_media":0,"comment_status":"open","ping_status":"closed","sticky":false,"template":"","format":"standard","meta":{"spay_email":"","jetpack_publicize_message":"","jetpack_is_tweetstorm":false,"jetpack_publicize_feature_enabled":true},"categories":[11],"tags":[20,19],"jetpack_publicize_connections":[],"yoast_head":"<!-- This site is optimized with the Yoast SEO plugin v19.1 - https:\/\/yoast.com\/wordpress\/plugins\/seo\/ -->\n<title>Sezona kao elementarna katastrofa - Lajme nga Ulqini<\/title>\n<meta name=\"description\" content=\"Bi?e ovo najte\u017ea sezona za ulcinjski turizam u posljednjih 20 godina. Svi pokazatelji i analize govore da ?e ona biti znatno lo\u0161ija od pro\u0161logodi\u0161nje.\" \/>\n<meta name=\"robots\" content=\"index, follow, max-snippet:-1, max-image-preview:large, max-video-preview:-1\" \/>\n<link rel=\"canonical\" href=\"https:\/\/www.visit-ulcinj.com\/blog\/2010\/06\/10\/sezona-kao-elementarna-katastrofa\/\" \/>\n<meta property=\"og:locale\" content=\"en_US\" \/>\n<meta property=\"og:type\" content=\"article\" \/>\n<meta property=\"og:title\" content=\"Sezona kao elementarna katastrofa - Lajme nga Ulqini\" \/>\n<meta property=\"og:description\" content=\"Bi?e ovo najte\u017ea sezona za ulcinjski turizam u posljednjih 20 godina. Svi pokazatelji i analize govore da ?e ona biti znatno lo\u0161ija od pro\u0161logodi\u0161nje.\" \/>\n<meta property=\"og:url\" content=\"https:\/\/www.visit-ulcinj.com\/blog\/2010\/06\/10\/sezona-kao-elementarna-katastrofa\/\" \/>\n<meta property=\"og:site_name\" content=\"Lajme nga Ulqini\" \/>\n<meta property=\"article:published_time\" content=\"2010-06-10T16:29:42+00:00\" \/>\n<meta property=\"article:modified_time\" content=\"2010-06-10T16:39:50+00:00\" \/>\n<meta property=\"og:image\" content=\"https:\/\/www.visit-ulcinj.com\/blog\/wp-content\/uploads\/2010\/06\/Sezona-kao-elementarna-katastrofa-Ulcinja-150x150.jpg\" \/>\n<meta name=\"twitter:label1\" content=\"Written by\" \/>\n\t<meta name=\"twitter:data1\" content=\"ulqini\" \/>\n\t<meta name=\"twitter:label2\" content=\"Est. reading time\" \/>\n\t<meta name=\"twitter:data2\" content=\"4 minutes\" \/>\n<script type=\"application\/ld+json\" class=\"yoast-schema-graph\">{\"@context\":\"https:\/\/schema.org\",\"@graph\":[{\"@type\":\"WebSite\",\"@id\":\"https:\/\/www.visit-ulcinj.com\/blog\/#website\",\"url\":\"https:\/\/www.visit-ulcinj.com\/blog\/\",\"name\":\"Lajme nga Ulqini\",\"description\":\"Lajme,Vijesti,Ulqini,Ulqin,Crna Gora,Mali i Zi\",\"potentialAction\":[{\"@type\":\"SearchAction\",\"target\":{\"@type\":\"EntryPoint\",\"urlTemplate\":\"https:\/\/www.visit-ulcinj.com\/blog\/?s={search_term_string}\"},\"query-input\":\"required name=search_term_string\"}],\"inLanguage\":\"en-US\"},{\"@type\":\"ImageObject\",\"inLanguage\":\"en-US\",\"@id\":\"https:\/\/www.visit-ulcinj.com\/blog\/2010\/06\/10\/sezona-kao-elementarna-katastrofa\/#primaryimage\",\"url\":\"https:\/\/www.visit-ulcinj.com\/blog\/wp-content\/uploads\/2010\/06\/Sezona-kao-elementarna-katastrofa-Ulcinja.jpg\",\"contentUrl\":\"https:\/\/www.visit-ulcinj.com\/blog\/wp-content\/uploads\/2010\/06\/Sezona-kao-elementarna-katastrofa-Ulcinja.jpg\",\"width\":\"579\",\"height\":\"411\"},{\"@type\":\"WebPage\",\"@id\":\"https:\/\/www.visit-ulcinj.com\/blog\/2010\/06\/10\/sezona-kao-elementarna-katastrofa\/#webpage\",\"url\":\"https:\/\/www.visit-ulcinj.com\/blog\/2010\/06\/10\/sezona-kao-elementarna-katastrofa\/\",\"name\":\"Sezona kao elementarna katastrofa - Lajme nga Ulqini\",\"isPartOf\":{\"@id\":\"https:\/\/www.visit-ulcinj.com\/blog\/#website\"},\"primaryImageOfPage\":{\"@id\":\"https:\/\/www.visit-ulcinj.com\/blog\/2010\/06\/10\/sezona-kao-elementarna-katastrofa\/#primaryimage\"},\"datePublished\":\"2010-06-10T16:29:42+00:00\",\"dateModified\":\"2010-06-10T16:39:50+00:00\",\"author\":{\"@id\":\"https:\/\/www.visit-ulcinj.com\/blog\/#\/schema\/person\/dcab619c614d3038751c63bc2aadc06d\"},\"description\":\"Bi?e ovo najte\u017ea sezona za ulcinjski turizam u posljednjih 20 godina. Svi pokazatelji i analize govore da ?e ona biti znatno lo\u0161ija od pro\u0161logodi\u0161nje.\",\"breadcrumb\":{\"@id\":\"https:\/\/www.visit-ulcinj.com\/blog\/2010\/06\/10\/sezona-kao-elementarna-katastrofa\/#breadcrumb\"},\"inLanguage\":\"en-US\",\"potentialAction\":[{\"@type\":\"ReadAction\",\"target\":[\"https:\/\/www.visit-ulcinj.com\/blog\/2010\/06\/10\/sezona-kao-elementarna-katastrofa\/\"]}]},{\"@type\":\"BreadcrumbList\",\"@id\":\"https:\/\/www.visit-ulcinj.com\/blog\/2010\/06\/10\/sezona-kao-elementarna-katastrofa\/#breadcrumb\",\"itemListElement\":[{\"@type\":\"ListItem\",\"position\":1,\"name\":\"Sezona kao elementarna katastrofa\"}]},{\"@type\":\"Person\",\"@id\":\"https:\/\/www.visit-ulcinj.com\/blog\/#\/schema\/person\/dcab619c614d3038751c63bc2aadc06d\",\"name\":\"ulqini\",\"sameAs\":[\"http:\/\/www.visit-ulcinj.com\"],\"url\":\"https:\/\/www.visit-ulcinj.com\/blog\/author\/admin\/\"}]}<\/script>\n<!-- \/ Yoast SEO plugin. -->","yoast_head_json":{"title":"Sezona kao elementarna katastrofa - Lajme nga Ulqini","description":"Bi?e ovo najte\u017ea sezona za ulcinjski turizam u posljednjih 20 godina. Svi pokazatelji i analize govore da ?e ona biti znatno lo\u0161ija od pro\u0161logodi\u0161nje.","robots":{"index":"index","follow":"follow","max-snippet":"max-snippet:-1","max-image-preview":"max-image-preview:large","max-video-preview":"max-video-preview:-1"},"canonical":"https:\/\/www.visit-ulcinj.com\/blog\/2010\/06\/10\/sezona-kao-elementarna-katastrofa\/","og_locale":"en_US","og_type":"article","og_title":"Sezona kao elementarna katastrofa - Lajme nga Ulqini","og_description":"Bi?e ovo najte\u017ea sezona za ulcinjski turizam u posljednjih 20 godina. Svi pokazatelji i analize govore da ?e ona biti znatno lo\u0161ija od pro\u0161logodi\u0161nje.","og_url":"https:\/\/www.visit-ulcinj.com\/blog\/2010\/06\/10\/sezona-kao-elementarna-katastrofa\/","og_site_name":"Lajme nga Ulqini","article_published_time":"2010-06-10T16:29:42+00:00","article_modified_time":"2010-06-10T16:39:50+00:00","og_image":[{"url":"https:\/\/www.visit-ulcinj.com\/blog\/wp-content\/uploads\/2010\/06\/Sezona-kao-elementarna-katastrofa-Ulcinja-150x150.jpg"}],"twitter_misc":{"Written by":"ulqini","Est. reading time":"4 minutes"},"schema":{"@context":"https:\/\/schema.org","@graph":[{"@type":"WebSite","@id":"https:\/\/www.visit-ulcinj.com\/blog\/#website","url":"https:\/\/www.visit-ulcinj.com\/blog\/","name":"Lajme nga Ulqini","description":"Lajme,Vijesti,Ulqini,Ulqin,Crna Gora,Mali i Zi","potentialAction":[{"@type":"SearchAction","target":{"@type":"EntryPoint","urlTemplate":"https:\/\/www.visit-ulcinj.com\/blog\/?s={search_term_string}"},"query-input":"required name=search_term_string"}],"inLanguage":"en-US"},{"@type":"ImageObject","inLanguage":"en-US","@id":"https:\/\/www.visit-ulcinj.com\/blog\/2010\/06\/10\/sezona-kao-elementarna-katastrofa\/#primaryimage","url":"https:\/\/www.visit-ulcinj.com\/blog\/wp-content\/uploads\/2010\/06\/Sezona-kao-elementarna-katastrofa-Ulcinja.jpg","contentUrl":"https:\/\/www.visit-ulcinj.com\/blog\/wp-content\/uploads\/2010\/06\/Sezona-kao-elementarna-katastrofa-Ulcinja.jpg","width":"579","height":"411"},{"@type":"WebPage","@id":"https:\/\/www.visit-ulcinj.com\/blog\/2010\/06\/10\/sezona-kao-elementarna-katastrofa\/#webpage","url":"https:\/\/www.visit-ulcinj.com\/blog\/2010\/06\/10\/sezona-kao-elementarna-katastrofa\/","name":"Sezona kao elementarna katastrofa - Lajme nga Ulqini","isPartOf":{"@id":"https:\/\/www.visit-ulcinj.com\/blog\/#website"},"primaryImageOfPage":{"@id":"https:\/\/www.visit-ulcinj.com\/blog\/2010\/06\/10\/sezona-kao-elementarna-katastrofa\/#primaryimage"},"datePublished":"2010-06-10T16:29:42+00:00","dateModified":"2010-06-10T16:39:50+00:00","author":{"@id":"https:\/\/www.visit-ulcinj.com\/blog\/#\/schema\/person\/dcab619c614d3038751c63bc2aadc06d"},"description":"Bi?e ovo najte\u017ea sezona za ulcinjski turizam u posljednjih 20 godina. Svi pokazatelji i analize govore da ?e ona biti znatno lo\u0161ija od pro\u0161logodi\u0161nje.","breadcrumb":{"@id":"https:\/\/www.visit-ulcinj.com\/blog\/2010\/06\/10\/sezona-kao-elementarna-katastrofa\/#breadcrumb"},"inLanguage":"en-US","potentialAction":[{"@type":"ReadAction","target":["https:\/\/www.visit-ulcinj.com\/blog\/2010\/06\/10\/sezona-kao-elementarna-katastrofa\/"]}]},{"@type":"BreadcrumbList","@id":"https:\/\/www.visit-ulcinj.com\/blog\/2010\/06\/10\/sezona-kao-elementarna-katastrofa\/#breadcrumb","itemListElement":[{"@type":"ListItem","position":1,"name":"Sezona kao elementarna katastrofa"}]},{"@type":"Person","@id":"https:\/\/www.visit-ulcinj.com\/blog\/#\/schema\/person\/dcab619c614d3038751c63bc2aadc06d","name":"ulqini","sameAs":["http:\/\/www.visit-ulcinj.com"],"url":"https:\/\/www.visit-ulcinj.com\/blog\/author\/admin\/"}]}},"jetpack_featured_media_url":"","jetpack_sharing_enabled":true,"jetpack_shortlink":"https:\/\/wp.me\/pe6lTn-8YD","_links":{"self":[{"href":"https:\/\/www.visit-ulcinj.com\/blog\/wp-json\/wp\/v2\/posts\/34511"}],"collection":[{"href":"https:\/\/www.visit-ulcinj.com\/blog\/wp-json\/wp\/v2\/posts"}],"about":[{"href":"https:\/\/www.visit-ulcinj.com\/blog\/wp-json\/wp\/v2\/types\/post"}],"author":[{"embeddable":true,"href":"https:\/\/www.visit-ulcinj.com\/blog\/wp-json\/wp\/v2\/users\/1"}],"replies":[{"embeddable":true,"href":"https:\/\/www.visit-ulcinj.com\/blog\/wp-json\/wp\/v2\/comments?post=34511"}],"version-history":[{"count":0,"href":"https:\/\/www.visit-ulcinj.com\/blog\/wp-json\/wp\/v2\/posts\/34511\/revisions"}],"wp:attachment":[{"href":"https:\/\/www.visit-ulcinj.com\/blog\/wp-json\/wp\/v2\/media?parent=34511"}],"wp:term":[{"taxonomy":"category","embeddable":true,"href":"https:\/\/www.visit-ulcinj.com\/blog\/wp-json\/wp\/v2\/categories?post=34511"},{"taxonomy":"post_tag","embeddable":true,"href":"https:\/\/www.visit-ulcinj.com\/blog\/wp-json\/wp\/v2\/tags?post=34511"}],"curies":[{"name":"wp","href":"https:\/\/api.w.org\/{rel}","templated":true}]}}