{"id":34530,"date":"2010-06-10T22:46:34","date_gmt":"2010-06-10T20:46:34","guid":{"rendered":"http:\/\/www.visit-ulcinj.com\/blog\/?p=34530"},"modified":"2010-06-10T22:52:33","modified_gmt":"2010-06-10T20:52:33","slug":"turista-manje-13-odsto-nada-u-jul-i-avgust","status":"publish","type":"post","link":"https:\/\/www.visit-ulcinj.com\/blog\/2010\/06\/10\/turista-manje-13-odsto-nada-u-jul-i-avgust\/","title":{"rendered":"Turista manje 13 odsto, nada u jul i avgust"},"content":{"rendered":"<p><a href=\"http:\/\/www.visit-ulcinj.com\/blog\/wp-content\/uploads\/2010\/06\/isat-dragovoja.jpg\"><img loading=\"lazy\" class=\"size-full wp-image-34531 alignleft\" title=\"isat dragovoja\" src=\"http:\/\/www.visit-ulcinj.com\/blog\/wp-content\/uploads\/2010\/06\/isat-dragovoja.jpg\" alt=\"isat dragovoja\" width=\"300\" height=\"484\" \/><\/a>Podgorica \u2013 Ministarstvo turizma ne zabrinjava podatak da je turisti?ki promet u Crnoj Gori za prva tri mjeseca pao za 13 odsto. Naprotiv, predstavnici Ministarstva smatraju da je rije? o \u201cblagom padu\u201d.<br \/>\n&#8211; Vjerujemo da je to posljedica kasnog bukinga i da nije ni\u0161ta zabrinjavaju?e. O?ekujemo pove?anje turisti?kog prometa u naredna tri mjeseca i bolji ukupni promet u odnosu na pro\u0161lu godinu \u2013 kazao je pomo?nik ministra turizma Neboj\u0161a Popovi? na ju?era\u0161njoj sjednici Odbora za turizam i ugostiteljstvo Privredne komore.<br \/>\nOn je rekao da ih raduje pove?anje broja gostiju iz Francuske kojih je, prema podacima Monstata, vi\u0161e za skoro 30 odsto.<\/p>\n<p>Podaci Monstata govore i da je smanjen broj turista iz Bosne i Hercegovine za 46 odsto, Italije i Makedonije 24 odsto, a osim Francuske pove?an je broj posjeta iz Hrvatske za 13 i Albanije za pet odsto. U Bijelom Polju je za ?etiri mjeseca pove?an turisti?ki promet 158 odsto, na \u017dabljaku 11,6 odsto, a u Kola\u0161inu 7,4 odsto. Najve?i pad broja turista zabilje\u017een je u Herceg Novom 43 odsto i Budvi 17,2 odsto. Direktor tivatskog hotelsko-turisti?kog preduze?a Primorje Predrag Jelu\u0161i? je kazao da o?ekuju promet sli?an pro\u0161logodi\u0161njem, a da zbog \u201cbalansiranja cijena\u201d kada su finanijski pokazatelji u pitanju ugostitelji i turisti?ki radnici ?e imati razli?ite rezultate.<br \/>\n&#8211; U Ulcinju je promet pao za 20 do 25 odsto, ali HTP Ulcinjska rivijera odska?e i mi bilje\u017eimo porast od 15 odsto zahvaljuju?i dobroj zimskoj sezoni i sportistima koji dolaze na pripreme \u2013 rekao je predstavnik tog hotelskog kompleksa Isat Dragovoja.<\/p>\n<p>Prema ju?e iznijetim ocjenama, najlo\u0161ije stanje je u Herceg Novom koji nema \u201cnormalnih\u201d hotela koji su kategorisani sa tri zvjezdice.<br \/>\n&#8211; Nedostaju hotelski kapaciteti. Mi u Herceg Novom nemamo posla jer nemamo sa ?im da radimo i svaki dalji komentar je suvi\u0161an \u2013 kazao je kazao je predstavnik hercegnovske agencije \u201cGorbis\u201d Goran Tomovi?.<br \/>\nSa njegovim ocjenama se slo\u017eio i predsjednik Odbora \u017deljko Andri? koji je rekao da \u201cHerceg Novi ni sa ?im vrijednim ne mo\u017ee da se takmi?i\u201d te da nijedna privatizacija u turizmu u tom gradu nije donijela promjene nabolje.<br \/>\nOdbor je ju?e razmatrao i informaciju o zaposlenosti stranaca u turizmu, i ocijenjeno je da je zaposlenost u vrijeme ljetnje turisti?ke sezone veliki problem crnogorske privrede i da bi dr\u017eava trebalo vi\u0161e da se anga\u017euje povodom toga. Popovi? je rekao da je Vladin koordinacioni tim za pra?enje priprema turisti?kih sezona donio odluku da se procedura za zapo\u0161ljavanje stranaca smanji sa 15 na pet do sedam dana, te da su usvojili i neke dodatne olak\u0161ice kako bi \u0161to je vi\u0161e mogu?e smanjili barijere.<br \/>\n&#8211; Jednokratne naknade za zapo\u0161ljavanje stranaca sada ?e poslodavce ko\u0161tati 10 umjesto 110 eura \u2013 kazao je on.<\/p>\n<p>Jelu\u0161i? je kao problem istakao to \u0161to mlada doma?a radna snaga ne \u017eeli da radi sezonske poslove iako su oni stimulativni i dobro pla?eni.<br \/>\n&#8211; Ove godine je bilo potrebno 4.000 konobara i 1.500 kuvara, ali ta zanimanja nijesu atraktivna na\u0161im gra?anima, zato se moraju tra\u017eiti ljudi sa strane. Ako je plata vrhunskog kuvara ve?a od plate ljekara, onda ne znam u ?emu je problem \u2013 rekao je Jelu\u0161i? dodaju?i da ga ljudi redovno zovu kako bi \u201cintervenisali\u201d i zaposlili nekoga na radno mjesto menad\u017eera, ali ga nikad niko iz Crne Gore nije zvao i preporu?io kuvara.<br \/>\nNa sjednici je predstavljen i ocijenjen kao dobar projekat Privredne komore i resornih ministarstava \u201cPonudi doma?e, izaberi kvalitet\u201d.<\/p>\n<p><strong>M.C.<br \/>\n<a href=\"http:\/\/www.vijesti.me\/index.php?id_pre=340300&amp;godina=2010\" target=\"_blank\">Vijesti<\/a><\/strong><\/p>\n<p><strong>[flv]http:\/\/videooglasi.net\/video-file-280.m4v[\/flv]<br \/>\n<\/strong><\/p>\n","protected":false},"excerpt":{"rendered":"<p>Podgorica \u2013 Ministarstvo turizma ne zabrinjava podatak da je turisti?ki promet u Crnoj Gori za prva tri mjeseca pao za 13 odsto. Naprotiv, predstavnici Ministarstva smatraju da je rije? o \u201cblagom padu\u201d. &#8211; Vjerujemo da je to posljedica kasnog bukinga i da nije ni\u0161ta zabrinjavaju?e. O?ekujemo pove?anje turisti?kog prometa u naredna tri mjeseca i bolji [&hellip;]<\/p>\n","protected":false},"author":1,"featured_media":0,"comment_status":"open","ping_status":"closed","sticky":false,"template":"","format":"standard","meta":{"spay_email":"","jetpack_publicize_message":"","jetpack_is_tweetstorm":false,"jetpack_publicize_feature_enabled":true},"categories":[8337],"tags":[4032,748,3520,10353,10349,21,10342,1789,3967,10351,250,10348,2462,1924,2440,10350,10343,3523,79,10352,10345,3527,10347,10346,9581,1334,3696,19,1923,10344],"jetpack_publicize_connections":[],"yoast_head":"<!-- This site is optimized with the Yoast SEO plugin v19.1 - https:\/\/yoast.com\/wordpress\/plugins\/seo\/ -->\n<title>Turista manje 13 odsto, nada u jul i avgust - Lajme nga Ulqini<\/title>\n<meta name=\"description\" content=\"Podgorica \u2013 Ministarstvo turizma ne zabrinjava podatak da je turisti?ki promet u Crnoj Gori za prva tri mjeseca pao za 13 odsto. Naprotiv, predstavnici\" \/>\n<meta name=\"robots\" content=\"index, follow, max-snippet:-1, max-image-preview:large, max-video-preview:-1\" \/>\n<link rel=\"canonical\" href=\"https:\/\/www.visit-ulcinj.com\/blog\/2010\/06\/10\/turista-manje-13-odsto-nada-u-jul-i-avgust\/\" \/>\n<meta property=\"og:locale\" content=\"en_US\" \/>\n<meta property=\"og:type\" content=\"article\" \/>\n<meta property=\"og:title\" content=\"Turista manje 13 odsto, nada u jul i avgust - Lajme nga Ulqini\" \/>\n<meta property=\"og:description\" content=\"Podgorica \u2013 Ministarstvo turizma ne zabrinjava podatak da je turisti?ki promet u Crnoj Gori za prva tri mjeseca pao za 13 odsto. Naprotiv, predstavnici\" \/>\n<meta property=\"og:url\" content=\"https:\/\/www.visit-ulcinj.com\/blog\/2010\/06\/10\/turista-manje-13-odsto-nada-u-jul-i-avgust\/\" \/>\n<meta property=\"og:site_name\" content=\"Lajme nga Ulqini\" \/>\n<meta property=\"article:published_time\" content=\"2010-06-10T20:46:34+00:00\" \/>\n<meta property=\"article:modified_time\" content=\"2010-06-10T20:52:33+00:00\" \/>\n<meta property=\"og:image\" content=\"http:\/\/www.visit-ulcinj.com\/blog\/wp-content\/uploads\/2010\/06\/isat-dragovoja.jpg\" \/>\n<meta name=\"twitter:label1\" content=\"Written by\" \/>\n\t<meta name=\"twitter:data1\" content=\"ulqini\" \/>\n\t<meta name=\"twitter:label2\" content=\"Est. reading time\" \/>\n\t<meta name=\"twitter:data2\" content=\"3 minutes\" \/>\n<script type=\"application\/ld+json\" class=\"yoast-schema-graph\">{\"@context\":\"https:\/\/schema.org\",\"@graph\":[{\"@type\":\"WebSite\",\"@id\":\"https:\/\/www.visit-ulcinj.com\/blog\/#website\",\"url\":\"https:\/\/www.visit-ulcinj.com\/blog\/\",\"name\":\"Lajme nga Ulqini\",\"description\":\"Lajme,Vijesti,Ulqini,Ulqin,Crna Gora,Mali i Zi\",\"potentialAction\":[{\"@type\":\"SearchAction\",\"target\":{\"@type\":\"EntryPoint\",\"urlTemplate\":\"https:\/\/www.visit-ulcinj.com\/blog\/?s={search_term_string}\"},\"query-input\":\"required name=search_term_string\"}],\"inLanguage\":\"en-US\"},{\"@type\":\"ImageObject\",\"inLanguage\":\"en-US\",\"@id\":\"https:\/\/www.visit-ulcinj.com\/blog\/2010\/06\/10\/turista-manje-13-odsto-nada-u-jul-i-avgust\/#primaryimage\",\"url\":\"https:\/\/www.visit-ulcinj.com\/blog\/wp-content\/uploads\/2010\/06\/isat-dragovoja.jpg\",\"contentUrl\":\"https:\/\/www.visit-ulcinj.com\/blog\/wp-content\/uploads\/2010\/06\/isat-dragovoja.jpg\",\"width\":\"395\",\"height\":\"606\"},{\"@type\":\"WebPage\",\"@id\":\"https:\/\/www.visit-ulcinj.com\/blog\/2010\/06\/10\/turista-manje-13-odsto-nada-u-jul-i-avgust\/#webpage\",\"url\":\"https:\/\/www.visit-ulcinj.com\/blog\/2010\/06\/10\/turista-manje-13-odsto-nada-u-jul-i-avgust\/\",\"name\":\"Turista manje 13 odsto, nada u jul i avgust - Lajme nga Ulqini\",\"isPartOf\":{\"@id\":\"https:\/\/www.visit-ulcinj.com\/blog\/#website\"},\"primaryImageOfPage\":{\"@id\":\"https:\/\/www.visit-ulcinj.com\/blog\/2010\/06\/10\/turista-manje-13-odsto-nada-u-jul-i-avgust\/#primaryimage\"},\"datePublished\":\"2010-06-10T20:46:34+00:00\",\"dateModified\":\"2010-06-10T20:52:33+00:00\",\"author\":{\"@id\":\"https:\/\/www.visit-ulcinj.com\/blog\/#\/schema\/person\/dcab619c614d3038751c63bc2aadc06d\"},\"description\":\"Podgorica \u2013 Ministarstvo turizma ne zabrinjava podatak da je turisti?ki promet u Crnoj Gori za prva tri mjeseca pao za 13 odsto. Naprotiv, predstavnici\",\"breadcrumb\":{\"@id\":\"https:\/\/www.visit-ulcinj.com\/blog\/2010\/06\/10\/turista-manje-13-odsto-nada-u-jul-i-avgust\/#breadcrumb\"},\"inLanguage\":\"en-US\",\"potentialAction\":[{\"@type\":\"ReadAction\",\"target\":[\"https:\/\/www.visit-ulcinj.com\/blog\/2010\/06\/10\/turista-manje-13-odsto-nada-u-jul-i-avgust\/\"]}]},{\"@type\":\"BreadcrumbList\",\"@id\":\"https:\/\/www.visit-ulcinj.com\/blog\/2010\/06\/10\/turista-manje-13-odsto-nada-u-jul-i-avgust\/#breadcrumb\",\"itemListElement\":[{\"@type\":\"ListItem\",\"position\":1,\"name\":\"Turista manje 13 odsto, nada u jul i avgust\"}]},{\"@type\":\"Person\",\"@id\":\"https:\/\/www.visit-ulcinj.com\/blog\/#\/schema\/person\/dcab619c614d3038751c63bc2aadc06d\",\"name\":\"ulqini\",\"sameAs\":[\"http:\/\/www.visit-ulcinj.com\"],\"url\":\"https:\/\/www.visit-ulcinj.com\/blog\/author\/admin\/\"}]}<\/script>\n<!-- \/ Yoast SEO plugin. -->","yoast_head_json":{"title":"Turista manje 13 odsto, nada u jul i avgust - Lajme nga Ulqini","description":"Podgorica \u2013 Ministarstvo turizma ne zabrinjava podatak da je turisti?ki promet u Crnoj Gori za prva tri mjeseca pao za 13 odsto. Naprotiv, predstavnici","robots":{"index":"index","follow":"follow","max-snippet":"max-snippet:-1","max-image-preview":"max-image-preview:large","max-video-preview":"max-video-preview:-1"},"canonical":"https:\/\/www.visit-ulcinj.com\/blog\/2010\/06\/10\/turista-manje-13-odsto-nada-u-jul-i-avgust\/","og_locale":"en_US","og_type":"article","og_title":"Turista manje 13 odsto, nada u jul i avgust - Lajme nga Ulqini","og_description":"Podgorica \u2013 Ministarstvo turizma ne zabrinjava podatak da je turisti?ki promet u Crnoj Gori za prva tri mjeseca pao za 13 odsto. Naprotiv, predstavnici","og_url":"https:\/\/www.visit-ulcinj.com\/blog\/2010\/06\/10\/turista-manje-13-odsto-nada-u-jul-i-avgust\/","og_site_name":"Lajme nga Ulqini","article_published_time":"2010-06-10T20:46:34+00:00","article_modified_time":"2010-06-10T20:52:33+00:00","og_image":[{"url":"http:\/\/www.visit-ulcinj.com\/blog\/wp-content\/uploads\/2010\/06\/isat-dragovoja.jpg"}],"twitter_misc":{"Written by":"ulqini","Est. reading time":"3 minutes"},"schema":{"@context":"https:\/\/schema.org","@graph":[{"@type":"WebSite","@id":"https:\/\/www.visit-ulcinj.com\/blog\/#website","url":"https:\/\/www.visit-ulcinj.com\/blog\/","name":"Lajme nga Ulqini","description":"Lajme,Vijesti,Ulqini,Ulqin,Crna Gora,Mali i Zi","potentialAction":[{"@type":"SearchAction","target":{"@type":"EntryPoint","urlTemplate":"https:\/\/www.visit-ulcinj.com\/blog\/?s={search_term_string}"},"query-input":"required name=search_term_string"}],"inLanguage":"en-US"},{"@type":"ImageObject","inLanguage":"en-US","@id":"https:\/\/www.visit-ulcinj.com\/blog\/2010\/06\/10\/turista-manje-13-odsto-nada-u-jul-i-avgust\/#primaryimage","url":"https:\/\/www.visit-ulcinj.com\/blog\/wp-content\/uploads\/2010\/06\/isat-dragovoja.jpg","contentUrl":"https:\/\/www.visit-ulcinj.com\/blog\/wp-content\/uploads\/2010\/06\/isat-dragovoja.jpg","width":"395","height":"606"},{"@type":"WebPage","@id":"https:\/\/www.visit-ulcinj.com\/blog\/2010\/06\/10\/turista-manje-13-odsto-nada-u-jul-i-avgust\/#webpage","url":"https:\/\/www.visit-ulcinj.com\/blog\/2010\/06\/10\/turista-manje-13-odsto-nada-u-jul-i-avgust\/","name":"Turista manje 13 odsto, nada u jul i avgust - Lajme nga Ulqini","isPartOf":{"@id":"https:\/\/www.visit-ulcinj.com\/blog\/#website"},"primaryImageOfPage":{"@id":"https:\/\/www.visit-ulcinj.com\/blog\/2010\/06\/10\/turista-manje-13-odsto-nada-u-jul-i-avgust\/#primaryimage"},"datePublished":"2010-06-10T20:46:34+00:00","dateModified":"2010-06-10T20:52:33+00:00","author":{"@id":"https:\/\/www.visit-ulcinj.com\/blog\/#\/schema\/person\/dcab619c614d3038751c63bc2aadc06d"},"description":"Podgorica \u2013 Ministarstvo turizma ne zabrinjava podatak da je turisti?ki promet u Crnoj Gori za prva tri mjeseca pao za 13 odsto. Naprotiv, predstavnici","breadcrumb":{"@id":"https:\/\/www.visit-ulcinj.com\/blog\/2010\/06\/10\/turista-manje-13-odsto-nada-u-jul-i-avgust\/#breadcrumb"},"inLanguage":"en-US","potentialAction":[{"@type":"ReadAction","target":["https:\/\/www.visit-ulcinj.com\/blog\/2010\/06\/10\/turista-manje-13-odsto-nada-u-jul-i-avgust\/"]}]},{"@type":"BreadcrumbList","@id":"https:\/\/www.visit-ulcinj.com\/blog\/2010\/06\/10\/turista-manje-13-odsto-nada-u-jul-i-avgust\/#breadcrumb","itemListElement":[{"@type":"ListItem","position":1,"name":"Turista manje 13 odsto, nada u jul i avgust"}]},{"@type":"Person","@id":"https:\/\/www.visit-ulcinj.com\/blog\/#\/schema\/person\/dcab619c614d3038751c63bc2aadc06d","name":"ulqini","sameAs":["http:\/\/www.visit-ulcinj.com"],"url":"https:\/\/www.visit-ulcinj.com\/blog\/author\/admin\/"}]}},"jetpack_featured_media_url":"","jetpack_sharing_enabled":true,"jetpack_shortlink":"https:\/\/wp.me\/pe6lTn-8YW","_links":{"self":[{"href":"https:\/\/www.visit-ulcinj.com\/blog\/wp-json\/wp\/v2\/posts\/34530"}],"collection":[{"href":"https:\/\/www.visit-ulcinj.com\/blog\/wp-json\/wp\/v2\/posts"}],"about":[{"href":"https:\/\/www.visit-ulcinj.com\/blog\/wp-json\/wp\/v2\/types\/post"}],"author":[{"embeddable":true,"href":"https:\/\/www.visit-ulcinj.com\/blog\/wp-json\/wp\/v2\/users\/1"}],"replies":[{"embeddable":true,"href":"https:\/\/www.visit-ulcinj.com\/blog\/wp-json\/wp\/v2\/comments?post=34530"}],"version-history":[{"count":0,"href":"https:\/\/www.visit-ulcinj.com\/blog\/wp-json\/wp\/v2\/posts\/34530\/revisions"}],"wp:attachment":[{"href":"https:\/\/www.visit-ulcinj.com\/blog\/wp-json\/wp\/v2\/media?parent=34530"}],"wp:term":[{"taxonomy":"category","embeddable":true,"href":"https:\/\/www.visit-ulcinj.com\/blog\/wp-json\/wp\/v2\/categories?post=34530"},{"taxonomy":"post_tag","embeddable":true,"href":"https:\/\/www.visit-ulcinj.com\/blog\/wp-json\/wp\/v2\/tags?post=34530"}],"curies":[{"name":"wp","href":"https:\/\/api.w.org\/{rel}","templated":true}]}}