{"id":34551,"date":"2010-06-11T10:02:19","date_gmt":"2010-06-11T08:02:19","guid":{"rendered":"http:\/\/www.visit-ulcinj.com\/blog\/?p=34551"},"modified":"2010-06-14T16:20:03","modified_gmt":"2010-06-14T14:20:03","slug":"ulqini-ende-pa-qeverisje-te-re-vendore","status":"publish","type":"post","link":"https:\/\/www.visit-ulcinj.com\/blog\/2010\/06\/11\/ulqini-ende-pa-qeverisje-te-re-vendore\/","title":{"rendered":"Ulqini ende pa qeverisje t\u00eb re vendore"},"content":{"rendered":"<div id=\"attachment_34553\" style=\"width: 500px\" class=\"wp-caption alignleft\"><a href=\"http:\/\/www.visit-ulcinj.com\/blog\/wp-content\/uploads\/2010\/06\/Partit-udheheqse-te-ulqinit_UDSH_PSD_PDS_PPD.jpg\"><img aria-describedby=\"caption-attachment-34553\" loading=\"lazy\" class=\"size-full wp-image-34553\" title=\"Partit udheheqse te ulqinit_UDSH_PSD_PDS_PPD\" src=\"http:\/\/www.visit-ulcinj.com\/blog\/wp-content\/uploads\/2010\/06\/Partit-udheheqse-te-ulqinit_UDSH_PSD_PDS_PPD.jpg\" alt=\"Partit udheheqse te ulqinit_UDSH_PSD_PDS_PPD\" width=\"490\" height=\"380\" \/><\/a><p id=\"caption-attachment-34553\" class=\"wp-caption-text\">Foto nga Arkivi<\/p><\/div>\n<p>Ulqin, 10 qershor &#8211; Ulqini vazhdon t\u00eb jet\u00eb pa qeverisje t\u00eb re lokale mbi bazat e rezultateve t\u00eb zgjedhjeve vendore t\u00eb dat\u00ebs 23 maj.<br \/>\nKoalicioni \u201cP\u00ebr Ulqinin evropian\u201d, t\u00eb cilin e p\u00ebrb\u00ebjn\u00eb Unioni Demokratik i Shqiptar\u00ebve (UDSH) dhe Partia Demokratike e Socialist\u00ebve (PDS) e Milo Gjukanoviqit, q\u00eb ka marr\u00eb m\u00eb shum\u00eb mandate &#8211; 14 k\u00ebshilltar\u00eb, t\u00eb pamjaftuesh\u00ebm p\u00ebr t\u00eb themeluar pushtetin, ende nuk ka n\u00ebnshkruar asnj\u00eb marr\u00ebveshje bashk\u00ebqeverisjeje.<br \/>\nVazhdimisht, pas zbardhjes s\u00eb rezultateve, bart\u00ebsi i list\u00ebs zgjedhore t\u00eb k\u00ebtij koalicioni, G\u00ebzim Hajdinaga, kryetar aktual i Komun\u00ebs s\u00eb Ulqinit, ka deklaruar se shumic\u00ebn do ta formojn\u00eb edhe me k\u00ebshilltar\u00ebt e Partis\u00eb s\u00eb Prosperitetit Demokratik dhe ata t\u00eb Partis\u00eb Socialisdemokratike (PSD), t\u00eb cilat kan\u00eb siguruar nga dy k\u00ebshilltar\u00eb.<br \/>\nZyrtarizimi i k\u00ebsaj bashk\u00ebrenditjeje t\u00eb k\u00ebtyre kat\u00ebr partive, t\u00eb cilat edhe n\u00eb mandatin e kaluar kan\u00eb ushtruar n\u00eb koalicion pushtetin lokal t\u00eb Ulqinit, nuk ka ndodhur.<br \/>\n\u201c\u00cbsht\u00eb e v\u00ebrtet\u00eb se pas zgjedhjeve kemi biseduar, por nuk kemi b\u00ebr\u00eb asnj\u00eb marr\u00ebveshje, ofert\u00ebn e duam vet\u00ebm me shkrim,\u201d \u00ebsht\u00eb shprehur kryesocialdemokrati i Ulqinit, Selim Resulbegu.<br \/>\nPor, kryetari i K\u00ebshillit Komunal t\u00eb Partis\u00eb Demokratike t\u00eb Socialist\u00ebve t\u00eb Milo Gjukanoviqit, Luigj Shkreli, n\u00eb fillim t\u00eb k\u00ebsaj jave deklaroi se ende nuk \u00ebsht\u00eb arritur asnj\u00eb ujdi, dhe se p\u00ebr k\u00ebt\u00eb vendoset n\u00eb selit\u00eb qendrore t\u00eb dy partive kryesore, PDS dhe PSD n\u00eb Podgoric\u00eb.<br \/>\nNdon\u00ebse koalicioni i deritash\u00ebm \u201cP\u00ebr Ulqinin evropian\u201d funksionon normalisht n\u00eb ushtrimin e pushtetit vendor, meq\u00eb jemi n\u00eb vigjilien e sezonit turistik, prej nga Ulqini ekziston, \u00ebsht\u00eb \u00e7\u00ebshtje thelb\u00ebsore konstituimi i garnitur\u00ebs s\u00eb re udh\u00ebheq\u00ebse lokale. \u00cbsht\u00eb shum\u00eb e qart\u00eb se \u201cPSD nuk do t\u00eb jet\u00eb partnerja e mandatit t\u00eb kaluar, e anashkaluar\u201d.<br \/>\nSipas burimeve t\u00eb informuara mir\u00eb t\u00eb KosovaLive, PSD k\u00ebrkon Drejtorin\u00eb e urbanizmit, sektorin e buxhetit dhe financave, nd\u00ebrmarrjen komunale dhe postin e n\u00ebnkryetarit t\u00eb Komun\u00ebs.<br \/>\nMbase derisa t\u00eb vendos Podgorica, n\u00eb Ulqin v\u00ebshtir\u00eb se se do t\u00eb themelohet qeveria e re komunale.<\/p>\n<p><strong><br \/>\nKOHA NET<\/strong><\/p>\n","protected":false},"excerpt":{"rendered":"<p>Ulqin, 10 qershor &#8211; Ulqini vazhdon t\u00eb jet\u00eb pa qeverisje t\u00eb re lokale mbi bazat e rezultateve t\u00eb zgjedhjeve vendore t\u00eb dat\u00ebs 23 maj. Koalicioni \u201cP\u00ebr Ulqinin evropian\u201d, t\u00eb cilin e p\u00ebrb\u00ebjn\u00eb Unioni Demokratik i Shqiptar\u00ebve (UDSH) dhe Partia Demokratike e Socialist\u00ebve (PDS) e Milo Gjukanoviqit, q\u00eb ka marr\u00eb m\u00eb shum\u00eb mandate &#8211; 14 k\u00ebshilltar\u00eb, [&hellip;]<\/p>\n","protected":false},"author":1,"featured_media":0,"comment_status":"open","ping_status":"closed","sticky":false,"template":"","format":"standard","meta":{"spay_email":"","jetpack_publicize_message":"","jetpack_is_tweetstorm":false,"jetpack_publicize_feature_enabled":true},"categories":[6],"tags":[297,18],"jetpack_publicize_connections":[],"yoast_head":"<!-- This site is optimized with the Yoast SEO plugin v19.1 - https:\/\/yoast.com\/wordpress\/plugins\/seo\/ -->\n<title>Ulqini ende pa qeverisje t\u00eb re vendore - Lajme nga Ulqini<\/title>\n<meta name=\"description\" content=\"Ulqin, 10 qershor - Ulqini vazhdon t\u00eb jet\u00eb pa qeverisje t\u00eb re lokale mbi bazat e rezultateve t\u00eb zgjedhjeve vendore t\u00eb dat\u00ebs 23 maj. Koalicioni \u201cP\u00ebr\" \/>\n<meta name=\"robots\" content=\"index, follow, max-snippet:-1, max-image-preview:large, max-video-preview:-1\" \/>\n<link rel=\"canonical\" href=\"https:\/\/www.visit-ulcinj.com\/blog\/2010\/06\/11\/ulqini-ende-pa-qeverisje-te-re-vendore\/\" \/>\n<meta property=\"og:locale\" content=\"en_US\" \/>\n<meta property=\"og:type\" content=\"article\" \/>\n<meta property=\"og:title\" content=\"Ulqini ende pa qeverisje t\u00eb re vendore - Lajme nga Ulqini\" \/>\n<meta property=\"og:description\" content=\"Ulqin, 10 qershor - Ulqini vazhdon t\u00eb jet\u00eb pa qeverisje t\u00eb re lokale mbi bazat e rezultateve t\u00eb zgjedhjeve vendore t\u00eb dat\u00ebs 23 maj. Koalicioni \u201cP\u00ebr\" \/>\n<meta property=\"og:url\" content=\"https:\/\/www.visit-ulcinj.com\/blog\/2010\/06\/11\/ulqini-ende-pa-qeverisje-te-re-vendore\/\" \/>\n<meta property=\"og:site_name\" content=\"Lajme nga Ulqini\" \/>\n<meta property=\"article:published_time\" content=\"2010-06-11T08:02:19+00:00\" \/>\n<meta property=\"article:modified_time\" content=\"2010-06-14T14:20:03+00:00\" \/>\n<meta property=\"og:image\" content=\"http:\/\/www.visit-ulcinj.com\/blog\/wp-content\/uploads\/2010\/06\/Partit-udheheqse-te-ulqinit_UDSH_PSD_PDS_PPD.jpg\" \/>\n<meta name=\"twitter:label1\" content=\"Written by\" \/>\n\t<meta name=\"twitter:data1\" content=\"ulqini\" \/>\n\t<meta name=\"twitter:label2\" content=\"Est. reading time\" \/>\n\t<meta name=\"twitter:data2\" content=\"2 minutes\" \/>\n<script type=\"application\/ld+json\" class=\"yoast-schema-graph\">{\"@context\":\"https:\/\/schema.org\",\"@graph\":[{\"@type\":\"WebSite\",\"@id\":\"https:\/\/www.visit-ulcinj.com\/blog\/#website\",\"url\":\"https:\/\/www.visit-ulcinj.com\/blog\/\",\"name\":\"Lajme nga Ulqini\",\"description\":\"Lajme,Vijesti,Ulqini,Ulqin,Crna Gora,Mali i Zi\",\"potentialAction\":[{\"@type\":\"SearchAction\",\"target\":{\"@type\":\"EntryPoint\",\"urlTemplate\":\"https:\/\/www.visit-ulcinj.com\/blog\/?s={search_term_string}\"},\"query-input\":\"required name=search_term_string\"}],\"inLanguage\":\"en-US\"},{\"@type\":\"ImageObject\",\"inLanguage\":\"en-US\",\"@id\":\"https:\/\/www.visit-ulcinj.com\/blog\/2010\/06\/11\/ulqini-ende-pa-qeverisje-te-re-vendore\/#primaryimage\",\"url\":\"https:\/\/www.visit-ulcinj.com\/blog\/wp-content\/uploads\/2010\/06\/Partit-udheheqse-te-ulqinit_UDSH_PSD_PDS_PPD.jpg\",\"contentUrl\":\"https:\/\/www.visit-ulcinj.com\/blog\/wp-content\/uploads\/2010\/06\/Partit-udheheqse-te-ulqinit_UDSH_PSD_PDS_PPD.jpg\",\"width\":\"640\",\"height\":\"442\"},{\"@type\":\"WebPage\",\"@id\":\"https:\/\/www.visit-ulcinj.com\/blog\/2010\/06\/11\/ulqini-ende-pa-qeverisje-te-re-vendore\/#webpage\",\"url\":\"https:\/\/www.visit-ulcinj.com\/blog\/2010\/06\/11\/ulqini-ende-pa-qeverisje-te-re-vendore\/\",\"name\":\"Ulqini ende pa qeverisje t\u00eb re vendore - Lajme nga Ulqini\",\"isPartOf\":{\"@id\":\"https:\/\/www.visit-ulcinj.com\/blog\/#website\"},\"primaryImageOfPage\":{\"@id\":\"https:\/\/www.visit-ulcinj.com\/blog\/2010\/06\/11\/ulqini-ende-pa-qeverisje-te-re-vendore\/#primaryimage\"},\"datePublished\":\"2010-06-11T08:02:19+00:00\",\"dateModified\":\"2010-06-14T14:20:03+00:00\",\"author\":{\"@id\":\"https:\/\/www.visit-ulcinj.com\/blog\/#\/schema\/person\/dcab619c614d3038751c63bc2aadc06d\"},\"description\":\"Ulqin, 10 qershor - Ulqini vazhdon t\u00eb jet\u00eb pa qeverisje t\u00eb re lokale mbi bazat e rezultateve t\u00eb zgjedhjeve vendore t\u00eb dat\u00ebs 23 maj. Koalicioni \u201cP\u00ebr\",\"breadcrumb\":{\"@id\":\"https:\/\/www.visit-ulcinj.com\/blog\/2010\/06\/11\/ulqini-ende-pa-qeverisje-te-re-vendore\/#breadcrumb\"},\"inLanguage\":\"en-US\",\"potentialAction\":[{\"@type\":\"ReadAction\",\"target\":[\"https:\/\/www.visit-ulcinj.com\/blog\/2010\/06\/11\/ulqini-ende-pa-qeverisje-te-re-vendore\/\"]}]},{\"@type\":\"BreadcrumbList\",\"@id\":\"https:\/\/www.visit-ulcinj.com\/blog\/2010\/06\/11\/ulqini-ende-pa-qeverisje-te-re-vendore\/#breadcrumb\",\"itemListElement\":[{\"@type\":\"ListItem\",\"position\":1,\"name\":\"Ulqini ende pa qeverisje t\u00eb re vendore\"}]},{\"@type\":\"Person\",\"@id\":\"https:\/\/www.visit-ulcinj.com\/blog\/#\/schema\/person\/dcab619c614d3038751c63bc2aadc06d\",\"name\":\"ulqini\",\"sameAs\":[\"http:\/\/www.visit-ulcinj.com\"],\"url\":\"https:\/\/www.visit-ulcinj.com\/blog\/author\/admin\/\"}]}<\/script>\n<!-- \/ Yoast SEO plugin. -->","yoast_head_json":{"title":"Ulqini ende pa qeverisje t\u00eb re vendore - Lajme nga Ulqini","description":"Ulqin, 10 qershor - Ulqini vazhdon t\u00eb jet\u00eb pa qeverisje t\u00eb re lokale mbi bazat e rezultateve t\u00eb zgjedhjeve vendore t\u00eb dat\u00ebs 23 maj. Koalicioni \u201cP\u00ebr","robots":{"index":"index","follow":"follow","max-snippet":"max-snippet:-1","max-image-preview":"max-image-preview:large","max-video-preview":"max-video-preview:-1"},"canonical":"https:\/\/www.visit-ulcinj.com\/blog\/2010\/06\/11\/ulqini-ende-pa-qeverisje-te-re-vendore\/","og_locale":"en_US","og_type":"article","og_title":"Ulqini ende pa qeverisje t\u00eb re vendore - Lajme nga Ulqini","og_description":"Ulqin, 10 qershor - Ulqini vazhdon t\u00eb jet\u00eb pa qeverisje t\u00eb re lokale mbi bazat e rezultateve t\u00eb zgjedhjeve vendore t\u00eb dat\u00ebs 23 maj. Koalicioni \u201cP\u00ebr","og_url":"https:\/\/www.visit-ulcinj.com\/blog\/2010\/06\/11\/ulqini-ende-pa-qeverisje-te-re-vendore\/","og_site_name":"Lajme nga Ulqini","article_published_time":"2010-06-11T08:02:19+00:00","article_modified_time":"2010-06-14T14:20:03+00:00","og_image":[{"url":"http:\/\/www.visit-ulcinj.com\/blog\/wp-content\/uploads\/2010\/06\/Partit-udheheqse-te-ulqinit_UDSH_PSD_PDS_PPD.jpg"}],"twitter_misc":{"Written by":"ulqini","Est. reading time":"2 minutes"},"schema":{"@context":"https:\/\/schema.org","@graph":[{"@type":"WebSite","@id":"https:\/\/www.visit-ulcinj.com\/blog\/#website","url":"https:\/\/www.visit-ulcinj.com\/blog\/","name":"Lajme nga Ulqini","description":"Lajme,Vijesti,Ulqini,Ulqin,Crna Gora,Mali i Zi","potentialAction":[{"@type":"SearchAction","target":{"@type":"EntryPoint","urlTemplate":"https:\/\/www.visit-ulcinj.com\/blog\/?s={search_term_string}"},"query-input":"required name=search_term_string"}],"inLanguage":"en-US"},{"@type":"ImageObject","inLanguage":"en-US","@id":"https:\/\/www.visit-ulcinj.com\/blog\/2010\/06\/11\/ulqini-ende-pa-qeverisje-te-re-vendore\/#primaryimage","url":"https:\/\/www.visit-ulcinj.com\/blog\/wp-content\/uploads\/2010\/06\/Partit-udheheqse-te-ulqinit_UDSH_PSD_PDS_PPD.jpg","contentUrl":"https:\/\/www.visit-ulcinj.com\/blog\/wp-content\/uploads\/2010\/06\/Partit-udheheqse-te-ulqinit_UDSH_PSD_PDS_PPD.jpg","width":"640","height":"442"},{"@type":"WebPage","@id":"https:\/\/www.visit-ulcinj.com\/blog\/2010\/06\/11\/ulqini-ende-pa-qeverisje-te-re-vendore\/#webpage","url":"https:\/\/www.visit-ulcinj.com\/blog\/2010\/06\/11\/ulqini-ende-pa-qeverisje-te-re-vendore\/","name":"Ulqini ende pa qeverisje t\u00eb re vendore - Lajme nga Ulqini","isPartOf":{"@id":"https:\/\/www.visit-ulcinj.com\/blog\/#website"},"primaryImageOfPage":{"@id":"https:\/\/www.visit-ulcinj.com\/blog\/2010\/06\/11\/ulqini-ende-pa-qeverisje-te-re-vendore\/#primaryimage"},"datePublished":"2010-06-11T08:02:19+00:00","dateModified":"2010-06-14T14:20:03+00:00","author":{"@id":"https:\/\/www.visit-ulcinj.com\/blog\/#\/schema\/person\/dcab619c614d3038751c63bc2aadc06d"},"description":"Ulqin, 10 qershor - Ulqini vazhdon t\u00eb jet\u00eb pa qeverisje t\u00eb re lokale mbi bazat e rezultateve t\u00eb zgjedhjeve vendore t\u00eb dat\u00ebs 23 maj. Koalicioni \u201cP\u00ebr","breadcrumb":{"@id":"https:\/\/www.visit-ulcinj.com\/blog\/2010\/06\/11\/ulqini-ende-pa-qeverisje-te-re-vendore\/#breadcrumb"},"inLanguage":"en-US","potentialAction":[{"@type":"ReadAction","target":["https:\/\/www.visit-ulcinj.com\/blog\/2010\/06\/11\/ulqini-ende-pa-qeverisje-te-re-vendore\/"]}]},{"@type":"BreadcrumbList","@id":"https:\/\/www.visit-ulcinj.com\/blog\/2010\/06\/11\/ulqini-ende-pa-qeverisje-te-re-vendore\/#breadcrumb","itemListElement":[{"@type":"ListItem","position":1,"name":"Ulqini ende pa qeverisje t\u00eb re vendore"}]},{"@type":"Person","@id":"https:\/\/www.visit-ulcinj.com\/blog\/#\/schema\/person\/dcab619c614d3038751c63bc2aadc06d","name":"ulqini","sameAs":["http:\/\/www.visit-ulcinj.com"],"url":"https:\/\/www.visit-ulcinj.com\/blog\/author\/admin\/"}]}},"jetpack_featured_media_url":"","jetpack_sharing_enabled":true,"jetpack_shortlink":"https:\/\/wp.me\/pe6lTn-8Zh","_links":{"self":[{"href":"https:\/\/www.visit-ulcinj.com\/blog\/wp-json\/wp\/v2\/posts\/34551"}],"collection":[{"href":"https:\/\/www.visit-ulcinj.com\/blog\/wp-json\/wp\/v2\/posts"}],"about":[{"href":"https:\/\/www.visit-ulcinj.com\/blog\/wp-json\/wp\/v2\/types\/post"}],"author":[{"embeddable":true,"href":"https:\/\/www.visit-ulcinj.com\/blog\/wp-json\/wp\/v2\/users\/1"}],"replies":[{"embeddable":true,"href":"https:\/\/www.visit-ulcinj.com\/blog\/wp-json\/wp\/v2\/comments?post=34551"}],"version-history":[{"count":0,"href":"https:\/\/www.visit-ulcinj.com\/blog\/wp-json\/wp\/v2\/posts\/34551\/revisions"}],"wp:attachment":[{"href":"https:\/\/www.visit-ulcinj.com\/blog\/wp-json\/wp\/v2\/media?parent=34551"}],"wp:term":[{"taxonomy":"category","embeddable":true,"href":"https:\/\/www.visit-ulcinj.com\/blog\/wp-json\/wp\/v2\/categories?post=34551"},{"taxonomy":"post_tag","embeddable":true,"href":"https:\/\/www.visit-ulcinj.com\/blog\/wp-json\/wp\/v2\/tags?post=34551"}],"curies":[{"name":"wp","href":"https:\/\/api.w.org\/{rel}","templated":true}]}}