{"id":34556,"date":"2010-06-11T14:21:53","date_gmt":"2010-06-11T12:21:53","guid":{"rendered":"http:\/\/www.visit-ulcinj.com\/blog\/?p=34556"},"modified":"2010-06-11T14:21:53","modified_gmt":"2010-06-11T12:21:53","slug":"ljuid-skrelja-vlast-moze-i-bez-sdp-a","status":"publish","type":"post","link":"https:\/\/www.visit-ulcinj.com\/blog\/2010\/06\/11\/ljuid-skrelja-vlast-moze-i-bez-sdp-a\/","title":{"rendered":"Ljui? \u0160krelja : Vlast mo\u017ee i bez SDP-a"},"content":{"rendered":"<p><a href=\"http:\/\/www.visit-ulcinj.com\/blog\/wp-content\/uploads\/2010\/06\/Ljui?-\u0160krelja_ULCINJ.jpg\"><img loading=\"lazy\" class=\"alignleft size-full wp-image-34557\" title=\"Ljui? \u0160krelja_ULCINJ\" src=\"http:\/\/www.visit-ulcinj.com\/blog\/wp-content\/uploads\/2010\/06\/Ljui?-\u0160krelja_ULCINJ.jpg\" alt=\"Ljui? \u0160krelja_ULCINJ\" width=\"490\" height=\"380\" \/><\/a>Predsjednik ulcinjskog odbora DPS-a Ljui? \u0160krelja izjavio je da ?e nova vlast u najju\u017enijoj crnogorskoj op\u0161tini biti formirana do kraja ove, a najkasnije po?etkom idu?e sedmice.<br \/>\n\u0160krelja je &#8220;Danu&#8221; saop\u0161tio kako vjeruje da ?e ve?inu u lokalnom parlamentu ?initi partije koje su je ?inile i u protekle ?etiri godine.<br \/>\n\u2013 Iako jo\u0161 nije postignut zvani?an dogovor o formiranju vlasti, ne vidim razloge zbog ?ega bi bilo druga?ije. Ipak, jo\u0161 su sve opcije u igri, ali vlast ?e biti formirana sa SDP-om ili bez njih &#8211; kazao je \u0160krelja.<br \/>\nInformacije iz nezvani?ih izvora da SDP dr\u017ei klju?eve formiranja vlasti i da od koalicije &#8220;Za evropski Ulcinj&#8221; (DPS-DUA) zahtijeva preraspodjelu funkcija u lokalnoj samoupravi za \u0160krelju &#8220;predstavlju insinuacije i spekulacije odre?enih politi?kih krugova&#8221;.<br \/>\n&#8211; Nijesmo pregovarali ni sa kim, niti je koalicija od bilo koje partije dobila bilo kakav zahtjev u vezi formiranja nove vlasti. Nije bilo kontakata na lokalnom nivou, niti razgovora o preraspodjeli funkcija i to je jedina istina &#8211; naglasio je \u0160krelja.<br \/>\nPodsjetimo, koalicija \u201eZa evropski Ulcinj&#8221; na nedavnim lokalnim izborima osvojila je 14 mandata, SDP, koja je bila ?lanica koalicije u proteklom sazivu SO Ulcinj, a na posljednjim izborima nastupila samostalno, osvojila je dva, a Partija demokratskog prosperiteta, koja je tako?e bila dio vlasti, tako?e ima dva mandata, \u0161to je dovoljno za formiranje stabilne ve?ine.<br \/>\nSa druge strane, i opozicione partije ponudile su SDP-u da zajedni?ki formiraju vlast u Ulcinju. \u201eDanu&#8221; je iz vi\u0161e izvora potvr?eno da je razgovora i kontakata na tu temu bilo, ali da se ulcinjske socijaldemokrate jo\u0161 nijesu izjasnile o ponudi opozicije. Po ocjeni centrale SDP-a, opozicija ipak nije prihvatljiv partner, kona?nu rije? ima?e ulcinjski odbor Socijaldemokratske partije.<\/p>\n<p><strong>M.K.-M.V.<br \/>\n<a href=\"http:\/\/www.dan.co.me\/?nivo=3&amp;rubrika=Politika&amp;datum=2010-06-10&amp;clanak=234417\" target=\"_blank\">DAN<br \/>\n\n\t\t<style type=\"text\/css\">\n\t\t\t#gallery-1 {\n\t\t\t\tmargin: auto;\n\t\t\t}\n\t\t\t#gallery-1 .gallery-item {\n\t\t\t\tfloat: left;\n\t\t\t\tmargin-top: 10px;\n\t\t\t\ttext-align: center;\n\t\t\t\twidth: 33%;\n\t\t\t}\n\t\t\t#gallery-1 img {\n\t\t\t\tborder: 2px solid #cfcfcf;\n\t\t\t}\n\t\t\t#gallery-1 .gallery-caption {\n\t\t\t\tmargin-left: 0;\n\t\t\t}\n\t\t\t\/* see gallery_shortcode() in wp-includes\/media.php *\/\n\t\t<\/style>\n\t\t<div id='gallery-1' class='gallery galleryid-34556 gallery-columns-3 gallery-size-thumbnail'><dl class='gallery-item'>\n\t\t\t<dt class='gallery-icon '>\n\t\t\t\t<a href='https:\/\/www.visit-ulcinj.com\/blog\/wp-content\/uploads\/2010\/06\/Ljui\u00c4\u2018-\u00c5\u00a0krelja_ULCINJ.jpg'><img width=\"1\" height=\"1\" src=\"https:\/\/www.visit-ulcinj.com\/blog\/wp-content\/uploads\/2010\/06\/Ljui\u00c4\u2018-\u00c5\u00a0krelja_ULCINJ.jpg\" class=\"attachment-thumbnail size-thumbnail\" alt=\"\" loading=\"lazy\" \/><\/a>\n\t\t\t<\/dt><\/dl><dl class='gallery-item'>\n\t\t\t<dt class='gallery-icon landscape'>\n\t\t\t\t<a href='https:\/\/www.visit-ulcinj.com\/blog\/wp-content\/uploads\/2010\/06\/Luigj-Lubo-Shkrela.1.jpg'><img width=\"150\" height=\"150\" src=\"https:\/\/www.visit-ulcinj.com\/blog\/wp-content\/uploads\/2010\/06\/Luigj-Lubo-Shkrela.1-150x150.jpg\" class=\"attachment-thumbnail size-thumbnail\" alt=\"\" loading=\"lazy\" \/><\/a>\n\t\t\t<\/dt><\/dl><dl class='gallery-item'>\n\t\t\t<dt class='gallery-icon landscape'>\n\t\t\t\t<a href='https:\/\/www.visit-ulcinj.com\/blog\/wp-content\/uploads\/2010\/06\/Luigj-Lubo-Shkrela.2.jpg'><img width=\"150\" height=\"150\" src=\"https:\/\/www.visit-ulcinj.com\/blog\/wp-content\/uploads\/2010\/06\/Luigj-Lubo-Shkrela.2-150x150.jpg\" class=\"attachment-thumbnail size-thumbnail\" alt=\"\" loading=\"lazy\" \/><\/a>\n\t\t\t<\/dt><\/dl><br style=\"clear: both\" \/><dl class='gallery-item'>\n\t\t\t<dt class='gallery-icon landscape'>\n\t\t\t\t<a href='https:\/\/www.visit-ulcinj.com\/blog\/wp-content\/uploads\/2010\/06\/Luigj-Lubo-Shkrela.4.jpg'><img width=\"150\" height=\"150\" src=\"https:\/\/www.visit-ulcinj.com\/blog\/wp-content\/uploads\/2010\/06\/Luigj-Lubo-Shkrela.4-150x150.jpg\" class=\"attachment-thumbnail size-thumbnail\" alt=\"\" loading=\"lazy\" \/><\/a>\n\t\t\t<\/dt><\/dl><dl class='gallery-item'>\n\t\t\t<dt class='gallery-icon landscape'>\n\t\t\t\t<a href='https:\/\/www.visit-ulcinj.com\/blog\/wp-content\/uploads\/2010\/06\/Luigj-Lubo-Shkrela.5.jpg'><img width=\"150\" height=\"150\" src=\"https:\/\/www.visit-ulcinj.com\/blog\/wp-content\/uploads\/2010\/06\/Luigj-Lubo-Shkrela.5-150x150.jpg\" class=\"attachment-thumbnail size-thumbnail\" alt=\"\" loading=\"lazy\" \/><\/a>\n\t\t\t<\/dt><\/dl><dl class='gallery-item'>\n\t\t\t<dt class='gallery-icon landscape'>\n\t\t\t\t<a href='https:\/\/www.visit-ulcinj.com\/blog\/wp-content\/uploads\/2010\/06\/Luigj-Lubo-Shkrela.6.jpg'><img width=\"150\" height=\"150\" src=\"https:\/\/www.visit-ulcinj.com\/blog\/wp-content\/uploads\/2010\/06\/Luigj-Lubo-Shkrela.6-150x150.jpg\" class=\"attachment-thumbnail size-thumbnail\" alt=\"\" loading=\"lazy\" \/><\/a>\n\t\t\t<\/dt><\/dl><br style=\"clear: both\" \/><dl class='gallery-item'>\n\t\t\t<dt class='gallery-icon landscape'>\n\t\t\t\t<a href='https:\/\/www.visit-ulcinj.com\/blog\/wp-content\/uploads\/2010\/06\/Luigj-Lubo-Shkrela.7.jpg'><img width=\"150\" height=\"150\" src=\"https:\/\/www.visit-ulcinj.com\/blog\/wp-content\/uploads\/2010\/06\/Luigj-Lubo-Shkrela.7-150x150.jpg\" class=\"attachment-thumbnail size-thumbnail\" alt=\"\" loading=\"lazy\" \/><\/a>\n\t\t\t<\/dt><\/dl><dl class='gallery-item'>\n\t\t\t<dt class='gallery-icon landscape'>\n\t\t\t\t<a href='https:\/\/www.visit-ulcinj.com\/blog\/wp-content\/uploads\/2010\/06\/Luigj-Lubo-Shkrela.8.jpg'><img width=\"150\" height=\"150\" src=\"https:\/\/www.visit-ulcinj.com\/blog\/wp-content\/uploads\/2010\/06\/Luigj-Lubo-Shkrela.8-150x150.jpg\" class=\"attachment-thumbnail size-thumbnail\" alt=\"\" loading=\"lazy\" \/><\/a>\n\t\t\t<\/dt><\/dl><dl class='gallery-item'>\n\t\t\t<dt class='gallery-icon landscape'>\n\t\t\t\t<a href='https:\/\/www.visit-ulcinj.com\/blog\/wp-content\/uploads\/2010\/06\/Luigj-Lubo-Shkrela.jpg'><img width=\"150\" height=\"150\" src=\"https:\/\/www.visit-ulcinj.com\/blog\/wp-content\/uploads\/2010\/06\/Luigj-Lubo-Shkrela-150x150.jpg\" class=\"attachment-thumbnail size-thumbnail\" alt=\"\" loading=\"lazy\" \/><\/a>\n\t\t\t<\/dt><\/dl><br style=\"clear: both\" \/>\n\t\t<\/div>\n<br \/>\n<\/a><\/strong><\/p>\n","protected":false},"excerpt":{"rendered":"<p>Predsjednik ulcinjskog odbora DPS-a Ljui? \u0160krelja izjavio je da ?e nova vlast u najju\u017enijoj crnogorskoj op\u0161tini biti formirana do kraja ove, a najkasnije po?etkom idu?e sedmice. \u0160krelja je &#8220;Danu&#8221; saop\u0161tio kako vjeruje da ?e ve?inu u lokalnom parlamentu ?initi partije koje su je ?inile i u protekle ?etiri godine. \u2013 Iako jo\u0161 nije postignut zvani?an [&hellip;]<\/p>\n","protected":false},"author":1,"featured_media":0,"comment_status":"open","ping_status":"closed","sticky":false,"template":"","format":"standard","meta":{"spay_email":"","jetpack_publicize_message":"","jetpack_is_tweetstorm":false,"jetpack_publicize_feature_enabled":true},"categories":[6],"tags":[14389,941,13850,264,14255],"jetpack_publicize_connections":[],"yoast_head":"<!-- This site is optimized with the Yoast SEO plugin v19.1 - https:\/\/yoast.com\/wordpress\/plugins\/seo\/ -->\n<title>Ljui? \u0160krelja : Vlast mo\u017ee i bez SDP-a - Lajme nga Ulqini<\/title>\n<meta name=\"description\" content=\"Predsjednik ulcinjskog odbora DPS-a Ljui? \u0160krelja izjavio je da ?e nova vlast u najju\u017enijoj crnogorskoj op\u0161tini biti formirana do kraja ove, a najkasnije\" \/>\n<meta name=\"robots\" content=\"index, follow, max-snippet:-1, max-image-preview:large, max-video-preview:-1\" \/>\n<link rel=\"canonical\" href=\"https:\/\/www.visit-ulcinj.com\/blog\/2010\/06\/11\/ljuid-skrelja-vlast-moze-i-bez-sdp-a\/\" \/>\n<meta property=\"og:locale\" content=\"en_US\" \/>\n<meta property=\"og:type\" content=\"article\" \/>\n<meta property=\"og:title\" content=\"Ljui? \u0160krelja : Vlast mo\u017ee i bez SDP-a - Lajme nga Ulqini\" \/>\n<meta property=\"og:description\" content=\"Predsjednik ulcinjskog odbora DPS-a Ljui? \u0160krelja izjavio je da ?e nova vlast u najju\u017enijoj crnogorskoj op\u0161tini biti formirana do kraja ove, a najkasnije\" \/>\n<meta property=\"og:url\" content=\"https:\/\/www.visit-ulcinj.com\/blog\/2010\/06\/11\/ljuid-skrelja-vlast-moze-i-bez-sdp-a\/\" \/>\n<meta property=\"og:site_name\" content=\"Lajme nga Ulqini\" \/>\n<meta property=\"article:published_time\" content=\"2010-06-11T12:21:53+00:00\" \/>\n<meta property=\"og:image\" content=\"https:\/\/www.visit-ulcinj.com\/blog\/wp-content\/uploads\/2010\/06\/Ljui\u00c4\u2018-\u00c5\u00a0krelja_ULCINJ.jpg\" \/>\n<meta name=\"twitter:label1\" content=\"Written by\" \/>\n\t<meta name=\"twitter:data1\" content=\"ulqini\" \/>\n\t<meta name=\"twitter:label2\" content=\"Est. reading time\" \/>\n\t<meta name=\"twitter:data2\" content=\"2 minutes\" \/>\n<script type=\"application\/ld+json\" class=\"yoast-schema-graph\">{\"@context\":\"https:\/\/schema.org\",\"@graph\":[{\"@type\":\"WebSite\",\"@id\":\"https:\/\/www.visit-ulcinj.com\/blog\/#website\",\"url\":\"https:\/\/www.visit-ulcinj.com\/blog\/\",\"name\":\"Lajme nga Ulqini\",\"description\":\"Lajme,Vijesti,Ulqini,Ulqin,Crna Gora,Mali i Zi\",\"potentialAction\":[{\"@type\":\"SearchAction\",\"target\":{\"@type\":\"EntryPoint\",\"urlTemplate\":\"https:\/\/www.visit-ulcinj.com\/blog\/?s={search_term_string}\"},\"query-input\":\"required name=search_term_string\"}],\"inLanguage\":\"en-US\"},{\"@type\":\"WebPage\",\"@id\":\"https:\/\/www.visit-ulcinj.com\/blog\/2010\/06\/11\/ljuid-skrelja-vlast-moze-i-bez-sdp-a\/#webpage\",\"url\":\"https:\/\/www.visit-ulcinj.com\/blog\/2010\/06\/11\/ljuid-skrelja-vlast-moze-i-bez-sdp-a\/\",\"name\":\"Ljui? \u0160krelja : Vlast mo\u017ee i bez SDP-a - Lajme nga Ulqini\",\"isPartOf\":{\"@id\":\"https:\/\/www.visit-ulcinj.com\/blog\/#website\"},\"datePublished\":\"2010-06-11T12:21:53+00:00\",\"dateModified\":\"2010-06-11T12:21:53+00:00\",\"author\":{\"@id\":\"https:\/\/www.visit-ulcinj.com\/blog\/#\/schema\/person\/dcab619c614d3038751c63bc2aadc06d\"},\"description\":\"Predsjednik ulcinjskog odbora DPS-a Ljui? \u0160krelja izjavio je da ?e nova vlast u najju\u017enijoj crnogorskoj op\u0161tini biti formirana do kraja ove, a najkasnije\",\"breadcrumb\":{\"@id\":\"https:\/\/www.visit-ulcinj.com\/blog\/2010\/06\/11\/ljuid-skrelja-vlast-moze-i-bez-sdp-a\/#breadcrumb\"},\"inLanguage\":\"en-US\",\"potentialAction\":[{\"@type\":\"ReadAction\",\"target\":[\"https:\/\/www.visit-ulcinj.com\/blog\/2010\/06\/11\/ljuid-skrelja-vlast-moze-i-bez-sdp-a\/\"]}]},{\"@type\":\"BreadcrumbList\",\"@id\":\"https:\/\/www.visit-ulcinj.com\/blog\/2010\/06\/11\/ljuid-skrelja-vlast-moze-i-bez-sdp-a\/#breadcrumb\",\"itemListElement\":[{\"@type\":\"ListItem\",\"position\":1,\"name\":\"Ljui? \u0160krelja : Vlast mo\u017ee i bez SDP-a\"}]},{\"@type\":\"Person\",\"@id\":\"https:\/\/www.visit-ulcinj.com\/blog\/#\/schema\/person\/dcab619c614d3038751c63bc2aadc06d\",\"name\":\"ulqini\",\"sameAs\":[\"http:\/\/www.visit-ulcinj.com\"],\"url\":\"https:\/\/www.visit-ulcinj.com\/blog\/author\/admin\/\"}]}<\/script>\n<!-- \/ Yoast SEO plugin. -->","yoast_head_json":{"title":"Ljui? \u0160krelja : Vlast mo\u017ee i bez SDP-a - Lajme nga Ulqini","description":"Predsjednik ulcinjskog odbora DPS-a Ljui? \u0160krelja izjavio je da ?e nova vlast u najju\u017enijoj crnogorskoj op\u0161tini biti formirana do kraja ove, a najkasnije","robots":{"index":"index","follow":"follow","max-snippet":"max-snippet:-1","max-image-preview":"max-image-preview:large","max-video-preview":"max-video-preview:-1"},"canonical":"https:\/\/www.visit-ulcinj.com\/blog\/2010\/06\/11\/ljuid-skrelja-vlast-moze-i-bez-sdp-a\/","og_locale":"en_US","og_type":"article","og_title":"Ljui? \u0160krelja : Vlast mo\u017ee i bez SDP-a - Lajme nga Ulqini","og_description":"Predsjednik ulcinjskog odbora DPS-a Ljui? \u0160krelja izjavio je da ?e nova vlast u najju\u017enijoj crnogorskoj op\u0161tini biti formirana do kraja ove, a najkasnije","og_url":"https:\/\/www.visit-ulcinj.com\/blog\/2010\/06\/11\/ljuid-skrelja-vlast-moze-i-bez-sdp-a\/","og_site_name":"Lajme nga Ulqini","article_published_time":"2010-06-11T12:21:53+00:00","og_image":[{"url":"https:\/\/www.visit-ulcinj.com\/blog\/wp-content\/uploads\/2010\/06\/Ljui\u00c4\u2018-\u00c5\u00a0krelja_ULCINJ.jpg"}],"twitter_misc":{"Written by":"ulqini","Est. reading time":"2 minutes"},"schema":{"@context":"https:\/\/schema.org","@graph":[{"@type":"WebSite","@id":"https:\/\/www.visit-ulcinj.com\/blog\/#website","url":"https:\/\/www.visit-ulcinj.com\/blog\/","name":"Lajme nga Ulqini","description":"Lajme,Vijesti,Ulqini,Ulqin,Crna Gora,Mali i Zi","potentialAction":[{"@type":"SearchAction","target":{"@type":"EntryPoint","urlTemplate":"https:\/\/www.visit-ulcinj.com\/blog\/?s={search_term_string}"},"query-input":"required name=search_term_string"}],"inLanguage":"en-US"},{"@type":"WebPage","@id":"https:\/\/www.visit-ulcinj.com\/blog\/2010\/06\/11\/ljuid-skrelja-vlast-moze-i-bez-sdp-a\/#webpage","url":"https:\/\/www.visit-ulcinj.com\/blog\/2010\/06\/11\/ljuid-skrelja-vlast-moze-i-bez-sdp-a\/","name":"Ljui? \u0160krelja : Vlast mo\u017ee i bez SDP-a - Lajme nga Ulqini","isPartOf":{"@id":"https:\/\/www.visit-ulcinj.com\/blog\/#website"},"datePublished":"2010-06-11T12:21:53+00:00","dateModified":"2010-06-11T12:21:53+00:00","author":{"@id":"https:\/\/www.visit-ulcinj.com\/blog\/#\/schema\/person\/dcab619c614d3038751c63bc2aadc06d"},"description":"Predsjednik ulcinjskog odbora DPS-a Ljui? \u0160krelja izjavio je da ?e nova vlast u najju\u017enijoj crnogorskoj op\u0161tini biti formirana do kraja ove, a najkasnije","breadcrumb":{"@id":"https:\/\/www.visit-ulcinj.com\/blog\/2010\/06\/11\/ljuid-skrelja-vlast-moze-i-bez-sdp-a\/#breadcrumb"},"inLanguage":"en-US","potentialAction":[{"@type":"ReadAction","target":["https:\/\/www.visit-ulcinj.com\/blog\/2010\/06\/11\/ljuid-skrelja-vlast-moze-i-bez-sdp-a\/"]}]},{"@type":"BreadcrumbList","@id":"https:\/\/www.visit-ulcinj.com\/blog\/2010\/06\/11\/ljuid-skrelja-vlast-moze-i-bez-sdp-a\/#breadcrumb","itemListElement":[{"@type":"ListItem","position":1,"name":"Ljui? \u0160krelja : Vlast mo\u017ee i bez SDP-a"}]},{"@type":"Person","@id":"https:\/\/www.visit-ulcinj.com\/blog\/#\/schema\/person\/dcab619c614d3038751c63bc2aadc06d","name":"ulqini","sameAs":["http:\/\/www.visit-ulcinj.com"],"url":"https:\/\/www.visit-ulcinj.com\/blog\/author\/admin\/"}]}},"jetpack_featured_media_url":"","jetpack_sharing_enabled":true,"jetpack_shortlink":"https:\/\/wp.me\/pe6lTn-8Zm","_links":{"self":[{"href":"https:\/\/www.visit-ulcinj.com\/blog\/wp-json\/wp\/v2\/posts\/34556"}],"collection":[{"href":"https:\/\/www.visit-ulcinj.com\/blog\/wp-json\/wp\/v2\/posts"}],"about":[{"href":"https:\/\/www.visit-ulcinj.com\/blog\/wp-json\/wp\/v2\/types\/post"}],"author":[{"embeddable":true,"href":"https:\/\/www.visit-ulcinj.com\/blog\/wp-json\/wp\/v2\/users\/1"}],"replies":[{"embeddable":true,"href":"https:\/\/www.visit-ulcinj.com\/blog\/wp-json\/wp\/v2\/comments?post=34556"}],"version-history":[{"count":0,"href":"https:\/\/www.visit-ulcinj.com\/blog\/wp-json\/wp\/v2\/posts\/34556\/revisions"}],"wp:attachment":[{"href":"https:\/\/www.visit-ulcinj.com\/blog\/wp-json\/wp\/v2\/media?parent=34556"}],"wp:term":[{"taxonomy":"category","embeddable":true,"href":"https:\/\/www.visit-ulcinj.com\/blog\/wp-json\/wp\/v2\/categories?post=34556"},{"taxonomy":"post_tag","embeddable":true,"href":"https:\/\/www.visit-ulcinj.com\/blog\/wp-json\/wp\/v2\/tags?post=34556"}],"curies":[{"name":"wp","href":"https:\/\/api.w.org\/{rel}","templated":true}]}}