{"id":34599,"date":"2010-06-11T22:39:20","date_gmt":"2010-06-11T20:39:20","guid":{"rendered":"http:\/\/www.visit-ulcinj.com\/blog\/?p=34599"},"modified":"2010-06-11T23:33:40","modified_gmt":"2010-06-11T21:33:40","slug":"danas-11-06-2010-ovako-izgleda-kacema","status":"publish","type":"post","link":"https:\/\/www.visit-ulcinj.com\/blog\/2010\/06\/11\/danas-11-06-2010-ovako-izgleda-kacema\/","title":{"rendered":"Danas, 11.06.2010. ovako izgleda &#8220;Kacema&#8221;"},"content":{"rendered":"<p><a href=\"http:\/\/www.visit-ulcinj.com\/blog\/wp-content\/uploads\/2010\/06\/Kacema_-Ulcinj.-Crna-Gora.jpg\"><img loading=\"lazy\" class=\"alignleft size-full wp-image-34600\" title=\"Kacema_ Ulcinj. Crna Gora\" src=\"http:\/\/www.visit-ulcinj.com\/blog\/wp-content\/uploads\/2010\/06\/Kacema_-Ulcinj.-Crna-Gora.jpg\" alt=\"Kacema_ Ulcinj. Crna Gora\" width=\"490\" height=\"380\" \/><\/a>Planirano je da se na ovoj prelijepo&#8230;j uvali ispod zidina Starog grada izgradi mala &#8220;lu?ica&#8221; koja ?e slu\u017eiti kao mala &#8220;marina&#8221; za tridesetak ?amaca.. Uvala je &#8220;\u017ertvovana&#8221;, po?eli su radovi, ne\u0161to se uradilo i naravno, po obi?aju radovi su stali, i stalo je sve. Ka\u017eu da su ma\u0161ine i radnici bili potrebniji negdje drugo. Ovdje je &#8220;Morsko dobro&#8221; ma?ehinski zavrnulo slavinu. Nestalo ka\u017eu para, izgleda da nemaju vi\u0161e ni volje, ili ko zna, \u0161ta se jo\u0161 krije iza svega ovoga, uglavnom nema ni &#8220;marine&#8221; ni pla\u017ee..<br \/>\nInstitucija Dr\u017eave&#8221;Morsko dobro&#8221; iz Budve sa pedesetak zaposlenih, u Budvi naravno, ovdje imaju samo jednog tihog i mirnog ?ovjeka sa jednim fotoaparatom, ?e i dalje nesmetano da gazduje sa 57 odsto na\u0161e obale. Tih 57 odsto od na\u0161e cjelokupne obale je upravo ovdje kod nas, dakle gazdova?e i sa ovim ?udom od &#8220;marine&#8221; na &#8220;Kacemi&#8221;. Vjerujem, da je ne?e jo\u0161 dati na tender ili kako oni to ka\u017eu pod &#8220;zakup&#8221; jer ovako kako sada izgleda , ne li?i na &#8220;ni\u0161ta&#8221;. Na\u0161i kompetentni organi ?e i dalje ?utati i stoi?ki trpjeti ovaj &#8220;vazalni&#8221; odnos \u0161ire dru\u0161tvene zajednice prema nama i na\u0161em gradu. I mi s njima naravno, jer mi ih i dalje biramo i za njih glasamo, a time glasamo i za njihove projekte i njihove tendere, podsje?am da je ?itav grad davno na &#8220;tender&#8221; Izbori su bili i pro\u0161li i tu je svaki komentar izli\u0161an i suvi\u0161an. Mo\u017eda , kada bi se rodio neki Domanovi? kod nas u 21. vijeku, imao bi i inspiraciju da napi\u0161e i prevazi?e, ?ak i&#8221; Dangu&#8221;ili bilo koju drugu negovu satiru. Mi kao pravi podanici mirno i stoi?ki podnosi?emo i dalje sve, jer mi i ne zaslu\u017eujemo bolje, dodu\u0161e i dalje ?emo vezati ?amce tu na nekada\u0161njoj &#8220;Kacemi&#8221; ali, samo do prvog Juga..<\/p>\n<p><strong><a href=\"http:\/\/www.facebook.com\/profile.php?id=1359492972\">Ismet  Karamanaga Facebook<\/a><\/strong><\/p>\n<p><strong>\n\t\t<style type=\"text\/css\">\n\t\t\t#gallery-1 {\n\t\t\t\tmargin: auto;\n\t\t\t}\n\t\t\t#gallery-1 .gallery-item {\n\t\t\t\tfloat: left;\n\t\t\t\tmargin-top: 10px;\n\t\t\t\ttext-align: center;\n\t\t\t\twidth: 33%;\n\t\t\t}\n\t\t\t#gallery-1 img {\n\t\t\t\tborder: 2px solid #cfcfcf;\n\t\t\t}\n\t\t\t#gallery-1 .gallery-caption {\n\t\t\t\tmargin-left: 0;\n\t\t\t}\n\t\t\t\/* see gallery_shortcode() in wp-includes\/media.php *\/\n\t\t<\/style>\n\t\t<div id='gallery-1' class='gallery galleryid-34599 gallery-columns-3 gallery-size-thumbnail'><dl class='gallery-item'>\n\t\t\t<dt class='gallery-icon landscape'>\n\t\t\t\t<a href='https:\/\/www.visit-ulcinj.com\/blog\/wp-content\/uploads\/2010\/06\/Kacema_-Ulcinj.-Crna-Gora.jpg'><img width=\"150\" height=\"150\" src=\"https:\/\/www.visit-ulcinj.com\/blog\/wp-content\/uploads\/2010\/06\/Kacema_-Ulcinj.-Crna-Gora-150x150.jpg\" class=\"attachment-thumbnail size-thumbnail\" alt=\"\" loading=\"lazy\" \/><\/a>\n\t\t\t<\/dt><\/dl><dl class='gallery-item'>\n\t\t\t<dt class='gallery-icon landscape'>\n\t\t\t\t<a href='https:\/\/www.visit-ulcinj.com\/blog\/wp-content\/uploads\/2010\/06\/Kacema_-Ulcinj.-Crna-Gora.1.jpg'><img width=\"150\" height=\"150\" src=\"https:\/\/www.visit-ulcinj.com\/blog\/wp-content\/uploads\/2010\/06\/Kacema_-Ulcinj.-Crna-Gora.1-150x150.jpg\" class=\"attachment-thumbnail size-thumbnail\" alt=\"\" loading=\"lazy\" \/><\/a>\n\t\t\t<\/dt><\/dl><dl class='gallery-item'>\n\t\t\t<dt class='gallery-icon landscape'>\n\t\t\t\t<a href='https:\/\/www.visit-ulcinj.com\/blog\/wp-content\/uploads\/2010\/06\/Kacema_-Ulcinj.-Crna-Gora.2.jpg'><img width=\"150\" height=\"150\" src=\"https:\/\/www.visit-ulcinj.com\/blog\/wp-content\/uploads\/2010\/06\/Kacema_-Ulcinj.-Crna-Gora.2-150x150.jpg\" class=\"attachment-thumbnail size-thumbnail\" alt=\"\" loading=\"lazy\" \/><\/a>\n\t\t\t<\/dt><\/dl><br style=\"clear: both\" \/>\n\t\t<\/div>\n<br \/>\n<!--YouTube Error: bad URL entered--><br \/>\n<\/strong><\/p>\n","protected":false},"excerpt":{"rendered":"<p>Planirano je da se na ovoj prelijepo&#8230;j uvali ispod zidina Starog grada izgradi mala &#8220;lu?ica&#8221; koja ?e slu\u017eiti kao mala &#8220;marina&#8221; za tridesetak ?amaca.. Uvala je &#8220;\u017ertvovana&#8221;, po?eli su radovi, ne\u0161to se uradilo i naravno, po obi?aju radovi su stali, i stalo je sve. Ka\u017eu da su ma\u0161ine i radnici bili potrebniji negdje drugo. Ovdje [&hellip;]<\/p>\n","protected":false},"author":1,"featured_media":0,"comment_status":"open","ping_status":"closed","sticky":false,"template":"","format":"standard","meta":{"spay_email":"","jetpack_publicize_message":"","jetpack_is_tweetstorm":false,"jetpack_publicize_feature_enabled":true},"categories":[11],"tags":[14689,14690,4464],"jetpack_publicize_connections":[],"yoast_head":"<!-- This site is optimized with the Yoast SEO plugin v19.1 - https:\/\/yoast.com\/wordpress\/plugins\/seo\/ -->\n<title>Danas, 11.06.2010. ovako izgleda &quot;Kacema&quot; - Lajme nga Ulqini<\/title>\n<meta name=\"description\" content=\"Planirano je da se na ovoj prelijepo...j uvali ispod zidina Starog grada izgradi mala &quot;lu?ica&quot; koja ?e slu\u017eiti kao mala &quot;marina&quot; za tridesetak ?amaca..\" \/>\n<meta name=\"robots\" content=\"index, follow, max-snippet:-1, max-image-preview:large, max-video-preview:-1\" \/>\n<link rel=\"canonical\" href=\"https:\/\/www.visit-ulcinj.com\/blog\/2010\/06\/11\/danas-11-06-2010-ovako-izgleda-kacema\/\" \/>\n<meta property=\"og:locale\" content=\"en_US\" \/>\n<meta property=\"og:type\" content=\"article\" \/>\n<meta property=\"og:title\" content=\"Danas, 11.06.2010. ovako izgleda &quot;Kacema&quot; - Lajme nga Ulqini\" \/>\n<meta property=\"og:description\" content=\"Planirano je da se na ovoj prelijepo...j uvali ispod zidina Starog grada izgradi mala &quot;lu?ica&quot; koja ?e slu\u017eiti kao mala &quot;marina&quot; za tridesetak ?amaca..\" \/>\n<meta property=\"og:url\" content=\"https:\/\/www.visit-ulcinj.com\/blog\/2010\/06\/11\/danas-11-06-2010-ovako-izgleda-kacema\/\" \/>\n<meta property=\"og:site_name\" content=\"Lajme nga Ulqini\" \/>\n<meta property=\"article:published_time\" content=\"2010-06-11T20:39:20+00:00\" \/>\n<meta property=\"article:modified_time\" content=\"2010-06-11T21:33:40+00:00\" \/>\n<meta property=\"og:image\" content=\"https:\/\/www.visit-ulcinj.com\/blog\/wp-content\/uploads\/2010\/06\/Kacema_-Ulcinj.-Crna-Gora-150x150.jpg\" \/>\n<meta name=\"twitter:label1\" content=\"Written by\" \/>\n\t<meta name=\"twitter:data1\" content=\"ulqini\" \/>\n\t<meta name=\"twitter:label2\" content=\"Est. reading time\" \/>\n\t<meta name=\"twitter:data2\" content=\"2 minutes\" \/>\n<script type=\"application\/ld+json\" class=\"yoast-schema-graph\">{\"@context\":\"https:\/\/schema.org\",\"@graph\":[{\"@type\":\"WebSite\",\"@id\":\"https:\/\/www.visit-ulcinj.com\/blog\/#website\",\"url\":\"https:\/\/www.visit-ulcinj.com\/blog\/\",\"name\":\"Lajme nga Ulqini\",\"description\":\"Lajme,Vijesti,Ulqini,Ulqin,Crna Gora,Mali i Zi\",\"potentialAction\":[{\"@type\":\"SearchAction\",\"target\":{\"@type\":\"EntryPoint\",\"urlTemplate\":\"https:\/\/www.visit-ulcinj.com\/blog\/?s={search_term_string}\"},\"query-input\":\"required name=search_term_string\"}],\"inLanguage\":\"en-US\"},{\"@type\":\"ImageObject\",\"inLanguage\":\"en-US\",\"@id\":\"https:\/\/www.visit-ulcinj.com\/blog\/2010\/06\/11\/danas-11-06-2010-ovako-izgleda-kacema\/#primaryimage\",\"url\":\"https:\/\/www.visit-ulcinj.com\/blog\/wp-content\/uploads\/2010\/06\/Kacema_-Ulcinj.-Crna-Gora.jpg\",\"contentUrl\":\"https:\/\/www.visit-ulcinj.com\/blog\/wp-content\/uploads\/2010\/06\/Kacema_-Ulcinj.-Crna-Gora.jpg\",\"width\":\"720\",\"height\":\"540\"},{\"@type\":\"WebPage\",\"@id\":\"https:\/\/www.visit-ulcinj.com\/blog\/2010\/06\/11\/danas-11-06-2010-ovako-izgleda-kacema\/#webpage\",\"url\":\"https:\/\/www.visit-ulcinj.com\/blog\/2010\/06\/11\/danas-11-06-2010-ovako-izgleda-kacema\/\",\"name\":\"Danas, 11.06.2010. ovako izgleda \\\"Kacema\\\" - Lajme nga Ulqini\",\"isPartOf\":{\"@id\":\"https:\/\/www.visit-ulcinj.com\/blog\/#website\"},\"primaryImageOfPage\":{\"@id\":\"https:\/\/www.visit-ulcinj.com\/blog\/2010\/06\/11\/danas-11-06-2010-ovako-izgleda-kacema\/#primaryimage\"},\"datePublished\":\"2010-06-11T20:39:20+00:00\",\"dateModified\":\"2010-06-11T21:33:40+00:00\",\"author\":{\"@id\":\"https:\/\/www.visit-ulcinj.com\/blog\/#\/schema\/person\/dcab619c614d3038751c63bc2aadc06d\"},\"description\":\"Planirano je da se na ovoj prelijepo...j uvali ispod zidina Starog grada izgradi mala \\\"lu?ica\\\" koja ?e slu\u017eiti kao mala \\\"marina\\\" za tridesetak ?amaca..\",\"breadcrumb\":{\"@id\":\"https:\/\/www.visit-ulcinj.com\/blog\/2010\/06\/11\/danas-11-06-2010-ovako-izgleda-kacema\/#breadcrumb\"},\"inLanguage\":\"en-US\",\"potentialAction\":[{\"@type\":\"ReadAction\",\"target\":[\"https:\/\/www.visit-ulcinj.com\/blog\/2010\/06\/11\/danas-11-06-2010-ovako-izgleda-kacema\/\"]}]},{\"@type\":\"BreadcrumbList\",\"@id\":\"https:\/\/www.visit-ulcinj.com\/blog\/2010\/06\/11\/danas-11-06-2010-ovako-izgleda-kacema\/#breadcrumb\",\"itemListElement\":[{\"@type\":\"ListItem\",\"position\":1,\"name\":\"Danas, 11.06.2010. ovako izgleda &#8220;Kacema&#8221;\"}]},{\"@type\":\"Person\",\"@id\":\"https:\/\/www.visit-ulcinj.com\/blog\/#\/schema\/person\/dcab619c614d3038751c63bc2aadc06d\",\"name\":\"ulqini\",\"sameAs\":[\"http:\/\/www.visit-ulcinj.com\"],\"url\":\"https:\/\/www.visit-ulcinj.com\/blog\/author\/admin\/\"}]}<\/script>\n<!-- \/ Yoast SEO plugin. -->","yoast_head_json":{"title":"Danas, 11.06.2010. ovako izgleda \"Kacema\" - Lajme nga Ulqini","description":"Planirano je da se na ovoj prelijepo...j uvali ispod zidina Starog grada izgradi mala \"lu?ica\" koja ?e slu\u017eiti kao mala \"marina\" za tridesetak ?amaca..","robots":{"index":"index","follow":"follow","max-snippet":"max-snippet:-1","max-image-preview":"max-image-preview:large","max-video-preview":"max-video-preview:-1"},"canonical":"https:\/\/www.visit-ulcinj.com\/blog\/2010\/06\/11\/danas-11-06-2010-ovako-izgleda-kacema\/","og_locale":"en_US","og_type":"article","og_title":"Danas, 11.06.2010. ovako izgleda \"Kacema\" - Lajme nga Ulqini","og_description":"Planirano je da se na ovoj prelijepo...j uvali ispod zidina Starog grada izgradi mala \"lu?ica\" koja ?e slu\u017eiti kao mala \"marina\" za tridesetak ?amaca..","og_url":"https:\/\/www.visit-ulcinj.com\/blog\/2010\/06\/11\/danas-11-06-2010-ovako-izgleda-kacema\/","og_site_name":"Lajme nga Ulqini","article_published_time":"2010-06-11T20:39:20+00:00","article_modified_time":"2010-06-11T21:33:40+00:00","og_image":[{"url":"https:\/\/www.visit-ulcinj.com\/blog\/wp-content\/uploads\/2010\/06\/Kacema_-Ulcinj.-Crna-Gora-150x150.jpg"}],"twitter_misc":{"Written by":"ulqini","Est. reading time":"2 minutes"},"schema":{"@context":"https:\/\/schema.org","@graph":[{"@type":"WebSite","@id":"https:\/\/www.visit-ulcinj.com\/blog\/#website","url":"https:\/\/www.visit-ulcinj.com\/blog\/","name":"Lajme nga Ulqini","description":"Lajme,Vijesti,Ulqini,Ulqin,Crna Gora,Mali i Zi","potentialAction":[{"@type":"SearchAction","target":{"@type":"EntryPoint","urlTemplate":"https:\/\/www.visit-ulcinj.com\/blog\/?s={search_term_string}"},"query-input":"required name=search_term_string"}],"inLanguage":"en-US"},{"@type":"ImageObject","inLanguage":"en-US","@id":"https:\/\/www.visit-ulcinj.com\/blog\/2010\/06\/11\/danas-11-06-2010-ovako-izgleda-kacema\/#primaryimage","url":"https:\/\/www.visit-ulcinj.com\/blog\/wp-content\/uploads\/2010\/06\/Kacema_-Ulcinj.-Crna-Gora.jpg","contentUrl":"https:\/\/www.visit-ulcinj.com\/blog\/wp-content\/uploads\/2010\/06\/Kacema_-Ulcinj.-Crna-Gora.jpg","width":"720","height":"540"},{"@type":"WebPage","@id":"https:\/\/www.visit-ulcinj.com\/blog\/2010\/06\/11\/danas-11-06-2010-ovako-izgleda-kacema\/#webpage","url":"https:\/\/www.visit-ulcinj.com\/blog\/2010\/06\/11\/danas-11-06-2010-ovako-izgleda-kacema\/","name":"Danas, 11.06.2010. ovako izgleda \"Kacema\" - Lajme nga Ulqini","isPartOf":{"@id":"https:\/\/www.visit-ulcinj.com\/blog\/#website"},"primaryImageOfPage":{"@id":"https:\/\/www.visit-ulcinj.com\/blog\/2010\/06\/11\/danas-11-06-2010-ovako-izgleda-kacema\/#primaryimage"},"datePublished":"2010-06-11T20:39:20+00:00","dateModified":"2010-06-11T21:33:40+00:00","author":{"@id":"https:\/\/www.visit-ulcinj.com\/blog\/#\/schema\/person\/dcab619c614d3038751c63bc2aadc06d"},"description":"Planirano je da se na ovoj prelijepo...j uvali ispod zidina Starog grada izgradi mala \"lu?ica\" koja ?e slu\u017eiti kao mala \"marina\" za tridesetak ?amaca..","breadcrumb":{"@id":"https:\/\/www.visit-ulcinj.com\/blog\/2010\/06\/11\/danas-11-06-2010-ovako-izgleda-kacema\/#breadcrumb"},"inLanguage":"en-US","potentialAction":[{"@type":"ReadAction","target":["https:\/\/www.visit-ulcinj.com\/blog\/2010\/06\/11\/danas-11-06-2010-ovako-izgleda-kacema\/"]}]},{"@type":"BreadcrumbList","@id":"https:\/\/www.visit-ulcinj.com\/blog\/2010\/06\/11\/danas-11-06-2010-ovako-izgleda-kacema\/#breadcrumb","itemListElement":[{"@type":"ListItem","position":1,"name":"Danas, 11.06.2010. ovako izgleda &#8220;Kacema&#8221;"}]},{"@type":"Person","@id":"https:\/\/www.visit-ulcinj.com\/blog\/#\/schema\/person\/dcab619c614d3038751c63bc2aadc06d","name":"ulqini","sameAs":["http:\/\/www.visit-ulcinj.com"],"url":"https:\/\/www.visit-ulcinj.com\/blog\/author\/admin\/"}]}},"jetpack_featured_media_url":"","jetpack_sharing_enabled":true,"jetpack_shortlink":"https:\/\/wp.me\/pe6lTn-903","_links":{"self":[{"href":"https:\/\/www.visit-ulcinj.com\/blog\/wp-json\/wp\/v2\/posts\/34599"}],"collection":[{"href":"https:\/\/www.visit-ulcinj.com\/blog\/wp-json\/wp\/v2\/posts"}],"about":[{"href":"https:\/\/www.visit-ulcinj.com\/blog\/wp-json\/wp\/v2\/types\/post"}],"author":[{"embeddable":true,"href":"https:\/\/www.visit-ulcinj.com\/blog\/wp-json\/wp\/v2\/users\/1"}],"replies":[{"embeddable":true,"href":"https:\/\/www.visit-ulcinj.com\/blog\/wp-json\/wp\/v2\/comments?post=34599"}],"version-history":[{"count":0,"href":"https:\/\/www.visit-ulcinj.com\/blog\/wp-json\/wp\/v2\/posts\/34599\/revisions"}],"wp:attachment":[{"href":"https:\/\/www.visit-ulcinj.com\/blog\/wp-json\/wp\/v2\/media?parent=34599"}],"wp:term":[{"taxonomy":"category","embeddable":true,"href":"https:\/\/www.visit-ulcinj.com\/blog\/wp-json\/wp\/v2\/categories?post=34599"},{"taxonomy":"post_tag","embeddable":true,"href":"https:\/\/www.visit-ulcinj.com\/blog\/wp-json\/wp\/v2\/tags?post=34599"}],"curies":[{"name":"wp","href":"https:\/\/api.w.org\/{rel}","templated":true}]}}