{"id":34605,"date":"2010-06-11T23:47:08","date_gmt":"2010-06-11T21:47:08","guid":{"rendered":"http:\/\/www.visit-ulcinj.com\/blog\/?p=34605"},"modified":"2010-06-12T00:00:54","modified_gmt":"2010-06-11T22:00:54","slug":"nrg-band-me-nje-tjeter-kenge-ritmike","status":"publish","type":"post","link":"https:\/\/www.visit-ulcinj.com\/blog\/2010\/06\/11\/nrg-band-me-nje-tjeter-kenge-ritmike\/","title":{"rendered":"NRG Band me nj\u00eb tjet\u00ebr k\u00ebng\u00eb ritmike"},"content":{"rendered":"<p><a href=\"http:\/\/www.visit-ulcinj.com\/blog\/wp-content\/uploads\/2010\/06\/NRG-BAND-2_kosove.jpg\"><img loading=\"lazy\" class=\"alignleft size-full wp-image-34606\" title=\"NRG-BAND-2_kosove\" src=\"http:\/\/www.visit-ulcinj.com\/blog\/wp-content\/uploads\/2010\/06\/NRG-BAND-2_kosove.jpg\" alt=\"NRG-BAND-2_kosove\" width=\"490\" height=\"390\" \/><\/a>\u201cAtmosfera\u201d \u00ebsht\u00eb k\u00ebnga m\u00eb e re e NRG Bandit e publikuar k\u00ebto dit\u00eb.<br \/>\nK\u00ebnga \u00ebsht\u00eb e stilit t\u00eb nj\u00ebjt\u00eb t\u00eb grupit, si n\u00eb rit\u00ebm ashtu edhe n\u00eb videoklip. Gjithnj\u00eb grupi videoklipet e grupit n\u00eb fjal\u00eb kan\u00eb qen\u00eb t\u00eb g\u00ebrshetuara me ndonj\u00eb not\u00eb humori. Edhe ky i funti mban rit\u00ebm veror.<br \/>\nKy \u00ebsht\u00eb projekti i radh\u00ebs i grupit, menj\u00ebher\u00eb pas pjes\u00ebmarrjes n\u00eb Top Fest, n\u00eb t\u00eb cilin u shp\u00ebrblyen edhe me \u00e7mimin si k\u00ebnga m\u00eb e d\u00ebgjuar n\u00eb radio.<br \/>\n<!--YouTube Error: bad URL entered--><\/p>\n","protected":false},"excerpt":{"rendered":"<p>\u201cAtmosfera\u201d \u00ebsht\u00eb k\u00ebnga m\u00eb e re e NRG Bandit e publikuar k\u00ebto dit\u00eb. K\u00ebnga \u00ebsht\u00eb e stilit t\u00eb nj\u00ebjt\u00eb t\u00eb grupit, si n\u00eb rit\u00ebm ashtu edhe n\u00eb videoklip. Gjithnj\u00eb grupi videoklipet e grupit n\u00eb fjal\u00eb kan\u00eb qen\u00eb t\u00eb g\u00ebrshetuara me ndonj\u00eb not\u00eb humori. Edhe ky i funti mban rit\u00ebm veror. Ky \u00ebsht\u00eb projekti i radh\u00ebs [&hellip;]<\/p>\n","protected":false},"author":1,"featured_media":0,"comment_status":"open","ping_status":"closed","sticky":false,"template":"","format":"standard","meta":{"spay_email":"","jetpack_publicize_message":"","jetpack_is_tweetstorm":false,"jetpack_publicize_feature_enabled":true},"categories":[1],"tags":[5206],"jetpack_publicize_connections":[],"yoast_head":"<!-- This site is optimized with the Yoast SEO plugin v19.1 - https:\/\/yoast.com\/wordpress\/plugins\/seo\/ -->\n<title>NRG Band me nj\u00eb tjet\u00ebr k\u00ebng\u00eb ritmike - Lajme nga Ulqini<\/title>\n<meta name=\"description\" content=\"\u201cAtmosfera\u201d \u00ebsht\u00eb k\u00ebnga m\u00eb e re e NRG Bandit e publikuar k\u00ebto dit\u00eb. K\u00ebnga \u00ebsht\u00eb e stilit t\u00eb nj\u00ebjt\u00eb t\u00eb grupit, si n\u00eb rit\u00ebm ashtu edhe n\u00eb videoklip.\" \/>\n<meta name=\"robots\" content=\"index, follow, max-snippet:-1, max-image-preview:large, max-video-preview:-1\" \/>\n<link rel=\"canonical\" href=\"https:\/\/www.visit-ulcinj.com\/blog\/2010\/06\/11\/nrg-band-me-nje-tjeter-kenge-ritmike\/\" \/>\n<meta property=\"og:locale\" content=\"en_US\" \/>\n<meta property=\"og:type\" content=\"article\" \/>\n<meta property=\"og:title\" content=\"NRG Band me nj\u00eb tjet\u00ebr k\u00ebng\u00eb ritmike - Lajme nga Ulqini\" \/>\n<meta property=\"og:description\" content=\"\u201cAtmosfera\u201d \u00ebsht\u00eb k\u00ebnga m\u00eb e re e NRG Bandit e publikuar k\u00ebto dit\u00eb. K\u00ebnga \u00ebsht\u00eb e stilit t\u00eb nj\u00ebjt\u00eb t\u00eb grupit, si n\u00eb rit\u00ebm ashtu edhe n\u00eb videoklip.\" \/>\n<meta property=\"og:url\" content=\"https:\/\/www.visit-ulcinj.com\/blog\/2010\/06\/11\/nrg-band-me-nje-tjeter-kenge-ritmike\/\" \/>\n<meta property=\"og:site_name\" content=\"Lajme nga Ulqini\" \/>\n<meta property=\"article:published_time\" content=\"2010-06-11T21:47:08+00:00\" \/>\n<meta property=\"article:modified_time\" content=\"2010-06-11T22:00:54+00:00\" \/>\n<meta property=\"og:image\" content=\"http:\/\/www.visit-ulcinj.com\/blog\/wp-content\/uploads\/2010\/06\/NRG-BAND-2_kosove.jpg\" \/>\n<meta name=\"twitter:label1\" content=\"Written by\" \/>\n\t<meta name=\"twitter:data1\" content=\"ulqini\" \/>\n\t<meta name=\"twitter:label2\" content=\"Est. reading time\" \/>\n\t<meta name=\"twitter:data2\" content=\"1 minute\" \/>\n<script type=\"application\/ld+json\" class=\"yoast-schema-graph\">{\"@context\":\"https:\/\/schema.org\",\"@graph\":[{\"@type\":\"WebSite\",\"@id\":\"https:\/\/www.visit-ulcinj.com\/blog\/#website\",\"url\":\"https:\/\/www.visit-ulcinj.com\/blog\/\",\"name\":\"Lajme nga Ulqini\",\"description\":\"Lajme,Vijesti,Ulqini,Ulqin,Crna Gora,Mali i Zi\",\"potentialAction\":[{\"@type\":\"SearchAction\",\"target\":{\"@type\":\"EntryPoint\",\"urlTemplate\":\"https:\/\/www.visit-ulcinj.com\/blog\/?s={search_term_string}\"},\"query-input\":\"required name=search_term_string\"}],\"inLanguage\":\"en-US\"},{\"@type\":\"ImageObject\",\"inLanguage\":\"en-US\",\"@id\":\"https:\/\/www.visit-ulcinj.com\/blog\/2010\/06\/11\/nrg-band-me-nje-tjeter-kenge-ritmike\/#primaryimage\",\"url\":\"http:\/\/www.visit-ulcinj.com\/blog\/wp-content\/uploads\/2010\/06\/NRG-BAND-2_kosove.jpg\",\"contentUrl\":\"http:\/\/www.visit-ulcinj.com\/blog\/wp-content\/uploads\/2010\/06\/NRG-BAND-2_kosove.jpg\"},{\"@type\":\"WebPage\",\"@id\":\"https:\/\/www.visit-ulcinj.com\/blog\/2010\/06\/11\/nrg-band-me-nje-tjeter-kenge-ritmike\/#webpage\",\"url\":\"https:\/\/www.visit-ulcinj.com\/blog\/2010\/06\/11\/nrg-band-me-nje-tjeter-kenge-ritmike\/\",\"name\":\"NRG Band me nj\u00eb tjet\u00ebr k\u00ebng\u00eb ritmike - Lajme nga Ulqini\",\"isPartOf\":{\"@id\":\"https:\/\/www.visit-ulcinj.com\/blog\/#website\"},\"primaryImageOfPage\":{\"@id\":\"https:\/\/www.visit-ulcinj.com\/blog\/2010\/06\/11\/nrg-band-me-nje-tjeter-kenge-ritmike\/#primaryimage\"},\"datePublished\":\"2010-06-11T21:47:08+00:00\",\"dateModified\":\"2010-06-11T22:00:54+00:00\",\"author\":{\"@id\":\"https:\/\/www.visit-ulcinj.com\/blog\/#\/schema\/person\/dcab619c614d3038751c63bc2aadc06d\"},\"description\":\"\u201cAtmosfera\u201d \u00ebsht\u00eb k\u00ebnga m\u00eb e re e NRG Bandit e publikuar k\u00ebto dit\u00eb. K\u00ebnga \u00ebsht\u00eb e stilit t\u00eb nj\u00ebjt\u00eb t\u00eb grupit, si n\u00eb rit\u00ebm ashtu edhe n\u00eb videoklip.\",\"breadcrumb\":{\"@id\":\"https:\/\/www.visit-ulcinj.com\/blog\/2010\/06\/11\/nrg-band-me-nje-tjeter-kenge-ritmike\/#breadcrumb\"},\"inLanguage\":\"en-US\",\"potentialAction\":[{\"@type\":\"ReadAction\",\"target\":[\"https:\/\/www.visit-ulcinj.com\/blog\/2010\/06\/11\/nrg-band-me-nje-tjeter-kenge-ritmike\/\"]}]},{\"@type\":\"BreadcrumbList\",\"@id\":\"https:\/\/www.visit-ulcinj.com\/blog\/2010\/06\/11\/nrg-band-me-nje-tjeter-kenge-ritmike\/#breadcrumb\",\"itemListElement\":[{\"@type\":\"ListItem\",\"position\":1,\"name\":\"NRG Band me nj\u00eb tjet\u00ebr k\u00ebng\u00eb ritmike\"}]},{\"@type\":\"Person\",\"@id\":\"https:\/\/www.visit-ulcinj.com\/blog\/#\/schema\/person\/dcab619c614d3038751c63bc2aadc06d\",\"name\":\"ulqini\",\"sameAs\":[\"http:\/\/www.visit-ulcinj.com\"],\"url\":\"https:\/\/www.visit-ulcinj.com\/blog\/author\/admin\/\"}]}<\/script>\n<!-- \/ Yoast SEO plugin. -->","yoast_head_json":{"title":"NRG Band me nj\u00eb tjet\u00ebr k\u00ebng\u00eb ritmike - Lajme nga Ulqini","description":"\u201cAtmosfera\u201d \u00ebsht\u00eb k\u00ebnga m\u00eb e re e NRG Bandit e publikuar k\u00ebto dit\u00eb. K\u00ebnga \u00ebsht\u00eb e stilit t\u00eb nj\u00ebjt\u00eb t\u00eb grupit, si n\u00eb rit\u00ebm ashtu edhe n\u00eb videoklip.","robots":{"index":"index","follow":"follow","max-snippet":"max-snippet:-1","max-image-preview":"max-image-preview:large","max-video-preview":"max-video-preview:-1"},"canonical":"https:\/\/www.visit-ulcinj.com\/blog\/2010\/06\/11\/nrg-band-me-nje-tjeter-kenge-ritmike\/","og_locale":"en_US","og_type":"article","og_title":"NRG Band me nj\u00eb tjet\u00ebr k\u00ebng\u00eb ritmike - Lajme nga Ulqini","og_description":"\u201cAtmosfera\u201d \u00ebsht\u00eb k\u00ebnga m\u00eb e re e NRG Bandit e publikuar k\u00ebto dit\u00eb. K\u00ebnga \u00ebsht\u00eb e stilit t\u00eb nj\u00ebjt\u00eb t\u00eb grupit, si n\u00eb rit\u00ebm ashtu edhe n\u00eb videoklip.","og_url":"https:\/\/www.visit-ulcinj.com\/blog\/2010\/06\/11\/nrg-band-me-nje-tjeter-kenge-ritmike\/","og_site_name":"Lajme nga Ulqini","article_published_time":"2010-06-11T21:47:08+00:00","article_modified_time":"2010-06-11T22:00:54+00:00","og_image":[{"url":"http:\/\/www.visit-ulcinj.com\/blog\/wp-content\/uploads\/2010\/06\/NRG-BAND-2_kosove.jpg"}],"twitter_misc":{"Written by":"ulqini","Est. reading time":"1 minute"},"schema":{"@context":"https:\/\/schema.org","@graph":[{"@type":"WebSite","@id":"https:\/\/www.visit-ulcinj.com\/blog\/#website","url":"https:\/\/www.visit-ulcinj.com\/blog\/","name":"Lajme nga Ulqini","description":"Lajme,Vijesti,Ulqini,Ulqin,Crna Gora,Mali i Zi","potentialAction":[{"@type":"SearchAction","target":{"@type":"EntryPoint","urlTemplate":"https:\/\/www.visit-ulcinj.com\/blog\/?s={search_term_string}"},"query-input":"required name=search_term_string"}],"inLanguage":"en-US"},{"@type":"ImageObject","inLanguage":"en-US","@id":"https:\/\/www.visit-ulcinj.com\/blog\/2010\/06\/11\/nrg-band-me-nje-tjeter-kenge-ritmike\/#primaryimage","url":"http:\/\/www.visit-ulcinj.com\/blog\/wp-content\/uploads\/2010\/06\/NRG-BAND-2_kosove.jpg","contentUrl":"http:\/\/www.visit-ulcinj.com\/blog\/wp-content\/uploads\/2010\/06\/NRG-BAND-2_kosove.jpg"},{"@type":"WebPage","@id":"https:\/\/www.visit-ulcinj.com\/blog\/2010\/06\/11\/nrg-band-me-nje-tjeter-kenge-ritmike\/#webpage","url":"https:\/\/www.visit-ulcinj.com\/blog\/2010\/06\/11\/nrg-band-me-nje-tjeter-kenge-ritmike\/","name":"NRG Band me nj\u00eb tjet\u00ebr k\u00ebng\u00eb ritmike - Lajme nga Ulqini","isPartOf":{"@id":"https:\/\/www.visit-ulcinj.com\/blog\/#website"},"primaryImageOfPage":{"@id":"https:\/\/www.visit-ulcinj.com\/blog\/2010\/06\/11\/nrg-band-me-nje-tjeter-kenge-ritmike\/#primaryimage"},"datePublished":"2010-06-11T21:47:08+00:00","dateModified":"2010-06-11T22:00:54+00:00","author":{"@id":"https:\/\/www.visit-ulcinj.com\/blog\/#\/schema\/person\/dcab619c614d3038751c63bc2aadc06d"},"description":"\u201cAtmosfera\u201d \u00ebsht\u00eb k\u00ebnga m\u00eb e re e NRG Bandit e publikuar k\u00ebto dit\u00eb. K\u00ebnga \u00ebsht\u00eb e stilit t\u00eb nj\u00ebjt\u00eb t\u00eb grupit, si n\u00eb rit\u00ebm ashtu edhe n\u00eb videoklip.","breadcrumb":{"@id":"https:\/\/www.visit-ulcinj.com\/blog\/2010\/06\/11\/nrg-band-me-nje-tjeter-kenge-ritmike\/#breadcrumb"},"inLanguage":"en-US","potentialAction":[{"@type":"ReadAction","target":["https:\/\/www.visit-ulcinj.com\/blog\/2010\/06\/11\/nrg-band-me-nje-tjeter-kenge-ritmike\/"]}]},{"@type":"BreadcrumbList","@id":"https:\/\/www.visit-ulcinj.com\/blog\/2010\/06\/11\/nrg-band-me-nje-tjeter-kenge-ritmike\/#breadcrumb","itemListElement":[{"@type":"ListItem","position":1,"name":"NRG Band me nj\u00eb tjet\u00ebr k\u00ebng\u00eb ritmike"}]},{"@type":"Person","@id":"https:\/\/www.visit-ulcinj.com\/blog\/#\/schema\/person\/dcab619c614d3038751c63bc2aadc06d","name":"ulqini","sameAs":["http:\/\/www.visit-ulcinj.com"],"url":"https:\/\/www.visit-ulcinj.com\/blog\/author\/admin\/"}]}},"jetpack_featured_media_url":"","jetpack_sharing_enabled":true,"jetpack_shortlink":"https:\/\/wp.me\/pe6lTn-909","_links":{"self":[{"href":"https:\/\/www.visit-ulcinj.com\/blog\/wp-json\/wp\/v2\/posts\/34605"}],"collection":[{"href":"https:\/\/www.visit-ulcinj.com\/blog\/wp-json\/wp\/v2\/posts"}],"about":[{"href":"https:\/\/www.visit-ulcinj.com\/blog\/wp-json\/wp\/v2\/types\/post"}],"author":[{"embeddable":true,"href":"https:\/\/www.visit-ulcinj.com\/blog\/wp-json\/wp\/v2\/users\/1"}],"replies":[{"embeddable":true,"href":"https:\/\/www.visit-ulcinj.com\/blog\/wp-json\/wp\/v2\/comments?post=34605"}],"version-history":[{"count":0,"href":"https:\/\/www.visit-ulcinj.com\/blog\/wp-json\/wp\/v2\/posts\/34605\/revisions"}],"wp:attachment":[{"href":"https:\/\/www.visit-ulcinj.com\/blog\/wp-json\/wp\/v2\/media?parent=34605"}],"wp:term":[{"taxonomy":"category","embeddable":true,"href":"https:\/\/www.visit-ulcinj.com\/blog\/wp-json\/wp\/v2\/categories?post=34605"},{"taxonomy":"post_tag","embeddable":true,"href":"https:\/\/www.visit-ulcinj.com\/blog\/wp-json\/wp\/v2\/tags?post=34605"}],"curies":[{"name":"wp","href":"https:\/\/api.w.org\/{rel}","templated":true}]}}