{"id":3463,"date":"2008-09-20T00:26:11","date_gmt":"2008-09-20T05:26:11","guid":{"rendered":"http:\/\/www.visit-ulcinj.com\/blog\/?p=3463"},"modified":"2008-10-17T14:36:54","modified_gmt":"2008-10-17T19:36:54","slug":"ako-prodamo-solanu-bice-druga-pjesma-na-berzi","status":"publish","type":"post","link":"https:\/\/www.visit-ulcinj.com\/blog\/2008\/09\/20\/ako-prodamo-solanu-bice-druga-pjesma-na-berzi\/","title":{"rendered":"Ako prodamo Solanu, bi?e druga pjesma na berzi"},"content":{"rendered":"<p><a href=\"http:\/\/www.visit-ulcinj.com\/blog\/wp-content\/uploads\/2008\/09\/solana-ulcinj.jpg\"><img loading=\"lazy\" class=\"alignleft size-medium wp-image-3464\" title=\"solana-ulcinj\" src=\"http:\/\/www.visit-ulcinj.com\/blog\/wp-content\/uploads\/2008\/09\/solana-ulcinj-300x200.jpg\" alt=\"\" width=\"300\" height=\"200\" srcset=\"https:\/\/www.visit-ulcinj.com\/blog\/wp-content\/uploads\/2008\/09\/solana-ulcinj-300x200.jpg 300w, https:\/\/www.visit-ulcinj.com\/blog\/wp-content\/uploads\/2008\/09\/solana-ulcinj.jpg 981w\" sizes=\"(max-width: 300px) 100vw, 300px\" \/><\/a><strong>Direktor eurofonda Boi\u0161a \u0160otra za \u201cVijesti\u201d o krizi na tr\u017ei\u0161tu kapitala<\/strong><br \/>\nPodgorica \u2013 Direktor Eurofonda Boi\u0161a \u0160otra ocijenio je ju?e da su \u201ccrnogorske berze vjerovatno dotakle dno, i da je to u dobroj mjeri rezultat de\u0161avanja na svjetskim tr\u017ei\u0161tima\u201d.<br \/>\n\u0160otra je za \u201cVijesti\u201d kazao da je Crnoj Gori \u201cpotrebna finansijska injekcija da bi se berze pokrenule\u201d, istakav\u0161i da bi to moglo biti i prodaja ulcinjske Solane \u201cBajo Sekuli?\u201d \u201cnakon ?ega bi se pjevala druga pjesma\u201d.<br \/>\n&#8211; Crnoj Gori je potrebna jedna injekcija koja bi pokrenula berze. Ili kroz privatizaciju Elektroprivrede, ili Rudnika uglja i Termoelektrane Pljevlja, ili prodaju Solane \u201cBajo Sekuli?\u201d koju planiramo. Cijene akcija na berzama u tom slu?aju bile bi mnogo realnije, a ne kao sada totalno potcijenjene. Na primjer, mi smo u pregovorima sa investitorima iz Ujedinjenih Arapskih Emirata za prodaju paketa akcije Solane za 150 miliona eura, \u0161to je, mislim, realno, a kapitalizacija akcija te kompanije na berzi je oko 25 miliona &#8211; kazao je \u0160otra.<br \/>\nEurofond, koji kontroli\u0161e podgori?ki biznismen Veselin Barovi?, ve?inski je vlasnik Solane \u201cBajo Sekuli?\u201d.<br \/>\nFond je, izme?u ostalog, vlasnik Bjelasice Rade, Izbora Bar i manjinski akcionar u zna?ajnim kompanijama poput Elektoprivrede, Jugopetrola, Budvanske rivijere, Luke Bar, \u017deljeznice..<br \/>\nNa redu je dokapitalizacija Izbora Bar, kome su pripojene firme Cetinje turist, Servis import i Andrija Palta\u0161i?, u iznosu od ?etiri miliona eura.<br \/>\nSkup\u0161tina koja donosi odluku o dokapitalizaciji zakazana je za 28. septembar. Dokapitalizacija ?e se obaviti kroz novu emisiju 187,8 miliona akcija, \u0161to bi zna?ilo da ?e kapital ovog akcionarskog dru\u0161tva uskoro biti podijeljen na 1,32 milijarde akcija. Postoje?i akcionari ima?e pravo pre?e kupovine akcija iz predstoje?e emisije.<br \/>\n\u0160otra je rekao da ?e novac od dokapitalizacije biti potro\u0161en za dio projektne dokumentacije za projekte koje ?e ta kompanija realizovati u narednim godinama.<a href=\"http:\/\/www.visit-ulcinj.com\/blog\/wp-content\/uploads\/2008\/09\/solana-ulcinj1.jpg\"><img loading=\"lazy\" class=\"alignright size-medium wp-image-3465\" title=\"solana-ulcinj1\" src=\"http:\/\/www.visit-ulcinj.com\/blog\/wp-content\/uploads\/2008\/09\/solana-ulcinj1-300x202.jpg\" alt=\"\" width=\"300\" height=\"202\" srcset=\"https:\/\/www.visit-ulcinj.com\/blog\/wp-content\/uploads\/2008\/09\/solana-ulcinj1-300x202.jpg 300w, https:\/\/www.visit-ulcinj.com\/blog\/wp-content\/uploads\/2008\/09\/solana-ulcinj1.jpg 976w\" sizes=\"(max-width: 300px) 100vw, 300px\" \/><\/a><br \/>\n&#8211; Projektna dokumentacija ?e ko\u0161tati ukupno oko 10 miliona &#8211; dodao je \u0160otra.<br \/>\nPrema njegovim rije?ima, na Cetinju ?e kompanija Izbor graditi hotel Lokanda, a u ?anju i na potezu Utjehe dva hotela (ucrtana ve? u urbanisti?kim planovima) sa benzinskom pumpom i prate?im sadr\u017eajima. Na imovini biv\u0161eg Servisimporta u Podgorici Izbor ?e graditi hotel, tr\u017eni centar i stambeno poslovni kompleks.<br \/>\n&#8211; Nova dokapitalizacija od jo\u0161 \u0161est miliona eura vjerovatno ?e biti nakon Nove godine, a taj novac ?e nam trebati za projektnu dokumentaciju nove robne ku?e koja ?e se graditi u Baru. Ve? smo oglasili me?unarodni tender za idejno rje\u0161enje nove robne ku?e. Stara Robna ku?a bi u naredne 2-3 godine trebalo da se ru\u0161i i na tom mjestu da se gradi novi stambeno-poslovni kompleks na povr\u0161ini od 90.000 kvadrata &#8211; objasnio je \u0160otra.<br \/>\nKako je najavljeno na predstoje?oj skup\u0161tini vlasnici ?e, izme?u ostalog, razmatrati i odluku da se ime kompanije promijeni u Euro Izbor.<br \/>\n<strong>M. M.<br \/>\nIzvor \/ Vijesti<\/strong><\/p>\n<p style=\"text-align: center;\"><a href=\"http:\/\/www.visit-ulcinj.com\/?rub=taxicobi\"><img loading=\"lazy\" class=\"aligncenter size-full wp-image-2798\" title=\"taxi-cobi-ulqintaxi-cobi-ulcinjcrna-goramontenegromali-i-ziulqini\" src=\"http:\/\/www.visit-ulcinj.com\/blog\/wp-content\/uploads\/2008\/08\/taxi-cobi-ulqintaxi-cobi-ulcinjcrna-goramontenegromali-i-ziulqini.jpg\" alt=\"\" width=\"320\" height=\"150\" srcset=\"https:\/\/www.visit-ulcinj.com\/blog\/wp-content\/uploads\/2008\/08\/taxi-cobi-ulqintaxi-cobi-ulcinjcrna-goramontenegromali-i-ziulqini.jpg 320w, https:\/\/www.visit-ulcinj.com\/blog\/wp-content\/uploads\/2008\/08\/taxi-cobi-ulqintaxi-cobi-ulcinjcrna-goramontenegromali-i-ziulqini-300x140.jpg 300w\" sizes=\"(max-width: 320px) 100vw, 320px\" \/><\/a><\/p>\n","protected":false},"excerpt":{"rendered":"<p>Direktor eurofonda Boi\u0161a \u0160otra za \u201cVijesti\u201d o krizi na tr\u017ei\u0161tu kapitala Podgorica \u2013 Direktor Eurofonda Boi\u0161a \u0160otra ocijenio je ju?e da su \u201ccrnogorske berze vjerovatno dotakle dno, i da je to u dobroj mjeri rezultat de\u0161avanja na svjetskim tr\u017ei\u0161tima\u201d. \u0160otra je za \u201cVijesti\u201d kazao da je Crnoj Gori \u201cpotrebna finansijska injekcija da bi se berze [&hellip;]<\/p>\n","protected":false},"author":1,"featured_media":0,"comment_status":"open","ping_status":"closed","sticky":false,"template":"","format":"standard","meta":{"spay_email":"","jetpack_publicize_message":"","jetpack_is_tweetstorm":false,"jetpack_publicize_feature_enabled":true},"categories":[10,12],"tags":[4575],"jetpack_publicize_connections":[],"yoast_head":"<!-- This site is optimized with the Yoast SEO plugin v19.1 - https:\/\/yoast.com\/wordpress\/plugins\/seo\/ -->\n<title>Ako prodamo Solanu, bi?e druga pjesma na berzi - Lajme nga Ulqini<\/title>\n<meta name=\"description\" content=\"Direktor eurofonda Boi\u0161a \u0160otra za \u201cVijesti\u201d o krizi na tr\u017ei\u0161tu kapitala Podgorica \u2013 Direktor Eurofonda Boi\u0161a \u0160otra ocijenio je ju?e da su \u201ccrnogorske\" \/>\n<meta name=\"robots\" content=\"index, follow, max-snippet:-1, max-image-preview:large, max-video-preview:-1\" \/>\n<link rel=\"canonical\" href=\"https:\/\/www.visit-ulcinj.com\/blog\/2008\/09\/20\/ako-prodamo-solanu-bice-druga-pjesma-na-berzi\/\" \/>\n<meta property=\"og:locale\" content=\"en_US\" \/>\n<meta property=\"og:type\" content=\"article\" \/>\n<meta property=\"og:title\" content=\"Ako prodamo Solanu, bi?e druga pjesma na berzi - Lajme nga Ulqini\" \/>\n<meta property=\"og:description\" content=\"Direktor eurofonda Boi\u0161a \u0160otra za \u201cVijesti\u201d o krizi na tr\u017ei\u0161tu kapitala Podgorica \u2013 Direktor Eurofonda Boi\u0161a \u0160otra ocijenio je ju?e da su \u201ccrnogorske\" \/>\n<meta property=\"og:url\" content=\"https:\/\/www.visit-ulcinj.com\/blog\/2008\/09\/20\/ako-prodamo-solanu-bice-druga-pjesma-na-berzi\/\" \/>\n<meta property=\"og:site_name\" content=\"Lajme nga Ulqini\" \/>\n<meta property=\"article:published_time\" content=\"2008-09-20T05:26:11+00:00\" \/>\n<meta property=\"article:modified_time\" content=\"2008-10-17T19:36:54+00:00\" \/>\n<meta property=\"og:image\" content=\"http:\/\/www.visit-ulcinj.com\/blog\/wp-content\/uploads\/2008\/09\/solana-ulcinj-300x200.jpg\" \/>\n<meta name=\"twitter:label1\" content=\"Written by\" \/>\n\t<meta name=\"twitter:data1\" content=\"ulqini\" \/>\n\t<meta name=\"twitter:label2\" content=\"Est. reading time\" \/>\n\t<meta name=\"twitter:data2\" content=\"2 minutes\" \/>\n<script type=\"application\/ld+json\" class=\"yoast-schema-graph\">{\"@context\":\"https:\/\/schema.org\",\"@graph\":[{\"@type\":\"WebSite\",\"@id\":\"https:\/\/www.visit-ulcinj.com\/blog\/#website\",\"url\":\"https:\/\/www.visit-ulcinj.com\/blog\/\",\"name\":\"Lajme nga Ulqini\",\"description\":\"Lajme,Vijesti,Ulqini,Ulqin,Crna Gora,Mali i Zi\",\"potentialAction\":[{\"@type\":\"SearchAction\",\"target\":{\"@type\":\"EntryPoint\",\"urlTemplate\":\"https:\/\/www.visit-ulcinj.com\/blog\/?s={search_term_string}\"},\"query-input\":\"required name=search_term_string\"}],\"inLanguage\":\"en-US\"},{\"@type\":\"ImageObject\",\"inLanguage\":\"en-US\",\"@id\":\"https:\/\/www.visit-ulcinj.com\/blog\/2008\/09\/20\/ako-prodamo-solanu-bice-druga-pjesma-na-berzi\/#primaryimage\",\"url\":\"http:\/\/www.visit-ulcinj.com\/blog\/wp-content\/uploads\/2008\/09\/solana-ulcinj-300x200.jpg\",\"contentUrl\":\"http:\/\/www.visit-ulcinj.com\/blog\/wp-content\/uploads\/2008\/09\/solana-ulcinj-300x200.jpg\"},{\"@type\":\"WebPage\",\"@id\":\"https:\/\/www.visit-ulcinj.com\/blog\/2008\/09\/20\/ako-prodamo-solanu-bice-druga-pjesma-na-berzi\/#webpage\",\"url\":\"https:\/\/www.visit-ulcinj.com\/blog\/2008\/09\/20\/ako-prodamo-solanu-bice-druga-pjesma-na-berzi\/\",\"name\":\"Ako prodamo Solanu, bi?e druga pjesma na berzi - Lajme nga Ulqini\",\"isPartOf\":{\"@id\":\"https:\/\/www.visit-ulcinj.com\/blog\/#website\"},\"primaryImageOfPage\":{\"@id\":\"https:\/\/www.visit-ulcinj.com\/blog\/2008\/09\/20\/ako-prodamo-solanu-bice-druga-pjesma-na-berzi\/#primaryimage\"},\"datePublished\":\"2008-09-20T05:26:11+00:00\",\"dateModified\":\"2008-10-17T19:36:54+00:00\",\"author\":{\"@id\":\"https:\/\/www.visit-ulcinj.com\/blog\/#\/schema\/person\/dcab619c614d3038751c63bc2aadc06d\"},\"description\":\"Direktor eurofonda Boi\u0161a \u0160otra za \u201cVijesti\u201d o krizi na tr\u017ei\u0161tu kapitala Podgorica \u2013 Direktor Eurofonda Boi\u0161a \u0160otra ocijenio je ju?e da su \u201ccrnogorske\",\"breadcrumb\":{\"@id\":\"https:\/\/www.visit-ulcinj.com\/blog\/2008\/09\/20\/ako-prodamo-solanu-bice-druga-pjesma-na-berzi\/#breadcrumb\"},\"inLanguage\":\"en-US\",\"potentialAction\":[{\"@type\":\"ReadAction\",\"target\":[\"https:\/\/www.visit-ulcinj.com\/blog\/2008\/09\/20\/ako-prodamo-solanu-bice-druga-pjesma-na-berzi\/\"]}]},{\"@type\":\"BreadcrumbList\",\"@id\":\"https:\/\/www.visit-ulcinj.com\/blog\/2008\/09\/20\/ako-prodamo-solanu-bice-druga-pjesma-na-berzi\/#breadcrumb\",\"itemListElement\":[{\"@type\":\"ListItem\",\"position\":1,\"name\":\"Ako prodamo Solanu, bi?e druga pjesma na berzi\"}]},{\"@type\":\"Person\",\"@id\":\"https:\/\/www.visit-ulcinj.com\/blog\/#\/schema\/person\/dcab619c614d3038751c63bc2aadc06d\",\"name\":\"ulqini\",\"sameAs\":[\"http:\/\/www.visit-ulcinj.com\"],\"url\":\"https:\/\/www.visit-ulcinj.com\/blog\/author\/admin\/\"}]}<\/script>\n<!-- \/ Yoast SEO plugin. -->","yoast_head_json":{"title":"Ako prodamo Solanu, bi?e druga pjesma na berzi - Lajme nga Ulqini","description":"Direktor eurofonda Boi\u0161a \u0160otra za \u201cVijesti\u201d o krizi na tr\u017ei\u0161tu kapitala Podgorica \u2013 Direktor Eurofonda Boi\u0161a \u0160otra ocijenio je ju?e da su \u201ccrnogorske","robots":{"index":"index","follow":"follow","max-snippet":"max-snippet:-1","max-image-preview":"max-image-preview:large","max-video-preview":"max-video-preview:-1"},"canonical":"https:\/\/www.visit-ulcinj.com\/blog\/2008\/09\/20\/ako-prodamo-solanu-bice-druga-pjesma-na-berzi\/","og_locale":"en_US","og_type":"article","og_title":"Ako prodamo Solanu, bi?e druga pjesma na berzi - Lajme nga Ulqini","og_description":"Direktor eurofonda Boi\u0161a \u0160otra za \u201cVijesti\u201d o krizi na tr\u017ei\u0161tu kapitala Podgorica \u2013 Direktor Eurofonda Boi\u0161a \u0160otra ocijenio je ju?e da su \u201ccrnogorske","og_url":"https:\/\/www.visit-ulcinj.com\/blog\/2008\/09\/20\/ako-prodamo-solanu-bice-druga-pjesma-na-berzi\/","og_site_name":"Lajme nga Ulqini","article_published_time":"2008-09-20T05:26:11+00:00","article_modified_time":"2008-10-17T19:36:54+00:00","og_image":[{"url":"http:\/\/www.visit-ulcinj.com\/blog\/wp-content\/uploads\/2008\/09\/solana-ulcinj-300x200.jpg"}],"twitter_misc":{"Written by":"ulqini","Est. reading time":"2 minutes"},"schema":{"@context":"https:\/\/schema.org","@graph":[{"@type":"WebSite","@id":"https:\/\/www.visit-ulcinj.com\/blog\/#website","url":"https:\/\/www.visit-ulcinj.com\/blog\/","name":"Lajme nga Ulqini","description":"Lajme,Vijesti,Ulqini,Ulqin,Crna Gora,Mali i Zi","potentialAction":[{"@type":"SearchAction","target":{"@type":"EntryPoint","urlTemplate":"https:\/\/www.visit-ulcinj.com\/blog\/?s={search_term_string}"},"query-input":"required name=search_term_string"}],"inLanguage":"en-US"},{"@type":"ImageObject","inLanguage":"en-US","@id":"https:\/\/www.visit-ulcinj.com\/blog\/2008\/09\/20\/ako-prodamo-solanu-bice-druga-pjesma-na-berzi\/#primaryimage","url":"http:\/\/www.visit-ulcinj.com\/blog\/wp-content\/uploads\/2008\/09\/solana-ulcinj-300x200.jpg","contentUrl":"http:\/\/www.visit-ulcinj.com\/blog\/wp-content\/uploads\/2008\/09\/solana-ulcinj-300x200.jpg"},{"@type":"WebPage","@id":"https:\/\/www.visit-ulcinj.com\/blog\/2008\/09\/20\/ako-prodamo-solanu-bice-druga-pjesma-na-berzi\/#webpage","url":"https:\/\/www.visit-ulcinj.com\/blog\/2008\/09\/20\/ako-prodamo-solanu-bice-druga-pjesma-na-berzi\/","name":"Ako prodamo Solanu, bi?e druga pjesma na berzi - Lajme nga Ulqini","isPartOf":{"@id":"https:\/\/www.visit-ulcinj.com\/blog\/#website"},"primaryImageOfPage":{"@id":"https:\/\/www.visit-ulcinj.com\/blog\/2008\/09\/20\/ako-prodamo-solanu-bice-druga-pjesma-na-berzi\/#primaryimage"},"datePublished":"2008-09-20T05:26:11+00:00","dateModified":"2008-10-17T19:36:54+00:00","author":{"@id":"https:\/\/www.visit-ulcinj.com\/blog\/#\/schema\/person\/dcab619c614d3038751c63bc2aadc06d"},"description":"Direktor eurofonda Boi\u0161a \u0160otra za \u201cVijesti\u201d o krizi na tr\u017ei\u0161tu kapitala Podgorica \u2013 Direktor Eurofonda Boi\u0161a \u0160otra ocijenio je ju?e da su \u201ccrnogorske","breadcrumb":{"@id":"https:\/\/www.visit-ulcinj.com\/blog\/2008\/09\/20\/ako-prodamo-solanu-bice-druga-pjesma-na-berzi\/#breadcrumb"},"inLanguage":"en-US","potentialAction":[{"@type":"ReadAction","target":["https:\/\/www.visit-ulcinj.com\/blog\/2008\/09\/20\/ako-prodamo-solanu-bice-druga-pjesma-na-berzi\/"]}]},{"@type":"BreadcrumbList","@id":"https:\/\/www.visit-ulcinj.com\/blog\/2008\/09\/20\/ako-prodamo-solanu-bice-druga-pjesma-na-berzi\/#breadcrumb","itemListElement":[{"@type":"ListItem","position":1,"name":"Ako prodamo Solanu, bi?e druga pjesma na berzi"}]},{"@type":"Person","@id":"https:\/\/www.visit-ulcinj.com\/blog\/#\/schema\/person\/dcab619c614d3038751c63bc2aadc06d","name":"ulqini","sameAs":["http:\/\/www.visit-ulcinj.com"],"url":"https:\/\/www.visit-ulcinj.com\/blog\/author\/admin\/"}]}},"jetpack_featured_media_url":"","jetpack_sharing_enabled":true,"jetpack_shortlink":"https:\/\/wp.me\/pe6lTn-TR","_links":{"self":[{"href":"https:\/\/www.visit-ulcinj.com\/blog\/wp-json\/wp\/v2\/posts\/3463"}],"collection":[{"href":"https:\/\/www.visit-ulcinj.com\/blog\/wp-json\/wp\/v2\/posts"}],"about":[{"href":"https:\/\/www.visit-ulcinj.com\/blog\/wp-json\/wp\/v2\/types\/post"}],"author":[{"embeddable":true,"href":"https:\/\/www.visit-ulcinj.com\/blog\/wp-json\/wp\/v2\/users\/1"}],"replies":[{"embeddable":true,"href":"https:\/\/www.visit-ulcinj.com\/blog\/wp-json\/wp\/v2\/comments?post=3463"}],"version-history":[{"count":0,"href":"https:\/\/www.visit-ulcinj.com\/blog\/wp-json\/wp\/v2\/posts\/3463\/revisions"}],"wp:attachment":[{"href":"https:\/\/www.visit-ulcinj.com\/blog\/wp-json\/wp\/v2\/media?parent=3463"}],"wp:term":[{"taxonomy":"category","embeddable":true,"href":"https:\/\/www.visit-ulcinj.com\/blog\/wp-json\/wp\/v2\/categories?post=3463"},{"taxonomy":"post_tag","embeddable":true,"href":"https:\/\/www.visit-ulcinj.com\/blog\/wp-json\/wp\/v2\/tags?post=3463"}],"curies":[{"name":"wp","href":"https:\/\/api.w.org\/{rel}","templated":true}]}}