{"id":34637,"date":"2010-06-12T16:03:33","date_gmt":"2010-06-12T14:03:33","guid":{"rendered":"http:\/\/www.visit-ulcinj.com\/blog\/?p=34637"},"modified":"2010-06-12T16:03:33","modified_gmt":"2010-06-12T14:03:33","slug":"vesa-e-kuqe-simbol-e-dashurise","status":"publish","type":"post","link":"https:\/\/www.visit-ulcinj.com\/blog\/2010\/06\/12\/vesa-e-kuqe-simbol-e-dashurise\/","title":{"rendered":"Vesa e kuqe simbol e dashuris\u00eb"},"content":{"rendered":"<p><a href=\"http:\/\/www.visit-ulcinj.com\/blog\/wp-content\/uploads\/2010\/06\/Vesa-Luma-Videofesti-2010.jpg\"><img loading=\"lazy\" class=\"alignleft size-full wp-image-34638\" title=\"Vesa Luma - Videofesti 2010\" src=\"http:\/\/www.visit-ulcinj.com\/blog\/wp-content\/uploads\/2010\/06\/Vesa-Luma-Videofesti-2010.jpg\" alt=\"Vesa Luma - Videofesti 2010\" width=\"490\" height=\"620\" \/><\/a>Edhe Vesa Luma ka qen\u00eb mysafire e Videofestit 2010 dhe gjithashtu ka pasur t\u00eb jap\u00eb nj\u00eb \u00e7mim t\u00eb caktuar. E veshur me fustan t\u00eb kuq, ngjyr\u00eb kjo q\u00eb simbolizon dashurin\u00eb, ajo erdhi pa t\u00eb dashur, meq\u00eb ka koh\u00eb q\u00eb nuk jan\u00eb m\u00eb bashk\u00eb. Me t\u00eb kuqe veshur dhe me nj\u00eb krehje flok\u00ebsh shum\u00eb t\u00eb thjesht\u00eb, por gjithsesi bukur, ajo ka dashur t\u00eb b\u00ebj\u00eb disa fotografi me miqt\u00eb e saj, t\u00eb cilat i ka publikuar n\u00eb \u2018facebook\u2019. Ne zgjodh\u00ebm k\u00ebt\u00eb fotografi ku ajo shihet me shoqen e saj Jehona Sopi dhe Labin.<\/p>\n<p><strong>Bota\u00a0 Sot<\/strong><\/p>\n<p><br \/>\n<!--YouTube Error: bad URL entered--><\/p>\n","protected":false},"excerpt":{"rendered":"<p>Edhe Vesa Luma ka qen\u00eb mysafire e Videofestit 2010 dhe gjithashtu ka pasur t\u00eb jap\u00eb nj\u00eb \u00e7mim t\u00eb caktuar. E veshur me fustan t\u00eb kuq, ngjyr\u00eb kjo q\u00eb simbolizon dashurin\u00eb, ajo erdhi pa t\u00eb dashur, meq\u00eb ka koh\u00eb q\u00eb nuk jan\u00eb m\u00eb bashk\u00eb. Me t\u00eb kuqe veshur dhe me nj\u00eb krehje flok\u00ebsh shum\u00eb t\u00eb thjesht\u00eb, [&hellip;]<\/p>\n","protected":false},"author":1,"featured_media":0,"comment_status":"open","ping_status":"closed","sticky":false,"template":"","format":"standard","meta":{"spay_email":"","jetpack_publicize_message":"","jetpack_is_tweetstorm":false,"jetpack_publicize_feature_enabled":true},"categories":[1],"tags":[4948,5017,14695],"jetpack_publicize_connections":[],"yoast_head":"<!-- This site is optimized with the Yoast SEO plugin v19.1 - https:\/\/yoast.com\/wordpress\/plugins\/seo\/ -->\n<title>Vesa e kuqe simbol e dashuris\u00eb - Lajme nga Ulqini<\/title>\n<meta name=\"description\" content=\"Edhe Vesa Luma ka qen\u00eb mysafire e Videofestit 2010 dhe gjithashtu ka pasur t\u00eb jap\u00eb nj\u00eb \u00e7mim t\u00eb caktuar. E veshur me fustan t\u00eb kuq, ngjyr\u00eb kjo q\u00eb\" \/>\n<meta name=\"robots\" content=\"index, follow, max-snippet:-1, max-image-preview:large, max-video-preview:-1\" \/>\n<link rel=\"canonical\" href=\"https:\/\/www.visit-ulcinj.com\/blog\/2010\/06\/12\/vesa-e-kuqe-simbol-e-dashurise\/\" \/>\n<meta property=\"og:locale\" content=\"en_US\" \/>\n<meta property=\"og:type\" content=\"article\" \/>\n<meta property=\"og:title\" content=\"Vesa e kuqe simbol e dashuris\u00eb - Lajme nga Ulqini\" \/>\n<meta property=\"og:description\" content=\"Edhe Vesa Luma ka qen\u00eb mysafire e Videofestit 2010 dhe gjithashtu ka pasur t\u00eb jap\u00eb nj\u00eb \u00e7mim t\u00eb caktuar. E veshur me fustan t\u00eb kuq, ngjyr\u00eb kjo q\u00eb\" \/>\n<meta property=\"og:url\" content=\"https:\/\/www.visit-ulcinj.com\/blog\/2010\/06\/12\/vesa-e-kuqe-simbol-e-dashurise\/\" \/>\n<meta property=\"og:site_name\" content=\"Lajme nga Ulqini\" \/>\n<meta property=\"article:published_time\" content=\"2010-06-12T14:03:33+00:00\" \/>\n<meta property=\"og:image\" content=\"https:\/\/www.visit-ulcinj.com\/blog\/wp-content\/uploads\/2010\/06\/Vesa-Luma-Videofesti-2010-150x150.jpg\" \/>\n<meta name=\"twitter:label1\" content=\"Written by\" \/>\n\t<meta name=\"twitter:data1\" content=\"ulqini\" \/>\n\t<meta name=\"twitter:label2\" content=\"Est. reading time\" \/>\n\t<meta name=\"twitter:data2\" content=\"1 minute\" \/>\n<script type=\"application\/ld+json\" class=\"yoast-schema-graph\">{\"@context\":\"https:\/\/schema.org\",\"@graph\":[{\"@type\":\"WebSite\",\"@id\":\"https:\/\/www.visit-ulcinj.com\/blog\/#website\",\"url\":\"https:\/\/www.visit-ulcinj.com\/blog\/\",\"name\":\"Lajme nga Ulqini\",\"description\":\"Lajme,Vijesti,Ulqini,Ulqin,Crna Gora,Mali i Zi\",\"potentialAction\":[{\"@type\":\"SearchAction\",\"target\":{\"@type\":\"EntryPoint\",\"urlTemplate\":\"https:\/\/www.visit-ulcinj.com\/blog\/?s={search_term_string}\"},\"query-input\":\"required name=search_term_string\"}],\"inLanguage\":\"en-US\"},{\"@type\":\"ImageObject\",\"inLanguage\":\"en-US\",\"@id\":\"https:\/\/www.visit-ulcinj.com\/blog\/2010\/06\/12\/vesa-e-kuqe-simbol-e-dashurise\/#primaryimage\",\"url\":\"http:\/\/www.visit-ulcinj.com\/blog\/wp-content\/uploads\/2010\/06\/Vesa-Luma-Videofesti-2010.jpg\",\"contentUrl\":\"http:\/\/www.visit-ulcinj.com\/blog\/wp-content\/uploads\/2010\/06\/Vesa-Luma-Videofesti-2010.jpg\"},{\"@type\":\"WebPage\",\"@id\":\"https:\/\/www.visit-ulcinj.com\/blog\/2010\/06\/12\/vesa-e-kuqe-simbol-e-dashurise\/#webpage\",\"url\":\"https:\/\/www.visit-ulcinj.com\/blog\/2010\/06\/12\/vesa-e-kuqe-simbol-e-dashurise\/\",\"name\":\"Vesa e kuqe simbol e dashuris\u00eb - Lajme nga Ulqini\",\"isPartOf\":{\"@id\":\"https:\/\/www.visit-ulcinj.com\/blog\/#website\"},\"primaryImageOfPage\":{\"@id\":\"https:\/\/www.visit-ulcinj.com\/blog\/2010\/06\/12\/vesa-e-kuqe-simbol-e-dashurise\/#primaryimage\"},\"datePublished\":\"2010-06-12T14:03:33+00:00\",\"dateModified\":\"2010-06-12T14:03:33+00:00\",\"author\":{\"@id\":\"https:\/\/www.visit-ulcinj.com\/blog\/#\/schema\/person\/dcab619c614d3038751c63bc2aadc06d\"},\"description\":\"Edhe Vesa Luma ka qen\u00eb mysafire e Videofestit 2010 dhe gjithashtu ka pasur t\u00eb jap\u00eb nj\u00eb \u00e7mim t\u00eb caktuar. E veshur me fustan t\u00eb kuq, ngjyr\u00eb kjo q\u00eb\",\"breadcrumb\":{\"@id\":\"https:\/\/www.visit-ulcinj.com\/blog\/2010\/06\/12\/vesa-e-kuqe-simbol-e-dashurise\/#breadcrumb\"},\"inLanguage\":\"en-US\",\"potentialAction\":[{\"@type\":\"ReadAction\",\"target\":[\"https:\/\/www.visit-ulcinj.com\/blog\/2010\/06\/12\/vesa-e-kuqe-simbol-e-dashurise\/\"]}]},{\"@type\":\"BreadcrumbList\",\"@id\":\"https:\/\/www.visit-ulcinj.com\/blog\/2010\/06\/12\/vesa-e-kuqe-simbol-e-dashurise\/#breadcrumb\",\"itemListElement\":[{\"@type\":\"ListItem\",\"position\":1,\"name\":\"Vesa e kuqe simbol e dashuris\u00eb\"}]},{\"@type\":\"Person\",\"@id\":\"https:\/\/www.visit-ulcinj.com\/blog\/#\/schema\/person\/dcab619c614d3038751c63bc2aadc06d\",\"name\":\"ulqini\",\"sameAs\":[\"http:\/\/www.visit-ulcinj.com\"],\"url\":\"https:\/\/www.visit-ulcinj.com\/blog\/author\/admin\/\"}]}<\/script>\n<!-- \/ Yoast SEO plugin. -->","yoast_head_json":{"title":"Vesa e kuqe simbol e dashuris\u00eb - Lajme nga Ulqini","description":"Edhe Vesa Luma ka qen\u00eb mysafire e Videofestit 2010 dhe gjithashtu ka pasur t\u00eb jap\u00eb nj\u00eb \u00e7mim t\u00eb caktuar. E veshur me fustan t\u00eb kuq, ngjyr\u00eb kjo q\u00eb","robots":{"index":"index","follow":"follow","max-snippet":"max-snippet:-1","max-image-preview":"max-image-preview:large","max-video-preview":"max-video-preview:-1"},"canonical":"https:\/\/www.visit-ulcinj.com\/blog\/2010\/06\/12\/vesa-e-kuqe-simbol-e-dashurise\/","og_locale":"en_US","og_type":"article","og_title":"Vesa e kuqe simbol e dashuris\u00eb - Lajme nga Ulqini","og_description":"Edhe Vesa Luma ka qen\u00eb mysafire e Videofestit 2010 dhe gjithashtu ka pasur t\u00eb jap\u00eb nj\u00eb \u00e7mim t\u00eb caktuar. E veshur me fustan t\u00eb kuq, ngjyr\u00eb kjo q\u00eb","og_url":"https:\/\/www.visit-ulcinj.com\/blog\/2010\/06\/12\/vesa-e-kuqe-simbol-e-dashurise\/","og_site_name":"Lajme nga Ulqini","article_published_time":"2010-06-12T14:03:33+00:00","og_image":[{"url":"https:\/\/www.visit-ulcinj.com\/blog\/wp-content\/uploads\/2010\/06\/Vesa-Luma-Videofesti-2010-150x150.jpg"}],"twitter_misc":{"Written by":"ulqini","Est. reading time":"1 minute"},"schema":{"@context":"https:\/\/schema.org","@graph":[{"@type":"WebSite","@id":"https:\/\/www.visit-ulcinj.com\/blog\/#website","url":"https:\/\/www.visit-ulcinj.com\/blog\/","name":"Lajme nga Ulqini","description":"Lajme,Vijesti,Ulqini,Ulqin,Crna Gora,Mali i Zi","potentialAction":[{"@type":"SearchAction","target":{"@type":"EntryPoint","urlTemplate":"https:\/\/www.visit-ulcinj.com\/blog\/?s={search_term_string}"},"query-input":"required name=search_term_string"}],"inLanguage":"en-US"},{"@type":"ImageObject","inLanguage":"en-US","@id":"https:\/\/www.visit-ulcinj.com\/blog\/2010\/06\/12\/vesa-e-kuqe-simbol-e-dashurise\/#primaryimage","url":"http:\/\/www.visit-ulcinj.com\/blog\/wp-content\/uploads\/2010\/06\/Vesa-Luma-Videofesti-2010.jpg","contentUrl":"http:\/\/www.visit-ulcinj.com\/blog\/wp-content\/uploads\/2010\/06\/Vesa-Luma-Videofesti-2010.jpg"},{"@type":"WebPage","@id":"https:\/\/www.visit-ulcinj.com\/blog\/2010\/06\/12\/vesa-e-kuqe-simbol-e-dashurise\/#webpage","url":"https:\/\/www.visit-ulcinj.com\/blog\/2010\/06\/12\/vesa-e-kuqe-simbol-e-dashurise\/","name":"Vesa e kuqe simbol e dashuris\u00eb - Lajme nga Ulqini","isPartOf":{"@id":"https:\/\/www.visit-ulcinj.com\/blog\/#website"},"primaryImageOfPage":{"@id":"https:\/\/www.visit-ulcinj.com\/blog\/2010\/06\/12\/vesa-e-kuqe-simbol-e-dashurise\/#primaryimage"},"datePublished":"2010-06-12T14:03:33+00:00","dateModified":"2010-06-12T14:03:33+00:00","author":{"@id":"https:\/\/www.visit-ulcinj.com\/blog\/#\/schema\/person\/dcab619c614d3038751c63bc2aadc06d"},"description":"Edhe Vesa Luma ka qen\u00eb mysafire e Videofestit 2010 dhe gjithashtu ka pasur t\u00eb jap\u00eb nj\u00eb \u00e7mim t\u00eb caktuar. E veshur me fustan t\u00eb kuq, ngjyr\u00eb kjo q\u00eb","breadcrumb":{"@id":"https:\/\/www.visit-ulcinj.com\/blog\/2010\/06\/12\/vesa-e-kuqe-simbol-e-dashurise\/#breadcrumb"},"inLanguage":"en-US","potentialAction":[{"@type":"ReadAction","target":["https:\/\/www.visit-ulcinj.com\/blog\/2010\/06\/12\/vesa-e-kuqe-simbol-e-dashurise\/"]}]},{"@type":"BreadcrumbList","@id":"https:\/\/www.visit-ulcinj.com\/blog\/2010\/06\/12\/vesa-e-kuqe-simbol-e-dashurise\/#breadcrumb","itemListElement":[{"@type":"ListItem","position":1,"name":"Vesa e kuqe simbol e dashuris\u00eb"}]},{"@type":"Person","@id":"https:\/\/www.visit-ulcinj.com\/blog\/#\/schema\/person\/dcab619c614d3038751c63bc2aadc06d","name":"ulqini","sameAs":["http:\/\/www.visit-ulcinj.com"],"url":"https:\/\/www.visit-ulcinj.com\/blog\/author\/admin\/"}]}},"jetpack_featured_media_url":"","jetpack_sharing_enabled":true,"jetpack_shortlink":"https:\/\/wp.me\/pe6lTn-90F","_links":{"self":[{"href":"https:\/\/www.visit-ulcinj.com\/blog\/wp-json\/wp\/v2\/posts\/34637"}],"collection":[{"href":"https:\/\/www.visit-ulcinj.com\/blog\/wp-json\/wp\/v2\/posts"}],"about":[{"href":"https:\/\/www.visit-ulcinj.com\/blog\/wp-json\/wp\/v2\/types\/post"}],"author":[{"embeddable":true,"href":"https:\/\/www.visit-ulcinj.com\/blog\/wp-json\/wp\/v2\/users\/1"}],"replies":[{"embeddable":true,"href":"https:\/\/www.visit-ulcinj.com\/blog\/wp-json\/wp\/v2\/comments?post=34637"}],"version-history":[{"count":0,"href":"https:\/\/www.visit-ulcinj.com\/blog\/wp-json\/wp\/v2\/posts\/34637\/revisions"}],"wp:attachment":[{"href":"https:\/\/www.visit-ulcinj.com\/blog\/wp-json\/wp\/v2\/media?parent=34637"}],"wp:term":[{"taxonomy":"category","embeddable":true,"href":"https:\/\/www.visit-ulcinj.com\/blog\/wp-json\/wp\/v2\/categories?post=34637"},{"taxonomy":"post_tag","embeddable":true,"href":"https:\/\/www.visit-ulcinj.com\/blog\/wp-json\/wp\/v2\/tags?post=34637"}],"curies":[{"name":"wp","href":"https:\/\/api.w.org\/{rel}","templated":true}]}}