{"id":34648,"date":"2010-06-12T21:22:29","date_gmt":"2010-06-12T19:22:29","guid":{"rendered":"http:\/\/www.visit-ulcinj.com\/blog\/?p=34648"},"modified":"2010-06-12T21:24:55","modified_gmt":"2010-06-12T19:24:55","slug":"edona-llalloshi-me-%e2%80%9cdilema%e2%80%9d","status":"publish","type":"post","link":"https:\/\/www.visit-ulcinj.com\/blog\/2010\/06\/12\/edona-llalloshi-me-%e2%80%9cdilema%e2%80%9d\/","title":{"rendered":"Edona Llalloshi me \u201cDilema\u201d"},"content":{"rendered":"<p><a href=\"http:\/\/www.visit-ulcinj.com\/blog\/wp-content\/uploads\/2010\/06\/Edona-Llalloshi5.jpg\"><img loading=\"lazy\" class=\"alignleft size-full wp-image-34649\" title=\"Edona Llalloshi,5\" src=\"http:\/\/www.visit-ulcinj.com\/blog\/wp-content\/uploads\/2010\/06\/Edona-Llalloshi5.jpg\" alt=\"Edona Llalloshi,5\" width=\"490\" height=\"390\" \/><\/a>Prishtin\u00eb, 12 qershor &#8211; S\u00eb shpejti do t\u00eb dal\u00eb n\u00eb treg albumi m\u00eb i ri i k\u00ebng\u00ebtares s\u00eb njohur Edona Llalloshi. Lajmin e b\u00ebri t\u00eb ditur vet k\u00ebng\u00ebtarja n\u00eb \u201cRTK BLUE\u201d, ku edhe promovoi klipin e k\u00ebng\u00ebs \u201cRomanc\u00eb\u201d dhe duetin t\u00eb cilin e ka me v\u00ebllan\u00eb e saj Milotin, k\u00ebng\u00eb k\u00ebto t\u00eb dyja pjes\u00eb e albumit t\u00eb saj m\u00eb t\u00eb ri. N\u00eb videon e k\u00ebng\u00ebs \u201cRomanc\u00eb\u201d shihet Miloti, v\u00ebllai i Edon\u00ebs, duke performuar rolin kryesor n\u00eb klip. Edona dukej shum\u00eb bukur n\u00eb k\u00ebt\u00eb video dhe ndryshe nga si\u00e7 jemi m\u00ebsuar p\u00ebr ta par\u00eb at\u00eb, transmeton Kosovainfo. \u201c\u00cbsht\u00eb viti i pest\u00eb q\u00eb un\u00eb gjat\u00eb t\u00ebr\u00eb ver\u00ebs performoj n\u00eb tarrac\u00ebn \u201cParajsa\u201d n\u00eb Durr\u00ebs\u201d, tha k\u00ebng\u00ebtarja duke folur p\u00ebr angazhimet e saja gjat\u00eb k\u00ebsaj vere.<br \/>\n<strong><br \/>\nKOHA NET<br \/>\n<br \/>\n<!--YouTube Error: bad URL entered--><\/strong><\/p>\n<p><strong> <\/strong><\/p>\n","protected":false},"excerpt":{"rendered":"<p>Prishtin\u00eb, 12 qershor &#8211; S\u00eb shpejti do t\u00eb dal\u00eb n\u00eb treg albumi m\u00eb i ri i k\u00ebng\u00ebtares s\u00eb njohur Edona Llalloshi. Lajmin e b\u00ebri t\u00eb ditur vet k\u00ebng\u00ebtarja n\u00eb \u201cRTK BLUE\u201d, ku edhe promovoi klipin e k\u00ebng\u00ebs \u201cRomanc\u00eb\u201d dhe duetin t\u00eb cilin e ka me v\u00ebllan\u00eb e saj Milotin, k\u00ebng\u00eb k\u00ebto t\u00eb dyja pjes\u00eb e [&hellip;]<\/p>\n","protected":false},"author":1,"featured_media":0,"comment_status":"open","ping_status":"closed","sticky":false,"template":"","format":"standard","meta":{"spay_email":"","jetpack_publicize_message":"","jetpack_is_tweetstorm":false,"jetpack_publicize_feature_enabled":true},"categories":[1],"tags":[224,14696],"jetpack_publicize_connections":[],"yoast_head":"<!-- This site is optimized with the Yoast SEO plugin v19.1 - https:\/\/yoast.com\/wordpress\/plugins\/seo\/ -->\n<title>Edona Llalloshi me \u201cDilema\u201d - Lajme nga Ulqini<\/title>\n<meta name=\"description\" content=\"Prishtin\u00eb, 12 qershor - S\u00eb shpejti do t\u00eb dal\u00eb n\u00eb treg albumi m\u00eb i ri i k\u00ebng\u00ebtares s\u00eb njohur Edona Llalloshi. Lajmin e b\u00ebri t\u00eb ditur vet k\u00ebng\u00ebtarja n\u00eb \u201cRTK\" \/>\n<meta name=\"robots\" content=\"index, follow, max-snippet:-1, max-image-preview:large, max-video-preview:-1\" \/>\n<link rel=\"canonical\" href=\"https:\/\/www.visit-ulcinj.com\/blog\/2010\/06\/12\/edona-llalloshi-me-\u201cdilema\u201d\/\" \/>\n<meta property=\"og:locale\" content=\"en_US\" \/>\n<meta property=\"og:type\" content=\"article\" \/>\n<meta property=\"og:title\" content=\"Edona Llalloshi me \u201cDilema\u201d - Lajme nga Ulqini\" \/>\n<meta property=\"og:description\" content=\"Prishtin\u00eb, 12 qershor - S\u00eb shpejti do t\u00eb dal\u00eb n\u00eb treg albumi m\u00eb i ri i k\u00ebng\u00ebtares s\u00eb njohur Edona Llalloshi. Lajmin e b\u00ebri t\u00eb ditur vet k\u00ebng\u00ebtarja n\u00eb \u201cRTK\" \/>\n<meta property=\"og:url\" content=\"https:\/\/www.visit-ulcinj.com\/blog\/2010\/06\/12\/edona-llalloshi-me-\u201cdilema\u201d\/\" \/>\n<meta property=\"og:site_name\" content=\"Lajme nga Ulqini\" \/>\n<meta property=\"article:published_time\" content=\"2010-06-12T19:22:29+00:00\" \/>\n<meta property=\"article:modified_time\" content=\"2010-06-12T19:24:55+00:00\" \/>\n<meta property=\"og:image\" content=\"https:\/\/www.visit-ulcinj.com\/blog\/wp-content\/uploads\/2010\/06\/Edona-Llalloshi5-150x150.jpg\" \/>\n<meta name=\"twitter:label1\" content=\"Written by\" \/>\n\t<meta name=\"twitter:data1\" content=\"ulqini\" \/>\n\t<meta name=\"twitter:label2\" content=\"Est. reading time\" \/>\n\t<meta name=\"twitter:data2\" content=\"1 minute\" \/>\n<script type=\"application\/ld+json\" class=\"yoast-schema-graph\">{\"@context\":\"https:\/\/schema.org\",\"@graph\":[{\"@type\":\"WebSite\",\"@id\":\"https:\/\/www.visit-ulcinj.com\/blog\/#website\",\"url\":\"https:\/\/www.visit-ulcinj.com\/blog\/\",\"name\":\"Lajme nga Ulqini\",\"description\":\"Lajme,Vijesti,Ulqini,Ulqin,Crna Gora,Mali i Zi\",\"potentialAction\":[{\"@type\":\"SearchAction\",\"target\":{\"@type\":\"EntryPoint\",\"urlTemplate\":\"https:\/\/www.visit-ulcinj.com\/blog\/?s={search_term_string}\"},\"query-input\":\"required name=search_term_string\"}],\"inLanguage\":\"en-US\"},{\"@type\":\"ImageObject\",\"inLanguage\":\"en-US\",\"@id\":\"https:\/\/www.visit-ulcinj.com\/blog\/2010\/06\/12\/edona-llalloshi-me-%e2%80%9cdilema%e2%80%9d\/#primaryimage\",\"url\":\"http:\/\/www.visit-ulcinj.com\/blog\/wp-content\/uploads\/2010\/06\/Edona-Llalloshi5.jpg\",\"contentUrl\":\"http:\/\/www.visit-ulcinj.com\/blog\/wp-content\/uploads\/2010\/06\/Edona-Llalloshi5.jpg\"},{\"@type\":\"WebPage\",\"@id\":\"https:\/\/www.visit-ulcinj.com\/blog\/2010\/06\/12\/edona-llalloshi-me-%e2%80%9cdilema%e2%80%9d\/#webpage\",\"url\":\"https:\/\/www.visit-ulcinj.com\/blog\/2010\/06\/12\/edona-llalloshi-me-%e2%80%9cdilema%e2%80%9d\/\",\"name\":\"Edona Llalloshi me \u201cDilema\u201d - Lajme nga Ulqini\",\"isPartOf\":{\"@id\":\"https:\/\/www.visit-ulcinj.com\/blog\/#website\"},\"primaryImageOfPage\":{\"@id\":\"https:\/\/www.visit-ulcinj.com\/blog\/2010\/06\/12\/edona-llalloshi-me-%e2%80%9cdilema%e2%80%9d\/#primaryimage\"},\"datePublished\":\"2010-06-12T19:22:29+00:00\",\"dateModified\":\"2010-06-12T19:24:55+00:00\",\"author\":{\"@id\":\"https:\/\/www.visit-ulcinj.com\/blog\/#\/schema\/person\/dcab619c614d3038751c63bc2aadc06d\"},\"description\":\"Prishtin\u00eb, 12 qershor - S\u00eb shpejti do t\u00eb dal\u00eb n\u00eb treg albumi m\u00eb i ri i k\u00ebng\u00ebtares s\u00eb njohur Edona Llalloshi. Lajmin e b\u00ebri t\u00eb ditur vet k\u00ebng\u00ebtarja n\u00eb \u201cRTK\",\"breadcrumb\":{\"@id\":\"https:\/\/www.visit-ulcinj.com\/blog\/2010\/06\/12\/edona-llalloshi-me-%e2%80%9cdilema%e2%80%9d\/#breadcrumb\"},\"inLanguage\":\"en-US\",\"potentialAction\":[{\"@type\":\"ReadAction\",\"target\":[\"https:\/\/www.visit-ulcinj.com\/blog\/2010\/06\/12\/edona-llalloshi-me-%e2%80%9cdilema%e2%80%9d\/\"]}]},{\"@type\":\"BreadcrumbList\",\"@id\":\"https:\/\/www.visit-ulcinj.com\/blog\/2010\/06\/12\/edona-llalloshi-me-%e2%80%9cdilema%e2%80%9d\/#breadcrumb\",\"itemListElement\":[{\"@type\":\"ListItem\",\"position\":1,\"name\":\"Edona Llalloshi me \u201cDilema\u201d\"}]},{\"@type\":\"Person\",\"@id\":\"https:\/\/www.visit-ulcinj.com\/blog\/#\/schema\/person\/dcab619c614d3038751c63bc2aadc06d\",\"name\":\"ulqini\",\"sameAs\":[\"http:\/\/www.visit-ulcinj.com\"],\"url\":\"https:\/\/www.visit-ulcinj.com\/blog\/author\/admin\/\"}]}<\/script>\n<!-- \/ Yoast SEO plugin. -->","yoast_head_json":{"title":"Edona Llalloshi me \u201cDilema\u201d - Lajme nga Ulqini","description":"Prishtin\u00eb, 12 qershor - S\u00eb shpejti do t\u00eb dal\u00eb n\u00eb treg albumi m\u00eb i ri i k\u00ebng\u00ebtares s\u00eb njohur Edona Llalloshi. Lajmin e b\u00ebri t\u00eb ditur vet k\u00ebng\u00ebtarja n\u00eb \u201cRTK","robots":{"index":"index","follow":"follow","max-snippet":"max-snippet:-1","max-image-preview":"max-image-preview:large","max-video-preview":"max-video-preview:-1"},"canonical":"https:\/\/www.visit-ulcinj.com\/blog\/2010\/06\/12\/edona-llalloshi-me-\u201cdilema\u201d\/","og_locale":"en_US","og_type":"article","og_title":"Edona Llalloshi me \u201cDilema\u201d - Lajme nga Ulqini","og_description":"Prishtin\u00eb, 12 qershor - S\u00eb shpejti do t\u00eb dal\u00eb n\u00eb treg albumi m\u00eb i ri i k\u00ebng\u00ebtares s\u00eb njohur Edona Llalloshi. Lajmin e b\u00ebri t\u00eb ditur vet k\u00ebng\u00ebtarja n\u00eb \u201cRTK","og_url":"https:\/\/www.visit-ulcinj.com\/blog\/2010\/06\/12\/edona-llalloshi-me-\u201cdilema\u201d\/","og_site_name":"Lajme nga Ulqini","article_published_time":"2010-06-12T19:22:29+00:00","article_modified_time":"2010-06-12T19:24:55+00:00","og_image":[{"url":"https:\/\/www.visit-ulcinj.com\/blog\/wp-content\/uploads\/2010\/06\/Edona-Llalloshi5-150x150.jpg"}],"twitter_misc":{"Written by":"ulqini","Est. reading time":"1 minute"},"schema":{"@context":"https:\/\/schema.org","@graph":[{"@type":"WebSite","@id":"https:\/\/www.visit-ulcinj.com\/blog\/#website","url":"https:\/\/www.visit-ulcinj.com\/blog\/","name":"Lajme nga Ulqini","description":"Lajme,Vijesti,Ulqini,Ulqin,Crna Gora,Mali i Zi","potentialAction":[{"@type":"SearchAction","target":{"@type":"EntryPoint","urlTemplate":"https:\/\/www.visit-ulcinj.com\/blog\/?s={search_term_string}"},"query-input":"required name=search_term_string"}],"inLanguage":"en-US"},{"@type":"ImageObject","inLanguage":"en-US","@id":"https:\/\/www.visit-ulcinj.com\/blog\/2010\/06\/12\/edona-llalloshi-me-%e2%80%9cdilema%e2%80%9d\/#primaryimage","url":"http:\/\/www.visit-ulcinj.com\/blog\/wp-content\/uploads\/2010\/06\/Edona-Llalloshi5.jpg","contentUrl":"http:\/\/www.visit-ulcinj.com\/blog\/wp-content\/uploads\/2010\/06\/Edona-Llalloshi5.jpg"},{"@type":"WebPage","@id":"https:\/\/www.visit-ulcinj.com\/blog\/2010\/06\/12\/edona-llalloshi-me-%e2%80%9cdilema%e2%80%9d\/#webpage","url":"https:\/\/www.visit-ulcinj.com\/blog\/2010\/06\/12\/edona-llalloshi-me-%e2%80%9cdilema%e2%80%9d\/","name":"Edona Llalloshi me \u201cDilema\u201d - Lajme nga Ulqini","isPartOf":{"@id":"https:\/\/www.visit-ulcinj.com\/blog\/#website"},"primaryImageOfPage":{"@id":"https:\/\/www.visit-ulcinj.com\/blog\/2010\/06\/12\/edona-llalloshi-me-%e2%80%9cdilema%e2%80%9d\/#primaryimage"},"datePublished":"2010-06-12T19:22:29+00:00","dateModified":"2010-06-12T19:24:55+00:00","author":{"@id":"https:\/\/www.visit-ulcinj.com\/blog\/#\/schema\/person\/dcab619c614d3038751c63bc2aadc06d"},"description":"Prishtin\u00eb, 12 qershor - S\u00eb shpejti do t\u00eb dal\u00eb n\u00eb treg albumi m\u00eb i ri i k\u00ebng\u00ebtares s\u00eb njohur Edona Llalloshi. Lajmin e b\u00ebri t\u00eb ditur vet k\u00ebng\u00ebtarja n\u00eb \u201cRTK","breadcrumb":{"@id":"https:\/\/www.visit-ulcinj.com\/blog\/2010\/06\/12\/edona-llalloshi-me-%e2%80%9cdilema%e2%80%9d\/#breadcrumb"},"inLanguage":"en-US","potentialAction":[{"@type":"ReadAction","target":["https:\/\/www.visit-ulcinj.com\/blog\/2010\/06\/12\/edona-llalloshi-me-%e2%80%9cdilema%e2%80%9d\/"]}]},{"@type":"BreadcrumbList","@id":"https:\/\/www.visit-ulcinj.com\/blog\/2010\/06\/12\/edona-llalloshi-me-%e2%80%9cdilema%e2%80%9d\/#breadcrumb","itemListElement":[{"@type":"ListItem","position":1,"name":"Edona Llalloshi me \u201cDilema\u201d"}]},{"@type":"Person","@id":"https:\/\/www.visit-ulcinj.com\/blog\/#\/schema\/person\/dcab619c614d3038751c63bc2aadc06d","name":"ulqini","sameAs":["http:\/\/www.visit-ulcinj.com"],"url":"https:\/\/www.visit-ulcinj.com\/blog\/author\/admin\/"}]}},"jetpack_featured_media_url":"","jetpack_sharing_enabled":true,"jetpack_shortlink":"https:\/\/wp.me\/pe6lTn-90Q","_links":{"self":[{"href":"https:\/\/www.visit-ulcinj.com\/blog\/wp-json\/wp\/v2\/posts\/34648"}],"collection":[{"href":"https:\/\/www.visit-ulcinj.com\/blog\/wp-json\/wp\/v2\/posts"}],"about":[{"href":"https:\/\/www.visit-ulcinj.com\/blog\/wp-json\/wp\/v2\/types\/post"}],"author":[{"embeddable":true,"href":"https:\/\/www.visit-ulcinj.com\/blog\/wp-json\/wp\/v2\/users\/1"}],"replies":[{"embeddable":true,"href":"https:\/\/www.visit-ulcinj.com\/blog\/wp-json\/wp\/v2\/comments?post=34648"}],"version-history":[{"count":0,"href":"https:\/\/www.visit-ulcinj.com\/blog\/wp-json\/wp\/v2\/posts\/34648\/revisions"}],"wp:attachment":[{"href":"https:\/\/www.visit-ulcinj.com\/blog\/wp-json\/wp\/v2\/media?parent=34648"}],"wp:term":[{"taxonomy":"category","embeddable":true,"href":"https:\/\/www.visit-ulcinj.com\/blog\/wp-json\/wp\/v2\/categories?post=34648"},{"taxonomy":"post_tag","embeddable":true,"href":"https:\/\/www.visit-ulcinj.com\/blog\/wp-json\/wp\/v2\/tags?post=34648"}],"curies":[{"name":"wp","href":"https:\/\/api.w.org\/{rel}","templated":true}]}}