{"id":34693,"date":"2010-06-15T16:22:14","date_gmt":"2010-06-15T14:22:14","guid":{"rendered":"http:\/\/www.visit-ulcinj.com\/blog\/?p=34693"},"modified":"2010-06-15T16:22:14","modified_gmt":"2010-06-15T14:22:14","slug":"kumtese-per-opinion-klubi-i-karatese-ulqini","status":"publish","type":"post","link":"https:\/\/www.visit-ulcinj.com\/blog\/2010\/06\/15\/kumtese-per-opinion-klubi-i-karatese-ulqini\/","title":{"rendered":"Kumtes\u00eb p\u00ebr opinion: Klubi i Karates\u00eb &#8220;Ulqini&#8221;"},"content":{"rendered":"<p><strong><a href=\"http:\/\/www.visit-ulcinj.com\/blog\/wp-content\/uploads\/2010\/06\/KARATE-CLUB-ULQINI_1.jpg\"><img loading=\"lazy\" class=\"alignleft size-full wp-image-34694\" title=\"KARATE CLUB ULQINI_1\" src=\"http:\/\/www.visit-ulcinj.com\/blog\/wp-content\/uploads\/2010\/06\/KARATE-CLUB-ULQINI_1.jpg\" alt=\"KARATE CLUB ULQINI_1\" width=\"490\" height=\"380\" \/><\/a>KUMTES\u00cb P\u00cbR OPINION E KLUBIT T\u00cb KARATES\u00cb \u201cULQINI\u201d <\/strong><\/p>\n<p>Klubi i karates\u00eb \u201cUlqini\u201d hapat e tij t\u00eb para i qiti q\u00eb n\u00eb vitin 1975, p\u00ebrkrah shoqat\u00ebs s\u00eb sportit \u201cUlqini\u201d t\u00eb asaj kohe.\u00a0 Si klub n\u00eb vete i Qytetit \u00ebsht\u00eb regjistruar n\u00eb vitin 1985. Q\u00eb nga fillimi\u00a0 e deri tash ka shkolluar e aft\u00ebsuar mij\u00ebra an\u00ebtar\u00eb, mij\u00ebra t\u00eb rinj q\u00eb sporti i karates\u00eb, klubi \u201cUlqini\u201d\u00a0 i mori n\u00eb gjirin e vet, i hoqi nga rruga dhe i b\u00ebri sportist\u00eb t\u00eb dalluar e t\u00eb d\u00ebshmuar, jo vet\u00ebm t\u00eb k\u00ebtij qyteti,\u00a0 po edhe n\u00eb nivel shteti, n\u00eb nivel gjith\u00ebkomb\u00ebtar, po t\u00eb dalluar edhe n\u00eb gara nd\u00ebrkomb\u00ebtare.<\/p>\n<p>Garuesit e klubit t\u00eb karates\u00eb \u201cUlqini\u201d p\u00ebr \u00e7do vjet i prun\u00eb dhe po i bien Qytetit ton\u00eb shum\u00eb trofe dhe medalje, duke qen\u00eb gjithmon\u00eb i dalluar nd\u00ebr m\u00eb t\u00eb mir\u00ebt, si n\u00eb vend, ashtu dhe jasht\u00eb vendit. Sukseset tona b\u00ebn\u00eb xheloz\u00eb madje edhe klubet e qyteteve t\u00eb tjera. Shum\u00eb do t\u00eb d\u00ebshironin t\u00eb ken\u00eb sukseset tona. Shum\u00eb do t\u00eb donin t\u00eb ishin n\u00eb vendin ton\u00eb me rezultate, por jo me p\u00ebrkrahje, pasi fatkeq\u00ebsisht p\u00ebrkund\u00ebr rezultateve t\u00eb larta, p\u00ebrkrahja nga nivelet kompetente vendore, pothuajse mungoi fare. P\u00ebr \u00e7udi p\u00ebrkrahja materiale po b\u00ebhet n\u00eb m\u00ebnyr\u00eb seleksionuese, duke na anashkaluar ne. Pse?\u00a0 Ku \u00ebsht\u00eb arsyeja kur rezultatet, masiviteti e kualiteti d\u00ebshmon!?<\/p>\n<p>Ne jemi krenar\u00eb, meqen\u00ebse n\u00eb \u00e7do vend e n\u00eb \u00e7do gar\u00eb ku marrim pjes\u00eb p\u00ebrfaq\u00ebsojm\u00eb me dinjitet e shpirt luftarak sportiv emrin e Qytetit ton\u00eb t\u00eb lasht\u00eb, t\u00eb cilin e mbajm\u00eb me krenari plot tri dekada. Por habia m\u00eb e madhe \u00ebsht\u00eb, e q\u00eb t\u00eb shtie t\u00eb mendosh, ku \u00ebsht\u00eb shkaku i mosp\u00ebrkrahjes? Athua e gjith\u00eb kjo pun\u00eb jona e palodhshme dekada me radh\u00eb, athua k\u00ebta t\u00eb rinj, k\u00ebta sportist\u00eb nuk merituakan p\u00ebrkrahje nga pushteti vendor, nga goja e t\u00eb cil\u00ebve shum\u00eb her\u00eb d\u00ebgjohen fjal\u00eb t\u00eb mira p\u00ebr sportin e p\u00ebrkrahjen ndaj sportit. Pyetja \u201cenigmatike\u201d \u00ebsht\u00eb se kush ndihmohet!? Athua me t\u00eb v\u00ebrtet\u00eb paska ndonj\u00eb dallim n\u00eb mes t\u00eb klubeve? Rezultatet nuk mund t\u00eb jen\u00eb, pasi ato flasin se KK \u201cUlqini\u201d \u00ebsht\u00eb m\u00eb i miri! At\u00ebher\u00eb pse, edhe ajo pak q\u00eb parashikohet me buxhet t\u00eb ndahet n\u00eb baza t\u00eb shijeve apo di\u00e7 tjet\u00ebr. K\u00ebt\u00eb e them pasi disa klube lavd\u00ebrohen bot\u00ebrisht n\u00ebp\u00ebr mjet mjeteve t\u00eb informimit dhe fal\u00ebnderojn\u00eb komun\u00ebn p\u00ebr ndihmat e vazhdueshme, p\u00ebr \u00e7ka un\u00eb nuk kam asgj\u00eb kund\u00ebr. Por, me t\u00eb drejt\u00eb t\u00eb b\u00ebn t\u00eb mendosh e t\u00eb pyet\u00ebsh pse k\u00ebshtu? Deri kur k\u00ebshtu? N\u00eb dobi t\u00eb kujt shkon kjo e k\u00ebto p\u00ebrkrahje seleksionuese. N\u00eb dobi t\u00eb sportit JO! N\u00eb dobi t\u00eb zhvillimit t\u00eb individit sportdash\u00ebs e frym\u00ebs s\u00eb sh\u00ebndosh\u00eb sportive e zhvillimore JO se JO. Dashamir\u00ebsi i sportit k\u00ebt\u00eb v\u00ebshtir\u00eb se mund ta kuptoj\u00eb e as qytetari, as prindi, as m\u00ebsuesi, as nx\u00ebn\u00ebsi sportdash\u00ebs, as trajneri vet\u00ebmohues nuk mund ta kuptojn\u00eb!<\/p>\n<p>Prandaj\u00a0 \u00ebsht\u00eb koha dhe k\u00ebrkes\u00eb\u00a0 e realitetit q\u00eb t\u00eb ndryshohet di\u00e7ka n\u00eb t\u00eb mir\u00eb. Klubi i cili vepron n\u00eb t\u00ebr\u00eb Komun\u00ebn, Qytetin me rrethin\u00eb,\u00a0 gjithher\u00eb me m\u00eb se 130 an\u00ebtar\u00eb, duke vepruar n\u00eb tri salla, t\u00eb cilat t\u00eb gjitha i paguajm\u00eb vet\u00eb, me gjith\u00eb k\u00ebto rezultate, qindra trofe e medalje meriton t\u00eb ndihmohet e p\u00ebrkrahet materialisht.<\/p>\n<p>Pushteti me t\u00eb ardhurat buxhetore duhet t\u00eb ndihmoj\u00eb e p\u00ebrkrah\u00eb sportin. T\u00eb rinjt\u00eb e t\u00eb rejat k\u00ebt\u00eb e meritojn\u00eb e pushtetar\u00ebt ua kan\u00eb borxh.<\/p>\n<p>Dhe n\u00eb fund, nj\u00eb sqarim. T\u00eb nderuar an\u00ebtar\u00eb, prind\u00ebr e qytetar\u00eb k\u00ebrkojm\u00eb falje se sivjet nuk do t\u00eb kemi mund\u00ebsi t\u00eb marrim pjes\u00eb n\u00eb t\u00eb gjitha garat e turnet\u00eb. Besoj se shkakun e kuptuat. Ne kemi fuqin\u00eb, dijen, garues t\u00eb p\u00ebrgatitur, trajner\u00eb t\u00eb njohur e t\u00eb d\u00ebshmuar, nj\u00eb udh\u00ebheq\u00ebsi t\u00eb shk\u00eblqyer, por pa p\u00ebrkrahje t\u00eb nevojshme v\u00ebshtir\u00eb \u00ebsht\u00eb t\u00eb p\u00ebrballojm\u00eb k\u00ebrkesat.<\/p>\n<p>Shpresojm\u00eb se kjo kumtes\u00eb\u00a0 do t\u00eb kuptohet drejt\u00eb, q\u00eb t\u00eb ndihmohet sporti.<\/p>\n<p>Dhe fare n\u00eb fund, fal\u00ebnderojm\u00eb\u00a0 t\u00eb gjith\u00eb ata (individ\u00eb e afarist\u00eb e t\u00eb tjer\u00eb) q\u00eb na ndihmuan n\u00eb rrug\u00ebtimin ton\u00eb sa t\u00eb v\u00ebshtir\u00eb aq t\u00eb lavdish\u00ebm sportiv e njer\u00ebzor.<\/p>\n<p><strong>Kryetrajneri i Klubit t\u00eb karates\u00eb \u201cUlqini\u201d<\/p>\n<p>Ruzhdi Rama<br \/>\n<!--YouTube Error: bad URL entered--><\/strong><\/p>\n","protected":false},"excerpt":{"rendered":"<p>KUMTES\u00cb P\u00cbR OPINION E KLUBIT T\u00cb KARATES\u00cb \u201cULQINI\u201d Klubi i karates\u00eb \u201cUlqini\u201d hapat e tij t\u00eb para i qiti q\u00eb n\u00eb vitin 1975, p\u00ebrkrah shoqat\u00ebs s\u00eb sportit \u201cUlqini\u201d t\u00eb asaj kohe.\u00a0 Si klub n\u00eb vete i Qytetit \u00ebsht\u00eb regjistruar n\u00eb vitin 1985. Q\u00eb nga fillimi\u00a0 e deri tash ka shkolluar e aft\u00ebsuar mij\u00ebra an\u00ebtar\u00eb, mij\u00ebra [&hellip;]<\/p>\n","protected":false},"author":1,"featured_media":0,"comment_status":"open","ping_status":"closed","sticky":false,"template":"","format":"standard","meta":{"spay_email":"","jetpack_publicize_message":"","jetpack_is_tweetstorm":false,"jetpack_publicize_feature_enabled":true},"categories":[1],"tags":[14707,2076,200],"jetpack_publicize_connections":[],"yoast_head":"<!-- This site is optimized with the Yoast SEO plugin v19.1 - https:\/\/yoast.com\/wordpress\/plugins\/seo\/ -->\n<title>Kumtes\u00eb p\u00ebr opinion: Klubi i Karates\u00eb &quot;Ulqini&quot; - Lajme nga Ulqini<\/title>\n<meta name=\"description\" content=\"KUMTES\u00cb P\u00cbR OPINION E KLUBIT T\u00cb KARATES\u00cb \u201cULQINI\u201d Klubi i karates\u00eb \u201cUlqini\u201d hapat e tij t\u00eb para i qiti q\u00eb n\u00eb vitin 1975, p\u00ebrkrah shoqat\u00ebs s\u00eb sportit\" \/>\n<meta name=\"robots\" content=\"index, follow, max-snippet:-1, max-image-preview:large, max-video-preview:-1\" \/>\n<link rel=\"canonical\" href=\"https:\/\/www.visit-ulcinj.com\/blog\/2010\/06\/15\/kumtese-per-opinion-klubi-i-karatese-ulqini\/\" \/>\n<meta property=\"og:locale\" content=\"en_US\" \/>\n<meta property=\"og:type\" content=\"article\" \/>\n<meta property=\"og:title\" content=\"Kumtes\u00eb p\u00ebr opinion: Klubi i Karates\u00eb &quot;Ulqini&quot; - Lajme nga Ulqini\" \/>\n<meta property=\"og:description\" content=\"KUMTES\u00cb P\u00cbR OPINION E KLUBIT T\u00cb KARATES\u00cb \u201cULQINI\u201d Klubi i karates\u00eb \u201cUlqini\u201d hapat e tij t\u00eb para i qiti q\u00eb n\u00eb vitin 1975, p\u00ebrkrah shoqat\u00ebs s\u00eb sportit\" \/>\n<meta property=\"og:url\" content=\"https:\/\/www.visit-ulcinj.com\/blog\/2010\/06\/15\/kumtese-per-opinion-klubi-i-karatese-ulqini\/\" \/>\n<meta property=\"og:site_name\" content=\"Lajme nga Ulqini\" \/>\n<meta property=\"article:published_time\" content=\"2010-06-15T14:22:14+00:00\" \/>\n<meta property=\"og:image\" content=\"http:\/\/www.visit-ulcinj.com\/blog\/wp-content\/uploads\/2010\/06\/KARATE-CLUB-ULQINI_1.jpg\" \/>\n<meta name=\"twitter:label1\" content=\"Written by\" \/>\n\t<meta name=\"twitter:data1\" content=\"ulqini\" \/>\n\t<meta name=\"twitter:label2\" content=\"Est. reading time\" \/>\n\t<meta name=\"twitter:data2\" content=\"4 minutes\" \/>\n<script type=\"application\/ld+json\" class=\"yoast-schema-graph\">{\"@context\":\"https:\/\/schema.org\",\"@graph\":[{\"@type\":\"WebSite\",\"@id\":\"https:\/\/www.visit-ulcinj.com\/blog\/#website\",\"url\":\"https:\/\/www.visit-ulcinj.com\/blog\/\",\"name\":\"Lajme nga Ulqini\",\"description\":\"Lajme,Vijesti,Ulqini,Ulqin,Crna Gora,Mali i Zi\",\"potentialAction\":[{\"@type\":\"SearchAction\",\"target\":{\"@type\":\"EntryPoint\",\"urlTemplate\":\"https:\/\/www.visit-ulcinj.com\/blog\/?s={search_term_string}\"},\"query-input\":\"required name=search_term_string\"}],\"inLanguage\":\"en-US\"},{\"@type\":\"ImageObject\",\"inLanguage\":\"en-US\",\"@id\":\"https:\/\/www.visit-ulcinj.com\/blog\/2010\/06\/15\/kumtese-per-opinion-klubi-i-karatese-ulqini\/#primaryimage\",\"url\":\"https:\/\/www.visit-ulcinj.com\/blog\/wp-content\/uploads\/2010\/06\/KARATE-CLUB-ULQINI_1.jpg\",\"contentUrl\":\"https:\/\/www.visit-ulcinj.com\/blog\/wp-content\/uploads\/2010\/06\/KARATE-CLUB-ULQINI_1.jpg\",\"width\":\"1022\",\"height\":\"774\"},{\"@type\":\"WebPage\",\"@id\":\"https:\/\/www.visit-ulcinj.com\/blog\/2010\/06\/15\/kumtese-per-opinion-klubi-i-karatese-ulqini\/#webpage\",\"url\":\"https:\/\/www.visit-ulcinj.com\/blog\/2010\/06\/15\/kumtese-per-opinion-klubi-i-karatese-ulqini\/\",\"name\":\"Kumtes\u00eb p\u00ebr opinion: Klubi i Karates\u00eb \\\"Ulqini\\\" - Lajme nga Ulqini\",\"isPartOf\":{\"@id\":\"https:\/\/www.visit-ulcinj.com\/blog\/#website\"},\"primaryImageOfPage\":{\"@id\":\"https:\/\/www.visit-ulcinj.com\/blog\/2010\/06\/15\/kumtese-per-opinion-klubi-i-karatese-ulqini\/#primaryimage\"},\"datePublished\":\"2010-06-15T14:22:14+00:00\",\"dateModified\":\"2010-06-15T14:22:14+00:00\",\"author\":{\"@id\":\"https:\/\/www.visit-ulcinj.com\/blog\/#\/schema\/person\/dcab619c614d3038751c63bc2aadc06d\"},\"description\":\"KUMTES\u00cb P\u00cbR OPINION E KLUBIT T\u00cb KARATES\u00cb \u201cULQINI\u201d Klubi i karates\u00eb \u201cUlqini\u201d hapat e tij t\u00eb para i qiti q\u00eb n\u00eb vitin 1975, p\u00ebrkrah shoqat\u00ebs s\u00eb sportit\",\"breadcrumb\":{\"@id\":\"https:\/\/www.visit-ulcinj.com\/blog\/2010\/06\/15\/kumtese-per-opinion-klubi-i-karatese-ulqini\/#breadcrumb\"},\"inLanguage\":\"en-US\",\"potentialAction\":[{\"@type\":\"ReadAction\",\"target\":[\"https:\/\/www.visit-ulcinj.com\/blog\/2010\/06\/15\/kumtese-per-opinion-klubi-i-karatese-ulqini\/\"]}]},{\"@type\":\"BreadcrumbList\",\"@id\":\"https:\/\/www.visit-ulcinj.com\/blog\/2010\/06\/15\/kumtese-per-opinion-klubi-i-karatese-ulqini\/#breadcrumb\",\"itemListElement\":[{\"@type\":\"ListItem\",\"position\":1,\"name\":\"Kumtes\u00eb p\u00ebr opinion: Klubi i Karates\u00eb &#8220;Ulqini&#8221;\"}]},{\"@type\":\"Person\",\"@id\":\"https:\/\/www.visit-ulcinj.com\/blog\/#\/schema\/person\/dcab619c614d3038751c63bc2aadc06d\",\"name\":\"ulqini\",\"sameAs\":[\"http:\/\/www.visit-ulcinj.com\"],\"url\":\"https:\/\/www.visit-ulcinj.com\/blog\/author\/admin\/\"}]}<\/script>\n<!-- \/ Yoast SEO plugin. -->","yoast_head_json":{"title":"Kumtes\u00eb p\u00ebr opinion: Klubi i Karates\u00eb \"Ulqini\" - Lajme nga Ulqini","description":"KUMTES\u00cb P\u00cbR OPINION E KLUBIT T\u00cb KARATES\u00cb \u201cULQINI\u201d Klubi i karates\u00eb \u201cUlqini\u201d hapat e tij t\u00eb para i qiti q\u00eb n\u00eb vitin 1975, p\u00ebrkrah shoqat\u00ebs s\u00eb sportit","robots":{"index":"index","follow":"follow","max-snippet":"max-snippet:-1","max-image-preview":"max-image-preview:large","max-video-preview":"max-video-preview:-1"},"canonical":"https:\/\/www.visit-ulcinj.com\/blog\/2010\/06\/15\/kumtese-per-opinion-klubi-i-karatese-ulqini\/","og_locale":"en_US","og_type":"article","og_title":"Kumtes\u00eb p\u00ebr opinion: Klubi i Karates\u00eb \"Ulqini\" - Lajme nga Ulqini","og_description":"KUMTES\u00cb P\u00cbR OPINION E KLUBIT T\u00cb KARATES\u00cb \u201cULQINI\u201d Klubi i karates\u00eb \u201cUlqini\u201d hapat e tij t\u00eb para i qiti q\u00eb n\u00eb vitin 1975, p\u00ebrkrah shoqat\u00ebs s\u00eb sportit","og_url":"https:\/\/www.visit-ulcinj.com\/blog\/2010\/06\/15\/kumtese-per-opinion-klubi-i-karatese-ulqini\/","og_site_name":"Lajme nga Ulqini","article_published_time":"2010-06-15T14:22:14+00:00","og_image":[{"url":"http:\/\/www.visit-ulcinj.com\/blog\/wp-content\/uploads\/2010\/06\/KARATE-CLUB-ULQINI_1.jpg"}],"twitter_misc":{"Written by":"ulqini","Est. reading time":"4 minutes"},"schema":{"@context":"https:\/\/schema.org","@graph":[{"@type":"WebSite","@id":"https:\/\/www.visit-ulcinj.com\/blog\/#website","url":"https:\/\/www.visit-ulcinj.com\/blog\/","name":"Lajme nga Ulqini","description":"Lajme,Vijesti,Ulqini,Ulqin,Crna Gora,Mali i Zi","potentialAction":[{"@type":"SearchAction","target":{"@type":"EntryPoint","urlTemplate":"https:\/\/www.visit-ulcinj.com\/blog\/?s={search_term_string}"},"query-input":"required name=search_term_string"}],"inLanguage":"en-US"},{"@type":"ImageObject","inLanguage":"en-US","@id":"https:\/\/www.visit-ulcinj.com\/blog\/2010\/06\/15\/kumtese-per-opinion-klubi-i-karatese-ulqini\/#primaryimage","url":"https:\/\/www.visit-ulcinj.com\/blog\/wp-content\/uploads\/2010\/06\/KARATE-CLUB-ULQINI_1.jpg","contentUrl":"https:\/\/www.visit-ulcinj.com\/blog\/wp-content\/uploads\/2010\/06\/KARATE-CLUB-ULQINI_1.jpg","width":"1022","height":"774"},{"@type":"WebPage","@id":"https:\/\/www.visit-ulcinj.com\/blog\/2010\/06\/15\/kumtese-per-opinion-klubi-i-karatese-ulqini\/#webpage","url":"https:\/\/www.visit-ulcinj.com\/blog\/2010\/06\/15\/kumtese-per-opinion-klubi-i-karatese-ulqini\/","name":"Kumtes\u00eb p\u00ebr opinion: Klubi i Karates\u00eb \"Ulqini\" - Lajme nga Ulqini","isPartOf":{"@id":"https:\/\/www.visit-ulcinj.com\/blog\/#website"},"primaryImageOfPage":{"@id":"https:\/\/www.visit-ulcinj.com\/blog\/2010\/06\/15\/kumtese-per-opinion-klubi-i-karatese-ulqini\/#primaryimage"},"datePublished":"2010-06-15T14:22:14+00:00","dateModified":"2010-06-15T14:22:14+00:00","author":{"@id":"https:\/\/www.visit-ulcinj.com\/blog\/#\/schema\/person\/dcab619c614d3038751c63bc2aadc06d"},"description":"KUMTES\u00cb P\u00cbR OPINION E KLUBIT T\u00cb KARATES\u00cb \u201cULQINI\u201d Klubi i karates\u00eb \u201cUlqini\u201d hapat e tij t\u00eb para i qiti q\u00eb n\u00eb vitin 1975, p\u00ebrkrah shoqat\u00ebs s\u00eb sportit","breadcrumb":{"@id":"https:\/\/www.visit-ulcinj.com\/blog\/2010\/06\/15\/kumtese-per-opinion-klubi-i-karatese-ulqini\/#breadcrumb"},"inLanguage":"en-US","potentialAction":[{"@type":"ReadAction","target":["https:\/\/www.visit-ulcinj.com\/blog\/2010\/06\/15\/kumtese-per-opinion-klubi-i-karatese-ulqini\/"]}]},{"@type":"BreadcrumbList","@id":"https:\/\/www.visit-ulcinj.com\/blog\/2010\/06\/15\/kumtese-per-opinion-klubi-i-karatese-ulqini\/#breadcrumb","itemListElement":[{"@type":"ListItem","position":1,"name":"Kumtes\u00eb p\u00ebr opinion: Klubi i Karates\u00eb &#8220;Ulqini&#8221;"}]},{"@type":"Person","@id":"https:\/\/www.visit-ulcinj.com\/blog\/#\/schema\/person\/dcab619c614d3038751c63bc2aadc06d","name":"ulqini","sameAs":["http:\/\/www.visit-ulcinj.com"],"url":"https:\/\/www.visit-ulcinj.com\/blog\/author\/admin\/"}]}},"jetpack_featured_media_url":"","jetpack_sharing_enabled":true,"jetpack_shortlink":"https:\/\/wp.me\/pe6lTn-91z","_links":{"self":[{"href":"https:\/\/www.visit-ulcinj.com\/blog\/wp-json\/wp\/v2\/posts\/34693"}],"collection":[{"href":"https:\/\/www.visit-ulcinj.com\/blog\/wp-json\/wp\/v2\/posts"}],"about":[{"href":"https:\/\/www.visit-ulcinj.com\/blog\/wp-json\/wp\/v2\/types\/post"}],"author":[{"embeddable":true,"href":"https:\/\/www.visit-ulcinj.com\/blog\/wp-json\/wp\/v2\/users\/1"}],"replies":[{"embeddable":true,"href":"https:\/\/www.visit-ulcinj.com\/blog\/wp-json\/wp\/v2\/comments?post=34693"}],"version-history":[{"count":0,"href":"https:\/\/www.visit-ulcinj.com\/blog\/wp-json\/wp\/v2\/posts\/34693\/revisions"}],"wp:attachment":[{"href":"https:\/\/www.visit-ulcinj.com\/blog\/wp-json\/wp\/v2\/media?parent=34693"}],"wp:term":[{"taxonomy":"category","embeddable":true,"href":"https:\/\/www.visit-ulcinj.com\/blog\/wp-json\/wp\/v2\/categories?post=34693"},{"taxonomy":"post_tag","embeddable":true,"href":"https:\/\/www.visit-ulcinj.com\/blog\/wp-json\/wp\/v2\/tags?post=34693"}],"curies":[{"name":"wp","href":"https:\/\/api.w.org\/{rel}","templated":true}]}}