{"id":34697,"date":"2010-06-15T16:39:36","date_gmt":"2010-06-15T14:39:36","guid":{"rendered":"http:\/\/www.visit-ulcinj.com\/blog\/?p=34697"},"modified":"2010-06-15T16:39:36","modified_gmt":"2010-06-15T14:39:36","slug":"ilir-muja-kampion-i-malit-te-zi","status":"publish","type":"post","link":"https:\/\/www.visit-ulcinj.com\/blog\/2010\/06\/15\/ilir-muja-kampion-i-malit-te-zi\/","title":{"rendered":"Ilir Muja kampion i Malit t\u00eb  Zi"},"content":{"rendered":"<p><strong><a href=\"http:\/\/www.visit-ulcinj.com\/blog\/wp-content\/uploads\/2010\/06\/Ilir-Muja-kampion-i-Malit-t\u00eb-Zi_1-2.JPG\"><img loading=\"lazy\" class=\"alignleft size-full wp-image-34698\" title=\"Ilir Muja kampion i Malit t\u00eb  Zi_1 (2)\" src=\"http:\/\/www.visit-ulcinj.com\/blog\/wp-content\/uploads\/2010\/06\/Ilir-Muja-kampion-i-Malit-t\u00eb-Zi_1-2.JPG\" alt=\"Ilir Muja kampion i Malit t\u00eb  Zi_1 (2)\" width=\"490\" height=\"380\" \/><\/a>Klubi i karates\u00eb \u201cUlqini\u201d ruan primatin e tij <\/strong><br \/>\nM\u00eb 12 qershor 2010 n\u00eb Podgoric\u00eb\u00a0 u mbajt Kampionati i karates\u00eb s\u00eb Malit t\u00eb Zi p\u00ebr fatosa\u00a0\u00a0\u00a0 dhe shpresa, ku mor\u00ebn pjes\u00eb 23 klube me 134 garues. N\u00eb k\u00ebt\u00eb kampionat garuesit e Klubit t\u00eb Karates\u00eb \u201cUlqini\u201d u kuror\u00ebzuan me 14 medalje. Kampion i Malit t\u00eb Zi n\u00eb luft\u00ebra individuale u shpall Ilir Muja n\u00eb kategorin\u00eb -50 kg, nd\u00ebrsa n\u00ebnkampion\u00eb t\u00eb Malit t\u00eb zi po n\u00eb luft\u00ebra individuale\u00a0 u shpall\u00ebn Angjella Marnikoviq -55 kg dhe Gentiana Kuqi +55 kg. Me medalje t\u00eb bronzt\u00eb n\u00eb luft\u00ebra individuale u kuror\u00eb zuan Xhemale Elezi, Lulzim Suma, Edin Kraja dhe Lavtim Tula. N\u00eb kata ekipore n\u00ebnkampion t\u00eb Malit t\u00eb Zi u shpall ekipi i shpresave i vajzave i p\u00ebrb\u00ebr\u00eb nga Antigona Rama, Xhemale Elezi dhe Doriana Taipi, nd\u00ebrsa ekipi i djemve n\u00eb p\u00ebrb\u00ebrje Teufik Shurdha, Rexhep Shaba dhe Edon Ceka u kuror\u00ebzua me medalje t\u00eb bronzt\u00eb. K\u00ebsaj here Klubi i Karates\u00eb mori pjes\u00eb pothuajse vet\u00ebm me karateist\u00eb t\u00eb gjenerat\u00ebs s\u00eb shpresave, pra 13 vje\u00e7ar\u00eb, por n\u00eb mesin e tyre ishte dhe nj\u00eb talent i s\u00eb ardhmes, shtatvje\u00e7ari Emro Bajrami, i cili u kuror\u00ebzua me medaljen e bronzt\u00eb.<\/p>\n<p>Sipas Rregullores s\u00eb Federat\u00ebs s\u00eb Karates\u00eb s\u00eb Malit t\u00eb Zi, e cila vendit t\u00eb\u00a0 par\u00eb dhe t\u00eb dyt\u00eb automatikisht i jep t\u00eb drejt\u00ebn e pjes\u00ebmarrjes n\u00eb Kampionatin Ballkanik, tre garuesit e KK \u201cUlqini\u201d Ilir Muja, Gentiana Kuqi dhe Angjella Marnikoviq siguruan vendin n\u00eb radh\u00ebt e P\u00ebrfaq\u00ebsueses s\u00eb Malit t\u00eb Zi. K\u00ebtu nuk p\u00ebrjashtohet edhe Xhemale Elezi, e cila po ashtu ka shanse t\u00eb m\u00ebdha p\u00ebr k\u00ebt\u00eb.<\/p>\n<p><strong>Me k\u00ebt\u00eb kampionat\u00a0 Klubi i Karates\u00eb \u201cUlqini\u201d p\u00ebrfundon sezonin e par\u00eb t\u00eb garave me sukses.<\/strong><\/p>\n<p><strong>KK \u201cUlqini\u201d<\/strong><br \/>\n<!--YouTube Error: bad URL entered--><\/p>\n","protected":false},"excerpt":{"rendered":"<p>Klubi i karates\u00eb \u201cUlqini\u201d ruan primatin e tij M\u00eb 12 qershor 2010 n\u00eb Podgoric\u00eb\u00a0 u mbajt Kampionati i karates\u00eb s\u00eb Malit t\u00eb Zi p\u00ebr fatosa\u00a0\u00a0\u00a0 dhe shpresa, ku mor\u00ebn pjes\u00eb 23 klube me 134 garues. N\u00eb k\u00ebt\u00eb kampionat garuesit e Klubit t\u00eb Karates\u00eb \u201cUlqini\u201d u kuror\u00ebzuan me 14 medalje. Kampion i Malit t\u00eb Zi n\u00eb [&hellip;]<\/p>\n","protected":false},"author":1,"featured_media":0,"comment_status":"open","ping_status":"closed","sticky":false,"template":"","format":"standard","meta":{"spay_email":"","jetpack_publicize_message":"","jetpack_is_tweetstorm":false,"jetpack_publicize_feature_enabled":true},"categories":[3],"tags":[5829,5828,2921,9714,2066],"jetpack_publicize_connections":[],"yoast_head":"<!-- This site is optimized with the Yoast SEO plugin v19.1 - https:\/\/yoast.com\/wordpress\/plugins\/seo\/ -->\n<title>Ilir Muja kampion i Malit t\u00eb Zi - Lajme nga Ulqini<\/title>\n<meta name=\"description\" content=\"Klubi i karates\u00eb \u201cUlqini\u201d ruan primatin e tij M\u00eb 12 qershor 2010 n\u00eb Podgoric\u00eb\u00a0 u mbajt Kampionati i karates\u00eb s\u00eb Malit t\u00eb Zi p\u00ebr fatosa\u00a0\u00a0\u00a0 dhe shpresa, ku\" \/>\n<meta name=\"robots\" content=\"index, follow, max-snippet:-1, max-image-preview:large, max-video-preview:-1\" \/>\n<link rel=\"canonical\" href=\"https:\/\/www.visit-ulcinj.com\/blog\/2010\/06\/15\/ilir-muja-kampion-i-malit-te-zi\/\" \/>\n<meta property=\"og:locale\" content=\"en_US\" \/>\n<meta property=\"og:type\" content=\"article\" \/>\n<meta property=\"og:title\" content=\"Ilir Muja kampion i Malit t\u00eb Zi - Lajme nga Ulqini\" \/>\n<meta property=\"og:description\" content=\"Klubi i karates\u00eb \u201cUlqini\u201d ruan primatin e tij M\u00eb 12 qershor 2010 n\u00eb Podgoric\u00eb\u00a0 u mbajt Kampionati i karates\u00eb s\u00eb Malit t\u00eb Zi p\u00ebr fatosa\u00a0\u00a0\u00a0 dhe shpresa, ku\" \/>\n<meta property=\"og:url\" content=\"https:\/\/www.visit-ulcinj.com\/blog\/2010\/06\/15\/ilir-muja-kampion-i-malit-te-zi\/\" \/>\n<meta property=\"og:site_name\" content=\"Lajme nga Ulqini\" \/>\n<meta property=\"article:published_time\" content=\"2010-06-15T14:39:36+00:00\" \/>\n<meta name=\"twitter:label1\" content=\"Written by\" \/>\n\t<meta name=\"twitter:data1\" content=\"ulqini\" \/>\n\t<meta name=\"twitter:label2\" content=\"Est. reading time\" \/>\n\t<meta name=\"twitter:data2\" content=\"2 minutes\" \/>\n<script type=\"application\/ld+json\" class=\"yoast-schema-graph\">{\"@context\":\"https:\/\/schema.org\",\"@graph\":[{\"@type\":\"WebSite\",\"@id\":\"https:\/\/www.visit-ulcinj.com\/blog\/#website\",\"url\":\"https:\/\/www.visit-ulcinj.com\/blog\/\",\"name\":\"Lajme nga Ulqini\",\"description\":\"Lajme,Vijesti,Ulqini,Ulqin,Crna Gora,Mali i Zi\",\"potentialAction\":[{\"@type\":\"SearchAction\",\"target\":{\"@type\":\"EntryPoint\",\"urlTemplate\":\"https:\/\/www.visit-ulcinj.com\/blog\/?s={search_term_string}\"},\"query-input\":\"required name=search_term_string\"}],\"inLanguage\":\"en-US\"},{\"@type\":\"WebPage\",\"@id\":\"https:\/\/www.visit-ulcinj.com\/blog\/2010\/06\/15\/ilir-muja-kampion-i-malit-te-zi\/#webpage\",\"url\":\"https:\/\/www.visit-ulcinj.com\/blog\/2010\/06\/15\/ilir-muja-kampion-i-malit-te-zi\/\",\"name\":\"Ilir Muja kampion i Malit t\u00eb Zi - Lajme nga Ulqini\",\"isPartOf\":{\"@id\":\"https:\/\/www.visit-ulcinj.com\/blog\/#website\"},\"datePublished\":\"2010-06-15T14:39:36+00:00\",\"dateModified\":\"2010-06-15T14:39:36+00:00\",\"author\":{\"@id\":\"https:\/\/www.visit-ulcinj.com\/blog\/#\/schema\/person\/dcab619c614d3038751c63bc2aadc06d\"},\"description\":\"Klubi i karates\u00eb \u201cUlqini\u201d ruan primatin e tij M\u00eb 12 qershor 2010 n\u00eb Podgoric\u00eb\u00a0 u mbajt Kampionati i karates\u00eb s\u00eb Malit t\u00eb Zi p\u00ebr fatosa\u00a0\u00a0\u00a0 dhe shpresa, ku\",\"breadcrumb\":{\"@id\":\"https:\/\/www.visit-ulcinj.com\/blog\/2010\/06\/15\/ilir-muja-kampion-i-malit-te-zi\/#breadcrumb\"},\"inLanguage\":\"en-US\",\"potentialAction\":[{\"@type\":\"ReadAction\",\"target\":[\"https:\/\/www.visit-ulcinj.com\/blog\/2010\/06\/15\/ilir-muja-kampion-i-malit-te-zi\/\"]}]},{\"@type\":\"BreadcrumbList\",\"@id\":\"https:\/\/www.visit-ulcinj.com\/blog\/2010\/06\/15\/ilir-muja-kampion-i-malit-te-zi\/#breadcrumb\",\"itemListElement\":[{\"@type\":\"ListItem\",\"position\":1,\"name\":\"Ilir Muja kampion i Malit t\u00eb Zi\"}]},{\"@type\":\"Person\",\"@id\":\"https:\/\/www.visit-ulcinj.com\/blog\/#\/schema\/person\/dcab619c614d3038751c63bc2aadc06d\",\"name\":\"ulqini\",\"sameAs\":[\"http:\/\/www.visit-ulcinj.com\"],\"url\":\"https:\/\/www.visit-ulcinj.com\/blog\/author\/admin\/\"}]}<\/script>\n<!-- \/ Yoast SEO plugin. -->","yoast_head_json":{"title":"Ilir Muja kampion i Malit t\u00eb Zi - Lajme nga Ulqini","description":"Klubi i karates\u00eb \u201cUlqini\u201d ruan primatin e tij M\u00eb 12 qershor 2010 n\u00eb Podgoric\u00eb\u00a0 u mbajt Kampionati i karates\u00eb s\u00eb Malit t\u00eb Zi p\u00ebr fatosa\u00a0\u00a0\u00a0 dhe shpresa, ku","robots":{"index":"index","follow":"follow","max-snippet":"max-snippet:-1","max-image-preview":"max-image-preview:large","max-video-preview":"max-video-preview:-1"},"canonical":"https:\/\/www.visit-ulcinj.com\/blog\/2010\/06\/15\/ilir-muja-kampion-i-malit-te-zi\/","og_locale":"en_US","og_type":"article","og_title":"Ilir Muja kampion i Malit t\u00eb Zi - Lajme nga Ulqini","og_description":"Klubi i karates\u00eb \u201cUlqini\u201d ruan primatin e tij M\u00eb 12 qershor 2010 n\u00eb Podgoric\u00eb\u00a0 u mbajt Kampionati i karates\u00eb s\u00eb Malit t\u00eb Zi p\u00ebr fatosa\u00a0\u00a0\u00a0 dhe shpresa, ku","og_url":"https:\/\/www.visit-ulcinj.com\/blog\/2010\/06\/15\/ilir-muja-kampion-i-malit-te-zi\/","og_site_name":"Lajme nga Ulqini","article_published_time":"2010-06-15T14:39:36+00:00","twitter_misc":{"Written by":"ulqini","Est. reading time":"2 minutes"},"schema":{"@context":"https:\/\/schema.org","@graph":[{"@type":"WebSite","@id":"https:\/\/www.visit-ulcinj.com\/blog\/#website","url":"https:\/\/www.visit-ulcinj.com\/blog\/","name":"Lajme nga Ulqini","description":"Lajme,Vijesti,Ulqini,Ulqin,Crna Gora,Mali i Zi","potentialAction":[{"@type":"SearchAction","target":{"@type":"EntryPoint","urlTemplate":"https:\/\/www.visit-ulcinj.com\/blog\/?s={search_term_string}"},"query-input":"required name=search_term_string"}],"inLanguage":"en-US"},{"@type":"WebPage","@id":"https:\/\/www.visit-ulcinj.com\/blog\/2010\/06\/15\/ilir-muja-kampion-i-malit-te-zi\/#webpage","url":"https:\/\/www.visit-ulcinj.com\/blog\/2010\/06\/15\/ilir-muja-kampion-i-malit-te-zi\/","name":"Ilir Muja kampion i Malit t\u00eb Zi - Lajme nga Ulqini","isPartOf":{"@id":"https:\/\/www.visit-ulcinj.com\/blog\/#website"},"datePublished":"2010-06-15T14:39:36+00:00","dateModified":"2010-06-15T14:39:36+00:00","author":{"@id":"https:\/\/www.visit-ulcinj.com\/blog\/#\/schema\/person\/dcab619c614d3038751c63bc2aadc06d"},"description":"Klubi i karates\u00eb \u201cUlqini\u201d ruan primatin e tij M\u00eb 12 qershor 2010 n\u00eb Podgoric\u00eb\u00a0 u mbajt Kampionati i karates\u00eb s\u00eb Malit t\u00eb Zi p\u00ebr fatosa\u00a0\u00a0\u00a0 dhe shpresa, ku","breadcrumb":{"@id":"https:\/\/www.visit-ulcinj.com\/blog\/2010\/06\/15\/ilir-muja-kampion-i-malit-te-zi\/#breadcrumb"},"inLanguage":"en-US","potentialAction":[{"@type":"ReadAction","target":["https:\/\/www.visit-ulcinj.com\/blog\/2010\/06\/15\/ilir-muja-kampion-i-malit-te-zi\/"]}]},{"@type":"BreadcrumbList","@id":"https:\/\/www.visit-ulcinj.com\/blog\/2010\/06\/15\/ilir-muja-kampion-i-malit-te-zi\/#breadcrumb","itemListElement":[{"@type":"ListItem","position":1,"name":"Ilir Muja kampion i Malit t\u00eb Zi"}]},{"@type":"Person","@id":"https:\/\/www.visit-ulcinj.com\/blog\/#\/schema\/person\/dcab619c614d3038751c63bc2aadc06d","name":"ulqini","sameAs":["http:\/\/www.visit-ulcinj.com"],"url":"https:\/\/www.visit-ulcinj.com\/blog\/author\/admin\/"}]}},"jetpack_featured_media_url":"","jetpack_sharing_enabled":true,"jetpack_shortlink":"https:\/\/wp.me\/pe6lTn-91D","_links":{"self":[{"href":"https:\/\/www.visit-ulcinj.com\/blog\/wp-json\/wp\/v2\/posts\/34697"}],"collection":[{"href":"https:\/\/www.visit-ulcinj.com\/blog\/wp-json\/wp\/v2\/posts"}],"about":[{"href":"https:\/\/www.visit-ulcinj.com\/blog\/wp-json\/wp\/v2\/types\/post"}],"author":[{"embeddable":true,"href":"https:\/\/www.visit-ulcinj.com\/blog\/wp-json\/wp\/v2\/users\/1"}],"replies":[{"embeddable":true,"href":"https:\/\/www.visit-ulcinj.com\/blog\/wp-json\/wp\/v2\/comments?post=34697"}],"version-history":[{"count":0,"href":"https:\/\/www.visit-ulcinj.com\/blog\/wp-json\/wp\/v2\/posts\/34697\/revisions"}],"wp:attachment":[{"href":"https:\/\/www.visit-ulcinj.com\/blog\/wp-json\/wp\/v2\/media?parent=34697"}],"wp:term":[{"taxonomy":"category","embeddable":true,"href":"https:\/\/www.visit-ulcinj.com\/blog\/wp-json\/wp\/v2\/categories?post=34697"},{"taxonomy":"post_tag","embeddable":true,"href":"https:\/\/www.visit-ulcinj.com\/blog\/wp-json\/wp\/v2\/tags?post=34697"}],"curies":[{"name":"wp","href":"https:\/\/api.w.org\/{rel}","templated":true}]}}