{"id":347,"date":"2008-01-30T00:27:57","date_gmt":"2008-01-30T05:27:57","guid":{"rendered":"http:\/\/www.visit-ulcinj.com\/blog\/2008\/01\/30\/keng-dhe-kengetar-ulqinak-1\/"},"modified":"2008-02-12T20:17:19","modified_gmt":"2008-02-13T01:17:19","slug":"keng-dhe-kengetar-ulqinak-1","status":"publish","type":"post","link":"https:\/\/www.visit-ulcinj.com\/blog\/2008\/01\/30\/keng-dhe-kengetar-ulqinak-1\/","title":{"rendered":"K\u00ebng dhe k\u00ebng\u00ebtar Ulqinak (1)"},"content":{"rendered":"<p><span><font face=\"Arial, Helvetica, sans-serif\" size=\"5\"><font size=\"4\"><a href=\"http:\/\/www.visit-ulcinj.com\/gallery\/main.php?g2_itemId=21\" target=\"_blank\"><img loading=\"lazy\" src=\"http:\/\/www.visit-ulcinj.com\/gallery\/main.php?g2_view=core.DownloadItem&amp;g2_itemId=7529&amp;g2_serialNumber=2\" style=\"width: 218px; height: 188px\" align=\"left\" border=\"0\" height=\"480\" width=\"640\" \/>&#8220;Gusharaveli&#8221; &#8211; valle e harap\u00ebve t\u00eb Ulqinit<\/a><\/font><font face=\"Verdana\" size=\"2\"><br \/>\n(Portret, bised\u00eb me Hilmi Hoxh\u00ebn, solist)<br \/>\n\u00cbsht\u00eb nj\u00eb fotografi e mo\u00e7me, shihet orkestri artistik; n\u00eb bateri \u00ebsht\u00eb nj\u00eb djalosh, nj\u00eb fare i ri. Ai \u00ebsht\u00eb Hilmi Hoxha, bashk\u00ebbiseduesi yn\u00eb, tash nj\u00eb veteran i folklorit t\u00eb Ulqinit.<br \/>\nP\u00ebr ta b\u00ebr\u00eb portretin e tij, Hilmiu (Ulqin, 1939) thot\u00eb se duhet kthyer nja 50 vjet prapa. Shpjegon:<\/font><\/font><font face=\"Verdana\" size=\"2\"><!--more--><br \/>\n&#8211; Ajo fotografi \u00ebsht\u00eb nga pritja e Vitit t\u00eb Ri 1960. Kall\u00ebzon: &#8211; Rexhep Abazi i binte kitar\u00ebs; Seit Hasanaga, m\u00eb i moshuari instrumentist i Ulqinit, i binte primit; Tef\u00eb Do\u00e7i i binte kontrabasit (violon\u00e7elos); Xhemal Fici, ishte mjesht\u00ebr i fisarmonik\u00ebs; Ragip Milla i binte kitar\u00ebs; un\u00eb e mbaja taktin me bateri; isha m\u00eb i riu.<br \/>\nN\u00eb orkestr\u00ebn popullore, si solist, k\u00ebng\u00ebtar, isha edhe me Beto Kashoxh\u00ebn, fisarmonik\u00eb; Ali Zhygjelin, violin\u00eb; v\u00ebllez\u00ebrit Rifat dhe Vehbi Llazorja i binin fisarmonikave n\u00eb duet dhe k\u00ebndonin; Durgut Kokotoviqi ishte dajrexhi, dhe t\u00eb tjer\u00eb q\u00eb n\u00eb k\u00ebt\u00eb \u00e7at po i harroj. Shum\u00eb prej tyre sot nuk jan\u00eb me ne, nuk jan\u00eb n\u00eb k\u00ebt\u00eb jet\u00eb.<br \/>\nN\u00eb fillim. Pas Luft\u00ebs II Bot\u00ebrore, n\u00eb Ulqin muzik\u00eb, ballo, vall\u00ebzime, aheng dhe mbr\u00ebmje arg\u00ebtuese, n\u00eb fillim b\u00ebheshin n\u00eb Sht\u00ebpin\u00eb e Kultur\u00ebs (ishte nd\u00ebr t\u00eb parat n\u00eb Mal t\u00eb Zi dhe moderne), pastaj n\u00eb hotelin &#8220;Koop&#8221; (tash &#8220;Galeb&#8221;) dhe n\u00eb tarrac\u00ebn (oborrin) e hoteleve &#8220;Jadran&#8221; dhe &#8220;Republika&#8221; (&#8220;Korzo&#8221;); k\u00ebta dy hotele tani nuk ekzistojn\u00eb, jan\u00eb rr\u00ebnuar pas termetit t\u00eb prillit 1979.<br \/>\nInformatori &#8211; nx\u00ebn\u00ebs. Hilmi Hoxha, u kujtohet aktiviteteve si nx\u00ebn\u00ebs i Tet\u00ebvje\u00e7ares. Ishte an\u00ebtar i korit t\u00eb shkoll\u00ebs dhe an\u00ebtar i grupit dramatik, me t\u00eb cilat programe dhe shfaqje jan\u00eb prezentuar m\u00eb shum\u00eb her\u00eb. Korin e udh\u00ebhiqte Llolla Zhivanoviqi, n\u00eb program ishin vet\u00ebm k\u00ebng\u00eb serbisht, asnj\u00eb shqip.<br \/>\nNj\u00eb dram\u00eb p\u00ebr f\u00ebmij\u00eb e pati p\u00ebrgatitur Antonia Rogin &#8211; Markoviqi, e cila na jepte gjuh\u00ebn shqipe, edhepse ishte kroate. N\u00eb at\u00eb dram\u00eb kan\u00eb luajtur edhe: Alush Llunji, Kabil Mehmeti, Hajro Pufja e t\u00eb tjer\u00eb. Ka qen\u00eb viti 1953.<br \/>\nSHKA &#8220;Boshko Strugar&#8221;. &#8211; Duke u rritur, tregon &#8211; kemi formuar SHKA &#8220;Boshko Strugar&#8221;, n\u00ebn udh\u00ebheqjen e Bajram Selit, m\u00ebsues. Kryetar i par\u00eb ishte Hasan Gorana.<br \/>\nN\u00eb grupin e folklorit kan\u00eb qen\u00eb: Sulejman Lika, Gani Lika, Xhemail Resulbegu, Muhamet Hasa, nd\u00ebrsa vajzat ishin: Zumreta Resulbegu, Sadije Uru\u00e7i, Kadrije Brashnja, Lafe Brashnja; k\u00ebto k\u00ebndonin fort bukur.<br \/>\n(M\u00eb her\u00ebt n\u00eb grupin folklorik t\u00eb Ulqinit kan\u00eb marr\u00eb pjes\u00eb edhe motrat Drecuni; m\u00eb e madhja ishte Bagjoja. Ato kan\u00eb luajtur dhe k\u00ebnduar para vitit 1953).<br \/>\nNd\u00ebrsa n\u00eb fillime k\u00ebndoheshin k\u00ebng\u00eb partizane e t\u00eb kombeve dhe t\u00eb komb\u00ebsive, si\u00e7 e k\u00ebrkonte dita, Hilmi Hoxha me k\u00ebnaq\u00ebsi kujtohet se, n\u00eb program u vuan edhe valle e k\u00ebng\u00eb shqipe.<br \/>\n&#8211; Kemi luajtur &#8220;Vellen e Rugov\u00ebs&#8221;, &#8220;Shot\u00ebn&#8221;, &#8220;Vallen me pushk\u00eb&#8221;, &#8220;Vallen me shpata&#8221;. Xhemail Resulbegu e ka luajtur &#8220;Vallen me pushk\u00eb&#8221;. Me shpata kan\u00eb luajtur: Gani Lika, por partneri nuk po m\u00eb kujtohet. &#8220;Vajza e Rugov\u00ebs&#8221; ka qen\u00eb Elma Leskovci, past\u00eb ndjes\u00eb.<br \/>\n&#8220;Dasma e Ulqinit&#8221;. M\u00eb von\u00eb ansambli popullor e merr emrin &#8220;Dasma e Ulqinit&#8221;, sipas programit t\u00eb koncipuar si dasm\u00eb. T\u00eb zotin e sht\u00ebpis\u00eb e luante me mjeshtri vetareni i ndjer\u00eb Rexhep Abazi.<br \/>\n&#8220;Gusharaveli&#8221;<br \/>\nVallja &#8220;Gusharaveli&#8221; (jo &#8220;Dumsharaveli&#8221;, sepse nuk ka kuptim; fjala \u00ebsht\u00eb p\u00ebr gusarin (kusarin), b\u00ebhet tem\u00eb e diskutimit.<img loading=\"lazy\" src=\"http:\/\/www.kohajavore.cg.yu\/slike\/1110545989.jpg\" align=\"right\" border=\"0\" height=\"123\" hspace=\"5\" vspace=\"5\" width=\"240\" \/><br \/>\n&#8211; E ka v\u00ebn\u00eb n\u00eb sken\u00eb, e ka futur n\u00eb program, Bahri Brisku, kryetar i SHKA-s\u00eb, (pas Hasan Goran\u00ebs). N\u00eb udh\u00ebheqje ka qen\u00eb edhe Qamo Gorana, si dhe un\u00eb e do t\u00eb tjer\u00eb. Kjo ka qen\u00eb n\u00eb vitin 1965, &#8211; thot\u00eb informatori.<br \/>\nFejzo Hoxha, korist veteran, na ndihmon, na e plot\u00ebson bised\u00ebn.<br \/>\n&#8211; &#8220;Gusharaveli&#8221; (vallja e kusar\u00ebve), para vitit 1947, n\u00eb Ulqin \u00ebsht\u00eb luajtur n\u00ebp\u00ebr dasma, si valle popullore, e m\u00eb pastaj \u00ebsht\u00eb v\u00ebn\u00eb n\u00eb sken\u00eb me koreografi artistike, n\u00eb programin e SHKA-s\u00eb.<br \/>\nMe k\u00ebt\u00eb valle Ulqini ka korrur simpati t\u00eb m\u00ebdha n\u00ebp\u00ebr turne, sidomos n\u00eb Shkod\u00ebr dhe Durr\u00ebs, n\u00eb vitin 1980.<br \/>\n&#8220;Gusharavelin&#8221; e Ulqinit, po me t\u00eb nj\u00ebjt\u00ebn koreografi, e kan\u00eb ven\u00eb n\u00eb program edhe disa ansamble t\u00eb tjera, si n\u00eb Tuz e tjer\u00eb.<br \/>\n&#8220;Gusharavelin&#8221; duhet konsideruar si valle karakteristike, tipike e Ulqinit, ashtu si\u00e7 njihet &#8220;Shota&#8221; ose &#8220;Vallja e Rugov\u00ebs&#8221;, si valle kosovare.<br \/>\nHilmiu shton: &#8211; M\u00eb 1968 &#8220;Gusharaveli&#8221; luhet p\u00ebr her\u00eb t\u00eb par\u00eb jasht\u00eb Ulqinit, n\u00eb nj\u00eb turne n\u00ebp\u00ebr Kosov\u00eb, nd\u00ebrsa n\u00eb Ulqin e kemi luajtur gjat\u00eb ver\u00ebs, \u00e7do jav\u00eb, n\u00eb mbr\u00ebmje, n\u00eb Bah\u00e7en verore, n\u00eb Ran\u00eb, p\u00ebr mysafir\u00ebt e shumt\u00eb, sidomos p\u00ebr ata gjerman\u00eb.<br \/>\nRepertori. Hilmi Hoxh\u00ebs i kujtohet:<br \/>\n&#8211; E kemi pritur Vitin e Ri 1960. N\u00eb hotelin &#8220;Jadran&#8221; kemi b\u00ebr\u00eb muzik\u00eb vall\u00ebzimi, kemi b\u00ebr\u00eb nj\u00eb ballo t\u00eb madhe, q\u00eb szmbahet n\u00eb mend, q\u00eb szharrohet. &#8211; N\u00eb ato vite, kujtohet, jemi mbledhur vet\u00ebm p\u00ebr data, festime, vit t\u00eb ri. Natyrisht &#8211; pa pages\u00eb, &#8211; shton.<br \/>\nRitmet e vall\u00ebzimit kan\u00eb qen\u00eb: tango, valcer, bugivugi, ritme t\u00eb asaj kohe. Vall\u00ebzohej \u00e7do nat\u00eb verore n\u00eb tarrac\u00ebn e &#8220;Jadranit&#8221;, mysafir\u00ebt e Ulqinit dhe t\u00eb rinjt\u00eb ulqinak\u00eb, q\u00eb e shfryt\u00ebzonin t\u00eb njiheshin me t\u00eb reja nga mbar\u00eb Jugosllavia e asaj kohe dhe, sidomos, me gjermanesha. Ashtu e ka rinia e bregdetit.<br \/>\nProgrami folklorik p\u00ebrb\u00ebhej me k\u00ebng\u00eb dalmatine, maqedone dhe shqipe.<br \/>\nHilmi Hoxha i kujton me k\u00ebnaq\u00ebsi k\u00ebng\u00ebt q\u00eb i kishte n\u00eb repertor. Me t\u00ebr\u00eb shpirtin i k\u00ebndonte k\u00ebng\u00ebt: &#8220;Si dukati i vog\u00ebl je&#8221;, &#8220;P\u00ebrmidis pazarit tz Durrcit&#8221; , &#8220;Kur tzi shof dy syt\u00eb e tu&#8221; e t\u00eb tjera.<br \/>\nHilmi Hoxha ishte solist, por ka k\u00ebnduar edhe n\u00eb duet, me Elma Leskovcin e Ragip Mill\u00ebn.<br \/>\nTurnet\u00eb. &#8211; Ver\u00ebs kemi qen\u00eb edhe n\u00eb Budva, por sidomos nuk harrohet kurr\u00eb turneja n\u00ebp\u00ebr Kosov\u00eb, n\u00eb vitin 1968, me rastin e sh\u00ebnimit t\u00eb 500-vjetorit t\u00eb vdekjes s\u00eb Gjergj Kastriotit &#8211; Sk\u00ebnderbeut, q\u00eb ishte nj\u00eb manifestim gjith\u00ebpopullor. Koncerte jasht\u00ebzakonisht t\u00eb sukseshme kemi pasur n\u00eb qytetet m\u00eb t\u00eb m\u00ebdha t\u00eb Kosov\u00ebs: n\u00eb Pej\u00eb, n\u00eb Gjakov\u00eb, n\u00eb Prizren, n\u00eb Prishtin\u00eb, n\u00eb Gjilan, n\u00eb Podujev\u00eb (Besian\u00eb). Autobusi ka qen\u00eb plot, me 50 veta. Pritja ka qen\u00eb e jasht\u00ebzakonshme. Publiku ka qen\u00eb i befasuar me programin ton\u00eb. Mikpritja n\u00eb Kosov\u00eb szharrohet. N\u00eb Gjakov\u00eb kemi qen\u00eb mysafir\u00eb n\u00eb sht\u00ebpin\u00eb e Rizvanoll\u00ebve, ishte nj\u00eb pritje e paharrueshme. N\u00eb Prishtin\u00eb takimi me ulqinak\u00eb ka qen\u00eb ngaz\u00ebllyes. Na kan\u00eb pritur e p\u00ebrcjell\u00eb: Ismet Lamoja, Alush Llunji, Hajro Ulqinaku e tjer\u00eb. (\u00cbsht\u00eb nj\u00eb fotografi bardhezi nga Prishtina, fotografi tash dokumentare). Nuk mund ta harroj shkrimtarin Rifat Kukaj, Kemi qen\u00eb mysafir\u00eb, kemi bujtur n\u00eb banes\u00ebn e tij n\u00eb Prishtin\u00eb. Kjo szharrohet, sh\u00ebnoje!<br \/>\nM\u00eb 1980 Hilmi Hoxha e le orkestr\u00ebn dhe k\u00ebndimin. Ishte 45-vje\u00e7ar.<br \/>\nN\u00eb fund. &#8211; Kam edhe shum\u00eb me t\u00eb diftu, por u vanova, ka me m\u00eb b\u00ebrtit\u00eb gruja, &#8211; thot\u00eb.<br \/>\nDhe ik\u00ebn.<\/font><\/span><span><\/span><\/p>\n<p><span><font face=\"Verdana\" size=\"2\"><strong>P\u00ebrgatiti: Hajro Ulqinaku<\/strong><\/font><\/span><img loading=\"lazy\" src=\"http:\/\/www.kohajavore.cg.yu\/koha.jpg\" align=\"right\" height=\"48\" hspace=\"6\" vspace=\"6\" width=\"200\" \/><\/p>\n","protected":false},"excerpt":{"rendered":"<p><img loading=\"lazy\" src=\"http:\/\/www.visit-ulcinj.com\/gallery\/main.php?g2_view=core.DownloadItem&amp;g2_itemId=7529&amp;g2_serialNumber=2\"  height=\"140\" width=\"140\" \/><\/p>\n","protected":false},"author":1,"featured_media":0,"comment_status":"open","ping_status":"closed","sticky":false,"template":"","format":"standard","meta":{"spay_email":"","jetpack_publicize_message":"","jetpack_is_tweetstorm":false,"jetpack_publicize_feature_enabled":true},"categories":[4],"tags":[1277,968,972,985,975,989,971,988,978,974,961,976,987,962,973,983,984,980,986,967,963,969,993,982,964,977,965,970,979,966,981],"jetpack_publicize_connections":[],"yoast_head":"<!-- This site is optimized with the Yoast SEO plugin v19.1 - https:\/\/yoast.com\/wordpress\/plugins\/seo\/ -->\n<title>K\u00ebng dhe k\u00ebng\u00ebtar Ulqinak (1) - Lajme nga Ulqini<\/title>\n<meta name=\"robots\" content=\"index, follow, max-snippet:-1, max-image-preview:large, max-video-preview:-1\" \/>\n<link rel=\"canonical\" href=\"https:\/\/www.visit-ulcinj.com\/blog\/2008\/01\/30\/keng-dhe-kengetar-ulqinak-1\/\" \/>\n<meta property=\"og:locale\" content=\"en_US\" \/>\n<meta property=\"og:type\" content=\"article\" \/>\n<meta property=\"og:title\" content=\"K\u00ebng dhe k\u00ebng\u00ebtar Ulqinak (1) - Lajme nga Ulqini\" \/>\n<meta property=\"og:url\" content=\"https:\/\/www.visit-ulcinj.com\/blog\/2008\/01\/30\/keng-dhe-kengetar-ulqinak-1\/\" \/>\n<meta property=\"og:site_name\" content=\"Lajme nga Ulqini\" \/>\n<meta property=\"article:published_time\" content=\"2008-01-30T05:27:57+00:00\" \/>\n<meta property=\"article:modified_time\" content=\"2008-02-13T01:17:19+00:00\" \/>\n<meta property=\"og:image\" content=\"http:\/\/www.visit-ulcinj.com\/gallery\/main.php?g2_view=core.DownloadItem&#038;g2_itemId=7529&#038;g2_serialNumber=2\" \/>\n<meta name=\"twitter:label1\" content=\"Written by\" \/>\n\t<meta name=\"twitter:data1\" content=\"ulqini\" \/>\n\t<meta name=\"twitter:label2\" content=\"Est. reading time\" \/>\n\t<meta name=\"twitter:data2\" content=\"6 minutes\" \/>\n<script type=\"application\/ld+json\" class=\"yoast-schema-graph\">{\"@context\":\"https:\/\/schema.org\",\"@graph\":[{\"@type\":\"WebSite\",\"@id\":\"https:\/\/www.visit-ulcinj.com\/blog\/#website\",\"url\":\"https:\/\/www.visit-ulcinj.com\/blog\/\",\"name\":\"Lajme nga Ulqini\",\"description\":\"Lajme,Vijesti,Ulqini,Ulqin,Crna Gora,Mali i Zi\",\"potentialAction\":[{\"@type\":\"SearchAction\",\"target\":{\"@type\":\"EntryPoint\",\"urlTemplate\":\"https:\/\/www.visit-ulcinj.com\/blog\/?s={search_term_string}\"},\"query-input\":\"required name=search_term_string\"}],\"inLanguage\":\"en-US\"},{\"@type\":\"ImageObject\",\"inLanguage\":\"en-US\",\"@id\":\"https:\/\/www.visit-ulcinj.com\/blog\/2008\/01\/30\/keng-dhe-kengetar-ulqinak-1\/#primaryimage\",\"url\":\"http:\/\/www.visit-ulcinj.com\/gallery\/main.php?g2_view=core.DownloadItem&amp;g2_itemId=7529&amp;g2_serialNumber=2\",\"contentUrl\":\"http:\/\/www.visit-ulcinj.com\/gallery\/main.php?g2_view=core.DownloadItem&amp;g2_itemId=7529&amp;g2_serialNumber=2\"},{\"@type\":\"WebPage\",\"@id\":\"https:\/\/www.visit-ulcinj.com\/blog\/2008\/01\/30\/keng-dhe-kengetar-ulqinak-1\/#webpage\",\"url\":\"https:\/\/www.visit-ulcinj.com\/blog\/2008\/01\/30\/keng-dhe-kengetar-ulqinak-1\/\",\"name\":\"K\u00ebng dhe k\u00ebng\u00ebtar Ulqinak (1) - Lajme nga Ulqini\",\"isPartOf\":{\"@id\":\"https:\/\/www.visit-ulcinj.com\/blog\/#website\"},\"primaryImageOfPage\":{\"@id\":\"https:\/\/www.visit-ulcinj.com\/blog\/2008\/01\/30\/keng-dhe-kengetar-ulqinak-1\/#primaryimage\"},\"datePublished\":\"2008-01-30T05:27:57+00:00\",\"dateModified\":\"2008-02-13T01:17:19+00:00\",\"author\":{\"@id\":\"https:\/\/www.visit-ulcinj.com\/blog\/#\/schema\/person\/dcab619c614d3038751c63bc2aadc06d\"},\"breadcrumb\":{\"@id\":\"https:\/\/www.visit-ulcinj.com\/blog\/2008\/01\/30\/keng-dhe-kengetar-ulqinak-1\/#breadcrumb\"},\"inLanguage\":\"en-US\",\"potentialAction\":[{\"@type\":\"ReadAction\",\"target\":[\"https:\/\/www.visit-ulcinj.com\/blog\/2008\/01\/30\/keng-dhe-kengetar-ulqinak-1\/\"]}]},{\"@type\":\"BreadcrumbList\",\"@id\":\"https:\/\/www.visit-ulcinj.com\/blog\/2008\/01\/30\/keng-dhe-kengetar-ulqinak-1\/#breadcrumb\",\"itemListElement\":[{\"@type\":\"ListItem\",\"position\":1,\"name\":\"K\u00ebng dhe k\u00ebng\u00ebtar Ulqinak (1)\"}]},{\"@type\":\"Person\",\"@id\":\"https:\/\/www.visit-ulcinj.com\/blog\/#\/schema\/person\/dcab619c614d3038751c63bc2aadc06d\",\"name\":\"ulqini\",\"sameAs\":[\"http:\/\/www.visit-ulcinj.com\"],\"url\":\"https:\/\/www.visit-ulcinj.com\/blog\/author\/admin\/\"}]}<\/script>\n<!-- \/ Yoast SEO plugin. -->","yoast_head_json":{"title":"K\u00ebng dhe k\u00ebng\u00ebtar Ulqinak (1) - Lajme nga Ulqini","robots":{"index":"index","follow":"follow","max-snippet":"max-snippet:-1","max-image-preview":"max-image-preview:large","max-video-preview":"max-video-preview:-1"},"canonical":"https:\/\/www.visit-ulcinj.com\/blog\/2008\/01\/30\/keng-dhe-kengetar-ulqinak-1\/","og_locale":"en_US","og_type":"article","og_title":"K\u00ebng dhe k\u00ebng\u00ebtar Ulqinak (1) - Lajme nga Ulqini","og_url":"https:\/\/www.visit-ulcinj.com\/blog\/2008\/01\/30\/keng-dhe-kengetar-ulqinak-1\/","og_site_name":"Lajme nga Ulqini","article_published_time":"2008-01-30T05:27:57+00:00","article_modified_time":"2008-02-13T01:17:19+00:00","og_image":[{"url":"http:\/\/www.visit-ulcinj.com\/gallery\/main.php?g2_view=core.DownloadItem&amp;g2_itemId=7529&amp;g2_serialNumber=2"}],"twitter_misc":{"Written by":"ulqini","Est. reading time":"6 minutes"},"schema":{"@context":"https:\/\/schema.org","@graph":[{"@type":"WebSite","@id":"https:\/\/www.visit-ulcinj.com\/blog\/#website","url":"https:\/\/www.visit-ulcinj.com\/blog\/","name":"Lajme nga Ulqini","description":"Lajme,Vijesti,Ulqini,Ulqin,Crna Gora,Mali i Zi","potentialAction":[{"@type":"SearchAction","target":{"@type":"EntryPoint","urlTemplate":"https:\/\/www.visit-ulcinj.com\/blog\/?s={search_term_string}"},"query-input":"required name=search_term_string"}],"inLanguage":"en-US"},{"@type":"ImageObject","inLanguage":"en-US","@id":"https:\/\/www.visit-ulcinj.com\/blog\/2008\/01\/30\/keng-dhe-kengetar-ulqinak-1\/#primaryimage","url":"http:\/\/www.visit-ulcinj.com\/gallery\/main.php?g2_view=core.DownloadItem&amp;g2_itemId=7529&amp;g2_serialNumber=2","contentUrl":"http:\/\/www.visit-ulcinj.com\/gallery\/main.php?g2_view=core.DownloadItem&amp;g2_itemId=7529&amp;g2_serialNumber=2"},{"@type":"WebPage","@id":"https:\/\/www.visit-ulcinj.com\/blog\/2008\/01\/30\/keng-dhe-kengetar-ulqinak-1\/#webpage","url":"https:\/\/www.visit-ulcinj.com\/blog\/2008\/01\/30\/keng-dhe-kengetar-ulqinak-1\/","name":"K\u00ebng dhe k\u00ebng\u00ebtar Ulqinak (1) - Lajme nga Ulqini","isPartOf":{"@id":"https:\/\/www.visit-ulcinj.com\/blog\/#website"},"primaryImageOfPage":{"@id":"https:\/\/www.visit-ulcinj.com\/blog\/2008\/01\/30\/keng-dhe-kengetar-ulqinak-1\/#primaryimage"},"datePublished":"2008-01-30T05:27:57+00:00","dateModified":"2008-02-13T01:17:19+00:00","author":{"@id":"https:\/\/www.visit-ulcinj.com\/blog\/#\/schema\/person\/dcab619c614d3038751c63bc2aadc06d"},"breadcrumb":{"@id":"https:\/\/www.visit-ulcinj.com\/blog\/2008\/01\/30\/keng-dhe-kengetar-ulqinak-1\/#breadcrumb"},"inLanguage":"en-US","potentialAction":[{"@type":"ReadAction","target":["https:\/\/www.visit-ulcinj.com\/blog\/2008\/01\/30\/keng-dhe-kengetar-ulqinak-1\/"]}]},{"@type":"BreadcrumbList","@id":"https:\/\/www.visit-ulcinj.com\/blog\/2008\/01\/30\/keng-dhe-kengetar-ulqinak-1\/#breadcrumb","itemListElement":[{"@type":"ListItem","position":1,"name":"K\u00ebng dhe k\u00ebng\u00ebtar Ulqinak (1)"}]},{"@type":"Person","@id":"https:\/\/www.visit-ulcinj.com\/blog\/#\/schema\/person\/dcab619c614d3038751c63bc2aadc06d","name":"ulqini","sameAs":["http:\/\/www.visit-ulcinj.com"],"url":"https:\/\/www.visit-ulcinj.com\/blog\/author\/admin\/"}]}},"jetpack_featured_media_url":"","jetpack_sharing_enabled":true,"jetpack_shortlink":"https:\/\/wp.me\/pe6lTn-5B","_links":{"self":[{"href":"https:\/\/www.visit-ulcinj.com\/blog\/wp-json\/wp\/v2\/posts\/347"}],"collection":[{"href":"https:\/\/www.visit-ulcinj.com\/blog\/wp-json\/wp\/v2\/posts"}],"about":[{"href":"https:\/\/www.visit-ulcinj.com\/blog\/wp-json\/wp\/v2\/types\/post"}],"author":[{"embeddable":true,"href":"https:\/\/www.visit-ulcinj.com\/blog\/wp-json\/wp\/v2\/users\/1"}],"replies":[{"embeddable":true,"href":"https:\/\/www.visit-ulcinj.com\/blog\/wp-json\/wp\/v2\/comments?post=347"}],"version-history":[{"count":0,"href":"https:\/\/www.visit-ulcinj.com\/blog\/wp-json\/wp\/v2\/posts\/347\/revisions"}],"wp:attachment":[{"href":"https:\/\/www.visit-ulcinj.com\/blog\/wp-json\/wp\/v2\/media?parent=347"}],"wp:term":[{"taxonomy":"category","embeddable":true,"href":"https:\/\/www.visit-ulcinj.com\/blog\/wp-json\/wp\/v2\/categories?post=347"},{"taxonomy":"post_tag","embeddable":true,"href":"https:\/\/www.visit-ulcinj.com\/blog\/wp-json\/wp\/v2\/tags?post=347"}],"curies":[{"name":"wp","href":"https:\/\/api.w.org\/{rel}","templated":true}]}}