{"id":34704,"date":"2010-06-15T17:37:24","date_gmt":"2010-06-15T15:37:24","guid":{"rendered":"http:\/\/www.visit-ulcinj.com\/blog\/?p=34704"},"modified":"2010-06-15T20:02:12","modified_gmt":"2010-06-15T18:02:12","slug":"shpat-kasapi-ne-shba-per-aferditen-apo-per-koncerte","status":"publish","type":"post","link":"https:\/\/www.visit-ulcinj.com\/blog\/2010\/06\/15\/shpat-kasapi-ne-shba-per-aferditen-apo-per-koncerte\/","title":{"rendered":"Shpat Kasapi n\u00eb SHBA p\u00ebr Af\u00ebrdit\u00ebn, apo p\u00ebr koncerte?!"},"content":{"rendered":"<p><a href=\"http:\/\/www.visit-ulcinj.com\/blog\/wp-content\/uploads\/2010\/06\/Shpat-Kasapi-n\u00eb-SHBA-p\u00ebr-Af\u00ebrdit\u00ebn.jpg\"><img loading=\"lazy\" class=\"alignleft size-full wp-image-34705\" title=\"Shpat Kasapi n\u00eb SHBA p\u00ebr Af\u00ebrdit\u00ebn\" src=\"http:\/\/www.visit-ulcinj.com\/blog\/wp-content\/uploads\/2010\/06\/Shpat-Kasapi-n\u00eb-SHBA-p\u00ebr-Af\u00ebrdit\u00ebn.jpg\" alt=\"Shpat Kasapi n\u00eb SHBA p\u00ebr Af\u00ebrdit\u00ebn\" width=\"490\" height=\"624\" \/><\/a>Me z\u00ebrin interesant, paraqitjen dhe buz\u00ebqeshjen q\u00eb gjithmon\u00eb e ka karakterizuar, ai i b\u00ebn menj\u00ebher\u00eb njer\u00ebzit p\u00ebr vete. Publiku \u00e7mendet pas tij dhe k\u00ebt\u00eb gj\u00eb e kemi v\u00ebn\u00eb re n\u00eb \u00e7do sken\u00eb mbi t\u00eb cil\u00ebn \u00ebsht\u00eb ngjitur k\u00ebng\u00ebtari nga Kosova, Shpat Kasapi. Edhe k\u00ebt\u00eb her\u00eb, gjat\u00eb turneut t\u00eb tij n\u00eb Shtetet e Bashkuara t\u00eb Amerik\u00ebs, Shpati ka t\u00ebrhequr pas vetes gjith\u00eb publikun, duke i b\u00ebr\u00eb ata t\u00eb k\u00ebrcejn\u00eb e k\u00ebndojn\u00eb bashk\u00eb me t\u00eb p\u00ebrgjat\u00eb gjith\u00eb mbr\u00ebmjeve. Sot po ju shfaqim nj\u00eb nga fotot e k\u00ebtij turi, n\u00eb t\u00eb cil\u00ebn Shpati, \u00ebsht\u00eb duke k\u00ebnduar t\u00ebr\u00eb pasion nj\u00eb nga k\u00ebng\u00ebt e repertorit t\u00eb tij, dhe publiku i gjer\u00eb \u00ebsht\u00eb duke d\u00ebfryer n\u00ebn tingujt e muzik\u00ebs s\u00eb tij. N\u00eb foto duket dhe nj\u00eb vajz\u00eb e re q\u00eb \u00ebsht\u00eb duke regjistruar me celularin e saj k\u00ebng\u00ebtarin nd\u00ebrsa k\u00ebndonte. Me k\u00ebt\u00eb tur koncertesh n\u00eb SHBA Shpati ka g\u00ebzuar pa mas\u00eb edhe t\u00eb dashur\u00ebn e tij, k\u00ebng\u00ebtaren e modelen e njohur q\u00eb prej vitesh jeton n\u00eb Amerik\u00eb, Af\u00ebrdita Dreshaj, g\u00ebzim t\u00eb cilin ajo e ka shfaqur edhe n\u00eb statuse t\u00eb ndryshme, n\u00eb profilin e saj n\u00eb rrjetin social facebook.com<\/p>\n<p><strong>BOTA SOT<\/strong><\/p>\n<p><strong><!--YouTube Error: bad URL entered--><br \/>\n<\/strong><\/p>\n","protected":false},"excerpt":{"rendered":"<p>Me z\u00ebrin interesant, paraqitjen dhe buz\u00ebqeshjen q\u00eb gjithmon\u00eb e ka karakterizuar, ai i b\u00ebn menj\u00ebher\u00eb njer\u00ebzit p\u00ebr vete. Publiku \u00e7mendet pas tij dhe k\u00ebt\u00eb gj\u00eb e kemi v\u00ebn\u00eb re n\u00eb \u00e7do sken\u00eb mbi t\u00eb cil\u00ebn \u00ebsht\u00eb ngjitur k\u00ebng\u00ebtari nga Kosova, Shpat Kasapi. Edhe k\u00ebt\u00eb her\u00eb, gjat\u00eb turneut t\u00eb tij n\u00eb Shtetet e Bashkuara t\u00eb Amerik\u00ebs, [&hellip;]<\/p>\n","protected":false},"author":1,"featured_media":0,"comment_status":"open","ping_status":"closed","sticky":false,"template":"","format":"standard","meta":{"spay_email":"","jetpack_publicize_message":"","jetpack_is_tweetstorm":false,"jetpack_publicize_feature_enabled":true},"categories":[1],"tags":[6121,5932,227],"jetpack_publicize_connections":[],"yoast_head":"<!-- This site is optimized with the Yoast SEO plugin v19.1 - https:\/\/yoast.com\/wordpress\/plugins\/seo\/ -->\n<title>Shpat Kasapi n\u00eb SHBA p\u00ebr Af\u00ebrdit\u00ebn, apo p\u00ebr koncerte?! - Lajme nga Ulqini<\/title>\n<meta name=\"description\" content=\"Me z\u00ebrin interesant, paraqitjen dhe buz\u00ebqeshjen q\u00eb gjithmon\u00eb e ka karakterizuar, ai i b\u00ebn menj\u00ebher\u00eb njer\u00ebzit p\u00ebr vete. Publiku \u00e7mendet pas tij dhe k\u00ebt\u00eb\" \/>\n<meta name=\"robots\" content=\"index, follow, max-snippet:-1, max-image-preview:large, max-video-preview:-1\" \/>\n<link rel=\"canonical\" href=\"https:\/\/www.visit-ulcinj.com\/blog\/2010\/06\/15\/shpat-kasapi-ne-shba-per-aferditen-apo-per-koncerte\/\" \/>\n<meta property=\"og:locale\" content=\"en_US\" \/>\n<meta property=\"og:type\" content=\"article\" \/>\n<meta property=\"og:title\" content=\"Shpat Kasapi n\u00eb SHBA p\u00ebr Af\u00ebrdit\u00ebn, apo p\u00ebr koncerte?! - Lajme nga Ulqini\" \/>\n<meta property=\"og:description\" content=\"Me z\u00ebrin interesant, paraqitjen dhe buz\u00ebqeshjen q\u00eb gjithmon\u00eb e ka karakterizuar, ai i b\u00ebn menj\u00ebher\u00eb njer\u00ebzit p\u00ebr vete. Publiku \u00e7mendet pas tij dhe k\u00ebt\u00eb\" \/>\n<meta property=\"og:url\" content=\"https:\/\/www.visit-ulcinj.com\/blog\/2010\/06\/15\/shpat-kasapi-ne-shba-per-aferditen-apo-per-koncerte\/\" \/>\n<meta property=\"og:site_name\" content=\"Lajme nga Ulqini\" \/>\n<meta property=\"article:published_time\" content=\"2010-06-15T15:37:24+00:00\" \/>\n<meta property=\"article:modified_time\" content=\"2010-06-15T18:02:12+00:00\" \/>\n<meta name=\"twitter:label1\" content=\"Written by\" \/>\n\t<meta name=\"twitter:data1\" content=\"ulqini\" \/>\n\t<meta name=\"twitter:label2\" content=\"Est. reading time\" \/>\n\t<meta name=\"twitter:data2\" content=\"1 minute\" \/>\n<script type=\"application\/ld+json\" class=\"yoast-schema-graph\">{\"@context\":\"https:\/\/schema.org\",\"@graph\":[{\"@type\":\"WebSite\",\"@id\":\"https:\/\/www.visit-ulcinj.com\/blog\/#website\",\"url\":\"https:\/\/www.visit-ulcinj.com\/blog\/\",\"name\":\"Lajme nga Ulqini\",\"description\":\"Lajme,Vijesti,Ulqini,Ulqin,Crna Gora,Mali i Zi\",\"potentialAction\":[{\"@type\":\"SearchAction\",\"target\":{\"@type\":\"EntryPoint\",\"urlTemplate\":\"https:\/\/www.visit-ulcinj.com\/blog\/?s={search_term_string}\"},\"query-input\":\"required name=search_term_string\"}],\"inLanguage\":\"en-US\"},{\"@type\":\"WebPage\",\"@id\":\"https:\/\/www.visit-ulcinj.com\/blog\/2010\/06\/15\/shpat-kasapi-ne-shba-per-aferditen-apo-per-koncerte\/#webpage\",\"url\":\"https:\/\/www.visit-ulcinj.com\/blog\/2010\/06\/15\/shpat-kasapi-ne-shba-per-aferditen-apo-per-koncerte\/\",\"name\":\"Shpat Kasapi n\u00eb SHBA p\u00ebr Af\u00ebrdit\u00ebn, apo p\u00ebr koncerte?! - Lajme nga Ulqini\",\"isPartOf\":{\"@id\":\"https:\/\/www.visit-ulcinj.com\/blog\/#website\"},\"datePublished\":\"2010-06-15T15:37:24+00:00\",\"dateModified\":\"2010-06-15T18:02:12+00:00\",\"author\":{\"@id\":\"https:\/\/www.visit-ulcinj.com\/blog\/#\/schema\/person\/dcab619c614d3038751c63bc2aadc06d\"},\"description\":\"Me z\u00ebrin interesant, paraqitjen dhe buz\u00ebqeshjen q\u00eb gjithmon\u00eb e ka karakterizuar, ai i b\u00ebn menj\u00ebher\u00eb njer\u00ebzit p\u00ebr vete. Publiku \u00e7mendet pas tij dhe k\u00ebt\u00eb\",\"breadcrumb\":{\"@id\":\"https:\/\/www.visit-ulcinj.com\/blog\/2010\/06\/15\/shpat-kasapi-ne-shba-per-aferditen-apo-per-koncerte\/#breadcrumb\"},\"inLanguage\":\"en-US\",\"potentialAction\":[{\"@type\":\"ReadAction\",\"target\":[\"https:\/\/www.visit-ulcinj.com\/blog\/2010\/06\/15\/shpat-kasapi-ne-shba-per-aferditen-apo-per-koncerte\/\"]}]},{\"@type\":\"BreadcrumbList\",\"@id\":\"https:\/\/www.visit-ulcinj.com\/blog\/2010\/06\/15\/shpat-kasapi-ne-shba-per-aferditen-apo-per-koncerte\/#breadcrumb\",\"itemListElement\":[{\"@type\":\"ListItem\",\"position\":1,\"name\":\"Shpat Kasapi n\u00eb SHBA p\u00ebr Af\u00ebrdit\u00ebn, apo p\u00ebr koncerte?!\"}]},{\"@type\":\"Person\",\"@id\":\"https:\/\/www.visit-ulcinj.com\/blog\/#\/schema\/person\/dcab619c614d3038751c63bc2aadc06d\",\"name\":\"ulqini\",\"sameAs\":[\"http:\/\/www.visit-ulcinj.com\"],\"url\":\"https:\/\/www.visit-ulcinj.com\/blog\/author\/admin\/\"}]}<\/script>\n<!-- \/ Yoast SEO plugin. -->","yoast_head_json":{"title":"Shpat Kasapi n\u00eb SHBA p\u00ebr Af\u00ebrdit\u00ebn, apo p\u00ebr koncerte?! - Lajme nga Ulqini","description":"Me z\u00ebrin interesant, paraqitjen dhe buz\u00ebqeshjen q\u00eb gjithmon\u00eb e ka karakterizuar, ai i b\u00ebn menj\u00ebher\u00eb njer\u00ebzit p\u00ebr vete. Publiku \u00e7mendet pas tij dhe k\u00ebt\u00eb","robots":{"index":"index","follow":"follow","max-snippet":"max-snippet:-1","max-image-preview":"max-image-preview:large","max-video-preview":"max-video-preview:-1"},"canonical":"https:\/\/www.visit-ulcinj.com\/blog\/2010\/06\/15\/shpat-kasapi-ne-shba-per-aferditen-apo-per-koncerte\/","og_locale":"en_US","og_type":"article","og_title":"Shpat Kasapi n\u00eb SHBA p\u00ebr Af\u00ebrdit\u00ebn, apo p\u00ebr koncerte?! - Lajme nga Ulqini","og_description":"Me z\u00ebrin interesant, paraqitjen dhe buz\u00ebqeshjen q\u00eb gjithmon\u00eb e ka karakterizuar, ai i b\u00ebn menj\u00ebher\u00eb njer\u00ebzit p\u00ebr vete. Publiku \u00e7mendet pas tij dhe k\u00ebt\u00eb","og_url":"https:\/\/www.visit-ulcinj.com\/blog\/2010\/06\/15\/shpat-kasapi-ne-shba-per-aferditen-apo-per-koncerte\/","og_site_name":"Lajme nga Ulqini","article_published_time":"2010-06-15T15:37:24+00:00","article_modified_time":"2010-06-15T18:02:12+00:00","twitter_misc":{"Written by":"ulqini","Est. reading time":"1 minute"},"schema":{"@context":"https:\/\/schema.org","@graph":[{"@type":"WebSite","@id":"https:\/\/www.visit-ulcinj.com\/blog\/#website","url":"https:\/\/www.visit-ulcinj.com\/blog\/","name":"Lajme nga Ulqini","description":"Lajme,Vijesti,Ulqini,Ulqin,Crna Gora,Mali i Zi","potentialAction":[{"@type":"SearchAction","target":{"@type":"EntryPoint","urlTemplate":"https:\/\/www.visit-ulcinj.com\/blog\/?s={search_term_string}"},"query-input":"required name=search_term_string"}],"inLanguage":"en-US"},{"@type":"WebPage","@id":"https:\/\/www.visit-ulcinj.com\/blog\/2010\/06\/15\/shpat-kasapi-ne-shba-per-aferditen-apo-per-koncerte\/#webpage","url":"https:\/\/www.visit-ulcinj.com\/blog\/2010\/06\/15\/shpat-kasapi-ne-shba-per-aferditen-apo-per-koncerte\/","name":"Shpat Kasapi n\u00eb SHBA p\u00ebr Af\u00ebrdit\u00ebn, apo p\u00ebr koncerte?! - Lajme nga Ulqini","isPartOf":{"@id":"https:\/\/www.visit-ulcinj.com\/blog\/#website"},"datePublished":"2010-06-15T15:37:24+00:00","dateModified":"2010-06-15T18:02:12+00:00","author":{"@id":"https:\/\/www.visit-ulcinj.com\/blog\/#\/schema\/person\/dcab619c614d3038751c63bc2aadc06d"},"description":"Me z\u00ebrin interesant, paraqitjen dhe buz\u00ebqeshjen q\u00eb gjithmon\u00eb e ka karakterizuar, ai i b\u00ebn menj\u00ebher\u00eb njer\u00ebzit p\u00ebr vete. Publiku \u00e7mendet pas tij dhe k\u00ebt\u00eb","breadcrumb":{"@id":"https:\/\/www.visit-ulcinj.com\/blog\/2010\/06\/15\/shpat-kasapi-ne-shba-per-aferditen-apo-per-koncerte\/#breadcrumb"},"inLanguage":"en-US","potentialAction":[{"@type":"ReadAction","target":["https:\/\/www.visit-ulcinj.com\/blog\/2010\/06\/15\/shpat-kasapi-ne-shba-per-aferditen-apo-per-koncerte\/"]}]},{"@type":"BreadcrumbList","@id":"https:\/\/www.visit-ulcinj.com\/blog\/2010\/06\/15\/shpat-kasapi-ne-shba-per-aferditen-apo-per-koncerte\/#breadcrumb","itemListElement":[{"@type":"ListItem","position":1,"name":"Shpat Kasapi n\u00eb SHBA p\u00ebr Af\u00ebrdit\u00ebn, apo p\u00ebr koncerte?!"}]},{"@type":"Person","@id":"https:\/\/www.visit-ulcinj.com\/blog\/#\/schema\/person\/dcab619c614d3038751c63bc2aadc06d","name":"ulqini","sameAs":["http:\/\/www.visit-ulcinj.com"],"url":"https:\/\/www.visit-ulcinj.com\/blog\/author\/admin\/"}]}},"jetpack_featured_media_url":"","jetpack_sharing_enabled":true,"jetpack_shortlink":"https:\/\/wp.me\/pe6lTn-91K","_links":{"self":[{"href":"https:\/\/www.visit-ulcinj.com\/blog\/wp-json\/wp\/v2\/posts\/34704"}],"collection":[{"href":"https:\/\/www.visit-ulcinj.com\/blog\/wp-json\/wp\/v2\/posts"}],"about":[{"href":"https:\/\/www.visit-ulcinj.com\/blog\/wp-json\/wp\/v2\/types\/post"}],"author":[{"embeddable":true,"href":"https:\/\/www.visit-ulcinj.com\/blog\/wp-json\/wp\/v2\/users\/1"}],"replies":[{"embeddable":true,"href":"https:\/\/www.visit-ulcinj.com\/blog\/wp-json\/wp\/v2\/comments?post=34704"}],"version-history":[{"count":0,"href":"https:\/\/www.visit-ulcinj.com\/blog\/wp-json\/wp\/v2\/posts\/34704\/revisions"}],"wp:attachment":[{"href":"https:\/\/www.visit-ulcinj.com\/blog\/wp-json\/wp\/v2\/media?parent=34704"}],"wp:term":[{"taxonomy":"category","embeddable":true,"href":"https:\/\/www.visit-ulcinj.com\/blog\/wp-json\/wp\/v2\/categories?post=34704"},{"taxonomy":"post_tag","embeddable":true,"href":"https:\/\/www.visit-ulcinj.com\/blog\/wp-json\/wp\/v2\/tags?post=34704"}],"curies":[{"name":"wp","href":"https:\/\/api.w.org\/{rel}","templated":true}]}}