{"id":34708,"date":"2010-06-15T17:54:55","date_gmt":"2010-06-15T15:54:55","guid":{"rendered":"http:\/\/www.visit-ulcinj.com\/blog\/?p=34708"},"modified":"2010-06-15T18:11:44","modified_gmt":"2010-06-15T16:11:44","slug":"alban-skenderaj-dhe-surpriza-e-kesaj-vere","status":"publish","type":"post","link":"https:\/\/www.visit-ulcinj.com\/blog\/2010\/06\/15\/alban-skenderaj-dhe-surpriza-e-kesaj-vere\/","title":{"rendered":"Alban Skenderaj dhe surpriza e kesaj vere"},"content":{"rendered":"<p><a href=\"http:\/\/www.visit-ulcinj.com\/blog\/wp-content\/uploads\/2010\/06\/Alban-Skenderaj-.1.jpg\"><img loading=\"lazy\" class=\"alignleft size-full wp-image-34709\" title=\"Alban Skenderaj .1\" src=\"http:\/\/www.visit-ulcinj.com\/blog\/wp-content\/uploads\/2010\/06\/Alban-Skenderaj-.1.jpg\" alt=\"Alban Skenderaj .1\" width=\"490\" height=\"380\" \/><\/a>Pasi ka triumfuar n\u00eb tri kategori shum\u00eb t\u00eb r\u00ebnd\u00ebsishme n\u00eb festivalin \u201cVideofest\u201d n\u00eb Kosov\u00eb, k\u00ebng\u00ebtari i talentuar shqiptar, Alban Sk\u00ebnderaj \u00ebsht\u00eb duke u p\u00ebrgatitur seriozisht p\u00ebr t\u2019i ribefasuar t\u00eb gjith\u00eb fansat e tij gjat\u00eb k\u00ebsaj vere\u2026I frym\u00ebzuar nga vler\u00ebsimet e shumta q\u00eb ka marr\u00eb k\u00ebto koh\u00ebt e fundit, Albani \u00ebsht\u00eb duke punuar fort, pasi e ndjen si detyr\u00eb q\u00eb t\u00eb sjell\u00eb s\u00ebrish materiale t\u00eb mira muzikore p\u00ebr t\u00eb k\u00ebnaqur veshin e t\u00eb gjith\u00eb d\u00ebgjuesve t\u00eb tij, dhe p\u00ebr t\u2019i falenderuar n\u00eb nj\u00ebfar\u00eb m\u00ebnyr\u00eb p\u00ebr t\u00eb gjith\u00eb mb\u00ebshtetjen dhe suportin q\u00eb i kan\u00eb ofruar gjat\u00eb k\u00ebtyre viteve karrier\u00eb. Me sa kemi zbuluar, Sk\u00ebnderaj \u00ebsht\u00eb duke punuar p\u00ebr realizimin e albumit t\u00eb tij m\u00eb t\u00eb fundit, prej t\u00eb cilit pritet gjithashtu nj\u00eb rekord shitjesh, nd\u00ebrkaq ai \u00ebsht\u00eb duke menduar dhe p\u00ebr realizimin e klipit q\u00eb do t\u00eb shoq\u00ebroj\u00eb k\u00ebt\u00eb album.<br \/>\n<br \/>\n<!--YouTube Error: bad URL entered--><\/p>\n","protected":false},"excerpt":{"rendered":"<p>Pasi ka triumfuar n\u00eb tri kategori shum\u00eb t\u00eb r\u00ebnd\u00ebsishme n\u00eb festivalin \u201cVideofest\u201d n\u00eb Kosov\u00eb, k\u00ebng\u00ebtari i talentuar shqiptar, Alban Sk\u00ebnderaj \u00ebsht\u00eb duke u p\u00ebrgatitur seriozisht p\u00ebr t\u2019i ribefasuar t\u00eb gjith\u00eb fansat e tij gjat\u00eb k\u00ebsaj vere\u2026I frym\u00ebzuar nga vler\u00ebsimet e shumta q\u00eb ka marr\u00eb k\u00ebto koh\u00ebt e fundit, Albani \u00ebsht\u00eb duke punuar fort, pasi e [&hellip;]<\/p>\n","protected":false},"author":1,"featured_media":0,"comment_status":"open","ping_status":"closed","sticky":false,"template":"","format":"standard","meta":{"spay_email":"","jetpack_publicize_message":"","jetpack_is_tweetstorm":false,"jetpack_publicize_feature_enabled":true},"categories":[1],"tags":[4019],"jetpack_publicize_connections":[],"yoast_head":"<!-- This site is optimized with the Yoast SEO plugin v19.1 - https:\/\/yoast.com\/wordpress\/plugins\/seo\/ -->\n<title>Alban Skenderaj dhe surpriza e kesaj vere - Lajme nga Ulqini<\/title>\n<meta name=\"description\" content=\"Pasi ka triumfuar n\u00eb tri kategori shum\u00eb t\u00eb r\u00ebnd\u00ebsishme n\u00eb festivalin \u201cVideofest\u201d n\u00eb Kosov\u00eb, k\u00ebng\u00ebtari i talentuar shqiptar, Alban Sk\u00ebnderaj \u00ebsht\u00eb duke u\" \/>\n<meta name=\"robots\" content=\"index, follow, max-snippet:-1, max-image-preview:large, max-video-preview:-1\" \/>\n<link rel=\"canonical\" href=\"https:\/\/www.visit-ulcinj.com\/blog\/2010\/06\/15\/alban-skenderaj-dhe-surpriza-e-kesaj-vere\/\" \/>\n<meta property=\"og:locale\" content=\"en_US\" \/>\n<meta property=\"og:type\" content=\"article\" \/>\n<meta property=\"og:title\" content=\"Alban Skenderaj dhe surpriza e kesaj vere - Lajme nga Ulqini\" \/>\n<meta property=\"og:description\" content=\"Pasi ka triumfuar n\u00eb tri kategori shum\u00eb t\u00eb r\u00ebnd\u00ebsishme n\u00eb festivalin \u201cVideofest\u201d n\u00eb Kosov\u00eb, k\u00ebng\u00ebtari i talentuar shqiptar, Alban Sk\u00ebnderaj \u00ebsht\u00eb duke u\" \/>\n<meta property=\"og:url\" content=\"https:\/\/www.visit-ulcinj.com\/blog\/2010\/06\/15\/alban-skenderaj-dhe-surpriza-e-kesaj-vere\/\" \/>\n<meta property=\"og:site_name\" content=\"Lajme nga Ulqini\" \/>\n<meta property=\"article:published_time\" content=\"2010-06-15T15:54:55+00:00\" \/>\n<meta property=\"article:modified_time\" content=\"2010-06-15T16:11:44+00:00\" \/>\n<meta property=\"og:image\" content=\"https:\/\/www.visit-ulcinj.com\/blog\/wp-content\/uploads\/2010\/06\/Alban-Skenderaj-.1-150x150.jpg\" \/>\n<meta name=\"twitter:label1\" content=\"Written by\" \/>\n\t<meta name=\"twitter:data1\" content=\"ulqini\" \/>\n\t<meta name=\"twitter:label2\" content=\"Est. reading time\" \/>\n\t<meta name=\"twitter:data2\" content=\"1 minute\" \/>\n<script type=\"application\/ld+json\" class=\"yoast-schema-graph\">{\"@context\":\"https:\/\/schema.org\",\"@graph\":[{\"@type\":\"WebSite\",\"@id\":\"https:\/\/www.visit-ulcinj.com\/blog\/#website\",\"url\":\"https:\/\/www.visit-ulcinj.com\/blog\/\",\"name\":\"Lajme nga Ulqini\",\"description\":\"Lajme,Vijesti,Ulqini,Ulqin,Crna Gora,Mali i Zi\",\"potentialAction\":[{\"@type\":\"SearchAction\",\"target\":{\"@type\":\"EntryPoint\",\"urlTemplate\":\"https:\/\/www.visit-ulcinj.com\/blog\/?s={search_term_string}\"},\"query-input\":\"required name=search_term_string\"}],\"inLanguage\":\"en-US\"},{\"@type\":\"ImageObject\",\"inLanguage\":\"en-US\",\"@id\":\"https:\/\/www.visit-ulcinj.com\/blog\/2010\/06\/15\/alban-skenderaj-dhe-surpriza-e-kesaj-vere\/#primaryimage\",\"url\":\"http:\/\/www.visit-ulcinj.com\/blog\/wp-content\/uploads\/2010\/06\/Alban-Skenderaj-.1.jpg\",\"contentUrl\":\"http:\/\/www.visit-ulcinj.com\/blog\/wp-content\/uploads\/2010\/06\/Alban-Skenderaj-.1.jpg\"},{\"@type\":\"WebPage\",\"@id\":\"https:\/\/www.visit-ulcinj.com\/blog\/2010\/06\/15\/alban-skenderaj-dhe-surpriza-e-kesaj-vere\/#webpage\",\"url\":\"https:\/\/www.visit-ulcinj.com\/blog\/2010\/06\/15\/alban-skenderaj-dhe-surpriza-e-kesaj-vere\/\",\"name\":\"Alban Skenderaj dhe surpriza e kesaj vere - Lajme nga Ulqini\",\"isPartOf\":{\"@id\":\"https:\/\/www.visit-ulcinj.com\/blog\/#website\"},\"primaryImageOfPage\":{\"@id\":\"https:\/\/www.visit-ulcinj.com\/blog\/2010\/06\/15\/alban-skenderaj-dhe-surpriza-e-kesaj-vere\/#primaryimage\"},\"datePublished\":\"2010-06-15T15:54:55+00:00\",\"dateModified\":\"2010-06-15T16:11:44+00:00\",\"author\":{\"@id\":\"https:\/\/www.visit-ulcinj.com\/blog\/#\/schema\/person\/dcab619c614d3038751c63bc2aadc06d\"},\"description\":\"Pasi ka triumfuar n\u00eb tri kategori shum\u00eb t\u00eb r\u00ebnd\u00ebsishme n\u00eb festivalin \u201cVideofest\u201d n\u00eb Kosov\u00eb, k\u00ebng\u00ebtari i talentuar shqiptar, Alban Sk\u00ebnderaj \u00ebsht\u00eb duke u\",\"breadcrumb\":{\"@id\":\"https:\/\/www.visit-ulcinj.com\/blog\/2010\/06\/15\/alban-skenderaj-dhe-surpriza-e-kesaj-vere\/#breadcrumb\"},\"inLanguage\":\"en-US\",\"potentialAction\":[{\"@type\":\"ReadAction\",\"target\":[\"https:\/\/www.visit-ulcinj.com\/blog\/2010\/06\/15\/alban-skenderaj-dhe-surpriza-e-kesaj-vere\/\"]}]},{\"@type\":\"BreadcrumbList\",\"@id\":\"https:\/\/www.visit-ulcinj.com\/blog\/2010\/06\/15\/alban-skenderaj-dhe-surpriza-e-kesaj-vere\/#breadcrumb\",\"itemListElement\":[{\"@type\":\"ListItem\",\"position\":1,\"name\":\"Alban Skenderaj dhe surpriza e kesaj vere\"}]},{\"@type\":\"Person\",\"@id\":\"https:\/\/www.visit-ulcinj.com\/blog\/#\/schema\/person\/dcab619c614d3038751c63bc2aadc06d\",\"name\":\"ulqini\",\"sameAs\":[\"http:\/\/www.visit-ulcinj.com\"],\"url\":\"https:\/\/www.visit-ulcinj.com\/blog\/author\/admin\/\"}]}<\/script>\n<!-- \/ Yoast SEO plugin. -->","yoast_head_json":{"title":"Alban Skenderaj dhe surpriza e kesaj vere - Lajme nga Ulqini","description":"Pasi ka triumfuar n\u00eb tri kategori shum\u00eb t\u00eb r\u00ebnd\u00ebsishme n\u00eb festivalin \u201cVideofest\u201d n\u00eb Kosov\u00eb, k\u00ebng\u00ebtari i talentuar shqiptar, Alban Sk\u00ebnderaj \u00ebsht\u00eb duke u","robots":{"index":"index","follow":"follow","max-snippet":"max-snippet:-1","max-image-preview":"max-image-preview:large","max-video-preview":"max-video-preview:-1"},"canonical":"https:\/\/www.visit-ulcinj.com\/blog\/2010\/06\/15\/alban-skenderaj-dhe-surpriza-e-kesaj-vere\/","og_locale":"en_US","og_type":"article","og_title":"Alban Skenderaj dhe surpriza e kesaj vere - Lajme nga Ulqini","og_description":"Pasi ka triumfuar n\u00eb tri kategori shum\u00eb t\u00eb r\u00ebnd\u00ebsishme n\u00eb festivalin \u201cVideofest\u201d n\u00eb Kosov\u00eb, k\u00ebng\u00ebtari i talentuar shqiptar, Alban Sk\u00ebnderaj \u00ebsht\u00eb duke u","og_url":"https:\/\/www.visit-ulcinj.com\/blog\/2010\/06\/15\/alban-skenderaj-dhe-surpriza-e-kesaj-vere\/","og_site_name":"Lajme nga Ulqini","article_published_time":"2010-06-15T15:54:55+00:00","article_modified_time":"2010-06-15T16:11:44+00:00","og_image":[{"url":"https:\/\/www.visit-ulcinj.com\/blog\/wp-content\/uploads\/2010\/06\/Alban-Skenderaj-.1-150x150.jpg"}],"twitter_misc":{"Written by":"ulqini","Est. reading time":"1 minute"},"schema":{"@context":"https:\/\/schema.org","@graph":[{"@type":"WebSite","@id":"https:\/\/www.visit-ulcinj.com\/blog\/#website","url":"https:\/\/www.visit-ulcinj.com\/blog\/","name":"Lajme nga Ulqini","description":"Lajme,Vijesti,Ulqini,Ulqin,Crna Gora,Mali i Zi","potentialAction":[{"@type":"SearchAction","target":{"@type":"EntryPoint","urlTemplate":"https:\/\/www.visit-ulcinj.com\/blog\/?s={search_term_string}"},"query-input":"required name=search_term_string"}],"inLanguage":"en-US"},{"@type":"ImageObject","inLanguage":"en-US","@id":"https:\/\/www.visit-ulcinj.com\/blog\/2010\/06\/15\/alban-skenderaj-dhe-surpriza-e-kesaj-vere\/#primaryimage","url":"http:\/\/www.visit-ulcinj.com\/blog\/wp-content\/uploads\/2010\/06\/Alban-Skenderaj-.1.jpg","contentUrl":"http:\/\/www.visit-ulcinj.com\/blog\/wp-content\/uploads\/2010\/06\/Alban-Skenderaj-.1.jpg"},{"@type":"WebPage","@id":"https:\/\/www.visit-ulcinj.com\/blog\/2010\/06\/15\/alban-skenderaj-dhe-surpriza-e-kesaj-vere\/#webpage","url":"https:\/\/www.visit-ulcinj.com\/blog\/2010\/06\/15\/alban-skenderaj-dhe-surpriza-e-kesaj-vere\/","name":"Alban Skenderaj dhe surpriza e kesaj vere - Lajme nga Ulqini","isPartOf":{"@id":"https:\/\/www.visit-ulcinj.com\/blog\/#website"},"primaryImageOfPage":{"@id":"https:\/\/www.visit-ulcinj.com\/blog\/2010\/06\/15\/alban-skenderaj-dhe-surpriza-e-kesaj-vere\/#primaryimage"},"datePublished":"2010-06-15T15:54:55+00:00","dateModified":"2010-06-15T16:11:44+00:00","author":{"@id":"https:\/\/www.visit-ulcinj.com\/blog\/#\/schema\/person\/dcab619c614d3038751c63bc2aadc06d"},"description":"Pasi ka triumfuar n\u00eb tri kategori shum\u00eb t\u00eb r\u00ebnd\u00ebsishme n\u00eb festivalin \u201cVideofest\u201d n\u00eb Kosov\u00eb, k\u00ebng\u00ebtari i talentuar shqiptar, Alban Sk\u00ebnderaj \u00ebsht\u00eb duke u","breadcrumb":{"@id":"https:\/\/www.visit-ulcinj.com\/blog\/2010\/06\/15\/alban-skenderaj-dhe-surpriza-e-kesaj-vere\/#breadcrumb"},"inLanguage":"en-US","potentialAction":[{"@type":"ReadAction","target":["https:\/\/www.visit-ulcinj.com\/blog\/2010\/06\/15\/alban-skenderaj-dhe-surpriza-e-kesaj-vere\/"]}]},{"@type":"BreadcrumbList","@id":"https:\/\/www.visit-ulcinj.com\/blog\/2010\/06\/15\/alban-skenderaj-dhe-surpriza-e-kesaj-vere\/#breadcrumb","itemListElement":[{"@type":"ListItem","position":1,"name":"Alban Skenderaj dhe surpriza e kesaj vere"}]},{"@type":"Person","@id":"https:\/\/www.visit-ulcinj.com\/blog\/#\/schema\/person\/dcab619c614d3038751c63bc2aadc06d","name":"ulqini","sameAs":["http:\/\/www.visit-ulcinj.com"],"url":"https:\/\/www.visit-ulcinj.com\/blog\/author\/admin\/"}]}},"jetpack_featured_media_url":"","jetpack_sharing_enabled":true,"jetpack_shortlink":"https:\/\/wp.me\/pe6lTn-91O","_links":{"self":[{"href":"https:\/\/www.visit-ulcinj.com\/blog\/wp-json\/wp\/v2\/posts\/34708"}],"collection":[{"href":"https:\/\/www.visit-ulcinj.com\/blog\/wp-json\/wp\/v2\/posts"}],"about":[{"href":"https:\/\/www.visit-ulcinj.com\/blog\/wp-json\/wp\/v2\/types\/post"}],"author":[{"embeddable":true,"href":"https:\/\/www.visit-ulcinj.com\/blog\/wp-json\/wp\/v2\/users\/1"}],"replies":[{"embeddable":true,"href":"https:\/\/www.visit-ulcinj.com\/blog\/wp-json\/wp\/v2\/comments?post=34708"}],"version-history":[{"count":0,"href":"https:\/\/www.visit-ulcinj.com\/blog\/wp-json\/wp\/v2\/posts\/34708\/revisions"}],"wp:attachment":[{"href":"https:\/\/www.visit-ulcinj.com\/blog\/wp-json\/wp\/v2\/media?parent=34708"}],"wp:term":[{"taxonomy":"category","embeddable":true,"href":"https:\/\/www.visit-ulcinj.com\/blog\/wp-json\/wp\/v2\/categories?post=34708"},{"taxonomy":"post_tag","embeddable":true,"href":"https:\/\/www.visit-ulcinj.com\/blog\/wp-json\/wp\/v2\/tags?post=34708"}],"curies":[{"name":"wp","href":"https:\/\/api.w.org\/{rel}","templated":true}]}}