{"id":3471,"date":"2008-09-20T15:18:30","date_gmt":"2008-09-20T20:18:30","guid":{"rendered":"http:\/\/www.visit-ulcinj.com\/blog\/?p=3471"},"modified":"2008-10-17T14:30:49","modified_gmt":"2008-10-17T19:30:49","slug":"dzaudet-cakuli-manite-se-svojatanja-tudih-zasluga","status":"publish","type":"post","link":"https:\/\/www.visit-ulcinj.com\/blog\/2008\/09\/20\/dzaudet-cakuli-manite-se-svojatanja-tudih-zasluga\/","title":{"rendered":"D\u017eaudet Cakuli: Manite se svojatanja tu?ih zasluga"},"content":{"rendered":"<p><a href=\"http:\/\/www.visit-ulcinj.com\/blog\/wp-content\/uploads\/2008\/03\/dzaudet-cakuli-2.jpg\"><img loading=\"lazy\" class=\"alignleft\" src=\"http:\/\/www.visit-ulcinj.com\/blog\/wp-content\/uploads\/2008\/03\/dzaudet-cakuli-2.jpg\" alt=\"\" width=\"212\" height=\"206\" \/><\/a><strong>Predsjednik udru\u017eenja maslinara ulcinja reagovao zbog izjava hajdinage o isplati subvencija<\/strong><br \/>\nUlcinj \u2013 Za isplatu subvencija maslinarima u Ulcinju nije zaslu\u017ean gradona?elnik Ulcinja Gzim Hajdinaga, i njegov savjetnik za poljoprivredu Gani Red\u017ea, kako su to oni predstavili javnosti, ve? Ministarstvo poljoprivrede na ?elu sa Milutinom Simovi? i udru\u017eenjem maslinara Boke, Bara i Ulcinja &#8211; saop\u0161teno je ju?e na konferenciji za novinare u Udru\u017eenju maslinara Ulcinja.<br \/>\nU tom udru\u017eenju ka\u017eu da je postupak kompletiranja dokumentacije za ostvarivanje prava na subvenciju utvrdilo Ministarstvo, a pojedina?ne slu?ajeve na teritoriji ulcinjske op\u0161tine obradilo udru\u017eenje u svojim kancelarijama.<br \/>\n&#8211; U ovaj postupak bili su uklju?eni menad\u017eer udru\u017eenja Agim Dragovoja, savjetnik savjetodavne slu\u017ebe Milo\u0161 Vuksanovi? i republi?ki poljoprivredni inspektor Zoran Da\u0161i?. Kompletiranje dokumentacije i obilazak maslinjaka u cilju provjere sprovedene rezidbe trajao je najmanje oko 15 dana. Nakon \u0161to je sve zavr\u0161eno, naprasno se pojavljuju predsjednik Op\u0161tine i njegov savjetnik i objavljuju da su u kontaktu sa ministrom Simovi?em izdejstvovali da se isplate subvencije maslinarima Ulcinja \u2013 tvrdi predsjednik Udru\u017eenja ulcinjskih maslinara D\u017eaudet Cakuli, dodav\u0161i da je rije? \u201co klasi?noj obmani javnosti zarad politi?kih poena\u201d.<\/p>\n<div style=\"width: 180px\" class=\"wp-caption alignright\"><a href=\"http:\/\/www.visit-ulcinj.com\/blog\/wp-content\/uploads\/2008\/03\/gani-rexha-2.jpg\"><img loading=\"lazy\" src=\"http:\/\/www.visit-ulcinj.com\/blog\/wp-content\/uploads\/2008\/03\/gani-rexha-2.jpg\" alt=\"Savjetnik za poljoprivredu Ulcinja Gani Red\u017ea\" width=\"170\" height=\"186\" \/><\/a><p class=\"wp-caption-text\">Savjetnik za poljoprivredu Ulcinja Gani Red\u017ea<\/p><\/div>\n<p>On je pozvao Hajdinagu da, \u201cumjesto svojatanja tu?ih zasluga, pomogne ulcinjskim maslinarima iz bud\u017eetskih sredstava\u201d.<br \/>\n&#8211; Primjera radi, Op\u0161tina Bar finansira jednog zaposlenog u udru\u017eenju maslinara. Osim toga, u ovoj godini je udru\u017eenju dodijelila vi\u0161e od 60.000 eura, pa su maslinari Bara, zahvaljuju?i subvenciji Op\u0161tine, eko-trapove pla?ali 25 centi, dok su maslinare Ulcinja oni ko\u0161tali 80 centi. Pozivam Hajdinagu da pomogne intervencijom kod ministra Simovi?a da Ministarstvo poljoprivrede finansira zaradu jednog zaposlenog kao \u0161to to godinama ?ini za Udru\u017eenje maslinara Bara \u2013 poru?io je Cakuli.<br \/>\n<strong>S.A.<br \/>\nIzvor \/ Vijesti<\/strong><\/p>\n<p style=\"text-align: center;\"><a href=\"http:\/\/www.visit-ulcinj.com\/?rub=taxicobi\"><img loading=\"lazy\" class=\"aligncenter size-full wp-image-2798\" title=\"taxi-cobi-ulqintaxi-cobi-ulcinjcrna-goramontenegromali-i-ziulqini\" src=\"http:\/\/www.visit-ulcinj.com\/blog\/wp-content\/uploads\/2008\/08\/taxi-cobi-ulqintaxi-cobi-ulcinjcrna-goramontenegromali-i-ziulqini.jpg\" alt=\"\" width=\"320\" height=\"150\" srcset=\"https:\/\/www.visit-ulcinj.com\/blog\/wp-content\/uploads\/2008\/08\/taxi-cobi-ulqintaxi-cobi-ulcinjcrna-goramontenegromali-i-ziulqini.jpg 320w, https:\/\/www.visit-ulcinj.com\/blog\/wp-content\/uploads\/2008\/08\/taxi-cobi-ulqintaxi-cobi-ulcinjcrna-goramontenegromali-i-ziulqini-300x140.jpg 300w\" sizes=\"(max-width: 320px) 100vw, 320px\" \/><\/a><\/p>\n","protected":false},"excerpt":{"rendered":"<p>Predsjednik udru\u017eenja maslinara ulcinja reagovao zbog izjava hajdinage o isplati subvencija Ulcinj \u2013 Za isplatu subvencija maslinarima u Ulcinju nije zaslu\u017ean gradona?elnik Ulcinja Gzim Hajdinaga, i njegov savjetnik za poljoprivredu Gani Red\u017ea, kako su to oni predstavili javnosti, ve? Ministarstvo poljoprivrede na ?elu sa Milutinom Simovi? i udru\u017eenjem maslinara Boke, Bara i Ulcinja &#8211; saop\u0161teno [&hellip;]<\/p>\n","protected":false},"author":1,"featured_media":0,"comment_status":"open","ping_status":"closed","sticky":false,"template":"","format":"standard","meta":{"spay_email":"","jetpack_publicize_message":"","jetpack_is_tweetstorm":false,"jetpack_publicize_feature_enabled":true},"categories":[11,12],"tags":[4578,4577],"jetpack_publicize_connections":[],"yoast_head":"<!-- This site is optimized with the Yoast SEO plugin v19.1 - https:\/\/yoast.com\/wordpress\/plugins\/seo\/ -->\n<title>D\u017eaudet Cakuli: Manite se svojatanja tu?ih zasluga - Lajme nga Ulqini<\/title>\n<meta name=\"description\" content=\"Predsjednik udru\u017eenja maslinara ulcinja reagovao zbog izjava hajdinage o isplati subvencija Ulcinj \u2013 Za isplatu subvencija maslinarima u Ulcinju nije\" \/>\n<meta name=\"robots\" content=\"index, follow, max-snippet:-1, max-image-preview:large, max-video-preview:-1\" \/>\n<link rel=\"canonical\" href=\"https:\/\/www.visit-ulcinj.com\/blog\/2008\/09\/20\/dzaudet-cakuli-manite-se-svojatanja-tudih-zasluga\/\" \/>\n<meta property=\"og:locale\" content=\"en_US\" \/>\n<meta property=\"og:type\" content=\"article\" \/>\n<meta property=\"og:title\" content=\"D\u017eaudet Cakuli: Manite se svojatanja tu?ih zasluga - Lajme nga Ulqini\" \/>\n<meta property=\"og:description\" content=\"Predsjednik udru\u017eenja maslinara ulcinja reagovao zbog izjava hajdinage o isplati subvencija Ulcinj \u2013 Za isplatu subvencija maslinarima u Ulcinju nije\" \/>\n<meta property=\"og:url\" content=\"https:\/\/www.visit-ulcinj.com\/blog\/2008\/09\/20\/dzaudet-cakuli-manite-se-svojatanja-tudih-zasluga\/\" \/>\n<meta property=\"og:site_name\" content=\"Lajme nga Ulqini\" \/>\n<meta property=\"article:published_time\" content=\"2008-09-20T20:18:30+00:00\" \/>\n<meta property=\"article:modified_time\" content=\"2008-10-17T19:30:49+00:00\" \/>\n<meta property=\"og:image\" content=\"http:\/\/www.visit-ulcinj.com\/blog\/wp-content\/uploads\/2008\/03\/dzaudet-cakuli-2.jpg\" \/>\n<meta name=\"twitter:label1\" content=\"Written by\" \/>\n\t<meta name=\"twitter:data1\" content=\"ulqini\" \/>\n\t<meta name=\"twitter:label2\" content=\"Est. reading time\" \/>\n\t<meta name=\"twitter:data2\" content=\"2 minutes\" \/>\n<script type=\"application\/ld+json\" class=\"yoast-schema-graph\">{\"@context\":\"https:\/\/schema.org\",\"@graph\":[{\"@type\":\"WebSite\",\"@id\":\"https:\/\/www.visit-ulcinj.com\/blog\/#website\",\"url\":\"https:\/\/www.visit-ulcinj.com\/blog\/\",\"name\":\"Lajme nga Ulqini\",\"description\":\"Lajme,Vijesti,Ulqini,Ulqin,Crna Gora,Mali i Zi\",\"potentialAction\":[{\"@type\":\"SearchAction\",\"target\":{\"@type\":\"EntryPoint\",\"urlTemplate\":\"https:\/\/www.visit-ulcinj.com\/blog\/?s={search_term_string}\"},\"query-input\":\"required name=search_term_string\"}],\"inLanguage\":\"en-US\"},{\"@type\":\"ImageObject\",\"inLanguage\":\"en-US\",\"@id\":\"https:\/\/www.visit-ulcinj.com\/blog\/2008\/09\/20\/dzaudet-cakuli-manite-se-svojatanja-tudih-zasluga\/#primaryimage\",\"url\":\"http:\/\/www.visit-ulcinj.com\/blog\/wp-content\/uploads\/2008\/03\/dzaudet-cakuli-2.jpg\",\"contentUrl\":\"http:\/\/www.visit-ulcinj.com\/blog\/wp-content\/uploads\/2008\/03\/dzaudet-cakuli-2.jpg\"},{\"@type\":\"WebPage\",\"@id\":\"https:\/\/www.visit-ulcinj.com\/blog\/2008\/09\/20\/dzaudet-cakuli-manite-se-svojatanja-tudih-zasluga\/#webpage\",\"url\":\"https:\/\/www.visit-ulcinj.com\/blog\/2008\/09\/20\/dzaudet-cakuli-manite-se-svojatanja-tudih-zasluga\/\",\"name\":\"D\u017eaudet Cakuli: Manite se svojatanja tu?ih zasluga - Lajme nga Ulqini\",\"isPartOf\":{\"@id\":\"https:\/\/www.visit-ulcinj.com\/blog\/#website\"},\"primaryImageOfPage\":{\"@id\":\"https:\/\/www.visit-ulcinj.com\/blog\/2008\/09\/20\/dzaudet-cakuli-manite-se-svojatanja-tudih-zasluga\/#primaryimage\"},\"datePublished\":\"2008-09-20T20:18:30+00:00\",\"dateModified\":\"2008-10-17T19:30:49+00:00\",\"author\":{\"@id\":\"https:\/\/www.visit-ulcinj.com\/blog\/#\/schema\/person\/dcab619c614d3038751c63bc2aadc06d\"},\"description\":\"Predsjednik udru\u017eenja maslinara ulcinja reagovao zbog izjava hajdinage o isplati subvencija Ulcinj \u2013 Za isplatu subvencija maslinarima u Ulcinju nije\",\"breadcrumb\":{\"@id\":\"https:\/\/www.visit-ulcinj.com\/blog\/2008\/09\/20\/dzaudet-cakuli-manite-se-svojatanja-tudih-zasluga\/#breadcrumb\"},\"inLanguage\":\"en-US\",\"potentialAction\":[{\"@type\":\"ReadAction\",\"target\":[\"https:\/\/www.visit-ulcinj.com\/blog\/2008\/09\/20\/dzaudet-cakuli-manite-se-svojatanja-tudih-zasluga\/\"]}]},{\"@type\":\"BreadcrumbList\",\"@id\":\"https:\/\/www.visit-ulcinj.com\/blog\/2008\/09\/20\/dzaudet-cakuli-manite-se-svojatanja-tudih-zasluga\/#breadcrumb\",\"itemListElement\":[{\"@type\":\"ListItem\",\"position\":1,\"name\":\"D\u017eaudet Cakuli: Manite se svojatanja tu?ih zasluga\"}]},{\"@type\":\"Person\",\"@id\":\"https:\/\/www.visit-ulcinj.com\/blog\/#\/schema\/person\/dcab619c614d3038751c63bc2aadc06d\",\"name\":\"ulqini\",\"sameAs\":[\"http:\/\/www.visit-ulcinj.com\"],\"url\":\"https:\/\/www.visit-ulcinj.com\/blog\/author\/admin\/\"}]}<\/script>\n<!-- \/ Yoast SEO plugin. -->","yoast_head_json":{"title":"D\u017eaudet Cakuli: Manite se svojatanja tu?ih zasluga - Lajme nga Ulqini","description":"Predsjednik udru\u017eenja maslinara ulcinja reagovao zbog izjava hajdinage o isplati subvencija Ulcinj \u2013 Za isplatu subvencija maslinarima u Ulcinju nije","robots":{"index":"index","follow":"follow","max-snippet":"max-snippet:-1","max-image-preview":"max-image-preview:large","max-video-preview":"max-video-preview:-1"},"canonical":"https:\/\/www.visit-ulcinj.com\/blog\/2008\/09\/20\/dzaudet-cakuli-manite-se-svojatanja-tudih-zasluga\/","og_locale":"en_US","og_type":"article","og_title":"D\u017eaudet Cakuli: Manite se svojatanja tu?ih zasluga - Lajme nga Ulqini","og_description":"Predsjednik udru\u017eenja maslinara ulcinja reagovao zbog izjava hajdinage o isplati subvencija Ulcinj \u2013 Za isplatu subvencija maslinarima u Ulcinju nije","og_url":"https:\/\/www.visit-ulcinj.com\/blog\/2008\/09\/20\/dzaudet-cakuli-manite-se-svojatanja-tudih-zasluga\/","og_site_name":"Lajme nga Ulqini","article_published_time":"2008-09-20T20:18:30+00:00","article_modified_time":"2008-10-17T19:30:49+00:00","og_image":[{"url":"http:\/\/www.visit-ulcinj.com\/blog\/wp-content\/uploads\/2008\/03\/dzaudet-cakuli-2.jpg"}],"twitter_misc":{"Written by":"ulqini","Est. reading time":"2 minutes"},"schema":{"@context":"https:\/\/schema.org","@graph":[{"@type":"WebSite","@id":"https:\/\/www.visit-ulcinj.com\/blog\/#website","url":"https:\/\/www.visit-ulcinj.com\/blog\/","name":"Lajme nga Ulqini","description":"Lajme,Vijesti,Ulqini,Ulqin,Crna Gora,Mali i Zi","potentialAction":[{"@type":"SearchAction","target":{"@type":"EntryPoint","urlTemplate":"https:\/\/www.visit-ulcinj.com\/blog\/?s={search_term_string}"},"query-input":"required name=search_term_string"}],"inLanguage":"en-US"},{"@type":"ImageObject","inLanguage":"en-US","@id":"https:\/\/www.visit-ulcinj.com\/blog\/2008\/09\/20\/dzaudet-cakuli-manite-se-svojatanja-tudih-zasluga\/#primaryimage","url":"http:\/\/www.visit-ulcinj.com\/blog\/wp-content\/uploads\/2008\/03\/dzaudet-cakuli-2.jpg","contentUrl":"http:\/\/www.visit-ulcinj.com\/blog\/wp-content\/uploads\/2008\/03\/dzaudet-cakuli-2.jpg"},{"@type":"WebPage","@id":"https:\/\/www.visit-ulcinj.com\/blog\/2008\/09\/20\/dzaudet-cakuli-manite-se-svojatanja-tudih-zasluga\/#webpage","url":"https:\/\/www.visit-ulcinj.com\/blog\/2008\/09\/20\/dzaudet-cakuli-manite-se-svojatanja-tudih-zasluga\/","name":"D\u017eaudet Cakuli: Manite se svojatanja tu?ih zasluga - Lajme nga Ulqini","isPartOf":{"@id":"https:\/\/www.visit-ulcinj.com\/blog\/#website"},"primaryImageOfPage":{"@id":"https:\/\/www.visit-ulcinj.com\/blog\/2008\/09\/20\/dzaudet-cakuli-manite-se-svojatanja-tudih-zasluga\/#primaryimage"},"datePublished":"2008-09-20T20:18:30+00:00","dateModified":"2008-10-17T19:30:49+00:00","author":{"@id":"https:\/\/www.visit-ulcinj.com\/blog\/#\/schema\/person\/dcab619c614d3038751c63bc2aadc06d"},"description":"Predsjednik udru\u017eenja maslinara ulcinja reagovao zbog izjava hajdinage o isplati subvencija Ulcinj \u2013 Za isplatu subvencija maslinarima u Ulcinju nije","breadcrumb":{"@id":"https:\/\/www.visit-ulcinj.com\/blog\/2008\/09\/20\/dzaudet-cakuli-manite-se-svojatanja-tudih-zasluga\/#breadcrumb"},"inLanguage":"en-US","potentialAction":[{"@type":"ReadAction","target":["https:\/\/www.visit-ulcinj.com\/blog\/2008\/09\/20\/dzaudet-cakuli-manite-se-svojatanja-tudih-zasluga\/"]}]},{"@type":"BreadcrumbList","@id":"https:\/\/www.visit-ulcinj.com\/blog\/2008\/09\/20\/dzaudet-cakuli-manite-se-svojatanja-tudih-zasluga\/#breadcrumb","itemListElement":[{"@type":"ListItem","position":1,"name":"D\u017eaudet Cakuli: Manite se svojatanja tu?ih zasluga"}]},{"@type":"Person","@id":"https:\/\/www.visit-ulcinj.com\/blog\/#\/schema\/person\/dcab619c614d3038751c63bc2aadc06d","name":"ulqini","sameAs":["http:\/\/www.visit-ulcinj.com"],"url":"https:\/\/www.visit-ulcinj.com\/blog\/author\/admin\/"}]}},"jetpack_featured_media_url":"","jetpack_sharing_enabled":true,"jetpack_shortlink":"https:\/\/wp.me\/pe6lTn-TZ","_links":{"self":[{"href":"https:\/\/www.visit-ulcinj.com\/blog\/wp-json\/wp\/v2\/posts\/3471"}],"collection":[{"href":"https:\/\/www.visit-ulcinj.com\/blog\/wp-json\/wp\/v2\/posts"}],"about":[{"href":"https:\/\/www.visit-ulcinj.com\/blog\/wp-json\/wp\/v2\/types\/post"}],"author":[{"embeddable":true,"href":"https:\/\/www.visit-ulcinj.com\/blog\/wp-json\/wp\/v2\/users\/1"}],"replies":[{"embeddable":true,"href":"https:\/\/www.visit-ulcinj.com\/blog\/wp-json\/wp\/v2\/comments?post=3471"}],"version-history":[{"count":0,"href":"https:\/\/www.visit-ulcinj.com\/blog\/wp-json\/wp\/v2\/posts\/3471\/revisions"}],"wp:attachment":[{"href":"https:\/\/www.visit-ulcinj.com\/blog\/wp-json\/wp\/v2\/media?parent=3471"}],"wp:term":[{"taxonomy":"category","embeddable":true,"href":"https:\/\/www.visit-ulcinj.com\/blog\/wp-json\/wp\/v2\/categories?post=3471"},{"taxonomy":"post_tag","embeddable":true,"href":"https:\/\/www.visit-ulcinj.com\/blog\/wp-json\/wp\/v2\/tags?post=3471"}],"curies":[{"name":"wp","href":"https:\/\/api.w.org\/{rel}","templated":true}]}}