{"id":34715,"date":"2010-06-16T16:38:57","date_gmt":"2010-06-16T14:38:57","guid":{"rendered":"http:\/\/www.visit-ulcinj.com\/blog\/?p=34715"},"modified":"2010-06-16T16:38:57","modified_gmt":"2010-06-16T14:38:57","slug":"rozana-radi-rikthehet-ne-teater-si-nje-ofeli","status":"publish","type":"post","link":"https:\/\/www.visit-ulcinj.com\/blog\/2010\/06\/16\/rozana-radi-rikthehet-ne-teater-si-nje-ofeli\/","title":{"rendered":"Rozana Radi rikthehet n\u00eb teat\u00ebr si nj\u00eb Ofeli"},"content":{"rendered":"<p><a href=\"http:\/\/www.visit-ulcinj.com\/blog\/wp-content\/uploads\/2010\/06\/Rozana-Radi.1.jpg\"><img loading=\"lazy\" class=\"alignleft size-full wp-image-34716\" title=\"Rozana Radi.1\" src=\"http:\/\/www.visit-ulcinj.com\/blog\/wp-content\/uploads\/2010\/06\/Rozana-Radi.1.jpg\" alt=\"Rozana Radi.1\" width=\"490\" height=\"390\" \/><\/a>K\u00ebng\u00ebtarja dhe aktorja Rozana Radi, ka vendosur q\u00eb k\u00ebt\u00eb ver\u00eb t&#8217;u p\u00ebrkushtohet maksimalisht t\u00eb dy profesioneve t\u00eb saj. Pas kaq muajsh munges\u00eb ajo do t&#8217;i rikthehet k\u00ebt\u00eb fund qershori sken\u00ebs s\u00eb teatrit, k\u00ebt\u00eb her\u00eb n\u00eb rolin e Ofelis\u00eb, tek tragjedia &#8220;Hamleti&#8221;.<br \/>\nP\u00ebr t\u00eb na e provuar edhe m\u00eb mir\u00eb k\u00ebt\u00eb, Rozana, n\u00eb profilin e saj n\u00eb rrjetin facebook.com ka vendosur foton q\u00eb ne po ju paraqesim, n\u00eb t\u00eb cil\u00ebn shkruhet mjaft qart\u00eb titulli i tragjedis\u00eb, n\u00eb t\u00eb cil\u00ebn ajo do t\u00eb marr\u00eb pjes\u00eb. Si\u00e7 transmeton Ballkanweb, ky angazhim i ri n\u00eb teat\u00ebr do t&#8217;i marr\u00eb jo pak koh\u00eb Rozit, por megjithat\u00eb ajo nuk ka nd\u00ebrmend q\u00eb ta l\u00ebr\u00eb pasionin e saj, muzik\u00ebn p\u00ebr asnj\u00eb arsye.<br \/>\nAktualisht \u00ebsht\u00eb duke punuar p\u00ebr 2 k\u00ebng\u00eb t\u00eb reja n\u00eb studion e kompozitorit t\u00eb njohur Adrian Hila, p\u00ebr nj\u00ebr\u00ebn prej t\u00eb cilave, k\u00ebng\u00ebtarja na tregon se do t\u00eb realizoj\u00eb edhe nj\u00eb klip shum\u00eb t\u00eb nxeht\u00eb. N\u00eb nat\u00ebn finale t\u00eb Festivalit &#8220;K\u00ebnga Magjike&#8221;, Rozi premtoi se n\u00eb vijim t\u00eb karrier\u00ebs s\u00eb saj do t\u00eb realizonte vet\u00ebm k\u00ebng\u00eb t\u00eb v\u00ebrteta. Emri i kompozitorit tek i cili ka besuar edhe k\u00ebt\u00eb her\u00eb, na e garanton k\u00ebt\u00eb, por megjithat\u00eb, ne ende jemi n\u00eb pritje.<\/p>\n<p><strong>Bluetooth<br \/>\n<br \/>\n<!--YouTube Error: bad URL entered--><\/strong><\/p>\n","protected":false},"excerpt":{"rendered":"<p>K\u00ebng\u00ebtarja dhe aktorja Rozana Radi, ka vendosur q\u00eb k\u00ebt\u00eb ver\u00eb t&#8217;u p\u00ebrkushtohet maksimalisht t\u00eb dy profesioneve t\u00eb saj. Pas kaq muajsh munges\u00eb ajo do t&#8217;i rikthehet k\u00ebt\u00eb fund qershori sken\u00ebs s\u00eb teatrit, k\u00ebt\u00eb her\u00eb n\u00eb rolin e Ofelis\u00eb, tek tragjedia &#8220;Hamleti&#8221;. P\u00ebr t\u00eb na e provuar edhe m\u00eb mir\u00eb k\u00ebt\u00eb, Rozana, n\u00eb profilin e saj [&hellip;]<\/p>\n","protected":false},"author":1,"featured_media":0,"comment_status":"open","ping_status":"closed","sticky":false,"template":"","format":"standard","meta":{"spay_email":"","jetpack_publicize_message":"","jetpack_is_tweetstorm":false,"jetpack_publicize_feature_enabled":true},"categories":[1],"tags":[4964],"jetpack_publicize_connections":[],"yoast_head":"<!-- This site is optimized with the Yoast SEO plugin v19.1 - https:\/\/yoast.com\/wordpress\/plugins\/seo\/ -->\n<title>Rozana Radi rikthehet n\u00eb teat\u00ebr si nj\u00eb Ofeli - Lajme nga Ulqini<\/title>\n<meta name=\"description\" content=\"K\u00ebng\u00ebtarja dhe aktorja Rozana Radi, ka vendosur q\u00eb k\u00ebt\u00eb ver\u00eb t&#039;u p\u00ebrkushtohet maksimalisht t\u00eb dy profesioneve t\u00eb saj. Pas kaq muajsh munges\u00eb ajo do t&#039;i\" \/>\n<meta name=\"robots\" content=\"index, follow, max-snippet:-1, max-image-preview:large, max-video-preview:-1\" \/>\n<link rel=\"canonical\" href=\"https:\/\/www.visit-ulcinj.com\/blog\/2010\/06\/16\/rozana-radi-rikthehet-ne-teater-si-nje-ofeli\/\" \/>\n<meta property=\"og:locale\" content=\"en_US\" \/>\n<meta property=\"og:type\" content=\"article\" \/>\n<meta property=\"og:title\" content=\"Rozana Radi rikthehet n\u00eb teat\u00ebr si nj\u00eb Ofeli - Lajme nga Ulqini\" \/>\n<meta property=\"og:description\" content=\"K\u00ebng\u00ebtarja dhe aktorja Rozana Radi, ka vendosur q\u00eb k\u00ebt\u00eb ver\u00eb t&#039;u p\u00ebrkushtohet maksimalisht t\u00eb dy profesioneve t\u00eb saj. Pas kaq muajsh munges\u00eb ajo do t&#039;i\" \/>\n<meta property=\"og:url\" content=\"https:\/\/www.visit-ulcinj.com\/blog\/2010\/06\/16\/rozana-radi-rikthehet-ne-teater-si-nje-ofeli\/\" \/>\n<meta property=\"og:site_name\" content=\"Lajme nga Ulqini\" \/>\n<meta property=\"article:published_time\" content=\"2010-06-16T14:38:57+00:00\" \/>\n<meta property=\"og:image\" content=\"https:\/\/www.visit-ulcinj.com\/blog\/wp-content\/uploads\/2010\/06\/Rozana-Radi.1-150x150.jpg\" \/>\n<meta name=\"twitter:label1\" content=\"Written by\" \/>\n\t<meta name=\"twitter:data1\" content=\"ulqini\" \/>\n\t<meta name=\"twitter:label2\" content=\"Est. reading time\" \/>\n\t<meta name=\"twitter:data2\" content=\"1 minute\" \/>\n<script type=\"application\/ld+json\" class=\"yoast-schema-graph\">{\"@context\":\"https:\/\/schema.org\",\"@graph\":[{\"@type\":\"WebSite\",\"@id\":\"https:\/\/www.visit-ulcinj.com\/blog\/#website\",\"url\":\"https:\/\/www.visit-ulcinj.com\/blog\/\",\"name\":\"Lajme nga Ulqini\",\"description\":\"Lajme,Vijesti,Ulqini,Ulqin,Crna Gora,Mali i Zi\",\"potentialAction\":[{\"@type\":\"SearchAction\",\"target\":{\"@type\":\"EntryPoint\",\"urlTemplate\":\"https:\/\/www.visit-ulcinj.com\/blog\/?s={search_term_string}\"},\"query-input\":\"required name=search_term_string\"}],\"inLanguage\":\"en-US\"},{\"@type\":\"ImageObject\",\"inLanguage\":\"en-US\",\"@id\":\"https:\/\/www.visit-ulcinj.com\/blog\/2010\/06\/16\/rozana-radi-rikthehet-ne-teater-si-nje-ofeli\/#primaryimage\",\"url\":\"http:\/\/www.visit-ulcinj.com\/blog\/wp-content\/uploads\/2010\/06\/Rozana-Radi.1.jpg\",\"contentUrl\":\"http:\/\/www.visit-ulcinj.com\/blog\/wp-content\/uploads\/2010\/06\/Rozana-Radi.1.jpg\"},{\"@type\":\"WebPage\",\"@id\":\"https:\/\/www.visit-ulcinj.com\/blog\/2010\/06\/16\/rozana-radi-rikthehet-ne-teater-si-nje-ofeli\/#webpage\",\"url\":\"https:\/\/www.visit-ulcinj.com\/blog\/2010\/06\/16\/rozana-radi-rikthehet-ne-teater-si-nje-ofeli\/\",\"name\":\"Rozana Radi rikthehet n\u00eb teat\u00ebr si nj\u00eb Ofeli - Lajme nga Ulqini\",\"isPartOf\":{\"@id\":\"https:\/\/www.visit-ulcinj.com\/blog\/#website\"},\"primaryImageOfPage\":{\"@id\":\"https:\/\/www.visit-ulcinj.com\/blog\/2010\/06\/16\/rozana-radi-rikthehet-ne-teater-si-nje-ofeli\/#primaryimage\"},\"datePublished\":\"2010-06-16T14:38:57+00:00\",\"dateModified\":\"2010-06-16T14:38:57+00:00\",\"author\":{\"@id\":\"https:\/\/www.visit-ulcinj.com\/blog\/#\/schema\/person\/dcab619c614d3038751c63bc2aadc06d\"},\"description\":\"K\u00ebng\u00ebtarja dhe aktorja Rozana Radi, ka vendosur q\u00eb k\u00ebt\u00eb ver\u00eb t'u p\u00ebrkushtohet maksimalisht t\u00eb dy profesioneve t\u00eb saj. Pas kaq muajsh munges\u00eb ajo do t'i\",\"breadcrumb\":{\"@id\":\"https:\/\/www.visit-ulcinj.com\/blog\/2010\/06\/16\/rozana-radi-rikthehet-ne-teater-si-nje-ofeli\/#breadcrumb\"},\"inLanguage\":\"en-US\",\"potentialAction\":[{\"@type\":\"ReadAction\",\"target\":[\"https:\/\/www.visit-ulcinj.com\/blog\/2010\/06\/16\/rozana-radi-rikthehet-ne-teater-si-nje-ofeli\/\"]}]},{\"@type\":\"BreadcrumbList\",\"@id\":\"https:\/\/www.visit-ulcinj.com\/blog\/2010\/06\/16\/rozana-radi-rikthehet-ne-teater-si-nje-ofeli\/#breadcrumb\",\"itemListElement\":[{\"@type\":\"ListItem\",\"position\":1,\"name\":\"Rozana Radi rikthehet n\u00eb teat\u00ebr si nj\u00eb Ofeli\"}]},{\"@type\":\"Person\",\"@id\":\"https:\/\/www.visit-ulcinj.com\/blog\/#\/schema\/person\/dcab619c614d3038751c63bc2aadc06d\",\"name\":\"ulqini\",\"sameAs\":[\"http:\/\/www.visit-ulcinj.com\"],\"url\":\"https:\/\/www.visit-ulcinj.com\/blog\/author\/admin\/\"}]}<\/script>\n<!-- \/ Yoast SEO plugin. -->","yoast_head_json":{"title":"Rozana Radi rikthehet n\u00eb teat\u00ebr si nj\u00eb Ofeli - Lajme nga Ulqini","description":"K\u00ebng\u00ebtarja dhe aktorja Rozana Radi, ka vendosur q\u00eb k\u00ebt\u00eb ver\u00eb t'u p\u00ebrkushtohet maksimalisht t\u00eb dy profesioneve t\u00eb saj. Pas kaq muajsh munges\u00eb ajo do t'i","robots":{"index":"index","follow":"follow","max-snippet":"max-snippet:-1","max-image-preview":"max-image-preview:large","max-video-preview":"max-video-preview:-1"},"canonical":"https:\/\/www.visit-ulcinj.com\/blog\/2010\/06\/16\/rozana-radi-rikthehet-ne-teater-si-nje-ofeli\/","og_locale":"en_US","og_type":"article","og_title":"Rozana Radi rikthehet n\u00eb teat\u00ebr si nj\u00eb Ofeli - Lajme nga Ulqini","og_description":"K\u00ebng\u00ebtarja dhe aktorja Rozana Radi, ka vendosur q\u00eb k\u00ebt\u00eb ver\u00eb t'u p\u00ebrkushtohet maksimalisht t\u00eb dy profesioneve t\u00eb saj. Pas kaq muajsh munges\u00eb ajo do t'i","og_url":"https:\/\/www.visit-ulcinj.com\/blog\/2010\/06\/16\/rozana-radi-rikthehet-ne-teater-si-nje-ofeli\/","og_site_name":"Lajme nga Ulqini","article_published_time":"2010-06-16T14:38:57+00:00","og_image":[{"url":"https:\/\/www.visit-ulcinj.com\/blog\/wp-content\/uploads\/2010\/06\/Rozana-Radi.1-150x150.jpg"}],"twitter_misc":{"Written by":"ulqini","Est. reading time":"1 minute"},"schema":{"@context":"https:\/\/schema.org","@graph":[{"@type":"WebSite","@id":"https:\/\/www.visit-ulcinj.com\/blog\/#website","url":"https:\/\/www.visit-ulcinj.com\/blog\/","name":"Lajme nga Ulqini","description":"Lajme,Vijesti,Ulqini,Ulqin,Crna Gora,Mali i Zi","potentialAction":[{"@type":"SearchAction","target":{"@type":"EntryPoint","urlTemplate":"https:\/\/www.visit-ulcinj.com\/blog\/?s={search_term_string}"},"query-input":"required name=search_term_string"}],"inLanguage":"en-US"},{"@type":"ImageObject","inLanguage":"en-US","@id":"https:\/\/www.visit-ulcinj.com\/blog\/2010\/06\/16\/rozana-radi-rikthehet-ne-teater-si-nje-ofeli\/#primaryimage","url":"http:\/\/www.visit-ulcinj.com\/blog\/wp-content\/uploads\/2010\/06\/Rozana-Radi.1.jpg","contentUrl":"http:\/\/www.visit-ulcinj.com\/blog\/wp-content\/uploads\/2010\/06\/Rozana-Radi.1.jpg"},{"@type":"WebPage","@id":"https:\/\/www.visit-ulcinj.com\/blog\/2010\/06\/16\/rozana-radi-rikthehet-ne-teater-si-nje-ofeli\/#webpage","url":"https:\/\/www.visit-ulcinj.com\/blog\/2010\/06\/16\/rozana-radi-rikthehet-ne-teater-si-nje-ofeli\/","name":"Rozana Radi rikthehet n\u00eb teat\u00ebr si nj\u00eb Ofeli - Lajme nga Ulqini","isPartOf":{"@id":"https:\/\/www.visit-ulcinj.com\/blog\/#website"},"primaryImageOfPage":{"@id":"https:\/\/www.visit-ulcinj.com\/blog\/2010\/06\/16\/rozana-radi-rikthehet-ne-teater-si-nje-ofeli\/#primaryimage"},"datePublished":"2010-06-16T14:38:57+00:00","dateModified":"2010-06-16T14:38:57+00:00","author":{"@id":"https:\/\/www.visit-ulcinj.com\/blog\/#\/schema\/person\/dcab619c614d3038751c63bc2aadc06d"},"description":"K\u00ebng\u00ebtarja dhe aktorja Rozana Radi, ka vendosur q\u00eb k\u00ebt\u00eb ver\u00eb t'u p\u00ebrkushtohet maksimalisht t\u00eb dy profesioneve t\u00eb saj. Pas kaq muajsh munges\u00eb ajo do t'i","breadcrumb":{"@id":"https:\/\/www.visit-ulcinj.com\/blog\/2010\/06\/16\/rozana-radi-rikthehet-ne-teater-si-nje-ofeli\/#breadcrumb"},"inLanguage":"en-US","potentialAction":[{"@type":"ReadAction","target":["https:\/\/www.visit-ulcinj.com\/blog\/2010\/06\/16\/rozana-radi-rikthehet-ne-teater-si-nje-ofeli\/"]}]},{"@type":"BreadcrumbList","@id":"https:\/\/www.visit-ulcinj.com\/blog\/2010\/06\/16\/rozana-radi-rikthehet-ne-teater-si-nje-ofeli\/#breadcrumb","itemListElement":[{"@type":"ListItem","position":1,"name":"Rozana Radi rikthehet n\u00eb teat\u00ebr si nj\u00eb Ofeli"}]},{"@type":"Person","@id":"https:\/\/www.visit-ulcinj.com\/blog\/#\/schema\/person\/dcab619c614d3038751c63bc2aadc06d","name":"ulqini","sameAs":["http:\/\/www.visit-ulcinj.com"],"url":"https:\/\/www.visit-ulcinj.com\/blog\/author\/admin\/"}]}},"jetpack_featured_media_url":"","jetpack_sharing_enabled":true,"jetpack_shortlink":"https:\/\/wp.me\/pe6lTn-91V","_links":{"self":[{"href":"https:\/\/www.visit-ulcinj.com\/blog\/wp-json\/wp\/v2\/posts\/34715"}],"collection":[{"href":"https:\/\/www.visit-ulcinj.com\/blog\/wp-json\/wp\/v2\/posts"}],"about":[{"href":"https:\/\/www.visit-ulcinj.com\/blog\/wp-json\/wp\/v2\/types\/post"}],"author":[{"embeddable":true,"href":"https:\/\/www.visit-ulcinj.com\/blog\/wp-json\/wp\/v2\/users\/1"}],"replies":[{"embeddable":true,"href":"https:\/\/www.visit-ulcinj.com\/blog\/wp-json\/wp\/v2\/comments?post=34715"}],"version-history":[{"count":0,"href":"https:\/\/www.visit-ulcinj.com\/blog\/wp-json\/wp\/v2\/posts\/34715\/revisions"}],"wp:attachment":[{"href":"https:\/\/www.visit-ulcinj.com\/blog\/wp-json\/wp\/v2\/media?parent=34715"}],"wp:term":[{"taxonomy":"category","embeddable":true,"href":"https:\/\/www.visit-ulcinj.com\/blog\/wp-json\/wp\/v2\/categories?post=34715"},{"taxonomy":"post_tag","embeddable":true,"href":"https:\/\/www.visit-ulcinj.com\/blog\/wp-json\/wp\/v2\/tags?post=34715"}],"curies":[{"name":"wp","href":"https:\/\/api.w.org\/{rel}","templated":true}]}}