{"id":34723,"date":"2010-06-16T17:27:32","date_gmt":"2010-06-16T15:27:32","guid":{"rendered":"http:\/\/www.visit-ulcinj.com\/blog\/?p=34723"},"modified":"2010-06-16T17:27:32","modified_gmt":"2010-06-16T15:27:32","slug":"lire-dhe-mire-ne-bregdetin-e-ulqinit","status":"publish","type":"post","link":"https:\/\/www.visit-ulcinj.com\/blog\/2010\/06\/16\/lire-dhe-mire-ne-bregdetin-e-ulqinit\/","title":{"rendered":"Lir\u00eb dhe mir\u00eb n\u00eb bregdetin e Ulqinit"},"content":{"rendered":"<p><a href=\"http:\/\/www.visit-ulcinj.com\/blog\/wp-content\/uploads\/2010\/06\/Plazha-madhe-Ulqin.3.JPG\"><img loading=\"lazy\" class=\"alignleft size-full wp-image-34724\" title=\"Plazha madhe Ulqin.3\" src=\"http:\/\/www.visit-ulcinj.com\/blog\/wp-content\/uploads\/2010\/06\/Plazha-madhe-Ulqin.3.JPG\" alt=\"Plazha madhe Ulqin.3\" width=\"490\" height=\"382\" \/><\/a>Shqip\u00ebria, Mali i Zi,Greqia, Turqia dhe destinacionet e tjera jan\u00eb m\u00eb t\u00eb preferuarat p\u00ebr pushimet verore 2010. K\u00ebto oferta shpalosen gati tek gjitha agjencit\u00eb turistike, nd\u00ebrsa disa t\u00eb tjera ofrojn\u00eb edhe udh\u00ebtime dhe pushime speciale edhe n\u00eb vendet tejoqeanike.<br \/>\nShumica e qytetar\u00ebve kan\u00eb nisur planifikimin p\u00ebr t\u00eb kaluar nj\u00eb pushim, var\u00ebsisht nga xhepi i tyre, mir\u00ebpo nj\u00eb pjes\u00eb tjet\u00ebr as q\u00eb ka llogaritur mund\u00ebsin\u00eb p\u00ebr t\u00eb shfryt\u00ebzuar k\u00ebt\u00eb ver\u00eb p\u00ebr pushime verore.<br \/>\nBregdeti shqiptar konsiderohet si m\u00eb i lir\u00eb p\u00ebr t\u00eb kaluar nj\u00eb pushim n\u00eb kushtet e standardeve t\u00eb qytetar\u00ebve. Hotele me \u00e7mimet prej 20 euro e deri n\u00eb 50 euro n\u00eb dit\u00eb, jan\u00eb ofertat q\u00eb qarkullojn\u00eb gati se n\u00eb t\u00ebr\u00eb rivier\u00ebn turistike shqiptare, me p\u00ebrjashtime t\u00eb hoteleve m\u00eb luksoze, t\u00eb cilat prap\u00eb se prap\u00eb jan\u00eb n\u00eb t\u00eb nj\u00ebjtin lokacion t\u00eb hap\u00ebsir\u00ebs bregdetare.<br \/>\nEdhe n\u00eb Mal t\u00eb Zi gati se jan\u00eb n\u00eb dispozicion ofertat e nj\u00ebjta p\u00ebr pushuesit, mir\u00ebpo k\u00ebto \u00e7mime jan\u00eb kryesisht n\u00eb zon\u00ebn e Ulqinit,ku \u00e7mimet rijn gjithmon stabile p\u00ebr \u00e7do xhep t\u00eb pushuesit,por p\u00ebr shkak se n\u00eb pjes\u00ebn tjet\u00ebr t\u00eb bregdetit malazias jan\u00eb t\u00eb pranishme ofertat e larta, ku kryesisht frekuentojn\u00eb p\u00ebr pushime pushues nga vendet e Evrop\u00ebs Per\u00ebndimore si dhe pushues nga Amerika, Kanadaja dhe Rusia.<br \/>\n\u201cKemi n\u00eb ve\u00e7anti nj\u00eb ofert\u00eb q\u00eb \u00ebsht\u00eb e mir\u00eb p\u00ebr Ulqin dhe ajo p\u00ebrmban \u00e7mime mesatare\u201d,ku \u00e7mimet per bujtje sillen prej 5\u20ac der 10\u20ac konfor i garantuar.<br \/>\n\u201cVar\u00ebsisht se sa para ka siguruar qytetari apo familja p\u00ebr pushime. Kemi oferta\u00a0 t\u00eb lira, por edhe ato t\u00eb shtrenjta.<br \/>\nNj\u00eb pjes\u00eb e qytetar\u00ebve theksojn\u00eb se m\u00eb s\u00eb shumti preferojn\u00eb bregdetin shqiptar, p\u00ebr shkak t\u00eb af\u00ebrsis\u00eb dhe kushteve m\u00eb t\u00eb lira. Nj\u00eb udh\u00ebtim me vetur\u00eb deri n\u00eb Durr\u00ebs,Sarand\u00eb\u00a0 apo Ulqin asht mir se ardhur.<\/p>\n<p>\n\t\t<style type=\"text\/css\">\n\t\t\t#gallery-1 {\n\t\t\t\tmargin: auto;\n\t\t\t}\n\t\t\t#gallery-1 .gallery-item {\n\t\t\t\tfloat: left;\n\t\t\t\tmargin-top: 10px;\n\t\t\t\ttext-align: center;\n\t\t\t\twidth: 33%;\n\t\t\t}\n\t\t\t#gallery-1 img {\n\t\t\t\tborder: 2px solid #cfcfcf;\n\t\t\t}\n\t\t\t#gallery-1 .gallery-caption {\n\t\t\t\tmargin-left: 0;\n\t\t\t}\n\t\t\t\/* see gallery_shortcode() in wp-includes\/media.php *\/\n\t\t<\/style>\n\t\t<div id='gallery-1' class='gallery galleryid-34723 gallery-columns-3 gallery-size-thumbnail'><dl class='gallery-item'>\n\t\t\t<dt class='gallery-icon landscape'>\n\t\t\t\t<a href='https:\/\/www.visit-ulcinj.com\/blog\/wp-content\/uploads\/2010\/06\/Plazha-madhe-Ulqin.3.JPG'><img width=\"150\" height=\"150\" src=\"https:\/\/www.visit-ulcinj.com\/blog\/wp-content\/uploads\/2010\/06\/Plazha-madhe-Ulqin.3-150x150.jpg\" class=\"attachment-thumbnail size-thumbnail\" alt=\"\" loading=\"lazy\" \/><\/a>\n\t\t\t<\/dt><\/dl><dl class='gallery-item'>\n\t\t\t<dt class='gallery-icon landscape'>\n\t\t\t\t<a href='https:\/\/www.visit-ulcinj.com\/blog\/wp-content\/uploads\/2010\/06\/Plazha-madhe-Ulqin.2.jpg'><img width=\"150\" height=\"150\" src=\"https:\/\/www.visit-ulcinj.com\/blog\/wp-content\/uploads\/2010\/06\/Plazha-madhe-Ulqin.2-150x150.jpg\" class=\"attachment-thumbnail size-thumbnail\" alt=\"\" loading=\"lazy\" \/><\/a>\n\t\t\t<\/dt><\/dl><dl class='gallery-item'>\n\t\t\t<dt class='gallery-icon landscape'>\n\t\t\t\t<a href='https:\/\/www.visit-ulcinj.com\/blog\/wp-content\/uploads\/2010\/06\/Plazha-madhe-Ulqin.1.JPG'><img width=\"150\" height=\"150\" src=\"https:\/\/www.visit-ulcinj.com\/blog\/wp-content\/uploads\/2010\/06\/Plazha-madhe-Ulqin.1-150x150.jpg\" class=\"attachment-thumbnail size-thumbnail\" alt=\"\" loading=\"lazy\" \/><\/a>\n\t\t\t<\/dt><\/dl><br style=\"clear: both\" \/><dl class='gallery-item'>\n\t\t\t<dt class='gallery-icon landscape'>\n\t\t\t\t<a href='https:\/\/www.visit-ulcinj.com\/blog\/wp-content\/uploads\/2010\/06\/Plazha-madhe-Ulqin.JPG'><img width=\"150\" height=\"150\" src=\"https:\/\/www.visit-ulcinj.com\/blog\/wp-content\/uploads\/2010\/06\/Plazha-madhe-Ulqin-150x150.jpg\" class=\"attachment-thumbnail size-thumbnail\" alt=\"\" loading=\"lazy\" \/><\/a>\n\t\t\t<\/dt><\/dl><dl class='gallery-item'>\n\t\t\t<dt class='gallery-icon landscape'>\n\t\t\t\t<a href='https:\/\/www.visit-ulcinj.com\/blog\/wp-content\/uploads\/2010\/06\/mala-plaza-ulcinj.JPG'><img width=\"150\" height=\"150\" src=\"https:\/\/www.visit-ulcinj.com\/blog\/wp-content\/uploads\/2010\/06\/mala-plaza-ulcinj-150x150.jpg\" class=\"attachment-thumbnail size-thumbnail\" alt=\"\" loading=\"lazy\" \/><\/a>\n\t\t\t<\/dt><\/dl><dl class='gallery-item'>\n\t\t\t<dt class='gallery-icon landscape'>\n\t\t\t\t<a href='https:\/\/www.visit-ulcinj.com\/blog\/wp-content\/uploads\/2010\/06\/velika-plaza_ulcinj_montenegro1.jpg'><img width=\"150\" height=\"150\" src=\"https:\/\/www.visit-ulcinj.com\/blog\/wp-content\/uploads\/2010\/06\/velika-plaza_ulcinj_montenegro1-150x150.jpg\" class=\"attachment-thumbnail size-thumbnail\" alt=\"\" loading=\"lazy\" \/><\/a>\n\t\t\t<\/dt><\/dl><br style=\"clear: both\" \/>\n\t\t<\/div>\n<br \/>\n[flv width=&#8221;490&#8243; height=&#8221;400&#8243;]http:\/\/cdn9.fliqz.com\/bca2a1bd98324f429cf68c31ef3b2269.flv[\/flv]<\/p>\n","protected":false},"excerpt":{"rendered":"<p>Shqip\u00ebria, Mali i Zi,Greqia, Turqia dhe destinacionet e tjera jan\u00eb m\u00eb t\u00eb preferuarat p\u00ebr pushimet verore 2010. K\u00ebto oferta shpalosen gati tek gjitha agjencit\u00eb turistike, nd\u00ebrsa disa t\u00eb tjera ofrojn\u00eb edhe udh\u00ebtime dhe pushime speciale edhe n\u00eb vendet tejoqeanike. Shumica e qytetar\u00ebve kan\u00eb nisur planifikimin p\u00ebr t\u00eb kaluar nj\u00eb pushim, var\u00ebsisht nga xhepi i tyre, [&hellip;]<\/p>\n","protected":false},"author":1,"featured_media":0,"comment_status":"open","ping_status":"closed","sticky":false,"template":"","format":"standard","meta":{"spay_email":"","jetpack_publicize_message":"","jetpack_is_tweetstorm":false,"jetpack_publicize_feature_enabled":true},"categories":[1],"tags":[14626,14708,2105,7669,7668,11537,7670,14628,49,95,3945,7672,7666,7667,7671,7665,22016,12035,3946],"jetpack_publicize_connections":[],"yoast_head":"<!-- This site is optimized with the Yoast SEO plugin v19.1 - https:\/\/yoast.com\/wordpress\/plugins\/seo\/ -->\n<title>Lir\u00eb dhe mir\u00eb n\u00eb bregdetin e Ulqinit - Lajme nga Ulqini<\/title>\n<meta name=\"description\" content=\"Shqip\u00ebria, Mali i Zi,Greqia, Turqia dhe destinacionet e tjera jan\u00eb m\u00eb t\u00eb preferuarat p\u00ebr pushimet verore 2010. K\u00ebto oferta shpalosen gati tek gjitha\" \/>\n<meta name=\"robots\" content=\"index, follow, max-snippet:-1, max-image-preview:large, max-video-preview:-1\" \/>\n<link rel=\"canonical\" href=\"https:\/\/www.visit-ulcinj.com\/blog\/2010\/06\/16\/lire-dhe-mire-ne-bregdetin-e-ulqinit\/\" \/>\n<meta property=\"og:locale\" content=\"en_US\" \/>\n<meta property=\"og:type\" content=\"article\" \/>\n<meta property=\"og:title\" content=\"Lir\u00eb dhe mir\u00eb n\u00eb bregdetin e Ulqinit - Lajme nga Ulqini\" \/>\n<meta property=\"og:description\" content=\"Shqip\u00ebria, Mali i Zi,Greqia, Turqia dhe destinacionet e tjera jan\u00eb m\u00eb t\u00eb preferuarat p\u00ebr pushimet verore 2010. K\u00ebto oferta shpalosen gati tek gjitha\" \/>\n<meta property=\"og:url\" content=\"https:\/\/www.visit-ulcinj.com\/blog\/2010\/06\/16\/lire-dhe-mire-ne-bregdetin-e-ulqinit\/\" \/>\n<meta property=\"og:site_name\" content=\"Lajme nga Ulqini\" \/>\n<meta property=\"article:published_time\" content=\"2010-06-16T15:27:32+00:00\" \/>\n<meta property=\"og:image\" content=\"https:\/\/www.visit-ulcinj.com\/blog\/wp-content\/uploads\/2010\/06\/Plazha-madhe-Ulqin.3-150x150.jpg\" \/>\n<meta name=\"twitter:label1\" content=\"Written by\" \/>\n\t<meta name=\"twitter:data1\" content=\"ulqini\" \/>\n\t<meta name=\"twitter:label2\" content=\"Est. reading time\" \/>\n\t<meta name=\"twitter:data2\" content=\"2 minutes\" \/>\n<script type=\"application\/ld+json\" class=\"yoast-schema-graph\">{\"@context\":\"https:\/\/schema.org\",\"@graph\":[{\"@type\":\"WebSite\",\"@id\":\"https:\/\/www.visit-ulcinj.com\/blog\/#website\",\"url\":\"https:\/\/www.visit-ulcinj.com\/blog\/\",\"name\":\"Lajme nga Ulqini\",\"description\":\"Lajme,Vijesti,Ulqini,Ulqin,Crna Gora,Mali i Zi\",\"potentialAction\":[{\"@type\":\"SearchAction\",\"target\":{\"@type\":\"EntryPoint\",\"urlTemplate\":\"https:\/\/www.visit-ulcinj.com\/blog\/?s={search_term_string}\"},\"query-input\":\"required name=search_term_string\"}],\"inLanguage\":\"en-US\"},{\"@type\":\"ImageObject\",\"inLanguage\":\"en-US\",\"@id\":\"https:\/\/www.visit-ulcinj.com\/blog\/2010\/06\/16\/lire-dhe-mire-ne-bregdetin-e-ulqinit\/#primaryimage\",\"url\":\"https:\/\/www.visit-ulcinj.com\/blog\/wp-content\/uploads\/2010\/06\/Plazha-madhe-Ulqin.3.JPG\",\"contentUrl\":\"https:\/\/www.visit-ulcinj.com\/blog\/wp-content\/uploads\/2010\/06\/Plazha-madhe-Ulqin.3.JPG\",\"width\":\"720\",\"height\":\"482\"},{\"@type\":\"WebPage\",\"@id\":\"https:\/\/www.visit-ulcinj.com\/blog\/2010\/06\/16\/lire-dhe-mire-ne-bregdetin-e-ulqinit\/#webpage\",\"url\":\"https:\/\/www.visit-ulcinj.com\/blog\/2010\/06\/16\/lire-dhe-mire-ne-bregdetin-e-ulqinit\/\",\"name\":\"Lir\u00eb dhe mir\u00eb n\u00eb bregdetin e Ulqinit - Lajme nga Ulqini\",\"isPartOf\":{\"@id\":\"https:\/\/www.visit-ulcinj.com\/blog\/#website\"},\"primaryImageOfPage\":{\"@id\":\"https:\/\/www.visit-ulcinj.com\/blog\/2010\/06\/16\/lire-dhe-mire-ne-bregdetin-e-ulqinit\/#primaryimage\"},\"datePublished\":\"2010-06-16T15:27:32+00:00\",\"dateModified\":\"2010-06-16T15:27:32+00:00\",\"author\":{\"@id\":\"https:\/\/www.visit-ulcinj.com\/blog\/#\/schema\/person\/dcab619c614d3038751c63bc2aadc06d\"},\"description\":\"Shqip\u00ebria, Mali i Zi,Greqia, Turqia dhe destinacionet e tjera jan\u00eb m\u00eb t\u00eb preferuarat p\u00ebr pushimet verore 2010. K\u00ebto oferta shpalosen gati tek gjitha\",\"breadcrumb\":{\"@id\":\"https:\/\/www.visit-ulcinj.com\/blog\/2010\/06\/16\/lire-dhe-mire-ne-bregdetin-e-ulqinit\/#breadcrumb\"},\"inLanguage\":\"en-US\",\"potentialAction\":[{\"@type\":\"ReadAction\",\"target\":[\"https:\/\/www.visit-ulcinj.com\/blog\/2010\/06\/16\/lire-dhe-mire-ne-bregdetin-e-ulqinit\/\"]}]},{\"@type\":\"BreadcrumbList\",\"@id\":\"https:\/\/www.visit-ulcinj.com\/blog\/2010\/06\/16\/lire-dhe-mire-ne-bregdetin-e-ulqinit\/#breadcrumb\",\"itemListElement\":[{\"@type\":\"ListItem\",\"position\":1,\"name\":\"Lir\u00eb dhe mir\u00eb n\u00eb bregdetin e Ulqinit\"}]},{\"@type\":\"Person\",\"@id\":\"https:\/\/www.visit-ulcinj.com\/blog\/#\/schema\/person\/dcab619c614d3038751c63bc2aadc06d\",\"name\":\"ulqini\",\"sameAs\":[\"http:\/\/www.visit-ulcinj.com\"],\"url\":\"https:\/\/www.visit-ulcinj.com\/blog\/author\/admin\/\"}]}<\/script>\n<!-- \/ Yoast SEO plugin. -->","yoast_head_json":{"title":"Lir\u00eb dhe mir\u00eb n\u00eb bregdetin e Ulqinit - Lajme nga Ulqini","description":"Shqip\u00ebria, Mali i Zi,Greqia, Turqia dhe destinacionet e tjera jan\u00eb m\u00eb t\u00eb preferuarat p\u00ebr pushimet verore 2010. K\u00ebto oferta shpalosen gati tek gjitha","robots":{"index":"index","follow":"follow","max-snippet":"max-snippet:-1","max-image-preview":"max-image-preview:large","max-video-preview":"max-video-preview:-1"},"canonical":"https:\/\/www.visit-ulcinj.com\/blog\/2010\/06\/16\/lire-dhe-mire-ne-bregdetin-e-ulqinit\/","og_locale":"en_US","og_type":"article","og_title":"Lir\u00eb dhe mir\u00eb n\u00eb bregdetin e Ulqinit - Lajme nga Ulqini","og_description":"Shqip\u00ebria, Mali i Zi,Greqia, Turqia dhe destinacionet e tjera jan\u00eb m\u00eb t\u00eb preferuarat p\u00ebr pushimet verore 2010. K\u00ebto oferta shpalosen gati tek gjitha","og_url":"https:\/\/www.visit-ulcinj.com\/blog\/2010\/06\/16\/lire-dhe-mire-ne-bregdetin-e-ulqinit\/","og_site_name":"Lajme nga Ulqini","article_published_time":"2010-06-16T15:27:32+00:00","og_image":[{"url":"https:\/\/www.visit-ulcinj.com\/blog\/wp-content\/uploads\/2010\/06\/Plazha-madhe-Ulqin.3-150x150.jpg"}],"twitter_misc":{"Written by":"ulqini","Est. reading time":"2 minutes"},"schema":{"@context":"https:\/\/schema.org","@graph":[{"@type":"WebSite","@id":"https:\/\/www.visit-ulcinj.com\/blog\/#website","url":"https:\/\/www.visit-ulcinj.com\/blog\/","name":"Lajme nga Ulqini","description":"Lajme,Vijesti,Ulqini,Ulqin,Crna Gora,Mali i Zi","potentialAction":[{"@type":"SearchAction","target":{"@type":"EntryPoint","urlTemplate":"https:\/\/www.visit-ulcinj.com\/blog\/?s={search_term_string}"},"query-input":"required name=search_term_string"}],"inLanguage":"en-US"},{"@type":"ImageObject","inLanguage":"en-US","@id":"https:\/\/www.visit-ulcinj.com\/blog\/2010\/06\/16\/lire-dhe-mire-ne-bregdetin-e-ulqinit\/#primaryimage","url":"https:\/\/www.visit-ulcinj.com\/blog\/wp-content\/uploads\/2010\/06\/Plazha-madhe-Ulqin.3.JPG","contentUrl":"https:\/\/www.visit-ulcinj.com\/blog\/wp-content\/uploads\/2010\/06\/Plazha-madhe-Ulqin.3.JPG","width":"720","height":"482"},{"@type":"WebPage","@id":"https:\/\/www.visit-ulcinj.com\/blog\/2010\/06\/16\/lire-dhe-mire-ne-bregdetin-e-ulqinit\/#webpage","url":"https:\/\/www.visit-ulcinj.com\/blog\/2010\/06\/16\/lire-dhe-mire-ne-bregdetin-e-ulqinit\/","name":"Lir\u00eb dhe mir\u00eb n\u00eb bregdetin e Ulqinit - Lajme nga Ulqini","isPartOf":{"@id":"https:\/\/www.visit-ulcinj.com\/blog\/#website"},"primaryImageOfPage":{"@id":"https:\/\/www.visit-ulcinj.com\/blog\/2010\/06\/16\/lire-dhe-mire-ne-bregdetin-e-ulqinit\/#primaryimage"},"datePublished":"2010-06-16T15:27:32+00:00","dateModified":"2010-06-16T15:27:32+00:00","author":{"@id":"https:\/\/www.visit-ulcinj.com\/blog\/#\/schema\/person\/dcab619c614d3038751c63bc2aadc06d"},"description":"Shqip\u00ebria, Mali i Zi,Greqia, Turqia dhe destinacionet e tjera jan\u00eb m\u00eb t\u00eb preferuarat p\u00ebr pushimet verore 2010. K\u00ebto oferta shpalosen gati tek gjitha","breadcrumb":{"@id":"https:\/\/www.visit-ulcinj.com\/blog\/2010\/06\/16\/lire-dhe-mire-ne-bregdetin-e-ulqinit\/#breadcrumb"},"inLanguage":"en-US","potentialAction":[{"@type":"ReadAction","target":["https:\/\/www.visit-ulcinj.com\/blog\/2010\/06\/16\/lire-dhe-mire-ne-bregdetin-e-ulqinit\/"]}]},{"@type":"BreadcrumbList","@id":"https:\/\/www.visit-ulcinj.com\/blog\/2010\/06\/16\/lire-dhe-mire-ne-bregdetin-e-ulqinit\/#breadcrumb","itemListElement":[{"@type":"ListItem","position":1,"name":"Lir\u00eb dhe mir\u00eb n\u00eb bregdetin e Ulqinit"}]},{"@type":"Person","@id":"https:\/\/www.visit-ulcinj.com\/blog\/#\/schema\/person\/dcab619c614d3038751c63bc2aadc06d","name":"ulqini","sameAs":["http:\/\/www.visit-ulcinj.com"],"url":"https:\/\/www.visit-ulcinj.com\/blog\/author\/admin\/"}]}},"jetpack_featured_media_url":"","jetpack_sharing_enabled":true,"jetpack_shortlink":"https:\/\/wp.me\/pe6lTn-923","_links":{"self":[{"href":"https:\/\/www.visit-ulcinj.com\/blog\/wp-json\/wp\/v2\/posts\/34723"}],"collection":[{"href":"https:\/\/www.visit-ulcinj.com\/blog\/wp-json\/wp\/v2\/posts"}],"about":[{"href":"https:\/\/www.visit-ulcinj.com\/blog\/wp-json\/wp\/v2\/types\/post"}],"author":[{"embeddable":true,"href":"https:\/\/www.visit-ulcinj.com\/blog\/wp-json\/wp\/v2\/users\/1"}],"replies":[{"embeddable":true,"href":"https:\/\/www.visit-ulcinj.com\/blog\/wp-json\/wp\/v2\/comments?post=34723"}],"version-history":[{"count":0,"href":"https:\/\/www.visit-ulcinj.com\/blog\/wp-json\/wp\/v2\/posts\/34723\/revisions"}],"wp:attachment":[{"href":"https:\/\/www.visit-ulcinj.com\/blog\/wp-json\/wp\/v2\/media?parent=34723"}],"wp:term":[{"taxonomy":"category","embeddable":true,"href":"https:\/\/www.visit-ulcinj.com\/blog\/wp-json\/wp\/v2\/categories?post=34723"},{"taxonomy":"post_tag","embeddable":true,"href":"https:\/\/www.visit-ulcinj.com\/blog\/wp-json\/wp\/v2\/tags?post=34723"}],"curies":[{"name":"wp","href":"https:\/\/api.w.org\/{rel}","templated":true}]}}