{"id":34731,"date":"2010-06-16T18:13:23","date_gmt":"2010-06-16T16:13:23","guid":{"rendered":"http:\/\/www.visit-ulcinj.com\/blog\/?p=34731"},"modified":"2010-06-16T19:14:14","modified_gmt":"2010-06-16T17:14:14","slug":"fejohet-princi-leka-dhe-elia-zaharia","status":"publish","type":"post","link":"https:\/\/www.visit-ulcinj.com\/blog\/2010\/06\/16\/fejohet-princi-leka-dhe-elia-zaharia\/","title":{"rendered":"Fejohet Princi Leka dhe Elia Zaharia"},"content":{"rendered":"<p><a href=\"http:\/\/www.visit-ulcinj.com\/blog\/wp-content\/uploads\/2010\/06\/Fejohet-Princi-Leka-dhe-Elia-Zaharia.jpg\"><img loading=\"lazy\" class=\"alignleft size-full wp-image-34732\" title=\"Fejohet Princi Leka dhe Elia Zaharia\" src=\"http:\/\/www.visit-ulcinj.com\/blog\/wp-content\/uploads\/2010\/06\/Fejohet-Princi-Leka-dhe-Elia-Zaharia.jpg\" alt=\"Fejohet Princi Leka dhe Elia Zaharia\" width=\"490\" height=\"347\" \/><\/a>Princi shqiptar Leka i II-t\u00eb dhe Elia Zaharia pritet t\u00eb vijojn\u00eb rrug\u00ebtimin e p\u00ebrbashk\u00ebt drejt \u00ebndrr\u00ebs s\u00eb tyre, me zyrtarizimin e fejes\u00ebs sot n\u00eb Hotel \u201cLutetia\u201d n\u00eb Paris (Franc\u00eb). N\u00eb sallonin \\&#8221;Pomepein\\&#8221;, m\u00eb moderni i k\u00ebtij hoteli, q\u00eb ndodhet shum\u00eb pran\u00eb Katedrales s\u00eb famshme \u201cNotre Dame\u201d dhe Muzeut \u201cOrsay\u201d, \u00e7ifti i ri do t\u00eb marr\u00eb bekimin e m\u00eb se 100 personaliteteve nga mbar\u00eb bota, t\u00eb cil\u00ebt kan\u00eb konfirmuar pjes\u00ebmarrjen n\u00eb k\u00ebt\u00eb ceremoni solemne. N\u00eb dat\u00ebn 12 Qershor, Sh\u00ebrbimi p\u00ebr shtyp i Princit Leka n\u00eb njoftim p\u00ebr shtypin njoftoi se \u201cKurora Mbret\u00ebrore e Shqip\u00ebris\u00eb ka k\u00ebnaq\u00ebsin\u00eb t\u00eb shpall\u00eb fejes\u00ebn e HRH Princi Leka II i shqiptar\u00ebve me zonjush\u00ebn Elia Zaharia. Me rastin e k\u00ebsaj do t\u00eb ket\u00eb nj\u00eb koktej, q\u00eb do t\u00eb mbahet n\u00eb Hotel Lutetia (45, bulevardit Raspail 75006 Paris). Evenimenti festiv do t\u00eb mbahet n\u00eb 16 Qershor 2010, nga ora 18:00-08:00). Shtypi \u00ebsht\u00eb i ftuar p\u00ebr t\u00eb xhiruar foto dhe mar\u00eb ndonj\u00eb intervist\u00eb\u201d Mediat shqiptare m\u00eb shum\u00eb se nj\u00ebher\u00eb e kan\u00eb p\u00ebrfolur historin\u00eb e dashuris\u00eb s\u00eb princit vajz\u00ebn brune shqiptare, Elia Zaharia, e bija e aktores s\u00eb mir\u00ebnjohur shqiptare Yllka Mujo.<\/p>\n<p><strong><br \/>\n(d.b\/BalkanWeb)<br \/>\n\n\t\t<style type=\"text\/css\">\n\t\t\t#gallery-1 {\n\t\t\t\tmargin: auto;\n\t\t\t}\n\t\t\t#gallery-1 .gallery-item {\n\t\t\t\tfloat: left;\n\t\t\t\tmargin-top: 10px;\n\t\t\t\ttext-align: center;\n\t\t\t\twidth: 50%;\n\t\t\t}\n\t\t\t#gallery-1 img {\n\t\t\t\tborder: 2px solid #cfcfcf;\n\t\t\t}\n\t\t\t#gallery-1 .gallery-caption {\n\t\t\t\tmargin-left: 0;\n\t\t\t}\n\t\t\t\/* see gallery_shortcode() in wp-includes\/media.php *\/\n\t\t<\/style>\n\t\t<div id='gallery-1' class='gallery galleryid-34731 gallery-columns-2 gallery-size-thumbnail'><dl class='gallery-item'>\n\t\t\t<dt class='gallery-icon landscape'>\n\t\t\t\t<a href='https:\/\/www.visit-ulcinj.com\/blog\/wp-content\/uploads\/2010\/06\/Fejohet-Princi-Leka-dhe-Elia-Zaharia.jpg'><img width=\"150\" height=\"150\" src=\"https:\/\/www.visit-ulcinj.com\/blog\/wp-content\/uploads\/2010\/06\/Fejohet-Princi-Leka-dhe-Elia-Zaharia-150x150.jpg\" class=\"attachment-thumbnail size-thumbnail\" alt=\"\" loading=\"lazy\" \/><\/a>\n\t\t\t<\/dt><\/dl><dl class='gallery-item'>\n\t\t\t<dt class='gallery-icon landscape'>\n\t\t\t\t<a href='https:\/\/www.visit-ulcinj.com\/blog\/wp-content\/uploads\/2010\/06\/Fejohet-Princi-Leka-dhe-Elia-Zaharia-.1.jpg'><img width=\"150\" height=\"150\" src=\"https:\/\/www.visit-ulcinj.com\/blog\/wp-content\/uploads\/2010\/06\/Fejohet-Princi-Leka-dhe-Elia-Zaharia-.1-150x150.jpg\" class=\"attachment-thumbnail size-thumbnail\" alt=\"\" loading=\"lazy\" \/><\/a>\n\t\t\t<\/dt><\/dl><br style=\"clear: both\" \/><dl class='gallery-item'>\n\t\t\t<dt class='gallery-icon landscape'>\n\t\t\t\t<a href='https:\/\/www.visit-ulcinj.com\/blog\/wp-content\/uploads\/2010\/06\/Fejohet-Princi-Leka-dhe-Elia-Zaharia-.2.jpg'><img width=\"150\" height=\"150\" src=\"https:\/\/www.visit-ulcinj.com\/blog\/wp-content\/uploads\/2010\/06\/Fejohet-Princi-Leka-dhe-Elia-Zaharia-.2-150x150.jpg\" class=\"attachment-thumbnail size-thumbnail\" alt=\"\" loading=\"lazy\" \/><\/a>\n\t\t\t<\/dt><\/dl>\n\t\t\t<br style='clear: both' \/>\n\t\t<\/div>\n<\/p>\n<p><\/strong><\/p>\n<p><strong> <\/strong><\/p>\n","protected":false},"excerpt":{"rendered":"<p>Princi shqiptar Leka i II-t\u00eb dhe Elia Zaharia pritet t\u00eb vijojn\u00eb rrug\u00ebtimin e p\u00ebrbashk\u00ebt drejt \u00ebndrr\u00ebs s\u00eb tyre, me zyrtarizimin e fejes\u00ebs sot n\u00eb Hotel \u201cLutetia\u201d n\u00eb Paris (Franc\u00eb). N\u00eb sallonin \\&#8221;Pomepein\\&#8221;, m\u00eb moderni i k\u00ebtij hoteli, q\u00eb ndodhet shum\u00eb pran\u00eb Katedrales s\u00eb famshme \u201cNotre Dame\u201d dhe Muzeut \u201cOrsay\u201d, \u00e7ifti i ri do t\u00eb marr\u00eb [&hellip;]<\/p>\n","protected":false},"author":1,"featured_media":0,"comment_status":"open","ping_status":"closed","sticky":false,"template":"","format":"standard","meta":{"spay_email":"","jetpack_publicize_message":"","jetpack_is_tweetstorm":false,"jetpack_publicize_feature_enabled":true},"categories":[1],"tags":[14709,5900],"jetpack_publicize_connections":[],"yoast_head":"<!-- This site is optimized with the Yoast SEO plugin v19.1 - https:\/\/yoast.com\/wordpress\/plugins\/seo\/ -->\n<title>Fejohet Princi Leka dhe Elia Zaharia - Lajme nga Ulqini<\/title>\n<meta name=\"description\" content=\"Princi shqiptar Leka i II-t\u00eb dhe Elia Zaharia pritet t\u00eb vijojn\u00eb rrug\u00ebtimin e p\u00ebrbashk\u00ebt drejt \u00ebndrr\u00ebs s\u00eb tyre, me zyrtarizimin e fejes\u00ebs sot n\u00eb Hotel\" \/>\n<meta name=\"robots\" content=\"index, follow, max-snippet:-1, max-image-preview:large, max-video-preview:-1\" \/>\n<link rel=\"canonical\" href=\"https:\/\/www.visit-ulcinj.com\/blog\/2010\/06\/16\/fejohet-princi-leka-dhe-elia-zaharia\/\" \/>\n<meta property=\"og:locale\" content=\"en_US\" \/>\n<meta property=\"og:type\" content=\"article\" \/>\n<meta property=\"og:title\" content=\"Fejohet Princi Leka dhe Elia Zaharia - Lajme nga Ulqini\" \/>\n<meta property=\"og:description\" content=\"Princi shqiptar Leka i II-t\u00eb dhe Elia Zaharia pritet t\u00eb vijojn\u00eb rrug\u00ebtimin e p\u00ebrbashk\u00ebt drejt \u00ebndrr\u00ebs s\u00eb tyre, me zyrtarizimin e fejes\u00ebs sot n\u00eb Hotel\" \/>\n<meta property=\"og:url\" content=\"https:\/\/www.visit-ulcinj.com\/blog\/2010\/06\/16\/fejohet-princi-leka-dhe-elia-zaharia\/\" \/>\n<meta property=\"og:site_name\" content=\"Lajme nga Ulqini\" \/>\n<meta property=\"article:published_time\" content=\"2010-06-16T16:13:23+00:00\" \/>\n<meta property=\"article:modified_time\" content=\"2010-06-16T17:14:14+00:00\" \/>\n<meta property=\"og:image\" content=\"https:\/\/www.visit-ulcinj.com\/blog\/wp-content\/uploads\/2010\/06\/Fejohet-Princi-Leka-dhe-Elia-Zaharia-150x150.jpg\" \/>\n<meta name=\"twitter:label1\" content=\"Written by\" \/>\n\t<meta name=\"twitter:data1\" content=\"ulqini\" \/>\n\t<meta name=\"twitter:label2\" content=\"Est. reading time\" \/>\n\t<meta name=\"twitter:data2\" content=\"1 minute\" \/>\n<script type=\"application\/ld+json\" class=\"yoast-schema-graph\">{\"@context\":\"https:\/\/schema.org\",\"@graph\":[{\"@type\":\"WebSite\",\"@id\":\"https:\/\/www.visit-ulcinj.com\/blog\/#website\",\"url\":\"https:\/\/www.visit-ulcinj.com\/blog\/\",\"name\":\"Lajme nga Ulqini\",\"description\":\"Lajme,Vijesti,Ulqini,Ulqin,Crna Gora,Mali i Zi\",\"potentialAction\":[{\"@type\":\"SearchAction\",\"target\":{\"@type\":\"EntryPoint\",\"urlTemplate\":\"https:\/\/www.visit-ulcinj.com\/blog\/?s={search_term_string}\"},\"query-input\":\"required name=search_term_string\"}],\"inLanguage\":\"en-US\"},{\"@type\":\"ImageObject\",\"inLanguage\":\"en-US\",\"@id\":\"https:\/\/www.visit-ulcinj.com\/blog\/2010\/06\/16\/fejohet-princi-leka-dhe-elia-zaharia\/#primaryimage\",\"url\":\"https:\/\/www.visit-ulcinj.com\/blog\/wp-content\/uploads\/2010\/06\/Fejohet-Princi-Leka-dhe-Elia-Zaharia.jpg\",\"contentUrl\":\"https:\/\/www.visit-ulcinj.com\/blog\/wp-content\/uploads\/2010\/06\/Fejohet-Princi-Leka-dhe-Elia-Zaharia.jpg\",\"width\":\"550\",\"height\":\"347\"},{\"@type\":\"WebPage\",\"@id\":\"https:\/\/www.visit-ulcinj.com\/blog\/2010\/06\/16\/fejohet-princi-leka-dhe-elia-zaharia\/#webpage\",\"url\":\"https:\/\/www.visit-ulcinj.com\/blog\/2010\/06\/16\/fejohet-princi-leka-dhe-elia-zaharia\/\",\"name\":\"Fejohet Princi Leka dhe Elia Zaharia - Lajme nga Ulqini\",\"isPartOf\":{\"@id\":\"https:\/\/www.visit-ulcinj.com\/blog\/#website\"},\"primaryImageOfPage\":{\"@id\":\"https:\/\/www.visit-ulcinj.com\/blog\/2010\/06\/16\/fejohet-princi-leka-dhe-elia-zaharia\/#primaryimage\"},\"datePublished\":\"2010-06-16T16:13:23+00:00\",\"dateModified\":\"2010-06-16T17:14:14+00:00\",\"author\":{\"@id\":\"https:\/\/www.visit-ulcinj.com\/blog\/#\/schema\/person\/dcab619c614d3038751c63bc2aadc06d\"},\"description\":\"Princi shqiptar Leka i II-t\u00eb dhe Elia Zaharia pritet t\u00eb vijojn\u00eb rrug\u00ebtimin e p\u00ebrbashk\u00ebt drejt \u00ebndrr\u00ebs s\u00eb tyre, me zyrtarizimin e fejes\u00ebs sot n\u00eb Hotel\",\"breadcrumb\":{\"@id\":\"https:\/\/www.visit-ulcinj.com\/blog\/2010\/06\/16\/fejohet-princi-leka-dhe-elia-zaharia\/#breadcrumb\"},\"inLanguage\":\"en-US\",\"potentialAction\":[{\"@type\":\"ReadAction\",\"target\":[\"https:\/\/www.visit-ulcinj.com\/blog\/2010\/06\/16\/fejohet-princi-leka-dhe-elia-zaharia\/\"]}]},{\"@type\":\"BreadcrumbList\",\"@id\":\"https:\/\/www.visit-ulcinj.com\/blog\/2010\/06\/16\/fejohet-princi-leka-dhe-elia-zaharia\/#breadcrumb\",\"itemListElement\":[{\"@type\":\"ListItem\",\"position\":1,\"name\":\"Fejohet Princi Leka dhe Elia Zaharia\"}]},{\"@type\":\"Person\",\"@id\":\"https:\/\/www.visit-ulcinj.com\/blog\/#\/schema\/person\/dcab619c614d3038751c63bc2aadc06d\",\"name\":\"ulqini\",\"sameAs\":[\"http:\/\/www.visit-ulcinj.com\"],\"url\":\"https:\/\/www.visit-ulcinj.com\/blog\/author\/admin\/\"}]}<\/script>\n<!-- \/ Yoast SEO plugin. -->","yoast_head_json":{"title":"Fejohet Princi Leka dhe Elia Zaharia - Lajme nga Ulqini","description":"Princi shqiptar Leka i II-t\u00eb dhe Elia Zaharia pritet t\u00eb vijojn\u00eb rrug\u00ebtimin e p\u00ebrbashk\u00ebt drejt \u00ebndrr\u00ebs s\u00eb tyre, me zyrtarizimin e fejes\u00ebs sot n\u00eb Hotel","robots":{"index":"index","follow":"follow","max-snippet":"max-snippet:-1","max-image-preview":"max-image-preview:large","max-video-preview":"max-video-preview:-1"},"canonical":"https:\/\/www.visit-ulcinj.com\/blog\/2010\/06\/16\/fejohet-princi-leka-dhe-elia-zaharia\/","og_locale":"en_US","og_type":"article","og_title":"Fejohet Princi Leka dhe Elia Zaharia - Lajme nga Ulqini","og_description":"Princi shqiptar Leka i II-t\u00eb dhe Elia Zaharia pritet t\u00eb vijojn\u00eb rrug\u00ebtimin e p\u00ebrbashk\u00ebt drejt \u00ebndrr\u00ebs s\u00eb tyre, me zyrtarizimin e fejes\u00ebs sot n\u00eb Hotel","og_url":"https:\/\/www.visit-ulcinj.com\/blog\/2010\/06\/16\/fejohet-princi-leka-dhe-elia-zaharia\/","og_site_name":"Lajme nga Ulqini","article_published_time":"2010-06-16T16:13:23+00:00","article_modified_time":"2010-06-16T17:14:14+00:00","og_image":[{"url":"https:\/\/www.visit-ulcinj.com\/blog\/wp-content\/uploads\/2010\/06\/Fejohet-Princi-Leka-dhe-Elia-Zaharia-150x150.jpg"}],"twitter_misc":{"Written by":"ulqini","Est. reading time":"1 minute"},"schema":{"@context":"https:\/\/schema.org","@graph":[{"@type":"WebSite","@id":"https:\/\/www.visit-ulcinj.com\/blog\/#website","url":"https:\/\/www.visit-ulcinj.com\/blog\/","name":"Lajme nga Ulqini","description":"Lajme,Vijesti,Ulqini,Ulqin,Crna Gora,Mali i Zi","potentialAction":[{"@type":"SearchAction","target":{"@type":"EntryPoint","urlTemplate":"https:\/\/www.visit-ulcinj.com\/blog\/?s={search_term_string}"},"query-input":"required name=search_term_string"}],"inLanguage":"en-US"},{"@type":"ImageObject","inLanguage":"en-US","@id":"https:\/\/www.visit-ulcinj.com\/blog\/2010\/06\/16\/fejohet-princi-leka-dhe-elia-zaharia\/#primaryimage","url":"https:\/\/www.visit-ulcinj.com\/blog\/wp-content\/uploads\/2010\/06\/Fejohet-Princi-Leka-dhe-Elia-Zaharia.jpg","contentUrl":"https:\/\/www.visit-ulcinj.com\/blog\/wp-content\/uploads\/2010\/06\/Fejohet-Princi-Leka-dhe-Elia-Zaharia.jpg","width":"550","height":"347"},{"@type":"WebPage","@id":"https:\/\/www.visit-ulcinj.com\/blog\/2010\/06\/16\/fejohet-princi-leka-dhe-elia-zaharia\/#webpage","url":"https:\/\/www.visit-ulcinj.com\/blog\/2010\/06\/16\/fejohet-princi-leka-dhe-elia-zaharia\/","name":"Fejohet Princi Leka dhe Elia Zaharia - Lajme nga Ulqini","isPartOf":{"@id":"https:\/\/www.visit-ulcinj.com\/blog\/#website"},"primaryImageOfPage":{"@id":"https:\/\/www.visit-ulcinj.com\/blog\/2010\/06\/16\/fejohet-princi-leka-dhe-elia-zaharia\/#primaryimage"},"datePublished":"2010-06-16T16:13:23+00:00","dateModified":"2010-06-16T17:14:14+00:00","author":{"@id":"https:\/\/www.visit-ulcinj.com\/blog\/#\/schema\/person\/dcab619c614d3038751c63bc2aadc06d"},"description":"Princi shqiptar Leka i II-t\u00eb dhe Elia Zaharia pritet t\u00eb vijojn\u00eb rrug\u00ebtimin e p\u00ebrbashk\u00ebt drejt \u00ebndrr\u00ebs s\u00eb tyre, me zyrtarizimin e fejes\u00ebs sot n\u00eb Hotel","breadcrumb":{"@id":"https:\/\/www.visit-ulcinj.com\/blog\/2010\/06\/16\/fejohet-princi-leka-dhe-elia-zaharia\/#breadcrumb"},"inLanguage":"en-US","potentialAction":[{"@type":"ReadAction","target":["https:\/\/www.visit-ulcinj.com\/blog\/2010\/06\/16\/fejohet-princi-leka-dhe-elia-zaharia\/"]}]},{"@type":"BreadcrumbList","@id":"https:\/\/www.visit-ulcinj.com\/blog\/2010\/06\/16\/fejohet-princi-leka-dhe-elia-zaharia\/#breadcrumb","itemListElement":[{"@type":"ListItem","position":1,"name":"Fejohet Princi Leka dhe Elia Zaharia"}]},{"@type":"Person","@id":"https:\/\/www.visit-ulcinj.com\/blog\/#\/schema\/person\/dcab619c614d3038751c63bc2aadc06d","name":"ulqini","sameAs":["http:\/\/www.visit-ulcinj.com"],"url":"https:\/\/www.visit-ulcinj.com\/blog\/author\/admin\/"}]}},"jetpack_featured_media_url":"","jetpack_sharing_enabled":true,"jetpack_shortlink":"https:\/\/wp.me\/pe6lTn-92b","_links":{"self":[{"href":"https:\/\/www.visit-ulcinj.com\/blog\/wp-json\/wp\/v2\/posts\/34731"}],"collection":[{"href":"https:\/\/www.visit-ulcinj.com\/blog\/wp-json\/wp\/v2\/posts"}],"about":[{"href":"https:\/\/www.visit-ulcinj.com\/blog\/wp-json\/wp\/v2\/types\/post"}],"author":[{"embeddable":true,"href":"https:\/\/www.visit-ulcinj.com\/blog\/wp-json\/wp\/v2\/users\/1"}],"replies":[{"embeddable":true,"href":"https:\/\/www.visit-ulcinj.com\/blog\/wp-json\/wp\/v2\/comments?post=34731"}],"version-history":[{"count":0,"href":"https:\/\/www.visit-ulcinj.com\/blog\/wp-json\/wp\/v2\/posts\/34731\/revisions"}],"wp:attachment":[{"href":"https:\/\/www.visit-ulcinj.com\/blog\/wp-json\/wp\/v2\/media?parent=34731"}],"wp:term":[{"taxonomy":"category","embeddable":true,"href":"https:\/\/www.visit-ulcinj.com\/blog\/wp-json\/wp\/v2\/categories?post=34731"},{"taxonomy":"post_tag","embeddable":true,"href":"https:\/\/www.visit-ulcinj.com\/blog\/wp-json\/wp\/v2\/tags?post=34731"}],"curies":[{"name":"wp","href":"https:\/\/api.w.org\/{rel}","templated":true}]}}